{"id":1870031,"date":"2026-04-07T17:24:54","date_gmt":"2026-04-07T14:24:54","guid":{"rendered":"https:\/\/analyse.optim.biz\/?p=1870031"},"modified":"2026-04-07T17:24:54","modified_gmt":"2026-04-07T14:24:54","slug":"valea-nucarilor-nu-au-existat-dificultati-in-realizarea-misiunilor-de-audit-accesarea-de-finantare-europeana-ramane-prioritara","status":"publish","type":"post","link":"https:\/\/analyse.optim.biz\/?p=1870031","title":{"rendered":"Valea Nucarilor: Nu au existat dificult\u0103\u021bi \u00een realizarea misiunilor de audit. Accesarea de finan\u021bare european\u0103 r\u0103m\u00e2ne prioritar\u0103"},"content":{"rendered":"<p>[analyse_image type=&#8221;featured&#8221; src=&#8221;https:\/\/dobrogeanews.b-cdn.net\/wp-content\/uploads\/2026\/04\/primar-si-vice-primar-valea-nucarilor.jpg&#8221;]<\/p>\n<div id=\"post-69760\" class=\"entry single-default post-69760 post type-post status-publish format-standard has-post-thumbnail hentry category-info tag-audit tag-curtea-de-conturi tag-valea-nucarilor\">\n<div>\n<div class=\"ss-follow-wrapper ss-clearfix ss-regular-buttons ss-columns-1 ss-default-style\">\n<div class=\"ss-follow-column\" data-ss-sf-network-id='\"facebook\"'><a href=\"https:\/\/www.facebook.com\/dobrogeanews\" class=\"ss-follow-network ss-facebook-color\" rel=\"nofollow noopener\" aria-label=\"facebook\" target=\"_blank\"><span class=\"ss-follow-network-label\">Urm\u0103re\u015fte-ne \u015fi pe Facebook!<\/span><span class=\"ss-follow-network-count\"><span class=\"ss-follow-network-count-number\">57K<\/span><span class=\"ss-follow-network-count-label\">Followers<\/span><\/span><\/a><\/div>\n<\/div>\n<\/div>\n<p>\u00centr-un scurt dialog cu primarul Comunei Valea Nucarilor, C\u0103t\u0103lin Mocanu, \u00een cadrul c\u0103ruia am vorbit despre anul care a trecut, \u00een fapt, primul an de mandat, dar \u0219i despre anul 2026 care \u00ee\u0219i prezint\u0103 complexitatea cu fiecare zi care trece, edilul ne-a asigurat c\u0103 lucrurile nu au fost u\u0219oare nici anul trecut \u0219i, cu at\u00e2t mai mult, anul acesta. <\/p>\n<p>Dar c\u0103 eforturile \u00eentregii echipe aflate la Prim\u0103ria Comunei Valea Nucarilor \u0219i a consilierilor locali se focuseaz\u0103 pe interesul comunit\u0103\u021bii, pe legalitatea ac\u021biunilor \u00eentreprinse \u0219i, evident, pe accesarea de finan\u021bare european\u0103 pentru proiecte de investi\u021bii.<\/p>\n<figure class=\"wp-block-image size-full is-resized\">\n<source type=\"image\/webp\" data-lazy-srcset=\"https:\/\/dobrogeanews.b-cdn.net\/wp-content\/uploads\/2026\/04\/primar-si-vice-primar-valea-nucarilor.jpg.webp 2560w, https:\/\/dobrogeanews.b-cdn.net\/wp-content\/uploads\/2026\/04\/primar-si-vice-primar-valea-nucarilor-300x246.jpg.webp 300w, https:\/\/dobrogeanews.b-cdn.net\/wp-content\/uploads\/2026\/04\/primar-si-vice-primar-valea-nucarilor-1024x840.jpg.webp 1024w, https:\/\/dobrogeanews.b-cdn.net\/wp-content\/uploads\/2026\/04\/primar-si-vice-primar-valea-nucarilor-768x630.jpg.webp 768w, https:\/\/dobrogeanews.b-cdn.net\/wp-content\/uploads\/2026\/04\/primar-si-vice-primar-valea-nucarilor-1536x1260.jpg.webp 1536w, https:\/\/dobrogeanews.b-cdn.net\/wp-content\/uploads\/2026\/04\/primar-si-vice-primar-valea-nucarilor-2048x1680.jpg.webp 2048w\" sizes=\"(max-width: 640px) 100vw, 640px\" \/><br \/>\n<img loading=\"lazy\" decoding=\"async\" src=\"https:\/\/dobrogeanews.b-cdn.net\/wp-content\/uploads\/2026\/04\/primar-si-vice-primar-valea-nucarilor.jpg\" alt=\"\" width=\"640\" height=\"525\"><\/figure>\n<p>\u201eNu ne-am a\u0219teptat ca lucrurile s\u0103 fie u\u0219oare, nu pic\u0103 nimic din cer nici \u00een gospod\u0103ria fiec\u0103ruia dintre noi, cu at\u00e2t mai mult \u00een gospod\u0103ria comunit\u0103\u021bii, dac\u0103 putem spune a\u0219a. Anul 2025 a fost un an dificil \u0219i, a\u0219a dup\u0103 cum bine a\u021bi subliniat, a fost primul meu an de mandat. Sigur, au fost o serie ac\u021biuni administrative pe care a trebuit s\u0103 le parcurg. Birocratice sau de fond. Am lucrat \u00eempreun\u0103 cu colegii din prim\u0103rie \u0219i cu Consiliul local s\u0103 lu\u0103m cele mai bune decizii. Legale. \u00cen interesul cet\u0103\u021benilor. \u0218i asta facem \u00een continuare.<\/p>\n<p>Nu au existat dificult\u0103\u021bi \u00een derularea \u0219i realizarea misiunilor de audit, structurile auditate manifest\u00e2nd o bun\u0103 colaborare pe parcursul acestora prin punerea la dispozi\u021bie a tuturor documentelor \u0219i informa\u021biilor solicitate. Recomand\u0103rile formulate \u00een cadrul Rapoartelor de audit aprobate au fost \u00eensu\u0219ite de c\u0103tre conduc\u0103torii structurilor auditate, fiind astfel \u00eentocmit \u0219i un calendar de implementare a recomand\u0103rilor. Nemaivorbind despre faptul c\u0103 unele dintre neconformit\u0103\u021bi au fost rezolvate chiar \u00een timpul misiunii de audit. A\u0219adar, din acest punct de vedere cred c\u0103 am f\u0103cut lumin\u0103 iar documentele sus\u021bin afirma\u021biile mele.<\/p>\n<p>Prioritatea a fost s\u0103 finaliz\u0103m proiectele \u00eencepute, s\u0103 \u00eentocmim \u0219i s\u0103 facem pa\u0219i importan\u021bi \u00een accesarea de fonduri europene sau guvernamentale pentru finan\u021barea altor proiecte de care are nevoie comunitatea. Rezum\u00e2nd, am finalizat proiectul centralei fotovoltaice pentru producerea de energie electric\u0103 din surse regenerabile pentru consumul propriu, proiect finan\u021bat din Fondul pentru Modernizare pentru consumul propriu, reduc\u00e2nd astfel factura .<\/p>\n<figure class=\"wp-block-image size-full is-resized\">\n<source type=\"image\/webp\" data-lazy-srcset=\"https:\/\/dobrogeanews.b-cdn.net\/wp-content\/uploads\/2025\/08\/Primaria-Comunei-Valea-Nucarilor.jpg.webp 2560w, https:\/\/dobrogeanews.b-cdn.net\/wp-content\/uploads\/2025\/08\/Primaria-Comunei-Valea-Nucarilor-300x222.jpg.webp 300w, https:\/\/dobrogeanews.b-cdn.net\/wp-content\/uploads\/2025\/08\/Primaria-Comunei-Valea-Nucarilor-1024x758.jpg.webp 1024w, https:\/\/dobrogeanews.b-cdn.net\/wp-content\/uploads\/2025\/08\/Primaria-Comunei-Valea-Nucarilor-768x569.jpg.webp 768w, https:\/\/dobrogeanews.b-cdn.net\/wp-content\/uploads\/2025\/08\/Primaria-Comunei-Valea-Nucarilor-1536x1138.jpg.webp 1536w, https:\/\/dobrogeanews.b-cdn.net\/wp-content\/uploads\/2025\/08\/Primaria-Comunei-Valea-Nucarilor-2048x1517.jpg.webp 2048w\" sizes=\"(max-width: 640px) 100vw, 640px\" \/><br \/>\n<img loading=\"lazy\" decoding=\"async\" src=\"https:\/\/dobrogeanews.b-cdn.net\/wp-content\/uploads\/2025\/08\/Primaria-Comunei-Valea-Nucarilor.jpg\" alt=\"\" width=\"640\" height=\"474\"><\/figure>\n<p>S-a finalizat modernizarea infrastructurii rutiere din Agighiol, a fost extins \u0219i modernizat iluminatul public \u0219i, de asemenea, a fost extins\u0103 \u00a0re\u021beaua de canalizare din aceast\u0103 localitate. A fost finalizat proiectul de dotare cu mobilier, material didactic \u0219i echipamente digitale moderne a \u0218colii Gimnaziale Valea Nucarilor care a primit \u0219i un microbuz electric. <\/p>\n<p>Suntem la un pas de \u00eencheierea lucr\u0103rilor de amplasare a celor dou\u0103 sta\u021bii de \u00eenc\u0103rcare a autovehiculelor electrice. Lucr\u0103m la proiecte ce vizeaz\u0103 reabilitarea stadionului \u0219i a vestiarelor aferente din Agighiol \u0219i amenajarea terenului de sport din Iazurile, la amenajarea unor locuri de joac\u0103 pentru copii, la Agighiol \u0219i la Iazurile. Am f\u0103cut pa\u0219i semnificativi pentru unui proiect ce vizeaz\u0103 asfaltare str\u0103zii Cocorilor din Iazurile, a str\u0103zilor Sergentului \u0219i Sulfinei din Valea Nucarilor. <\/p>\n<p>Termin\u0103m \u00een cur\u00e2nd construc\u021bia remizei pentru autospeciala de stins incendii. Am continuat dotarea C\u0103minului Cultural din Valea Nucarilor cu echipamente specifice preg\u0103tirii preparatelor culinare pentru preg\u0103tirea elevilor din clasele terminale \u00een domeniul turismului \u0219i ospitalit\u0103\u021bii. <\/p>\n<p>Sigur. Avem multe proiecte preg\u0103tite dar trebuie s\u0103 g\u0103sim \u0219i resurse financiare \u00een condi\u021biile \u00een care anul acesta chiar cred c\u0103 ne pune la \u00eencercare din toate punctele de vedere. Nu putem dec\u00e2t s\u0103 mergem mai departe c\u00e2t de bine putem. <\/p>\n<p>Eu, \u00een final, vreau s\u0103 le mul\u021bumesc cet\u0103\u021benilor Comunei Valea Nucarilor pentru tot sprijinul \u0219i \u00eencrederea acordat\u0103 \u0219i s\u0103 le urez tuturor s\u0103 treac\u0103 lini\u0219ti\u021bi \u0219i s\u0103n\u0103to\u0219i de S\u0103pt\u0103m\u00e2na Patimilor spre lumina \u0219i speran\u021ba S\u0103rb\u0103torilor Pascale\u201d <\/p>\n<p>ne-a spus C\u0103t\u0103lin Mocanu, primarul Comunei Valea Nucarilor.<\/p>\n<div class=\"monsterinsights-inline-popular-posts monsterinsights-inline-popular-posts-charlie monsterinsights-popular-posts-styled\">\n<div class=\"monsterinsights-inline-popular-posts-text\"><span class=\"monsterinsights-inline-popular-posts-label\">Vezi \u0219i:<\/span><\/p>\n<div class=\"monsterinsights-inline-popular-posts-post\"><a class=\"monsterinsights-inline-popular-posts-title\" href=\"https:\/\/www.dobrogeanews.ro\/primaria-tulcea-amenajeaza-un-parc-urban-de-peste-3-700-mp-in-zona-aquaserv-pe-strada-babadag-proiect-finantat-din-fonduri-europene\/\">Prim\u0103ria Tulcea amenajeaz\u0103 un Parc Urban de peste 3.700 mp \u00een zona Aquaserv, pe strada Babadag. Proiect finan\u021bat din fonduri europene<\/a><\/div>\n<div class=\"monsterinsights-inline-popular-posts-post\"><a class=\"monsterinsights-inline-popular-posts-title\" href=\"https:\/\/www.dobrogeanews.ro\/liliana-marinescu-a-fost-semnat-contractul-de-finantare-pentru-alimentare-cu-gaze-la-baia-in-valoare-de-8-075-000-lei\/\">Liliana Marinescu: A fost semnat contractul de finan\u021bare pentru \u201eAlimentare cu gaze\u201d la Baia \u00een valoare de 8.075.000 lei<\/a><\/div>\n<div class=\"monsterinsights-inline-popular-posts-post\"><a class=\"monsterinsights-inline-popular-posts-title\" href=\"https:\/\/www.dobrogeanews.ro\/dr-laurentiu-ivanof-fiti-atenti-la-taceri-la-retrageri-la-schimbari-subtile-uneori-cei-care-au-cea-mai-mare-nevoie-de-ajutor-sunt-cei-care-cer-cel-mai-putin\/\">Dr. Lauren\u021biu Ivanof: Fi\u021bi aten\u021bi la t\u0103ceri. La retrageri. La schimb\u0103ri subtile. Uneori, cei care au cea mai mare nevoie de ajutor sunt cei care cer cel mai pu\u021bin.<\/a><\/div>\n<\/div>\n<\/div>\n<p class=\"has-text-align-center has-white-color has-text-color has-background\"><span><a href=\"https:\/\/news.google.com\/publications\/CAAqBwgKMIu5pgsw88O-Aw?ceid=RO:ro&amp;oc=3\">Urm\u0103ri\u0163i \u015etirile Dobrogeanews \u015fi pe Google News<\/a><\/span><\/p>\n<\/div>\n<div id=\"post-69760\" class=\"entry single-default post-69760 post type-post status-publish format-standard has-post-thumbnail hentry category-info tag-audit tag-curtea-de-conturi tag-valea-nucarilor\">\n<div>\n<div class=\"ss-follow-wrapper ss-clearfix ss-regular-buttons ss-columns-1 ss-default-style\">\n<div class=\"ss-follow-column\" data-ss-sf-network-id='\"facebook\"'><a href=\"https:\/\/www.facebook.com\/dobrogeanews\" class=\"ss-follow-network ss-facebook-color\" rel=\"nofollow noopener\" aria-label=\"facebook\" target=\"_blank\"><span class=\"ss-follow-network-label\">Urm\u0103re\u015fte-ne \u015fi pe Facebook!<\/span><span class=\"ss-follow-network-count\"><span class=\"ss-follow-network-count-number\">57K<\/span><span class=\"ss-follow-network-count-label\">Followers<\/span><\/span><\/a><\/div>\n<\/div>\n<\/div>\n<p>\u00centr-un scurt dialog cu primarul Comunei Valea Nucarilor, C\u0103t\u0103lin Mocanu, \u00een cadrul c\u0103ruia am vorbit despre anul care a trecut, \u00een fapt, primul an de mandat, dar \u0219i despre anul 2026 care \u00ee\u0219i prezint\u0103 complexitatea cu fiecare zi care trece, edilul ne-a asigurat c\u0103 lucrurile nu au fost u\u0219oare nici anul trecut \u0219i, cu at\u00e2t mai mult, anul acesta. <\/p>\n<p>Dar c\u0103 eforturile \u00eentregii echipe aflate la Prim\u0103ria Comunei Valea Nucarilor \u0219i a consilierilor locali se focuseaz\u0103 pe interesul comunit\u0103\u021bii, pe legalitatea ac\u021biunilor \u00eentreprinse \u0219i, evident, pe accesarea de finan\u021bare european\u0103 pentru proiecte de investi\u021bii.<\/p>\n<figure class=\"wp-block-image size-full is-resized\">\n<source type=\"image\/webp\" data-lazy-srcset=\"https:\/\/dobrogeanews.b-cdn.net\/wp-content\/uploads\/2026\/04\/primar-si-vice-primar-valea-nucarilor.jpg.webp 2560w, https:\/\/dobrogeanews.b-cdn.net\/wp-content\/uploads\/2026\/04\/primar-si-vice-primar-valea-nucarilor-300x246.jpg.webp 300w, https:\/\/dobrogeanews.b-cdn.net\/wp-content\/uploads\/2026\/04\/primar-si-vice-primar-valea-nucarilor-1024x840.jpg.webp 1024w, https:\/\/dobrogeanews.b-cdn.net\/wp-content\/uploads\/2026\/04\/primar-si-vice-primar-valea-nucarilor-768x630.jpg.webp 768w, https:\/\/dobrogeanews.b-cdn.net\/wp-content\/uploads\/2026\/04\/primar-si-vice-primar-valea-nucarilor-1536x1260.jpg.webp 1536w, https:\/\/dobrogeanews.b-cdn.net\/wp-content\/uploads\/2026\/04\/primar-si-vice-primar-valea-nucarilor-2048x1680.jpg.webp 2048w\" sizes=\"(max-width: 640px) 100vw, 640px\" \/><br \/>\n<img loading=\"lazy\" decoding=\"async\" src=\"https:\/\/dobrogeanews.b-cdn.net\/wp-content\/uploads\/2026\/04\/primar-si-vice-primar-valea-nucarilor.jpg\" alt=\"\" width=\"640\" height=\"525\"><\/figure>\n<p>\u201eNu ne-am a\u0219teptat ca lucrurile s\u0103 fie u\u0219oare, nu pic\u0103 nimic din cer nici \u00een gospod\u0103ria fiec\u0103ruia dintre noi, cu at\u00e2t mai mult \u00een gospod\u0103ria comunit\u0103\u021bii, dac\u0103 putem spune a\u0219a. Anul 2025 a fost un an dificil \u0219i, a\u0219a dup\u0103 cum bine a\u021bi subliniat, a fost primul meu an de mandat. Sigur, au fost o serie ac\u021biuni administrative pe care a trebuit s\u0103 le parcurg. Birocratice sau de fond. Am lucrat \u00eempreun\u0103 cu colegii din prim\u0103rie \u0219i cu Consiliul local s\u0103 lu\u0103m cele mai bune decizii. Legale. \u00cen interesul cet\u0103\u021benilor. \u0218i asta facem \u00een continuare.<\/p>\n<p>Nu au existat dificult\u0103\u021bi \u00een derularea \u0219i realizarea misiunilor de audit, structurile auditate manifest\u00e2nd o bun\u0103 colaborare pe parcursul acestora prin punerea la dispozi\u021bie a tuturor documentelor \u0219i informa\u021biilor solicitate. Recomand\u0103rile formulate \u00een cadrul Rapoartelor de audit aprobate au fost \u00eensu\u0219ite de c\u0103tre conduc\u0103torii structurilor auditate, fiind astfel \u00eentocmit \u0219i un calendar de implementare a recomand\u0103rilor. Nemaivorbind despre faptul c\u0103 unele dintre neconformit\u0103\u021bi au fost rezolvate chiar \u00een timpul misiunii de audit. A\u0219adar, din acest punct de vedere cred c\u0103 am f\u0103cut lumin\u0103 iar documentele sus\u021bin afirma\u021biile mele.<\/p>\n<p>Prioritatea a fost s\u0103 finaliz\u0103m proiectele \u00eencepute, s\u0103 \u00eentocmim \u0219i s\u0103 facem pa\u0219i importan\u021bi \u00een accesarea de fonduri europene sau guvernamentale pentru finan\u021barea altor proiecte de care are nevoie comunitatea. Rezum\u00e2nd, am finalizat proiectul centralei fotovoltaice pentru producerea de energie electric\u0103 din surse regenerabile pentru consumul propriu, proiect finan\u021bat din Fondul pentru Modernizare pentru consumul propriu, reduc\u00e2nd astfel factura .<\/p>\n<figure class=\"wp-block-image size-full is-resized\">\n<source type=\"image\/webp\" data-lazy-srcset=\"https:\/\/dobrogeanews.b-cdn.net\/wp-content\/uploads\/2025\/08\/Primaria-Comunei-Valea-Nucarilor.jpg.webp 2560w, https:\/\/dobrogeanews.b-cdn.net\/wp-content\/uploads\/2025\/08\/Primaria-Comunei-Valea-Nucarilor-300x222.jpg.webp 300w, https:\/\/dobrogeanews.b-cdn.net\/wp-content\/uploads\/2025\/08\/Primaria-Comunei-Valea-Nucarilor-1024x758.jpg.webp 1024w, https:\/\/dobrogeanews.b-cdn.net\/wp-content\/uploads\/2025\/08\/Primaria-Comunei-Valea-Nucarilor-768x569.jpg.webp 768w, https:\/\/dobrogeanews.b-cdn.net\/wp-content\/uploads\/2025\/08\/Primaria-Comunei-Valea-Nucarilor-1536x1138.jpg.webp 1536w, https:\/\/dobrogeanews.b-cdn.net\/wp-content\/uploads\/2025\/08\/Primaria-Comunei-Valea-Nucarilor-2048x1517.jpg.webp 2048w\" sizes=\"(max-width: 640px) 100vw, 640px\" \/><br \/>\n<img loading=\"lazy\" decoding=\"async\" src=\"https:\/\/dobrogeanews.b-cdn.net\/wp-content\/uploads\/2025\/08\/Primaria-Comunei-Valea-Nucarilor.jpg\" alt=\"\" width=\"640\" height=\"474\"><\/figure>\n<p>S-a finalizat modernizarea infrastructurii rutiere din Agighiol, a fost extins \u0219i modernizat iluminatul public \u0219i, de asemenea, a fost extins\u0103 \u00a0re\u021beaua de canalizare din aceast\u0103 localitate. A fost finalizat proiectul de dotare cu mobilier, material didactic \u0219i echipamente digitale moderne a \u0218colii Gimnaziale Valea Nucarilor care a primit \u0219i un microbuz electric. <\/p>\n<p>Suntem la un pas de \u00eencheierea lucr\u0103rilor de amplasare a celor dou\u0103 sta\u021bii de \u00eenc\u0103rcare a autovehiculelor electrice. Lucr\u0103m la proiecte ce vizeaz\u0103 reabilitarea stadionului \u0219i a vestiarelor aferente din Agighiol \u0219i amenajarea terenului de sport din Iazurile, la amenajarea unor locuri de joac\u0103 pentru copii, la Agighiol \u0219i la Iazurile. Am f\u0103cut pa\u0219i semnificativi pentru unui proiect ce vizeaz\u0103 asfaltare str\u0103zii Cocorilor din Iazurile, a str\u0103zilor Sergentului \u0219i Sulfinei din Valea Nucarilor. <\/p>\n<p>Termin\u0103m \u00een cur\u00e2nd construc\u021bia remizei pentru autospeciala de stins incendii. Am continuat dotarea C\u0103minului Cultural din Valea Nucarilor cu echipamente specifice preg\u0103tirii preparatelor culinare pentru preg\u0103tirea elevilor din clasele terminale \u00een domeniul turismului \u0219i ospitalit\u0103\u021bii. <\/p>\n<p>Sigur. Avem multe proiecte preg\u0103tite dar trebuie s\u0103 g\u0103sim \u0219i resurse financiare \u00een condi\u021biile \u00een care anul acesta chiar cred c\u0103 ne pune la \u00eencercare din toate punctele de vedere. Nu putem dec\u00e2t s\u0103 mergem mai departe c\u00e2t de bine putem. <\/p>\n<p>Eu, \u00een final, vreau s\u0103 le mul\u021bumesc cet\u0103\u021benilor Comunei Valea Nucarilor pentru tot sprijinul \u0219i \u00eencrederea acordat\u0103 \u0219i s\u0103 le urez tuturor s\u0103 treac\u0103 lini\u0219ti\u021bi \u0219i s\u0103n\u0103to\u0219i de S\u0103pt\u0103m\u00e2na Patimilor spre lumina \u0219i speran\u021ba S\u0103rb\u0103torilor Pascale\u201d <\/p>\n<p>ne-a spus C\u0103t\u0103lin Mocanu, primarul Comunei Valea Nucarilor.<\/p>\n<div class=\"monsterinsights-inline-popular-posts monsterinsights-inline-popular-posts-charlie monsterinsights-popular-posts-styled\">\n<div class=\"monsterinsights-inline-popular-posts-text\"><span class=\"monsterinsights-inline-popular-posts-label\">Vezi \u0219i:<\/span><\/p>\n<div class=\"monsterinsights-inline-popular-posts-post\"><a class=\"monsterinsights-inline-popular-posts-title\" href=\"https:\/\/www.dobrogeanews.ro\/primaria-tulcea-amenajeaza-un-parc-urban-de-peste-3-700-mp-in-zona-aquaserv-pe-strada-babadag-proiect-finantat-din-fonduri-europene\/\">Prim\u0103ria Tulcea amenajeaz\u0103 un Parc Urban de peste 3.700 mp \u00een zona Aquaserv, pe strada Babadag. Proiect finan\u021bat din fonduri europene<\/a><\/div>\n<div class=\"monsterinsights-inline-popular-posts-post\"><a class=\"monsterinsights-inline-popular-posts-title\" href=\"https:\/\/www.dobrogeanews.ro\/liliana-marinescu-a-fost-semnat-contractul-de-finantare-pentru-alimentare-cu-gaze-la-baia-in-valoare-de-8-075-000-lei\/\">Liliana Marinescu: A fost semnat contractul de finan\u021bare pentru \u201eAlimentare cu gaze\u201d la Baia \u00een valoare de 8.075.000 lei<\/a><\/div>\n<div class=\"monsterinsights-inline-popular-posts-post\"><a class=\"monsterinsights-inline-popular-posts-title\" href=\"https:\/\/www.dobrogeanews.ro\/dr-laurentiu-ivanof-fiti-atenti-la-taceri-la-retrageri-la-schimbari-subtile-uneori-cei-care-au-cea-mai-mare-nevoie-de-ajutor-sunt-cei-care-cer-cel-mai-putin\/\">Dr. Lauren\u021biu Ivanof: Fi\u021bi aten\u021bi la t\u0103ceri. La retrageri. La schimb\u0103ri subtile. Uneori, cei care au cea mai mare nevoie de ajutor sunt cei care cer cel mai pu\u021bin.<\/a><\/div>\n<\/div>\n<\/div>\n<p class=\"has-text-align-center has-white-color has-text-color has-background\"><span><a href=\"https:\/\/news.google.com\/publications\/CAAqBwgKMIu5pgsw88O-Aw?ceid=RO:ro&amp;oc=3\">Urm\u0103ri\u0163i \u015etirile Dobrogeanews \u015fi pe Google News<\/a><\/span><\/p>\n<\/div>\n<p>[analyse_source url=&#8221;https:\/\/www.dobrogeanews.ro\/valea-nucarilor-nu-au-existat-dificultati-in-realizarea-misiunilor-de-audit-accesarea-de-finantare-europeana-ramane-prioritara\/&#8221;]<\/p>\n","protected":false},"excerpt":{"rendered":"<p>[analyse_image type=&#8221;featured&#8221; src=&#8221;https:\/\/dobrogeanews.b-cdn.net\/wp-content\/uploads\/2026\/04\/primar-si-vice-primar-valea-nucarilor.jpg&#8221;] Urm\u0103re\u015fte-ne \u015fi pe Facebook!57KFollowers \u00centr-un scurt dialog cu primarul Comunei Valea Nucarilor, C\u0103t\u0103lin Mocanu, \u00een cadrul c\u0103ruia am vorbit despre anul care a trecut, \u00een fapt, primul an de mandat, dar \u0219i despre anul 2026 care \u00ee\u0219i prezint\u0103 complexitatea cu fiecare zi care trece, edilul ne-a asigurat c\u0103 lucrurile nu au fost [&hellip;]<\/p>\n","protected":false},"author":1,"featured_media":0,"comment_status":"open","ping_status":"","sticky":false,"template":"","format":"standard","meta":{"footnotes":""},"categories":[89],"tags":[226,223],"class_list":["post-1870031","post","type-post","status-publish","format-standard","hentry","category-romania","tag-crawlmanager","tag-dobrogeanews-ro"],"_links":{"self":[{"href":"https:\/\/analyse.optim.biz\/index.php?rest_route=\/wp\/v2\/posts\/1870031","targetHints":{"allow":["GET"]}}],"collection":[{"href":"https:\/\/analyse.optim.biz\/index.php?rest_route=\/wp\/v2\/posts"}],"about":[{"href":"https:\/\/analyse.optim.biz\/index.php?rest_route=\/wp\/v2\/types\/post"}],"author":[{"embeddable":true,"href":"https:\/\/analyse.optim.biz\/index.php?rest_route=\/wp\/v2\/users\/1"}],"replies":[{"embeddable":true,"href":"https:\/\/analyse.optim.biz\/index.php?rest_route=%2Fwp%2Fv2%2Fcomments&post=1870031"}],"version-history":[{"count":0,"href":"https:\/\/analyse.optim.biz\/index.php?rest_route=\/wp\/v2\/posts\/1870031\/revisions"}],"wp:attachment":[{"href":"https:\/\/analyse.optim.biz\/index.php?rest_route=%2Fwp%2Fv2%2Fmedia&parent=1870031"}],"wp:term":[{"taxonomy":"category","embeddable":true,"href":"https:\/\/analyse.optim.biz\/index.php?rest_route=%2Fwp%2Fv2%2Fcategories&post=1870031"},{"taxonomy":"post_tag","embeddable":true,"href":"https:\/\/analyse.optim.biz\/index.php?rest_route=%2Fwp%2Fv2%2Ftags&post=1870031"}],"curies":[{"name":"wp","href":"https:\/\/api.w.org\/{rel}","templated":true}]}}