{"id":187003,"date":"2015-02-03T22:44:32","date_gmt":"2015-02-03T19:44:32","guid":{"rendered":"https:\/\/analyse.optim.biz\/?p=187003"},"modified":"2015-02-03T22:44:32","modified_gmt":"2015-02-03T19:44:32","slug":"emil-hurezeanu-o-ancheta-parlamentara-ar-putea-face-lumina-in-conflictul-dintre-elena-udrea-si-sri","status":"publish","type":"post","link":"https:\/\/analyse.optim.biz\/?p=187003","title":{"rendered":"Emil Hurezeanu: O anchet\u0103 parlamentar\u0103 ar putea face lumin\u0103 \u00een conflictul dintre Elena Udrea \u0219i SRI"},"content":{"rendered":"<div class=\"entry data-app-meta data-app-meta-article\" data-embed-base-url-canonical=\"https:\/\/www.digi24.ro\/embed\/stiri\/actualitate\/politica\/emil-hurezeanu-o-ancheta-parlamentara-ar-putea-face-lumina-in-conflictul-dintre-elena-udrea-si-sri-355342\">\n<p data-index=\"1\">Comisia Parlamentar\u0103 de control al SRI \u201ep\u00e2n\u0103 acum a fost un fel de proiec\u021bie a SRI \u00een Parlament, un fel de organism de ratificare, de ungere parlamentar\u0103 a deciziilor \u0219i a liderilor SRI\u201d, a spus Emil Hurezeanu, \u00een \u201eJurnalul de Sear\u0103\u201d.<\/p>\n<p data-index=\"2\">Jurnalistul opteaz\u0103 pentru \u201e<em><strong>o anchet\u0103 parlamentar\u0103, poate mai ampl\u0103 dec\u00e2t Comisia de control, care n-a jucat p\u00e2n\u0103 acum dec\u00e2t un rol de \u00eenso\u021bitor de bord al SRI\u201d<\/strong><\/em>.<\/p>\n<p data-index=\"3\">Potrivit acestuia, chiar \u0219i o anchet\u0103 intern\u0103 a Serviciului Rom\u00e2n de Informa\u021bii ar putea face lumin\u0103 \u00een conflictul Elena Udrea \u2013 SRI.<\/p>\n<p data-index=\"4\">\u201eEu nu pun sub semnul \u00eentreb\u0103rii nici rezultatele unei anchete interne a SRI. Domnul Coldea are de ap\u0103rat prestigiul propriei institu\u021bii \u0219i are tot interesul s\u0103 spun\u0103 adev\u0103rul \u0219i s\u0103 \u00ee\u0219i trag\u0103 primul consecin\u021bele sau concluziile. E un om t\u00e2n\u0103r \u0219i va dori s\u0103 aib\u0103 un viitor \u00een continuare. \u0218i colegii lui vor asta. <em><strong>Nu trebuie s\u0103 suspect\u0103m SRI c\u0103 este preg\u0103tit s\u0103-\u0219i \u00een\u0219ele organele de control interne \u0219i externe. Nu merg p\u00e2n\u0103 acolo<\/strong><\/em>\u201d, a spus Emil Hurezeanu.<\/p>\n<p data-index=\"5\">Elena Udrea<a href=\"https:\/\/www.digi24.ro\/Stiri\/Digi24\/Actualitate\/Politica\/Elena+Udrea+I-am+spus+lui+T+Basescu+faptul+ca+lui+D+Cocos+i+s-au\" target=\"_blank\" data-skip-linkfix=\"1\" rel=\"noopener\"><strong> a declarat, recent,<\/strong><\/a> c\u0103 l-a informat inclusiv pe fostul pre\u015fedinte Traian B\u0103sescu despre faptul c\u0103 directorul interimar al SRI, generalul Florian Coldea, i-ar fi cerut lui Dorin Coco\u015f s\u0103 \u00eei dea 500.000 de euro lui Sebastian Ghi\u0163\u0103.<\/p>\n<p data-index=\"6\">\u201eI-am spus \u015fi pre\u015fedintelui. Ce a f\u0103cut el va trebui s\u0103 \u00eel \u00eentreba\u0163i pe d\u00e2nsul. Nu vreau s\u0103 discut despre ce a spus pre\u015fedintele Traian B\u0103sescu. M\u0103 surprinde \u00een schimb c\u0103 toat\u0103 lumea a\u015fteapt\u0103 \u015fi \u00eencearc\u0103 s\u0103 provoace o reac\u0163ie a pre\u015fedintelui. Nu ar fi mai simplu s\u0103 \u00eel \u00eentreb\u0103m \u00eenainte pe Dorin Coco\u015f, pe Alin Coco\u015f?\u201d, a declarat Elena Udrea.<\/p>\n<p data-index=\"7\">Directorul interimar al SRI, Florian Coldea,<a href=\"https:\/\/www.digi24.ro\/Stiri\/Digi24\/Actualitate\/Justitie\/Seful+interimar+al+SRI+Florian+Coldea+va+fi+audiat+saptamana+vii\" target=\"_blank\" data-skip-linkfix=\"1\" rel=\"noopener\"><strong> va fi audiat pe 9 februarie<\/strong><\/a>, la ora 10.00, de Comisia parlamentar\u0103 de control al SRI, printre temele discu\u0163iilor afl\u00e2ndu-se acuza\u0163iile Elenei Udrea \u015fi situa\u0163ia generat\u0103 de demisia lui George Maior de la conducerea serviciului.<\/p>\n<\/div>\n<p> Source URL: https:\/\/www.digi24.ro\/stiri\/actualitate\/politica\/emil-hurezeanu-o-ancheta-parlamentara-ar-putea-face-lumina-in-conflictul-dintre-elena-udrea-si-sri-355342<\/p>\n","protected":false},"excerpt":{"rendered":"<p>Comisia Parlamentar\u0103 de control al SRI \u201ep\u00e2n\u0103 acum a fost un fel de proiec\u021bie a SRI \u00een Parlament, un fel de organism de ratificare, de ungere parlamentar\u0103 a deciziilor \u0219i a liderilor SRI\u201d, a spus Emil Hurezeanu, \u00een \u201eJurnalul de Sear\u0103\u201d. Jurnalistul opteaz\u0103 pentru \u201eo anchet\u0103 parlamentar\u0103, poate mai ampl\u0103 dec\u00e2t Comisia de control, care [&hellip;]<\/p>\n","protected":false},"author":1,"featured_media":187004,"comment_status":"open","ping_status":"","sticky":false,"template":"","format":"standard","meta":{"footnotes":""},"categories":[2],"tags":[11],"class_list":["post-187003","post","type-post","status-publish","format-standard","has-post-thumbnail","hentry","category-politics","tag-digi24"],"_links":{"self":[{"href":"https:\/\/analyse.optim.biz\/index.php?rest_route=\/wp\/v2\/posts\/187003","targetHints":{"allow":["GET"]}}],"collection":[{"href":"https:\/\/analyse.optim.biz\/index.php?rest_route=\/wp\/v2\/posts"}],"about":[{"href":"https:\/\/analyse.optim.biz\/index.php?rest_route=\/wp\/v2\/types\/post"}],"author":[{"embeddable":true,"href":"https:\/\/analyse.optim.biz\/index.php?rest_route=\/wp\/v2\/users\/1"}],"replies":[{"embeddable":true,"href":"https:\/\/analyse.optim.biz\/index.php?rest_route=%2Fwp%2Fv2%2Fcomments&post=187003"}],"version-history":[{"count":0,"href":"https:\/\/analyse.optim.biz\/index.php?rest_route=\/wp\/v2\/posts\/187003\/revisions"}],"wp:featuredmedia":[{"embeddable":true,"href":"https:\/\/analyse.optim.biz\/index.php?rest_route=\/wp\/v2\/media\/187004"}],"wp:attachment":[{"href":"https:\/\/analyse.optim.biz\/index.php?rest_route=%2Fwp%2Fv2%2Fmedia&parent=187003"}],"wp:term":[{"taxonomy":"category","embeddable":true,"href":"https:\/\/analyse.optim.biz\/index.php?rest_route=%2Fwp%2Fv2%2Fcategories&post=187003"},{"taxonomy":"post_tag","embeddable":true,"href":"https:\/\/analyse.optim.biz\/index.php?rest_route=%2Fwp%2Fv2%2Ftags&post=187003"}],"curies":[{"name":"wp","href":"https:\/\/api.w.org\/{rel}","templated":true}]}}