{"id":187001,"date":"2015-02-04T00:37:52","date_gmt":"2015-02-03T21:37:52","guid":{"rendered":"https:\/\/analyse.optim.biz\/?p=187001"},"modified":"2015-02-04T00:37:52","modified_gmt":"2015-02-03T21:37:52","slug":"elena-udrea-promite-seriale-despre-oamenii-din-politica-sau-presa-care-s-au-finantat-din-banii-celor-acuzati-de-incalcarea-legii","status":"publish","type":"post","link":"https:\/\/analyse.optim.biz\/?p=187001","title":{"rendered":"Elena Udrea promite \u201eseriale\u201d despre \u201eoamenii din politic\u0103 sau pres\u0103\u201d care \u201es-au finan\u0163at din banii celor acuza\u0163i de \u00eenc\u0103lcarea legii\u201d"},"content":{"rendered":"<div class=\"entry data-app-meta data-app-meta-article\" data-embed-base-url-canonical=\"https:\/\/www.digi24.ro\/embed\/stiri\/actualitate\/politica\/elena-udrea-promite-seriale-despre-oamenii-din-politica-sau-presa-care-s-au-finantat-din-banii-celor-acuzati-de-incalcarea-legii-355378\">\n<div class=\"fb-post\">\n<div class=\"fb-xfbml-parse-ignore\"><a href=\"https:\/\/www.facebook.com\/EUdrea\/posts\/10152846479154584:0\" data-skip-linkfix=\"1\">Post<\/a> by <a href=\"https:\/\/www.facebook.com\/EUdrea\" data-skip-linkfix=\"1\">Elena Udrea<\/a>.<\/div>\n<\/div>\n<p data-index=\"2\">\u201e<span>C\u00e2ndva am spus c\u0103 \u201cjusti\u0163ie p\u00e2n\u0103 la cap\u0103t\u201d este un principiu eficient doar dac\u0103 este \u00eenso\u0163it de adev\u0103r p\u00e2n\u0103 la cap\u0103t. M\u0103 uit la tv \u015fi m\u0103 minunez! Oameni din politic\u0103 sau pres\u0103, care de-a lungul timpului au venit la mine cu diverse solicit\u0103ri sau care s-au finan\u0163at din banii celor acuza\u0163i de \u00eenc\u0103lcarea legii, expun teorii despre justi\u0163ie, stat de drept, corectitudinea politicienilor etc. <\/span><\/p>\n<p data-index=\"3\">De m\u00e2ine, v\u0103 promit serial cu fiecare dintre ei\u201d, a scris politicianul pe Facebook.<\/p>\n<\/div>\n<p> Source URL: https:\/\/www.digi24.ro\/stiri\/actualitate\/politica\/elena-udrea-promite-seriale-despre-oamenii-din-politica-sau-presa-care-s-au-finantat-din-banii-celor-acuzati-de-incalcarea-legii-355378<\/p>\n","protected":false},"excerpt":{"rendered":"<p>Post by Elena Udrea. \u201eC\u00e2ndva am spus c\u0103 \u201cjusti\u0163ie p\u00e2n\u0103 la cap\u0103t\u201d este un principiu eficient doar dac\u0103 este \u00eenso\u0163it de adev\u0103r p\u00e2n\u0103 la cap\u0103t. M\u0103 uit la tv \u015fi m\u0103 minunez! Oameni din politic\u0103 sau pres\u0103, care de-a lungul timpului au venit la mine cu diverse solicit\u0103ri sau care s-au finan\u0163at din banii celor [&hellip;]<\/p>\n","protected":false},"author":1,"featured_media":187002,"comment_status":"open","ping_status":"","sticky":false,"template":"","format":"standard","meta":{"footnotes":""},"categories":[2],"tags":[11],"class_list":["post-187001","post","type-post","status-publish","format-standard","has-post-thumbnail","hentry","category-politics","tag-digi24"],"_links":{"self":[{"href":"https:\/\/analyse.optim.biz\/index.php?rest_route=\/wp\/v2\/posts\/187001","targetHints":{"allow":["GET"]}}],"collection":[{"href":"https:\/\/analyse.optim.biz\/index.php?rest_route=\/wp\/v2\/posts"}],"about":[{"href":"https:\/\/analyse.optim.biz\/index.php?rest_route=\/wp\/v2\/types\/post"}],"author":[{"embeddable":true,"href":"https:\/\/analyse.optim.biz\/index.php?rest_route=\/wp\/v2\/users\/1"}],"replies":[{"embeddable":true,"href":"https:\/\/analyse.optim.biz\/index.php?rest_route=%2Fwp%2Fv2%2Fcomments&post=187001"}],"version-history":[{"count":0,"href":"https:\/\/analyse.optim.biz\/index.php?rest_route=\/wp\/v2\/posts\/187001\/revisions"}],"wp:featuredmedia":[{"embeddable":true,"href":"https:\/\/analyse.optim.biz\/index.php?rest_route=\/wp\/v2\/media\/187002"}],"wp:attachment":[{"href":"https:\/\/analyse.optim.biz\/index.php?rest_route=%2Fwp%2Fv2%2Fmedia&parent=187001"}],"wp:term":[{"taxonomy":"category","embeddable":true,"href":"https:\/\/analyse.optim.biz\/index.php?rest_route=%2Fwp%2Fv2%2Fcategories&post=187001"},{"taxonomy":"post_tag","embeddable":true,"href":"https:\/\/analyse.optim.biz\/index.php?rest_route=%2Fwp%2Fv2%2Ftags&post=187001"}],"curies":[{"name":"wp","href":"https:\/\/api.w.org\/{rel}","templated":true}]}}