{"id":186992,"date":"2015-02-04T11:52:51","date_gmt":"2015-02-04T08:52:51","guid":{"rendered":"https:\/\/analyse.optim.biz\/?p=186992"},"modified":"2015-02-04T11:52:51","modified_gmt":"2015-02-04T08:52:51","slug":"klaus-iohannis-intalnire-cu-prezidiul-academiei-romane","status":"publish","type":"post","link":"https:\/\/analyse.optim.biz\/?p=186992","title":{"rendered":"Klaus Iohannis, \u00eent\u00e2lnire cu prezidiul Academiei Rom\u00e2ne\u00a0"},"content":{"rendered":"<div class=\"entry data-app-meta data-app-meta-article\" data-embed-base-url-canonical=\"https:\/\/www.digi24.ro\/embed\/stiri\/actualitate\/politica\/klaus-iohannis-intalnire-cu-prezidiul-academiei-romane-355478\">\n<p data-index=\"1\"><img decoding=\"async\" src=\"https:\/\/analyse.optim.biz\/wp-content\/uploads\/2024\/09\/odawjmhhc2g9ytfkowe4njrlmdk2zdljmwuxnmq2yjg0mta1ogy2ymu-thumb_.jpg\" data-skip-htmlfix=\"1\" title=\"odawjmhhc2g9ytfkowe4njrlmdk2zdljmwuxnmq2yjg0mta1ogy2ymu-thumb_\"><\/p>\n<p data-index=\"2\">\u201eCele mai bune solu\u0163ii nu se pot g\u0103si dec\u00e2t prin dialog. Oric\u00e2t de preocupa\u0163i am fi de problemele prezentului, nu putem construi nimic temeinic, dac\u0103 nu \u015ftim cum vrem s\u0103 arate Rom\u00e2nia peste 10 sau 15 ani. Avem nevoie de o abordare care s\u0103 integreze toate domeniile unui proiect de \u0163ar\u0103 comun\u201d, se mai precizeaz\u0103 \u00een postarea de pe Facebook a lui Klaus Iohannis.<\/p>\n<\/div>\n<p> Source URL: https:\/\/www.digi24.ro\/stiri\/actualitate\/politica\/klaus-iohannis-intalnire-cu-prezidiul-academiei-romane-355478<\/p>\n","protected":false},"excerpt":{"rendered":"<p>\u201eCele mai bune solu\u0163ii nu se pot g\u0103si dec\u00e2t prin dialog. Oric\u00e2t de preocupa\u0163i am fi de problemele prezentului, nu putem construi nimic temeinic, dac\u0103 nu \u015ftim cum vrem s\u0103 arate Rom\u00e2nia peste 10 sau 15 ani. Avem nevoie de o abordare care s\u0103 integreze toate domeniile unui proiect de \u0163ar\u0103 comun\u201d, se mai precizeaz\u0103 [&hellip;]<\/p>\n","protected":false},"author":1,"featured_media":186993,"comment_status":"open","ping_status":"","sticky":false,"template":"","format":"standard","meta":{"footnotes":""},"categories":[2],"tags":[11],"class_list":["post-186992","post","type-post","status-publish","format-standard","has-post-thumbnail","hentry","category-politics","tag-digi24"],"_links":{"self":[{"href":"https:\/\/analyse.optim.biz\/index.php?rest_route=\/wp\/v2\/posts\/186992","targetHints":{"allow":["GET"]}}],"collection":[{"href":"https:\/\/analyse.optim.biz\/index.php?rest_route=\/wp\/v2\/posts"}],"about":[{"href":"https:\/\/analyse.optim.biz\/index.php?rest_route=\/wp\/v2\/types\/post"}],"author":[{"embeddable":true,"href":"https:\/\/analyse.optim.biz\/index.php?rest_route=\/wp\/v2\/users\/1"}],"replies":[{"embeddable":true,"href":"https:\/\/analyse.optim.biz\/index.php?rest_route=%2Fwp%2Fv2%2Fcomments&post=186992"}],"version-history":[{"count":0,"href":"https:\/\/analyse.optim.biz\/index.php?rest_route=\/wp\/v2\/posts\/186992\/revisions"}],"wp:featuredmedia":[{"embeddable":true,"href":"https:\/\/analyse.optim.biz\/index.php?rest_route=\/wp\/v2\/media\/186993"}],"wp:attachment":[{"href":"https:\/\/analyse.optim.biz\/index.php?rest_route=%2Fwp%2Fv2%2Fmedia&parent=186992"}],"wp:term":[{"taxonomy":"category","embeddable":true,"href":"https:\/\/analyse.optim.biz\/index.php?rest_route=%2Fwp%2Fv2%2Fcategories&post=186992"},{"taxonomy":"post_tag","embeddable":true,"href":"https:\/\/analyse.optim.biz\/index.php?rest_route=%2Fwp%2Fv2%2Ftags&post=186992"}],"curies":[{"name":"wp","href":"https:\/\/api.w.org\/{rel}","templated":true}]}}