{"id":1869775,"date":"2026-04-07T00:00:00","date_gmt":"2026-04-06T21:00:00","guid":{"rendered":"https:\/\/analyse.optim.biz\/?p=1869775"},"modified":"2026-04-07T00:00:00","modified_gmt":"2026-04-06T21:00:00","slug":"les-evenements-porsche-2026-a-ne-pas-manquer-avril-a-juillet","status":"publish","type":"post","link":"https:\/\/analyse.optim.biz\/?p=1869775","title":{"rendered":"Les \u00e9v\u00e9nements Porsche 2026 \u00e0\u00a0ne pas manquer (avril \u00e0\u00a0juillet)"},"content":{"rendered":"<div id=\"brxe-lipmib\" class=\"brxe-post-content\">\n<p><strong>En ce d\u00e9but du mois d\u2019avril et avec le retour des beaux jours, nous voulions vous partager les \u00e9v\u00e9nements Porsche \u00e0\u00a0venir jusqu\u2019en juillet. Entre rassemblements partout en France, rallyes touristiques et sorties circuit, la saison s\u2019annonce rythm\u00e9e\u00a0! <\/strong><\/p>\n<h2>La 24e<sup>\u00a0<\/sup>Porsche Club Francorchamps Days<\/h2>\n<p>Devenu au fil du temps un \u00e9v\u00e9nement de r\u00e9f\u00e9rence, le Porsche Club Francorchamps Days revient d\u00e8s ce week-end, du 11 au 12 avril sur le circuit de Spa-Francorchamps\u00a0! En 2025, plus de 3\u00a0500 Porsche s\u2019\u00e9taient rassembl\u00e9es le temps d\u2019un week-end et plus de 350 voitures \u00e9taient engag\u00e9es sur ce circuit mythique. Si les inscriptions pour les participants sont d\u00e9sormais closes, vous pouvez toujours vous inscrire et prendre vos places pour d\u00e9couvrir l\u2019\u00e9v\u00e9nement en tant que visiteur\u00a0! Flat 6\u00a0Magazine est partenaire de l\u2019\u00e9v\u00e9nement et pour l\u2019occasion, une partie de la r\u00e9daction sera pr\u00e9sente sur place. Plus d\u2019informations sur le site officiel du <a href=\"https:\/\/www.porsche-club-francorchamps-days.be\/\">Porsche Club Francorchamps<\/a> ou sur le site du <a href=\"https:\/\/www.spa-francorchamps.be\/fr\/events\/event\/768_porsche-club-francorchamps-days\">circuit de Spa Francorchamps<\/a>.<\/p>\n<p><img loading=\"lazy\" decoding=\"async\" class=\"alignnone  wp-image-58053\" src=\"https:\/\/www.flat6mag.com\/wp-content\/uploads\/2026\/04\/13042025-img_5631-2048x1365-1-300x200.jpg\" alt=\"Porsche Days\" width=\"995\" height=\"663\"><\/p>\n<h2>Porsch\u2019Color 2026\u00a0: un rendez-vous color\u00e9<\/h2>\n<p>Direction Honfleur maintenant pour le Porsch\u2019Color 2026. Organis\u00e9 par l\u2019Amicale Porschistes Normandie, l\u2019\u00e9v\u00e9nement aux mille et une teintes de Porsche se tiendra les 25 et 26 avril prochains. Deux rallyes touristiques optionnels seront propos\u00e9s le samedi. L\u2019un au d\u00e9part de l\u2019Aigle dans l\u2019Orne et l\u2019autre depuis Saint-Valery-en-Caux en Seine-Maritime. Tous deux auront Honfleur comme point d\u2019arriv\u00e9e commun. Notez qu\u2019un village exposants accueillera les participants et un espace d\u00e9di\u00e9 permettra d\u2019exposer les Porsche le dimanche. Flat 6\u00a0Magazine \u00e9tant partenaire, nous serons sur place pour vous faire vivre l\u2019\u00e9v\u00e9nement de l\u2019int\u00e9rieur sur nos r\u00e9seaux sociaux\u00a0! Pour vous inscrire, rendez-vous sur le site de <a href=\"https:\/\/amicaleporschistesnormandie.org\/wp\/porschcolor-2026-inscriptions\/\">l\u2019Amicale Porschistes Normandie<\/a>.<\/p>\n<p><img loading=\"lazy\" decoding=\"async\" class=\"alignnone  wp-image-58054\" src=\"https:\/\/www.flat6mag.com\/wp-content\/uploads\/2026\/04\/porschcolor-213x300.jpg\" alt=\"porsch'color\" width=\"940\" height=\"1324\"><\/p>\n<h2>Le Flat 6\u00a0Rallye 2026 entre Provence et Corse<\/h2>\n<p>Pour sa huiti\u00e8me \u00e9dition, Flat 6\u00a0Magazine et Rallystory proposent un rallye touristique du 27 avril au 3\u00a0mai 2026. Au programme, itin\u00e9raires d\u2019exception entre Provence et Corse, gastronomie locale, panoramas spectaculaires \u00e0\u00a0travers la r\u00e9serve Saparella, rencontres et passion partag\u00e9e\u00a0! Le Flat 6\u00a0Rallye, c\u2019est 5\u00a0jours de pure passion automobile entre \u00e9vasion et convivialit\u00e9. Notez que tous les mod\u00e8les de toutes \u00e9poques sont accept\u00e9s. Les inscriptions sont ouvertes avec un nombre de places limit\u00e9es. Rendez-vous sur le\u00a0site de <a href=\"http:\/\/www.rallystory.com\/\">Rallystory.com<\/a>\u00a0pour plus d\u2019informations.<\/p>\n<p><img loading=\"lazy\" decoding=\"async\" class=\"alignnone  wp-image-58055\" src=\"https:\/\/www.flat6mag.com\/wp-content\/uploads\/2026\/04\/flat-6-rallye-porsche-boxster-spyder-1-300x200.jpeg\" alt=\"flat 6 rallye porsche boxster spyder 1\" width=\"1088\" height=\"725\"><\/p>\n<h2>Porsche Days 2026\u00a0: un rendez-vous incontournable<\/h2>\n<p>Du c\u00f4t\u00e9 de l\u2019Auvergne, les Porsche Days 2026 se tiendront les 9\u00a0et 10 mai, sur le circuit de Charade. Un Village Porsche accueillera les clubs officiels, les concessionnaires, et les exposants, avec un espace d\u00e9di\u00e9 aux voitures embl\u00e9matiques retra\u00e7ant l\u2019histoire de la marque. Les amateurs de roulage auront le choix entre les pistes Michelin de Ladoux, accessibles les deux jours avec piste s\u00e8che et piste mouill\u00e9e, et le circuit de Charade le dimanche. Inscriptions sur le site de la F\u00e9d\u00e9ration des Clubs Porsche\u00a0:\u00a0<a href=\"https:\/\/bit.ly\/4v0H86I\">Porsche Days 2026 \u2013 Porsche Clubs France<\/a>.<\/p>\n<p><img decoding=\"async\" loading=\"lazy\" class=\"alignnone  wp-image-58065\" src=\"https:\/\/www.flat6mag.com\/wp-content\/uploads\/2026\/04\/2026_porschedays_affiche-banniere_web_fede-1-300x115.jpg\" alt=\"2026 porschedays affiche banniere web fede (1)\" width=\"1088\" height=\"417\"><\/p>\n<h2>La F\u00eate des Classics met en lumi\u00e8re les Porsche Targa<\/h2>\n<p>On reste dans le sud de la France avec la F\u00eate des Classics. Organis\u00e9e par le Porsche Club M\u00e9diterran\u00e9e, cet \u00e9v\u00e9nement r\u00e9unit chaque ann\u00e9e toutes les g\u00e9n\u00e9rations de Porsche, des Type G\u00a0aux 996 en passant par les mod\u00e8les \u00e0\u00a0moteur avant. Pour cette 19e \u00e9dition, l\u2019accent est mis sur le 60e anniversaire des mod\u00e8les Targa. Rendez-vous donc, du 6\u00a0juin au 7\u00a0juin, avec un parcours serpentant entre les Alpilles et le Luberon. Notez que le samedi \u00e0\u00a0partir de 9h, l\u2019acc\u00e8s sera libre pour les visiteurs alors n\u2019h\u00e9sitez pas \u00e0\u00a0venir sur place\u00a0! Pour vous inscrire, rendez-vous sur le site du <a href=\"https:\/\/www.mediterranee-porscheclub.fr\/PorscheClubs\/pc_mediterranee\/pc_main.nsf\/web\/166C7131F00A271FC1258D7E00395467\">Porsche Club M\u00e9diterran\u00e9e<\/a>.<\/p>\n<p><img decoding=\"async\" loading=\"lazy\" class=\"alignnone  wp-image-58057\" src=\"https:\/\/www.flat6mag.com\/wp-content\/uploads\/2026\/04\/fete-des-classics-300x225.jpg\" alt=\"fe\u0302te des classics\" width=\"1087\" height=\"815\"><\/p>\n<h2>Porsche Casting\u00a0: Le Boxster \u00e0\u00a0l\u2019honneur<\/h2>\n<p>Du 5\u00a0au 7\u00a0juin, nous vous donnons rendez-vous pour la dixi\u00e8me \u00e9dition du Porsche Casting de Deauville. Apr\u00e8s la 959 mise \u00e0\u00a0l\u2019honneur l\u2019an pass\u00e9, c\u2019est le Boxster qui occupera le devant de la sc\u00e8ne \u00e0\u00a0l\u2019occasion de ses 30 ans d\u2019existence. Des surprises sont en pr\u00e9paration pour marquer cet anniversaire. Retrouvez le programme complet sur le site du <a href=\"https:\/\/www.normandie-porscheclub.fr\/PorscheClubs\/pc_normandie\/pc_main.nsf\/web\/C98ADD638D093ED0C1258CFB005AF853\">Porsche Club Normandie<\/a>. Les inscriptions sont d\u2019ores et d\u00e9j\u00e0 cl\u00f4tur\u00e9es.<\/p>\n<p><img decoding=\"async\" loading=\"lazy\" class=\"alignnone  wp-image-58058\" src=\"https:\/\/www.flat6mag.com\/wp-content\/uploads\/2026\/04\/porsche-casting-300x115.jpg\" alt=\"porsche casting\" width=\"1098\" height=\"421\"><\/p>\n<h2>Quatri\u00e8me \u00e9dition de N\u00eem\u2019en Flat<\/h2>\n<p>Port\u00e9e par un couple de passionn\u00e9s souhaitant organiser une manifestation 100 % Porsche dans leur ville, la quatri\u00e8me \u00e9dition de N\u00eem\u2019en Flat se tiendra en deux parties. La premi\u00e8re aura lieu le 30 mai 2026 sur le p\u00f4le m\u00e9canique d\u2019Al\u00e8s pour un trackday 100% circuit. Puis, rendez-vous pour la seconde partie, les 13 et 14 juin 2026 en plein c\u0153ur de N\u00eemes pour le rassemblement et la parade annuelle. Pour vous inscrire, rendez-vous sur le site de <a href=\"https:\/\/nimenflat.fr\/\">N\u00eem\u2019en Flat\u00a0<\/a>!<\/p>\n<p><img decoding=\"async\" loading=\"lazy\" class=\"alignnone  wp-image-58059\" src=\"https:\/\/www.flat6mag.com\/wp-content\/uploads\/2026\/04\/nimen-flat-300x200.jpg\" alt=\"ni\u0302m'en flat\" width=\"1095\" height=\"730\"><\/p>\n<h2>Porsche Savoie Tour\u00a0: le rendez montagnard<\/h2>\n<p>Le Porsche Club Pays de Savoie fait \u00e9voluer son \u00e9v\u00e9nement phare en transformant la Savoie Cup en Porsche Savoie Tour, une formule renouvel\u00e9e qui se tiendra du 19 au 21 juin 2026. Ce nouveau format, volontairement plus compact avec 120 voitures, mise sur une approche plus touristique tout en pr\u00e9servant une belle part de roulage, d\u00e9sormais en conduite libre sans groupes impos\u00e9s. De nouvelles animations viennent enrichir le programme, dont un concours d\u2019\u00e9l\u00e9gance, pour offrir aux participants une exp\u00e9rience encore plus compl\u00e8te. Les inscriptions sont cependant d\u00e9j\u00e0 compl\u00e8tes pour l\u2019\u00e9dition 2026.<\/p>\n<p><img decoding=\"async\" loading=\"lazy\" class=\"alignnone  wp-image-58060\" src=\"https:\/\/www.flat6mag.com\/wp-content\/uploads\/2026\/04\/porsche-savoie-tour-300x158.jpg\" alt=\"porsche savoie tour\" width=\"1082\" height=\"570\"><\/p>\n<h2>La premi\u00e8re \u00e9dition du Mans Classic \u00ab\u00a0L\u00e9gend\u00a0\u00bb<\/h2>\n<p>On termine cette revue des \u00e9v\u00e9nements 2026 \u00e0\u00a0ne pas manquer par un incontournable de la Porsche Classic\u00a0: Le Mans Classic. Cette premi\u00e8re \u00e9dition \u00ab\u00a0Legend\u00a0\u00bb du 2\u00a0au 5\u00a0juillet mettra \u00e0\u00a0l\u2019honneur les voitures ayant marqu\u00e9 l\u2019endurance entre 1976 et 2015, une p\u00e9riode large qui permettra de voir rouler des Porsche de l\u00e9gende comme la Porsche 962. Nous serons pr\u00e9sents sur place pour vous faire vivre l\u2019\u00e9v\u00e9nement sur nos r\u00e9seaux sociaux\u00a0! Plus d\u2019informations sur le site du <a href=\"https:\/\/www.lemansclassic.com\/fr\/\">Mans Classic<\/a>.<\/p>\n<p>Notez toutefois que de nombreux autres \u00e9v\u00e9nements seront pr\u00e9vus tout au long de l\u2019ann\u00e9e. Parall\u00e8lement, les clubs Porsche animent le calendrier avec des sorties en plus petit comit\u00e9. Les f\u00e9rus de circuit pourront quant \u00e0\u00a0eux, suivre les manches de la\u00a0<u><a href=\"https:\/\/www.flat6mag.com\/actualite\/la-porsche-carrera-cup-france-leve-le-voile-sur-son-calendrier-2026\/\">Porsche Carrera Cup France<\/a>.<\/u> Que vous soyez au volant ou dans les tribunes, profitez de cette ann\u00e9e pour vivre et c\u00e9l\u00e9brer la passion Porsche\u00a0!<\/p>\n<p><img decoding=\"async\" loading=\"lazy\" class=\"alignnone  wp-image-58061\" src=\"https:\/\/www.flat6mag.com\/wp-content\/uploads\/2026\/04\/le-mans-classic-legend-2026-evenement-annuel-300x169.webp\" alt=\"le mans classic legend 2026\" width=\"1083\" height=\"610\"><\/p>\n<div align=\"center\"><button style=\"background-color: transparent;border: 3px solid #000;border-radius: 0.6em;color: #000;cursor: pointer;align-self: center;line-height: 1;margin: 20px;padding: 1.2em 2.8em;text-decoration: none;text-align: center;text-transform: uppercase;font-weight: bold\"><a href=\"https:\/\/www.flat6mag.com\/pages\/abonnements.html\">Soyez les premiers \u00e0 tout savoir sur la Porsche et abonnez-vous \u00e0 Flat 6 Magazine\u00a0!<\/a><\/button><\/div>\n<div align=\"center\">Cr\u00e9dit Photo\u00a0: DR<\/div>\n<\/div>\n","protected":false},"excerpt":{"rendered":"<p>En ce d\u00e9but du mois d\u2019avril et avec le retour des beaux jours, nous voulions vous partager les \u00e9v\u00e9nements Porsche \u00e0\u00a0venir jusqu\u2019en juillet. Entre rassemblements partout en France, rallyes touristiques et sorties circuit, la saison s\u2019annonce rythm\u00e9e\u00a0! La 24e\u00a0Porsche Club Francorchamps Days Devenu au fil du temps un \u00e9v\u00e9nement de r\u00e9f\u00e9rence, le Porsche Club Francorchamps [&hellip;]<\/p>\n","protected":false},"author":1,"featured_media":0,"comment_status":"open","ping_status":"","sticky":false,"template":"","format":"standard","meta":{"footnotes":""},"categories":[1],"tags":[226,273],"class_list":["post-1869775","post","type-post","status-publish","format-standard","hentry","category-uncategorized","tag-crawlmanager","tag-flat6mag-com"],"_links":{"self":[{"href":"https:\/\/analyse.optim.biz\/index.php?rest_route=\/wp\/v2\/posts\/1869775","targetHints":{"allow":["GET"]}}],"collection":[{"href":"https:\/\/analyse.optim.biz\/index.php?rest_route=\/wp\/v2\/posts"}],"about":[{"href":"https:\/\/analyse.optim.biz\/index.php?rest_route=\/wp\/v2\/types\/post"}],"author":[{"embeddable":true,"href":"https:\/\/analyse.optim.biz\/index.php?rest_route=\/wp\/v2\/users\/1"}],"replies":[{"embeddable":true,"href":"https:\/\/analyse.optim.biz\/index.php?rest_route=%2Fwp%2Fv2%2Fcomments&post=1869775"}],"version-history":[{"count":0,"href":"https:\/\/analyse.optim.biz\/index.php?rest_route=\/wp\/v2\/posts\/1869775\/revisions"}],"wp:attachment":[{"href":"https:\/\/analyse.optim.biz\/index.php?rest_route=%2Fwp%2Fv2%2Fmedia&parent=1869775"}],"wp:term":[{"taxonomy":"category","embeddable":true,"href":"https:\/\/analyse.optim.biz\/index.php?rest_route=%2Fwp%2Fv2%2Fcategories&post=1869775"},{"taxonomy":"post_tag","embeddable":true,"href":"https:\/\/analyse.optim.biz\/index.php?rest_route=%2Fwp%2Fv2%2Ftags&post=1869775"}],"curies":[{"name":"wp","href":"https:\/\/api.w.org\/{rel}","templated":true}]}}