{"id":186976,"date":"2015-02-04T13:03:51","date_gmt":"2015-02-04T10:03:51","guid":{"rendered":"https:\/\/analyse.optim.biz\/?p=186976"},"modified":"2015-02-04T13:03:51","modified_gmt":"2015-02-04T10:03:51","slug":"theodor-paleologu-traian-basescu-n-a-avut-mana-buna-in-privinta-persoanelor-pe-care-le-a-sustinut","status":"publish","type":"post","link":"https:\/\/analyse.optim.biz\/?p=186976","title":{"rendered":"Theodor Paleologu: Traian B\u0103sescu n-a avut m\u00e2n\u0103 bun\u0103 \u00een privin\u0163a persoanelor pe care le-a sus\u0163inut"},"content":{"rendered":"<div class=\"entry data-app-meta data-app-meta-article\" data-embed-base-url-canonical=\"https:\/\/www.digi24.ro\/embed\/stiri\/actualitate\/politica\/theodor-paleologu-traian-basescu-n-a-avut-mana-buna-in-privinta-persoanelor-pe-care-le-a-sustinut-355518\">\n<p data-index=\"1\"><img decoding=\"async\" src=\"https:\/\/analyse.optim.biz\/wp-content\/uploads\/2024\/09\/yziymdc0zjfjzwy5y2i4m2ziy2m1mzbkzdc5ng-thumb_.jpg\" data-skip-htmlfix=\"1\" title=\"yziymdc0zjfjzwy5y2i4m2ziy2m1mzbkzdc5ng-thumb_\"><\/p>\n<p data-index=\"2\"><span><em><strong>Theodor Palelogu, foto: Mediafax<\/strong><\/em><\/span><\/p>\n<p data-index=\"3\">\u201e<strong>V\u0103 spun drept c\u0103 unele dintre cazurile astea nici nu mai reu\u015fesc s\u0103 le \u00een\u0163eleg. (&#8230;) Pe mine nu m\u0103 duce mintea la combina\u0163ii (&#8230;). Trebuie s\u0103 a\u015ftept\u0103m ca justi\u0163ia s\u0103-\u015fi fac\u0103 treaba, s\u0103 se clarifice ni\u015fte lucruri, prezum\u0163ia de nevinov\u0103\u0163ie este un principiu important<\/strong>\u201d, spune Theodor Paleologu despre avalan\u015fa de re\u0163ineri, arest\u0103ri \u015fi anchete din ultima perioad\u0103.<\/p>\n<p data-index=\"4\">El se declar\u0103 \u00eens\u0103 \u201e\u015focat\u201d s\u0103 afle anumite lucruri: \u201e<strong>Trebuie s\u0103 v\u0103 spun pe de alt\u0103 parte c\u0103 desigur sunt \u015focat s\u0103 aflu ni\u015fte lucruri, s\u0103 v\u0103d ni\u015fte dedesubturi pe care nu le b\u0103nuiam. De exemplu, toate lucrurile legate de m\u0103rturisirile lui Gabriel Sandu, fostul ministru al Comunica\u0163iilor, pe mine m\u0103 cam \u015focheaz\u0103, pentru c\u0103 \u00eencep s\u0103 \u00een\u0163eleg cumva de ce \u00een decembrie 2009, PDL-ul l-a preferat pe el mie, pentru c\u0103 era o situa\u0163ie \u00een care UDMR-ul cerea trei ministere \u015fi se ajunsese, dup\u0103 lungi negocieri, la alternativa Ministerul Comunica\u0163iilor sau Ministerul Culturii \u015fi PDL-ul a preferat s\u0103 dea Ministerul Culturii UDMR-ului \u015fi acum \u00een\u0163eleg mai bine de ce. V\u0103 spun drept, de aceea sunt \u015fi \u015focat de toate lucrurile astea, f\u0103r\u0103 <\/strong><span><strong>\u00eendoial\u0103<\/strong><\/span><span>\u201d<\/span><span>.<\/span><\/p>\n<p data-index=\"5\">\u00centrebat cum vede anchetarea Elenei Udrea, Theodor Paleologu a r\u0103spuns: <span>\u201e<\/span><strong>Mi se pare ciudat, totu\u015fi, c\u0103 a avut curajul s\u0103 se prezinte la alegerile preziden\u0163iale, \u015ftiind c\u0103 are aceste probleme \u00een a\u015fteptare cel pu\u0163in<\/strong><span>\u201d<\/span>. \u00centrebat dac\u0103 crede c\u0103 aici se \u00eencheie via\u0163a politic\u0103 a Elenei Udrea, deputatul a replicat: <span>\u201e<\/span>Nu-mi dau seama, dar nu pare a fi \u00eentr-o situa\u0163ie prea <span>str\u0103lucit\u0103\u201d.<\/span><\/p>\n<p data-index=\"6\">\u00centrebat dac\u0103 <span>\u201e<\/span><strong>idila<\/strong><span>\u201d<\/span> dintre fostul pre\u015fedinte Traian B\u0103sescu \u015fi PMP s-a \u00eencheiat odat\u0103 cu anchetarea Elenei Udrea, Theodor Paleologu a r\u0103spuns: <span>\u201e<\/span><strong>P\u0103i, cred c\u0103 deja nu prea mai e mare idil\u0103, nu? Din p\u0103cate, n-a avut m\u00e2n\u0103 bun\u0103 \u00een privin\u0163a persoanelor pe care le-a sus\u0163inut \u015fi e\u015fecul PMP este par\u0163ial \u015fi un efect al acestor alegeri gre\u015fite de oameni. N-a avut \u00eencredere \u00een oameni \u00een care trebuia s\u0103 aib\u0103 \u00eencredere \u015fi a avut \u00eencredere \u00een oameni \u00een care nu prea trebuia s\u0103 aib\u0103 \u00eencredere. Dar dup\u0103 zece ani sau chiar mai mul\u0163i ani de putere, pentru c\u0103 Traian B\u0103sescu e \u00een func\u0163ii importante din &#8217;96 p\u00e2n\u0103 acum, se mai toce\u015fte sim\u0163ul realit\u0103\u0163ii \u015fi se ajunge s\u0103 nu-\u0163i mai dai seama bine \u00een cine trebuie s\u0103 ai \u00eencredere \u015fi \u00een cine nu trebuie s\u0103 ai \u00eencredere<\/strong><span>\u201d.<\/span><\/p>\n<\/div>\n<p> Source URL: https:\/\/www.digi24.ro\/stiri\/actualitate\/politica\/theodor-paleologu-traian-basescu-n-a-avut-mana-buna-in-privinta-persoanelor-pe-care-le-a-sustinut-355518<\/p>\n","protected":false},"excerpt":{"rendered":"<p>Theodor Palelogu, foto: Mediafax \u201eV\u0103 spun drept c\u0103 unele dintre cazurile astea nici nu mai reu\u015fesc s\u0103 le \u00een\u0163eleg. (&#8230;) Pe mine nu m\u0103 duce mintea la combina\u0163ii (&#8230;). Trebuie s\u0103 a\u015ftept\u0103m ca justi\u0163ia s\u0103-\u015fi fac\u0103 treaba, s\u0103 se clarifice ni\u015fte lucruri, prezum\u0163ia de nevinov\u0103\u0163ie este un principiu important\u201d, spune Theodor Paleologu despre avalan\u015fa de [&hellip;]<\/p>\n","protected":false},"author":1,"featured_media":186977,"comment_status":"open","ping_status":"","sticky":false,"template":"","format":"standard","meta":{"footnotes":""},"categories":[2],"tags":[11],"class_list":["post-186976","post","type-post","status-publish","format-standard","has-post-thumbnail","hentry","category-politics","tag-digi24"],"_links":{"self":[{"href":"https:\/\/analyse.optim.biz\/index.php?rest_route=\/wp\/v2\/posts\/186976","targetHints":{"allow":["GET"]}}],"collection":[{"href":"https:\/\/analyse.optim.biz\/index.php?rest_route=\/wp\/v2\/posts"}],"about":[{"href":"https:\/\/analyse.optim.biz\/index.php?rest_route=\/wp\/v2\/types\/post"}],"author":[{"embeddable":true,"href":"https:\/\/analyse.optim.biz\/index.php?rest_route=\/wp\/v2\/users\/1"}],"replies":[{"embeddable":true,"href":"https:\/\/analyse.optim.biz\/index.php?rest_route=%2Fwp%2Fv2%2Fcomments&post=186976"}],"version-history":[{"count":0,"href":"https:\/\/analyse.optim.biz\/index.php?rest_route=\/wp\/v2\/posts\/186976\/revisions"}],"wp:featuredmedia":[{"embeddable":true,"href":"https:\/\/analyse.optim.biz\/index.php?rest_route=\/wp\/v2\/media\/186977"}],"wp:attachment":[{"href":"https:\/\/analyse.optim.biz\/index.php?rest_route=%2Fwp%2Fv2%2Fmedia&parent=186976"}],"wp:term":[{"taxonomy":"category","embeddable":true,"href":"https:\/\/analyse.optim.biz\/index.php?rest_route=%2Fwp%2Fv2%2Fcategories&post=186976"},{"taxonomy":"post_tag","embeddable":true,"href":"https:\/\/analyse.optim.biz\/index.php?rest_route=%2Fwp%2Fv2%2Ftags&post=186976"}],"curies":[{"name":"wp","href":"https:\/\/api.w.org\/{rel}","templated":true}]}}