{"id":1869743,"date":"2026-04-07T12:18:00","date_gmt":"2026-04-07T09:18:00","guid":{"rendered":"https:\/\/analyse.optim.biz\/?p=1869743"},"modified":"2026-04-07T12:18:00","modified_gmt":"2026-04-07T09:18:00","slug":"la-mihail-kogalniceanu-tulcea-s-a-terminat-campania-de-curatenie-si-a-fost-emisa-o-atentionare-pentru-prevenirea-incendiilor-de-vegetatie","status":"publish","type":"post","link":"https:\/\/analyse.optim.biz\/?p=1869743","title":{"rendered":"La Mihail Kog\u0103lniceanu (Tulcea) s-a terminat campania de cur\u0103\u021benie \u0219i a fost emis\u0103 o aten\u021bionare pentru prevenirea incendiilor de vegeta\u021bie"},"content":{"rendered":"<p>[analyse_image type=&#8221;featured&#8221; src=&#8221;https:\/\/dobrogeanews.b-cdn.net\/wp-content\/uploads\/2026\/04\/curatenie-mihail-kogalniceanu.jpg&#8221;]<\/p>\n<div id=\"post-69751\" class=\"entry single-default post-69751 post type-post status-publish format-standard has-post-thumbnail hentry category-info\">\n<div>\n<div class=\"ss-follow-wrapper ss-clearfix ss-regular-buttons ss-columns-1 ss-default-style\">\n<div class=\"ss-follow-column\" data-ss-sf-network-id='\"facebook\"'><a href=\"https:\/\/www.facebook.com\/dobrogeanews\" class=\"ss-follow-network ss-facebook-color\" rel=\"nofollow noopener\" aria-label=\"facebook\" target=\"_blank\"><span class=\"ss-follow-network-label\">Urm\u0103re\u015fte-ne \u015fi pe Facebook!<\/span><span class=\"ss-follow-network-count\"><span class=\"ss-follow-network-count-number\">57K<\/span><span class=\"ss-follow-network-count-label\">Followers<\/span><\/span><\/a><\/div>\n<\/div>\n<\/div>\n<p>Prim\u0103ria comunei Mihail Kog\u0103lniceanu a terminat campania de cur\u0103\u021benie de prim\u0103var\u0103 (str\u0103zi igienizate, borduri v\u0103ruite, spa\u021bii verzi \u00eengrijite) pentru un mediu mai curat, mai frumos \u0219i mai s\u0103n\u0103tos pentru to\u021bi. <\/p>\n<figure class=\"wp-block-image size-full is-resized\">\n<source type=\"image\/webp\" data-lazy-srcset=\"https:\/\/dobrogeanews.b-cdn.net\/wp-content\/uploads\/2026\/04\/curatenie-mihail-kogalniceanu.jpg.webp 2560w, https:\/\/dobrogeanews.b-cdn.net\/wp-content\/uploads\/2026\/04\/curatenie-mihail-kogalniceanu-300x246.jpg.webp 300w, https:\/\/dobrogeanews.b-cdn.net\/wp-content\/uploads\/2026\/04\/curatenie-mihail-kogalniceanu-1024x840.jpg.webp 1024w, https:\/\/dobrogeanews.b-cdn.net\/wp-content\/uploads\/2026\/04\/curatenie-mihail-kogalniceanu-768x630.jpg.webp 768w, https:\/\/dobrogeanews.b-cdn.net\/wp-content\/uploads\/2026\/04\/curatenie-mihail-kogalniceanu-1536x1260.jpg.webp 1536w, https:\/\/dobrogeanews.b-cdn.net\/wp-content\/uploads\/2026\/04\/curatenie-mihail-kogalniceanu-2048x1680.jpg.webp 2048w\" sizes=\"(max-width: 640px) 100vw, 640px\" \/><br \/>\n<img loading=\"lazy\" decoding=\"async\" src=\"https:\/\/dobrogeanews.b-cdn.net\/wp-content\/uploads\/2026\/04\/curatenie-mihail-kogalniceanu.jpg\" alt=\"Campanie de cur\u0103\u021benie a comunei Mihail Kog\u0103lniceanu\" width=\"640\" height=\"525\"><\/figure>\n<p>\u201eAm desf\u0103\u0219urat ample ac\u021biuni de cur\u0103\u021benie \u0219i ecologizare \u00een toate cartierele, au fost toaleta\u021bi copacii \u0219i str\u00e2nse de\u0219eurile menajere \u0219i resturile vegetale care mai sunt uitate prin anumite zone. Fac un apel c\u0103tre to\u021bi cet\u0103\u021benii comunei de a p\u0103stra cur\u0103\u021benia pentru c\u0103 este responsabilitatea tuturor. A\u0219adar, V\u0103 \u00eendemn\u0103m \u0219i pe aceast\u0103 cale:<\/p>\n<p>*s\u0103 nu arunca\u021bi de\u0219euri \u00een spa\u021biile publice <\/p>\n<p>*s\u0103 p\u0103stra\u021bi cur\u0103\u021benia \u00een fa\u021ba locuin\u021bei <\/p>\n<p>*s\u0103 v\u0103 implica\u021bi activ \u00een men\u021binerea unui mediu curat. <\/p>\n<p>De asemenea, vreau s\u0103 aten\u021bionez cet\u0103\u021benii \u0219i agen\u021bii economici faptul c\u0103 arderea miri\u0219tilor, vegeta\u021biei uscate \u0219i a resturilor vegetale este interzis\u0103 prin lege. Tocmai pentru c\u0103 \u00een perioadele de secet\u0103 \u0219i v\u00e2nt puternic, riscul de incendii este foarte ridicat, iar astfel de ac\u021biuni pot pune \u00een pericol:<\/p>\n<p>\u2022 vie\u021bile oamenilor\u2022 <\/p>\n<p>bunurile materiale\u2022 <\/p>\n<p>mediul \u00eenconjur\u0103tor.<\/p>\n<p>Reamintesc faptul c\u0103 nerespectarea legisla\u021biei atrage sanc\u021biuni contraven\u021bionale:<\/p>\n<p>\u2022 \u00eentre 3.000 \u2013 6.000 lei pentru persoane fizice\u2022 \u00eentre 25.000 \u2013 50.000 lei pentru persoane juridice.<\/p>\n<p>Rog pe to\u021bi cet\u0103\u021benii s\u0103 ia \u00een serios regulile care \u00eenso\u021besc aceast\u0103 Aten\u021bionae pentru siguran\u021ba comunit\u0103\u021bii, a propriilor gospod\u0103rii \u0219i pentru protejarea mediului!\u201d (Nicolae Arn\u0103utu, primarul Comunei Mihail Kog\u0103lniceanu)<\/p>\n<figure class=\"wp-block-image size-full is-resized\">\n<source type=\"image\/webp\" data-lazy-srcset=\"https:\/\/dobrogeanews.b-cdn.net\/wp-content\/uploads\/2025\/05\/m-kog.jpg.webp 2560w, https:\/\/dobrogeanews.b-cdn.net\/wp-content\/uploads\/2025\/05\/m-kog-300x246.jpg.webp 300w, https:\/\/dobrogeanews.b-cdn.net\/wp-content\/uploads\/2025\/05\/m-kog-1024x840.jpg.webp 1024w, https:\/\/dobrogeanews.b-cdn.net\/wp-content\/uploads\/2025\/05\/m-kog-768x630.jpg.webp 768w, https:\/\/dobrogeanews.b-cdn.net\/wp-content\/uploads\/2025\/05\/m-kog-1536x1260.jpg.webp 1536w, https:\/\/dobrogeanews.b-cdn.net\/wp-content\/uploads\/2025\/05\/m-kog-2048x1680.jpg.webp 2048w\" sizes=\"(max-width: 640px) 100vw, 640px\" \/><br \/>\n<img loading=\"lazy\" decoding=\"async\" src=\"https:\/\/dobrogeanews.b-cdn.net\/wp-content\/uploads\/2025\/05\/m-kog.jpg\" alt=\"Prim\u0103ria Comunei Mihail Kog\u0103lniceanu jude\u021bul Tulcea\" width=\"640\" height=\"525\"><\/figure>\n<h3>Aten\u021bionare pentru prevenirea incendiilor de vegeta\u021bie<\/h3>\n<p>Arderea este permis\u0103 doar \u00een cazuri excep\u021bionale, cu:<\/p>\n<p>*ob\u021binerea unui permis de la Prim\u0103rie <\/p>\n<p>*informarea Serviciului Voluntar pentru Situa\u021bii de Urgen\u021b\u0103 <\/p>\n<p>*respectarea strict\u0103 a m\u0103surilor de siguran\u021b\u0103<\/p>\n<p>Chiar \u0219i cu permis, arderea este interzis\u0103 \u00een condi\u021bii de canicul\u0103, secet\u0103 sau v\u00e2nt.<\/p>\n<p>Igienizarea terenurilor trebuie realizat\u0103 prin metode mecanice, nu prin ardere.<\/p>\n<p>\u00cen cazul \u00een care se ob\u021bin aprob\u0103rile cerute de legisla\u021bia \u00een vigoare, arderea vegeta\u021biei uscate se face cu respectarea urm\u0103toarelor m\u0103suri:<\/p>\n<p>\u2022 desf\u0103\u0219urarea arderii numai \u00een condi\u021bii meteorologice f\u0103r\u0103 v\u00e2nt;<\/p>\n<p>\u2022 parcelarea miri\u0219tii \u00een suprafe\u021be de maximum 10 ha, prin f\u00e2\u0219ii arate;<\/p>\n<p>\u2022 izolarea zonei de ardere fa\u021b\u0103 de c\u0103i de comunica\u021bie, construc\u021bii, culturi agricole, instala\u021bii sau fond forestier, prin executarea de f\u00e2\u0219ii arate;<\/p>\n<p>\u2022 desf\u0103\u0219urarea arderii numai pe timp de zi;<\/p>\n<p>\u2022 colectarea \u00een gr\u0103mezi a vegeta\u021biei uscate \u0219i a resturilor vegetale, \u00een cantit\u0103\u021bi care permit controlul arderii;<\/p>\n<p>\u2022 asigurarea mijloacelor \u0219i materialelor pentru stingerea eventualelor incendii;<\/p>\n<p>\u2022 supravegherea permanent\u0103 a arderii, cu personal, p\u00e2n\u0103 la finalizarea acesteia;<\/p>\n<p>\u2022 interzicerea folosirii focului deschis pe teritoriul ariilor naturale protejate.<\/p>\n<div class=\"monsterinsights-inline-popular-posts monsterinsights-inline-popular-posts-charlie monsterinsights-popular-posts-styled\">\n<div class=\"monsterinsights-inline-popular-posts-text\"><span class=\"monsterinsights-inline-popular-posts-label\">Vezi \u0219i:<\/span><\/p>\n<div class=\"monsterinsights-inline-popular-posts-post\"><a class=\"monsterinsights-inline-popular-posts-title\" href=\"https:\/\/www.dobrogeanews.ro\/tulcea-noile-tarife-pentru-transport-public-rutier-si-naval\/\">Tulcea: Noile tarife pentru transport public (rutier \u0219i naval)<\/a><\/div>\n<div class=\"monsterinsights-inline-popular-posts-post\"><a class=\"monsterinsights-inline-popular-posts-title\" href=\"https:\/\/www.dobrogeanews.ro\/dr-laurentiu-ivanof-fiti-atenti-la-taceri-la-retrageri-la-schimbari-subtile-uneori-cei-care-au-cea-mai-mare-nevoie-de-ajutor-sunt-cei-care-cer-cel-mai-putin\/\">Dr. Lauren\u021biu Ivanof: Fi\u021bi aten\u021bi la t\u0103ceri. La retrageri. La schimb\u0103ri subtile. Uneori, cei care au cea mai mare nevoie de ajutor sunt cei care cer cel mai pu\u021bin.<\/a><\/div>\n<div class=\"monsterinsights-inline-popular-posts-post\"><a class=\"monsterinsights-inline-popular-posts-title\" href=\"https:\/\/www.dobrogeanews.ro\/la-baia-taxa-de-habitat-a-ramas-15-lei-luna-pers-adica-180-lei-an-am-votat-aplicarea-cotelor-minime-permise\/\">La Baia, taxa de habitat a r\u0103mas 15 lei\/lun\u0103\/pers, adic\u0103, 180 lei\/an. \u201eAm votat aplicarea cotelor minime permise\u201d<\/a><\/div>\n<\/div>\n<\/div>\n<p class=\"has-text-align-center has-white-color has-text-color has-background\"><span><a href=\"https:\/\/news.google.com\/publications\/CAAqBwgKMIu5pgsw88O-Aw?ceid=RO:ro&amp;oc=3\">Urm\u0103ri\u0163i \u015etirile Dobrogeanews \u015fi pe Google News<\/a><\/span><\/p>\n<\/div>\n<div id=\"post-69751\" class=\"entry single-default post-69751 post type-post status-publish format-standard has-post-thumbnail hentry category-info\">\n<div>\n<div class=\"ss-follow-wrapper ss-clearfix ss-regular-buttons ss-columns-1 ss-default-style\">\n<div class=\"ss-follow-column\" data-ss-sf-network-id='\"facebook\"'><a href=\"https:\/\/www.facebook.com\/dobrogeanews\" class=\"ss-follow-network ss-facebook-color\" rel=\"nofollow noopener\" aria-label=\"facebook\" target=\"_blank\"><span class=\"ss-follow-network-label\">Urm\u0103re\u015fte-ne \u015fi pe Facebook!<\/span><span class=\"ss-follow-network-count\"><span class=\"ss-follow-network-count-number\">57K<\/span><span class=\"ss-follow-network-count-label\">Followers<\/span><\/span><\/a><\/div>\n<\/div>\n<\/div>\n<p>Prim\u0103ria comunei Mihail Kog\u0103lniceanu a terminat campania de cur\u0103\u021benie de prim\u0103var\u0103 (str\u0103zi igienizate, borduri v\u0103ruite, spa\u021bii verzi \u00eengrijite) pentru un mediu mai curat, mai frumos \u0219i mai s\u0103n\u0103tos pentru to\u021bi. <\/p>\n<figure class=\"wp-block-image size-full is-resized\">\n<source type=\"image\/webp\" data-lazy-srcset=\"https:\/\/dobrogeanews.b-cdn.net\/wp-content\/uploads\/2026\/04\/curatenie-mihail-kogalniceanu.jpg.webp 2560w, https:\/\/dobrogeanews.b-cdn.net\/wp-content\/uploads\/2026\/04\/curatenie-mihail-kogalniceanu-300x246.jpg.webp 300w, https:\/\/dobrogeanews.b-cdn.net\/wp-content\/uploads\/2026\/04\/curatenie-mihail-kogalniceanu-1024x840.jpg.webp 1024w, https:\/\/dobrogeanews.b-cdn.net\/wp-content\/uploads\/2026\/04\/curatenie-mihail-kogalniceanu-768x630.jpg.webp 768w, https:\/\/dobrogeanews.b-cdn.net\/wp-content\/uploads\/2026\/04\/curatenie-mihail-kogalniceanu-1536x1260.jpg.webp 1536w, https:\/\/dobrogeanews.b-cdn.net\/wp-content\/uploads\/2026\/04\/curatenie-mihail-kogalniceanu-2048x1680.jpg.webp 2048w\" sizes=\"(max-width: 640px) 100vw, 640px\" \/><br \/>\n<img loading=\"lazy\" decoding=\"async\" src=\"https:\/\/dobrogeanews.b-cdn.net\/wp-content\/uploads\/2026\/04\/curatenie-mihail-kogalniceanu.jpg\" alt=\"Campanie de cur\u0103\u021benie a comunei Mihail Kog\u0103lniceanu\" width=\"640\" height=\"525\"><\/figure>\n<p>\u201eAm desf\u0103\u0219urat ample ac\u021biuni de cur\u0103\u021benie \u0219i ecologizare \u00een toate cartierele, au fost toaleta\u021bi copacii \u0219i str\u00e2nse de\u0219eurile menajere \u0219i resturile vegetale care mai sunt uitate prin anumite zone. Fac un apel c\u0103tre to\u021bi cet\u0103\u021benii comunei de a p\u0103stra cur\u0103\u021benia pentru c\u0103 este responsabilitatea tuturor. A\u0219adar, V\u0103 \u00eendemn\u0103m \u0219i pe aceast\u0103 cale:<\/p>\n<p>*s\u0103 nu arunca\u021bi de\u0219euri \u00een spa\u021biile publice <\/p>\n<p>*s\u0103 p\u0103stra\u021bi cur\u0103\u021benia \u00een fa\u021ba locuin\u021bei <\/p>\n<p>*s\u0103 v\u0103 implica\u021bi activ \u00een men\u021binerea unui mediu curat. <\/p>\n<p>De asemenea, vreau s\u0103 aten\u021bionez cet\u0103\u021benii \u0219i agen\u021bii economici faptul c\u0103 arderea miri\u0219tilor, vegeta\u021biei uscate \u0219i a resturilor vegetale este interzis\u0103 prin lege. Tocmai pentru c\u0103 \u00een perioadele de secet\u0103 \u0219i v\u00e2nt puternic, riscul de incendii este foarte ridicat, iar astfel de ac\u021biuni pot pune \u00een pericol:<\/p>\n<p>\u2022 vie\u021bile oamenilor\u2022 <\/p>\n<p>bunurile materiale\u2022 <\/p>\n<p>mediul \u00eenconjur\u0103tor.<\/p>\n<p>Reamintesc faptul c\u0103 nerespectarea legisla\u021biei atrage sanc\u021biuni contraven\u021bionale:<\/p>\n<p>\u2022 \u00eentre 3.000 \u2013 6.000 lei pentru persoane fizice\u2022 \u00eentre 25.000 \u2013 50.000 lei pentru persoane juridice.<\/p>\n<p>Rog pe to\u021bi cet\u0103\u021benii s\u0103 ia \u00een serios regulile care \u00eenso\u021besc aceast\u0103 Aten\u021bionae pentru siguran\u021ba comunit\u0103\u021bii, a propriilor gospod\u0103rii \u0219i pentru protejarea mediului!\u201d (Nicolae Arn\u0103utu, primarul Comunei Mihail Kog\u0103lniceanu)<\/p>\n<figure class=\"wp-block-image size-full is-resized\">\n<source type=\"image\/webp\" data-lazy-srcset=\"https:\/\/dobrogeanews.b-cdn.net\/wp-content\/uploads\/2025\/05\/m-kog.jpg.webp 2560w, https:\/\/dobrogeanews.b-cdn.net\/wp-content\/uploads\/2025\/05\/m-kog-300x246.jpg.webp 300w, https:\/\/dobrogeanews.b-cdn.net\/wp-content\/uploads\/2025\/05\/m-kog-1024x840.jpg.webp 1024w, https:\/\/dobrogeanews.b-cdn.net\/wp-content\/uploads\/2025\/05\/m-kog-768x630.jpg.webp 768w, https:\/\/dobrogeanews.b-cdn.net\/wp-content\/uploads\/2025\/05\/m-kog-1536x1260.jpg.webp 1536w, https:\/\/dobrogeanews.b-cdn.net\/wp-content\/uploads\/2025\/05\/m-kog-2048x1680.jpg.webp 2048w\" sizes=\"(max-width: 640px) 100vw, 640px\" \/><br \/>\n<img loading=\"lazy\" decoding=\"async\" src=\"https:\/\/dobrogeanews.b-cdn.net\/wp-content\/uploads\/2025\/05\/m-kog.jpg\" alt=\"Prim\u0103ria Comunei Mihail Kog\u0103lniceanu jude\u021bul Tulcea\" width=\"640\" height=\"525\"><\/figure>\n<h3>Aten\u021bionare pentru prevenirea incendiilor de vegeta\u021bie<\/h3>\n<p>Arderea este permis\u0103 doar \u00een cazuri excep\u021bionale, cu:<\/p>\n<p>*ob\u021binerea unui permis de la Prim\u0103rie <\/p>\n<p>*informarea Serviciului Voluntar pentru Situa\u021bii de Urgen\u021b\u0103 <\/p>\n<p>*respectarea strict\u0103 a m\u0103surilor de siguran\u021b\u0103<\/p>\n<p>Chiar \u0219i cu permis, arderea este interzis\u0103 \u00een condi\u021bii de canicul\u0103, secet\u0103 sau v\u00e2nt.<\/p>\n<p>Igienizarea terenurilor trebuie realizat\u0103 prin metode mecanice, nu prin ardere.<\/p>\n<p>\u00cen cazul \u00een care se ob\u021bin aprob\u0103rile cerute de legisla\u021bia \u00een vigoare, arderea vegeta\u021biei uscate se face cu respectarea urm\u0103toarelor m\u0103suri:<\/p>\n<p>\u2022 desf\u0103\u0219urarea arderii numai \u00een condi\u021bii meteorologice f\u0103r\u0103 v\u00e2nt;<\/p>\n<p>\u2022 parcelarea miri\u0219tii \u00een suprafe\u021be de maximum 10 ha, prin f\u00e2\u0219ii arate;<\/p>\n<p>\u2022 izolarea zonei de ardere fa\u021b\u0103 de c\u0103i de comunica\u021bie, construc\u021bii, culturi agricole, instala\u021bii sau fond forestier, prin executarea de f\u00e2\u0219ii arate;<\/p>\n<p>\u2022 desf\u0103\u0219urarea arderii numai pe timp de zi;<\/p>\n<p>\u2022 colectarea \u00een gr\u0103mezi a vegeta\u021biei uscate \u0219i a resturilor vegetale, \u00een cantit\u0103\u021bi care permit controlul arderii;<\/p>\n<p>\u2022 asigurarea mijloacelor \u0219i materialelor pentru stingerea eventualelor incendii;<\/p>\n<p>\u2022 supravegherea permanent\u0103 a arderii, cu personal, p\u00e2n\u0103 la finalizarea acesteia;<\/p>\n<p>\u2022 interzicerea folosirii focului deschis pe teritoriul ariilor naturale protejate.<\/p>\n<div class=\"monsterinsights-inline-popular-posts monsterinsights-inline-popular-posts-charlie monsterinsights-popular-posts-styled\">\n<div class=\"monsterinsights-inline-popular-posts-text\"><span class=\"monsterinsights-inline-popular-posts-label\">Vezi \u0219i:<\/span><\/p>\n<div class=\"monsterinsights-inline-popular-posts-post\"><a class=\"monsterinsights-inline-popular-posts-title\" href=\"https:\/\/www.dobrogeanews.ro\/tulcea-noile-tarife-pentru-transport-public-rutier-si-naval\/\">Tulcea: Noile tarife pentru transport public (rutier \u0219i naval)<\/a><\/div>\n<div class=\"monsterinsights-inline-popular-posts-post\"><a class=\"monsterinsights-inline-popular-posts-title\" href=\"https:\/\/www.dobrogeanews.ro\/dr-laurentiu-ivanof-fiti-atenti-la-taceri-la-retrageri-la-schimbari-subtile-uneori-cei-care-au-cea-mai-mare-nevoie-de-ajutor-sunt-cei-care-cer-cel-mai-putin\/\">Dr. Lauren\u021biu Ivanof: Fi\u021bi aten\u021bi la t\u0103ceri. La retrageri. La schimb\u0103ri subtile. Uneori, cei care au cea mai mare nevoie de ajutor sunt cei care cer cel mai pu\u021bin.<\/a><\/div>\n<div class=\"monsterinsights-inline-popular-posts-post\"><a class=\"monsterinsights-inline-popular-posts-title\" href=\"https:\/\/www.dobrogeanews.ro\/la-baia-taxa-de-habitat-a-ramas-15-lei-luna-pers-adica-180-lei-an-am-votat-aplicarea-cotelor-minime-permise\/\">La Baia, taxa de habitat a r\u0103mas 15 lei\/lun\u0103\/pers, adic\u0103, 180 lei\/an. \u201eAm votat aplicarea cotelor minime permise\u201d<\/a><\/div>\n<\/div>\n<\/div>\n<p class=\"has-text-align-center has-white-color has-text-color has-background\"><span><a href=\"https:\/\/news.google.com\/publications\/CAAqBwgKMIu5pgsw88O-Aw?ceid=RO:ro&amp;oc=3\">Urm\u0103ri\u0163i \u015etirile Dobrogeanews \u015fi pe Google News<\/a><\/span><\/p>\n<\/div>\n<p>[analyse_source url=&#8221;https:\/\/www.dobrogeanews.ro\/la-mihail-kogalniceanu-tulcea-s-a-terminat-campania-de-curatenie-si-a-fost-emisa-o-atentionare-pentru-prevenirea-incendiilor-de-vegetatie\/&#8221;]<\/p>\n","protected":false},"excerpt":{"rendered":"<p>[analyse_image type=&#8221;featured&#8221; src=&#8221;https:\/\/dobrogeanews.b-cdn.net\/wp-content\/uploads\/2026\/04\/curatenie-mihail-kogalniceanu.jpg&#8221;] Urm\u0103re\u015fte-ne \u015fi pe Facebook!57KFollowers Prim\u0103ria comunei Mihail Kog\u0103lniceanu a terminat campania de cur\u0103\u021benie de prim\u0103var\u0103 (str\u0103zi igienizate, borduri v\u0103ruite, spa\u021bii verzi \u00eengrijite) pentru un mediu mai curat, mai frumos \u0219i mai s\u0103n\u0103tos pentru to\u021bi. \u201eAm desf\u0103\u0219urat ample ac\u021biuni de cur\u0103\u021benie \u0219i ecologizare \u00een toate cartierele, au fost toaleta\u021bi copacii \u0219i str\u00e2nse de\u0219eurile [&hellip;]<\/p>\n","protected":false},"author":1,"featured_media":0,"comment_status":"open","ping_status":"","sticky":false,"template":"","format":"standard","meta":{"footnotes":""},"categories":[89],"tags":[226,223],"class_list":["post-1869743","post","type-post","status-publish","format-standard","hentry","category-romania","tag-crawlmanager","tag-dobrogeanews-ro"],"_links":{"self":[{"href":"https:\/\/analyse.optim.biz\/index.php?rest_route=\/wp\/v2\/posts\/1869743","targetHints":{"allow":["GET"]}}],"collection":[{"href":"https:\/\/analyse.optim.biz\/index.php?rest_route=\/wp\/v2\/posts"}],"about":[{"href":"https:\/\/analyse.optim.biz\/index.php?rest_route=\/wp\/v2\/types\/post"}],"author":[{"embeddable":true,"href":"https:\/\/analyse.optim.biz\/index.php?rest_route=\/wp\/v2\/users\/1"}],"replies":[{"embeddable":true,"href":"https:\/\/analyse.optim.biz\/index.php?rest_route=%2Fwp%2Fv2%2Fcomments&post=1869743"}],"version-history":[{"count":0,"href":"https:\/\/analyse.optim.biz\/index.php?rest_route=\/wp\/v2\/posts\/1869743\/revisions"}],"wp:attachment":[{"href":"https:\/\/analyse.optim.biz\/index.php?rest_route=%2Fwp%2Fv2%2Fmedia&parent=1869743"}],"wp:term":[{"taxonomy":"category","embeddable":true,"href":"https:\/\/analyse.optim.biz\/index.php?rest_route=%2Fwp%2Fv2%2Fcategories&post=1869743"},{"taxonomy":"post_tag","embeddable":true,"href":"https:\/\/analyse.optim.biz\/index.php?rest_route=%2Fwp%2Fv2%2Ftags&post=1869743"}],"curies":[{"name":"wp","href":"https:\/\/api.w.org\/{rel}","templated":true}]}}