{"id":1869737,"date":"2026-04-07T13:47:14","date_gmt":"2026-04-07T10:47:14","guid":{"rendered":"https:\/\/analyse.optim.biz\/?p=1869737"},"modified":"2026-04-07T13:47:14","modified_gmt":"2026-04-07T10:47:14","slug":"nicusor-dan-intervine-de-la-timisoara-anunta-ca-va-media-razboiul-psd-pnl-din-coalitie","status":"publish","type":"post","link":"https:\/\/analyse.optim.biz\/?p=1869737","title":{"rendered":"Nicu\u0219or Dan intervine de la Timi\u0219oara: Anun\u021b\u0103 c\u0103 va media r\u0103zboiul PSD &#8211; PNL din coali\u021bie"},"content":{"rendered":"<p>[analyse_image type=&#8221;featured&#8221; src=&#8221;https:\/\/focustim.ro\/wp-content\/uploads\/2025\/05\/nicusor-dan.jpg&#8221;]<\/p>\n<article id=\"post-39910\" class=\"penci-single-artcontent noloaddisqus post-39910 post type-post status-publish format-standard has-post-thumbnail hentry category-actualitate category-administratie category-featured category-politica tag-nicusor-dan tag-psd penci-post-item\">\n<header class=\"entry-header penci-entry-header penci-title-\">\n<div class=\"penci-entry-categories\"><span class=\"penci-cat-links\"><a href=\"https:\/\/focustim.ro\/category\/actualitate\/\" rel=\"category tag\">Actualitate<\/a><a href=\"https:\/\/focustim.ro\/category\/administratie\/\" rel=\"category tag\">Administra\u021bie<\/a><a href=\"https:\/\/focustim.ro\/category\/featured\/\" rel=\"category tag\">Featured<\/a><a href=\"https:\/\/focustim.ro\/category\/politica\/\" rel=\"category tag\">Politic\u0103<\/a><\/span><\/div>\n<h1 class=\"entry-title penci-entry-title penci-title-\">Nicu\u0219or Dan intervine de la Timi\u0219oara: Anun\u021b\u0103 c\u0103 va media r\u0103zboiul PSD \u2013 PNL din coali\u021bie<\/h1>\n<div class=\"entry-meta penci-entry-meta\"><span class=\"entry-meta-item penci-posted-on\"><time class=\"entry-date published\" datetime=\"2026-04-07T16:47:14+03:00\">07\/04\/2026<\/time><time class=\"updated\" datetime=\"2026-04-07T16:47:20+03:00\">07\/04\/2026<\/time><\/span><span class=\"entry-meta-item penci-comment-count\"><a class=\"penci_pmeta-link\" href=\"https:\/\/focustim.ro\/nicusor-dan-intervine-de-la-timisoara-anunta-ca-va-media-razboiul-psd-pnl-din-coalitie\/#respond\">0<\/a><\/span><\/div>\n<p><span class=\"penci-social-buttons penci-social-share-footer\"><span class=\"penci-social-share-text\">Distribuie<\/span><a href=\"https:\/\/focustim.ro\/nicusor-dan-intervine-de-la-timisoara-anunta-ca-va-media-razboiul-psd-pnl-din-coalitie\/\" class=\"penci-post-like penci_post-meta_item  single-like-button penci-social-item like\" data-post_id=\"39910\" title=\"Like\" data-like=\"Like\" data-unlike=\"Unlike\"><span class=\"penci-share-number\">0<\/span><\/a><\/span><\/header>\n<div class=\"entry-media penci-entry-media\">\n<div class=\"post-format-meta \">\n<div class=\"post-image penci-standard-format\"><img decoding=\"async\" width=\"800\" height=\"533\" src=\"https:\/\/focustim.ro\/wp-content\/uploads\/2025\/05\/nicusor-dan.jpg\" class=\"attachment-penci-thumb-960-auto size-penci-thumb-960-auto wp-post-image\" alt loading=\"lazy\"><\/div>\n<\/div>\n<\/div>\n<div class=\"penci-entry-content entry-content\">\n<p><strong>Pre\u0219edintele Nicu\u0219or Dan a transmis c\u0103 va media r\u0103zboiul PSD \u2013 PNL din coali\u021bie. Dan spune c\u0103  vrea ca actuala coali\u021bie s\u0103 mearg\u0103 mai departe \u0219i ca PSD s\u0103 nu ias\u0103 de la guvernare, fiindc\u0103 asta ar destabiliza \u021bara.<\/strong><\/p>\n<p>\u201eNoi avem o conjunctur\u0103 parlamentar\u0103 care oblig\u0103 cele patru partide pro-occidentale \u0219i minorit\u0103\u021bile na\u021bionale s\u0103 conlucreze pentru ca Rom\u00e2nia s\u0103-\u0219i duc\u0103 la sf\u00e2r\u0219it obiectivele pe care \u0219i le-a asumat. Aceste partide, dincolo de tot zgomotul public, au colaborat foarte bine pentru OCDE\u2026 au colaborat destul de bine pe PNRR\u201d, a spus el.<\/p>\n<p>\u201eMai au 5 luni pentru a absorbi banii \u0103\u0219tia. Deci cred c\u0103, dincolo de declara\u021bii politice, joc politic, chiar configura\u021bii politice, e important c\u0103 exist\u0103 responsabilitate pentru obiective mari pe care Rom\u00e2nia \u0219i le-a stabilit.\u201d, a ad\u0103ugat acesta.<\/p>\n<p>\u00centrebat dac\u0103 \u00eei va cere demisia premierului Ilie Bolojan,\u00a0Nicu\u0219or\u00a0Dan\u00a0a respins o astfel de interven\u021bie.<\/p>\n<p>\u201eEu? \u00cen ce calitate? Nu cred c\u0103 trebuie s\u0103 facem aici o analiz\u0103 pe toate scenariile posibile\u2026 Ce pot eu s\u0103 spun este c\u0103 exist\u0103 responsabilitate \u0219i c\u0103 eu voi media, discuta, astfel \u00eenc\u00e2t proiecte importante ale Rom\u00e2niei s\u0103 mearg\u0103 mai departe\u201d, a afirmat pre\u0219edintele<\/p>\n<div class=\"sharedaddy sd-sharing-enabled\">\n<div class=\"robots-nocontent sd-block sd-social sd-social-icon-text sd-sharing\">\n<h3 class=\"sd-title\">Partajeaz\u0103 asta:<\/h3>\n<div class=\"sd-content\">\n<ul>\n<li class=\"share-twitter\"><a rel=\"nofollow noopener noreferrer\" data-shared=\"sharing-twitter-39910\" class=\"share-twitter sd-button share-icon\" href=\"https:\/\/focustim.ro\/nicusor-dan-intervine-de-la-timisoara-anunta-ca-va-media-razboiul-psd-pnl-din-coalitie\/?share=twitter\" target=\"_blank\" title=\"D\u0103 clic pentru a partaja pe Twitter\"><span>Twitter<\/span><\/a><\/li>\n<li class=\"share-facebook\"><a rel=\"nofollow noopener noreferrer\" data-shared=\"sharing-facebook-39910\" class=\"share-facebook sd-button share-icon\" href=\"https:\/\/focustim.ro\/nicusor-dan-intervine-de-la-timisoara-anunta-ca-va-media-razboiul-psd-pnl-din-coalitie\/?share=facebook\" target=\"_blank\" title=\"D\u0103 clic pentru a partaja pe Facebook\"><span>Facebook<\/span><\/a><\/li>\n<li class=\"share-end\"><\/ul>\n<\/div>\n<\/div>\n<\/div>\n<div class=\"sharedaddy sd-block sd-like jetpack-likes-widget-wrapper jetpack-likes-widget-unloaded\" id=\"like-post-wrapper-167025405-39910-69d50aeb7799f\" data-src=\"https:\/\/widgets.wp.com\/likes\/#blog_id=167025405&amp;post_id=39910&amp;origin=focustim.ro&amp;obj_id=167025405-39910-69d50aeb7799f\" data-name=\"like-post-frame-167025405-39910-69d50aeb7799f\" data-title=\"Apreciaz\u0103 sau republic\u0103\">\n<h3 class=\"sd-title\">Apreciaz\u0103:<\/h3>\n<div class=\"likes-widget-placeholder post-likes-widget-placeholder\"><span class=\"button\"><span>Apreciere<\/span><\/span><span class=\"loading\">\u00cencarc&#8230;<\/span><\/div>\n<\/div>\n<\/div>\n<footer class=\"penci-entry-footer\">\n<div class=\"penci-source-via-tags-wrap\"><span class=\"tags-links penci-tags-links\"><a href=\"https:\/\/focustim.ro\/tag\/nicusor-dan\/\" rel=\"tag\">Nicusor Dan<\/a><a href=\"https:\/\/focustim.ro\/tag\/psd\/\" rel=\"tag\">PSD<\/a><\/span><\/div>\n<p><span class=\"penci-social-buttons penci-social-share-footer\"><span class=\"penci-social-share-text\">Distribuie<\/span><a href=\"https:\/\/focustim.ro\/nicusor-dan-intervine-de-la-timisoara-anunta-ca-va-media-razboiul-psd-pnl-din-coalitie\/\" class=\"penci-post-like penci_post-meta_item  single-like-button penci-social-item like\" data-post_id=\"39910\" title=\"Like\" data-like=\"Like\" data-unlike=\"Unlike\"><span class=\"penci-share-number\">0<\/span><\/a><\/span><\/footer>\n<\/article>\n<div class=\"penci-entry-content entry-content\">\n<p><strong>Pre\u0219edintele Nicu\u0219or Dan a transmis c\u0103 va media r\u0103zboiul PSD \u2013 PNL din coali\u021bie. Dan spune c\u0103  vrea ca actuala coali\u021bie s\u0103 mearg\u0103 mai departe \u0219i ca PSD s\u0103 nu ias\u0103 de la guvernare, fiindc\u0103 asta ar destabiliza \u021bara.<\/strong><\/p>\n<p>\u201eNoi avem o conjunctur\u0103 parlamentar\u0103 care oblig\u0103 cele patru partide pro-occidentale \u0219i minorit\u0103\u021bile na\u021bionale s\u0103 conlucreze pentru ca Rom\u00e2nia s\u0103-\u0219i duc\u0103 la sf\u00e2r\u0219it obiectivele pe care \u0219i le-a asumat. Aceste partide, dincolo de tot zgomotul public, au colaborat foarte bine pentru OCDE\u2026 au colaborat destul de bine pe PNRR\u201d, a spus el.<\/p>\n<p>\u201eMai au 5 luni pentru a absorbi banii \u0103\u0219tia. Deci cred c\u0103, dincolo de declara\u021bii politice, joc politic, chiar configura\u021bii politice, e important c\u0103 exist\u0103 responsabilitate pentru obiective mari pe care Rom\u00e2nia \u0219i le-a stabilit.\u201d, a ad\u0103ugat acesta.<\/p>\n<p>\u00centrebat dac\u0103 \u00eei va cere demisia premierului Ilie Bolojan,\u00a0Nicu\u0219or\u00a0Dan\u00a0a respins o astfel de interven\u021bie.<\/p>\n<p>\u201eEu? \u00cen ce calitate? Nu cred c\u0103 trebuie s\u0103 facem aici o analiz\u0103 pe toate scenariile posibile\u2026 Ce pot eu s\u0103 spun este c\u0103 exist\u0103 responsabilitate \u0219i c\u0103 eu voi media, discuta, astfel \u00eenc\u00e2t proiecte importante ale Rom\u00e2niei s\u0103 mearg\u0103 mai departe\u201d, a afirmat pre\u0219edintele<\/p>\n<div class=\"sharedaddy sd-sharing-enabled\">\n<div class=\"robots-nocontent sd-block sd-social sd-social-icon-text sd-sharing\">\n<h3 class=\"sd-title\">Partajeaz\u0103 asta:<\/h3>\n<div class=\"sd-content\">\n<ul>\n<li class=\"share-twitter\"><a rel=\"nofollow noopener noreferrer\" data-shared=\"sharing-twitter-39910\" class=\"share-twitter sd-button share-icon\" href=\"https:\/\/focustim.ro\/nicusor-dan-intervine-de-la-timisoara-anunta-ca-va-media-razboiul-psd-pnl-din-coalitie\/?share=twitter\" target=\"_blank\" title=\"D\u0103 clic pentru a partaja pe Twitter\"><span>Twitter<\/span><\/a><\/li>\n<li class=\"share-facebook\"><a rel=\"nofollow noopener noreferrer\" data-shared=\"sharing-facebook-39910\" class=\"share-facebook sd-button share-icon\" href=\"https:\/\/focustim.ro\/nicusor-dan-intervine-de-la-timisoara-anunta-ca-va-media-razboiul-psd-pnl-din-coalitie\/?share=facebook\" target=\"_blank\" title=\"D\u0103 clic pentru a partaja pe Facebook\"><span>Facebook<\/span><\/a><\/li>\n<li class=\"share-end\"><\/ul>\n<\/div>\n<\/div>\n<\/div>\n<div class=\"sharedaddy sd-block sd-like jetpack-likes-widget-wrapper jetpack-likes-widget-unloaded\" id=\"like-post-wrapper-167025405-39910-69d50aeb7799f\" data-src=\"https:\/\/widgets.wp.com\/likes\/#blog_id=167025405&amp;post_id=39910&amp;origin=focustim.ro&amp;obj_id=167025405-39910-69d50aeb7799f\" data-name=\"like-post-frame-167025405-39910-69d50aeb7799f\" data-title=\"Apreciaz\u0103 sau republic\u0103\">\n<h3 class=\"sd-title\">Apreciaz\u0103:<\/h3>\n<div class=\"likes-widget-placeholder post-likes-widget-placeholder\"><span class=\"button\"><span>Apreciere<\/span><\/span><span class=\"loading\">\u00cencarc&#8230;<\/span><\/div>\n<\/div>\n<\/div>\n<p>[analyse_source url=&#8221;https:\/\/focustim.ro\/nicusor-dan-intervine-de-la-timisoara-anunta-ca-va-media-razboiul-psd-pnl-din-coalitie\/&#8221;]<\/p>\n","protected":false},"excerpt":{"rendered":"<p>[analyse_image type=&#8221;featured&#8221; src=&#8221;https:\/\/focustim.ro\/wp-content\/uploads\/2025\/05\/nicusor-dan.jpg&#8221;] ActualitateAdministra\u021bieFeaturedPolitic\u0103 Nicu\u0219or Dan intervine de la Timi\u0219oara: Anun\u021b\u0103 c\u0103 va media r\u0103zboiul PSD \u2013 PNL din coali\u021bie 07\/04\/202607\/04\/20260 Distribuie0 Pre\u0219edintele Nicu\u0219or Dan a transmis c\u0103 va media r\u0103zboiul PSD \u2013 PNL din coali\u021bie. Dan spune c\u0103 vrea ca actuala coali\u021bie s\u0103 mearg\u0103 mai departe \u0219i ca PSD s\u0103 nu ias\u0103 de la [&hellip;]<\/p>\n","protected":false},"author":1,"featured_media":0,"comment_status":"open","ping_status":"","sticky":false,"template":"","format":"standard","meta":{"footnotes":""},"categories":[89],"tags":[226,197],"class_list":["post-1869737","post","type-post","status-publish","format-standard","hentry","category-romania","tag-crawlmanager","tag-focustim-ro"],"_links":{"self":[{"href":"https:\/\/analyse.optim.biz\/index.php?rest_route=\/wp\/v2\/posts\/1869737","targetHints":{"allow":["GET"]}}],"collection":[{"href":"https:\/\/analyse.optim.biz\/index.php?rest_route=\/wp\/v2\/posts"}],"about":[{"href":"https:\/\/analyse.optim.biz\/index.php?rest_route=\/wp\/v2\/types\/post"}],"author":[{"embeddable":true,"href":"https:\/\/analyse.optim.biz\/index.php?rest_route=\/wp\/v2\/users\/1"}],"replies":[{"embeddable":true,"href":"https:\/\/analyse.optim.biz\/index.php?rest_route=%2Fwp%2Fv2%2Fcomments&post=1869737"}],"version-history":[{"count":0,"href":"https:\/\/analyse.optim.biz\/index.php?rest_route=\/wp\/v2\/posts\/1869737\/revisions"}],"wp:attachment":[{"href":"https:\/\/analyse.optim.biz\/index.php?rest_route=%2Fwp%2Fv2%2Fmedia&parent=1869737"}],"wp:term":[{"taxonomy":"category","embeddable":true,"href":"https:\/\/analyse.optim.biz\/index.php?rest_route=%2Fwp%2Fv2%2Fcategories&post=1869737"},{"taxonomy":"post_tag","embeddable":true,"href":"https:\/\/analyse.optim.biz\/index.php?rest_route=%2Fwp%2Fv2%2Ftags&post=1869737"}],"curies":[{"name":"wp","href":"https:\/\/api.w.org\/{rel}","templated":true}]}}