{"id":1869736,"date":"2026-04-07T13:44:28","date_gmt":"2026-04-07T10:44:28","guid":{"rendered":"https:\/\/analyse.optim.biz\/?p=1869736"},"modified":"2026-04-07T13:44:28","modified_gmt":"2026-04-07T10:44:28","slug":"presedintele-nicusor-dan-in-vizita-la-centrul-de-mari-arsi-de-la-timisoara-sunt-si-lucruri-care-nu-merg-si-le-vom-spune","status":"publish","type":"post","link":"https:\/\/analyse.optim.biz\/?p=1869736","title":{"rendered":"Pre\u0219edintele Nicu\u0219or Dan, \u00een vizit\u0103 la Centrul de Mari Ar\u0219i de la Timi\u0219oara: Sunt \u0219i lucruri care nu merg \u0219i le vom spune"},"content":{"rendered":"<p>[analyse_image type=&#8221;featured&#8221; src=&#8221;https:\/\/focustim.ro\/wp-content\/uploads\/2026\/04\/nicusor-dan.jpg&#8221;]<\/p>\n<article id=\"post-39907\" class=\"penci-single-artcontent noloaddisqus post-39907 post type-post status-publish format-standard has-post-thumbnail hentry category-actualitate category-administratie category-featured category-politica tag-centru tag-mari-arsi tag-nicusor-dan penci-post-item\">\n<header class=\"entry-header penci-entry-header penci-title-\">\n<div class=\"penci-entry-categories\"><span class=\"penci-cat-links\"><a href=\"https:\/\/focustim.ro\/category\/actualitate\/\" rel=\"category tag\">Actualitate<\/a><a href=\"https:\/\/focustim.ro\/category\/administratie\/\" rel=\"category tag\">Administra\u021bie<\/a><a href=\"https:\/\/focustim.ro\/category\/featured\/\" rel=\"category tag\">Featured<\/a><a href=\"https:\/\/focustim.ro\/category\/politica\/\" rel=\"category tag\">Politic\u0103<\/a><\/span><\/div>\n<h1 class=\"entry-title penci-entry-title penci-title-\">Pre\u0219edintele Nicu\u0219or Dan, \u00een vizit\u0103 la Centrul de Mari Ar\u0219i de la Timi\u0219oara: Sunt \u0219i lucruri care nu merg \u0219i le vom spune<\/h1>\n<div class=\"entry-meta penci-entry-meta\"><span class=\"entry-meta-item penci-posted-on\"><time class=\"entry-date published\" datetime=\"2026-04-07T16:44:28+03:00\">07\/04\/2026<\/time><time class=\"updated\" datetime=\"2026-04-07T16:44:34+03:00\">07\/04\/2026<\/time><\/span><span class=\"entry-meta-item penci-comment-count\"><a class=\"penci_pmeta-link\" href=\"https:\/\/focustim.ro\/presedintele-nicusor-dan-in-vizita-la-centrul-de-mari-arsi-de-la-timisoara-sunt-si-lucruri-care-nu-merg-si-le-vom-spune\/#respond\">0<\/a><\/span><\/div>\n<p><span class=\"penci-social-buttons penci-social-share-footer\"><span class=\"penci-social-share-text\">Distribuie<\/span><a href=\"https:\/\/focustim.ro\/presedintele-nicusor-dan-in-vizita-la-centrul-de-mari-arsi-de-la-timisoara-sunt-si-lucruri-care-nu-merg-si-le-vom-spune\/\" class=\"penci-post-like penci_post-meta_item  single-like-button penci-social-item like\" data-post_id=\"39907\" title=\"Like\" data-like=\"Like\" data-unlike=\"Unlike\"><span class=\"penci-share-number\">0<\/span><\/a><\/span><\/header>\n<div class=\"entry-media penci-entry-media\">\n<div class=\"post-format-meta \">\n<div class=\"post-image penci-standard-format\"><img decoding=\"async\" width=\"960\" height=\"540\" src=\"https:\/\/focustim.ro\/wp-content\/uploads\/2026\/04\/nicusor-dan.jpg\" class=\"attachment-penci-thumb-960-auto size-penci-thumb-960-auto wp-post-image\" alt loading=\"lazy\"><\/div>\n<\/div>\n<\/div>\n<div class=\"penci-entry-content entry-content\">\n<p><strong>Pre\u0219edintele Nicu\u0219or Dan a venit la Timi\u0219oara, unde a vizitat Centrul de Mari Ar\u0219i, de Ziua Mondial\u0103 a S\u0103n\u0103t\u0103\u021bii. <\/strong><\/p>\n<p>Dup\u0103 vizit\u0103,\u00a0Nicu\u0219or\u00a0Dan\u00a0a transmis un mesaj pentru \u00eentregul sistem medical \u0219i a subliniat c\u0103 dincolo de problemele existente, este esen\u021bial ca opinia public\u0103 s\u0103 observe \u0219i realiz\u0103rile din sistemul sanitar.<\/p>\n<p>\u201eMul\u021bumim (personalului medical \u2013 n.r.) pentru tot ce fac, pentru nop\u021bile nedormite, pentru anii de studii pe care i-au f\u0103cut, m\u0103car de ziua asta (Ziua Mondial\u0103 a S\u0103n\u0103t\u0103\u021bii \u2013 n.r.). \u00cen doilea r\u00e2nd e important s\u0103 spunem oamenilor c\u0103 se \u00eent\u00e2mpl\u0103 \u0219i lucruri bune \u00een Rom\u00e2nia. (\u2026) Bine\u00een\u021beles c\u0103 sunt lucruri care nu merg \u0219i le-am spus \u0219i le vom spune de multe ori. Dar sunt lucruri care se \u00eent\u00e2mpl\u0103 \u0219i noi ca societate dac\u0103 vrem s\u0103 fim maturi, vrem s\u0103 construim, vrem s\u0103 progres\u0103m, trebuie s\u0103 privim cu echilibru ce e bun \u0219i ce e r\u0103u \u00een societatea noastr\u0103. Faptul c\u0103 \u00een trei ani s-a construit acest spital care r\u0103spunde unei necesit\u0103\u021bi e un lucru extrem de bun pe care trebuie s\u0103-l subliniem\u201d, a spus\u00a0Nicu\u0219or\u00a0Dan, dup\u0103 vizit\u0103.<\/p>\n<p>Rolul fondurilor europene este crucial \u00een dezvoltarea Rom\u00e2niei<\/p>\n<p>\u201ePartea important\u0103 din dezvoltarea pe care Rom\u00e2nia a avut-o \u00een ultimii 20 de ani a venit prin fonduri europene, adic\u0103 prin bani pe care contribuabili din alte \u021b\u0103ri europene pentru binele comun al Europei l-au pus pentru dezvoltarea unor \u021b\u0103ri cum e Rom\u00e2nia\u201d, a mai spus\u00a0Nicu\u0219or\u00a0Dan.<\/p>\n<div class=\"sharedaddy sd-sharing-enabled\">\n<div class=\"robots-nocontent sd-block sd-social sd-social-icon-text sd-sharing\">\n<h3 class=\"sd-title\">Partajeaz\u0103 asta:<\/h3>\n<div class=\"sd-content\">\n<ul>\n<li class=\"share-twitter\"><a rel=\"nofollow noopener noreferrer\" data-shared=\"sharing-twitter-39907\" class=\"share-twitter sd-button share-icon\" href=\"https:\/\/focustim.ro\/presedintele-nicusor-dan-in-vizita-la-centrul-de-mari-arsi-de-la-timisoara-sunt-si-lucruri-care-nu-merg-si-le-vom-spune\/?share=twitter\" target=\"_blank\" title=\"D\u0103 clic pentru a partaja pe Twitter\"><span>Twitter<\/span><\/a><\/li>\n<li class=\"share-facebook\"><a rel=\"nofollow noopener noreferrer\" data-shared=\"sharing-facebook-39907\" class=\"share-facebook sd-button share-icon\" href=\"https:\/\/focustim.ro\/presedintele-nicusor-dan-in-vizita-la-centrul-de-mari-arsi-de-la-timisoara-sunt-si-lucruri-care-nu-merg-si-le-vom-spune\/?share=facebook\" target=\"_blank\" title=\"D\u0103 clic pentru a partaja pe Facebook\"><span>Facebook<\/span><\/a><\/li>\n<li class=\"share-end\"><\/ul>\n<\/div>\n<\/div>\n<\/div>\n<div class=\"sharedaddy sd-block sd-like jetpack-likes-widget-wrapper jetpack-likes-widget-unloaded\" id=\"like-post-wrapper-167025405-39907-69d50c829c4ff\" data-src=\"https:\/\/widgets.wp.com\/likes\/#blog_id=167025405&amp;post_id=39907&amp;origin=focustim.ro&amp;obj_id=167025405-39907-69d50c829c4ff\" data-name=\"like-post-frame-167025405-39907-69d50c829c4ff\" data-title=\"Apreciaz\u0103 sau republic\u0103\">\n<h3 class=\"sd-title\">Apreciaz\u0103:<\/h3>\n<div class=\"likes-widget-placeholder post-likes-widget-placeholder\"><span class=\"button\"><span>Apreciere<\/span><\/span><span class=\"loading\">\u00cencarc&#8230;<\/span><\/div>\n<\/div>\n<\/div>\n<footer class=\"penci-entry-footer\">\n<div class=\"penci-source-via-tags-wrap\"><span class=\"tags-links penci-tags-links\"><a href=\"https:\/\/focustim.ro\/tag\/centru\/\" rel=\"tag\">centru<\/a><a href=\"https:\/\/focustim.ro\/tag\/mari-arsi\/\" rel=\"tag\">mari arsi<\/a><a href=\"https:\/\/focustim.ro\/tag\/nicusor-dan\/\" rel=\"tag\">Nicusor Dan<\/a><\/span><\/div>\n<p><span class=\"penci-social-buttons penci-social-share-footer\"><span class=\"penci-social-share-text\">Distribuie<\/span><a href=\"https:\/\/focustim.ro\/presedintele-nicusor-dan-in-vizita-la-centrul-de-mari-arsi-de-la-timisoara-sunt-si-lucruri-care-nu-merg-si-le-vom-spune\/\" class=\"penci-post-like penci_post-meta_item  single-like-button penci-social-item like\" data-post_id=\"39907\" title=\"Like\" data-like=\"Like\" data-unlike=\"Unlike\"><span class=\"penci-share-number\">0<\/span><\/a><\/span><\/footer>\n<\/article>\n<div class=\"penci-entry-content entry-content\">\n<p><strong>Pre\u0219edintele Nicu\u0219or Dan a venit la Timi\u0219oara, unde a vizitat Centrul de Mari Ar\u0219i, de Ziua Mondial\u0103 a S\u0103n\u0103t\u0103\u021bii. <\/strong><\/p>\n<p>Dup\u0103 vizit\u0103,\u00a0Nicu\u0219or\u00a0Dan\u00a0a transmis un mesaj pentru \u00eentregul sistem medical \u0219i a subliniat c\u0103 dincolo de problemele existente, este esen\u021bial ca opinia public\u0103 s\u0103 observe \u0219i realiz\u0103rile din sistemul sanitar.<\/p>\n<p>\u201eMul\u021bumim (personalului medical \u2013 n.r.) pentru tot ce fac, pentru nop\u021bile nedormite, pentru anii de studii pe care i-au f\u0103cut, m\u0103car de ziua asta (Ziua Mondial\u0103 a S\u0103n\u0103t\u0103\u021bii \u2013 n.r.). \u00cen doilea r\u00e2nd e important s\u0103 spunem oamenilor c\u0103 se \u00eent\u00e2mpl\u0103 \u0219i lucruri bune \u00een Rom\u00e2nia. (\u2026) Bine\u00een\u021beles c\u0103 sunt lucruri care nu merg \u0219i le-am spus \u0219i le vom spune de multe ori. Dar sunt lucruri care se \u00eent\u00e2mpl\u0103 \u0219i noi ca societate dac\u0103 vrem s\u0103 fim maturi, vrem s\u0103 construim, vrem s\u0103 progres\u0103m, trebuie s\u0103 privim cu echilibru ce e bun \u0219i ce e r\u0103u \u00een societatea noastr\u0103. Faptul c\u0103 \u00een trei ani s-a construit acest spital care r\u0103spunde unei necesit\u0103\u021bi e un lucru extrem de bun pe care trebuie s\u0103-l subliniem\u201d, a spus\u00a0Nicu\u0219or\u00a0Dan, dup\u0103 vizit\u0103.<\/p>\n<p>Rolul fondurilor europene este crucial \u00een dezvoltarea Rom\u00e2niei<\/p>\n<p>\u201ePartea important\u0103 din dezvoltarea pe care Rom\u00e2nia a avut-o \u00een ultimii 20 de ani a venit prin fonduri europene, adic\u0103 prin bani pe care contribuabili din alte \u021b\u0103ri europene pentru binele comun al Europei l-au pus pentru dezvoltarea unor \u021b\u0103ri cum e Rom\u00e2nia\u201d, a mai spus\u00a0Nicu\u0219or\u00a0Dan.<\/p>\n<div class=\"sharedaddy sd-sharing-enabled\">\n<div class=\"robots-nocontent sd-block sd-social sd-social-icon-text sd-sharing\">\n<h3 class=\"sd-title\">Partajeaz\u0103 asta:<\/h3>\n<div class=\"sd-content\">\n<ul>\n<li class=\"share-twitter\"><a rel=\"nofollow noopener noreferrer\" data-shared=\"sharing-twitter-39907\" class=\"share-twitter sd-button share-icon\" href=\"https:\/\/focustim.ro\/presedintele-nicusor-dan-in-vizita-la-centrul-de-mari-arsi-de-la-timisoara-sunt-si-lucruri-care-nu-merg-si-le-vom-spune\/?share=twitter\" target=\"_blank\" title=\"D\u0103 clic pentru a partaja pe Twitter\"><span>Twitter<\/span><\/a><\/li>\n<li class=\"share-facebook\"><a rel=\"nofollow noopener noreferrer\" data-shared=\"sharing-facebook-39907\" class=\"share-facebook sd-button share-icon\" href=\"https:\/\/focustim.ro\/presedintele-nicusor-dan-in-vizita-la-centrul-de-mari-arsi-de-la-timisoara-sunt-si-lucruri-care-nu-merg-si-le-vom-spune\/?share=facebook\" target=\"_blank\" title=\"D\u0103 clic pentru a partaja pe Facebook\"><span>Facebook<\/span><\/a><\/li>\n<li class=\"share-end\"><\/ul>\n<\/div>\n<\/div>\n<\/div>\n<div class=\"sharedaddy sd-block sd-like jetpack-likes-widget-wrapper jetpack-likes-widget-unloaded\" id=\"like-post-wrapper-167025405-39907-69d50c829c4ff\" data-src=\"https:\/\/widgets.wp.com\/likes\/#blog_id=167025405&amp;post_id=39907&amp;origin=focustim.ro&amp;obj_id=167025405-39907-69d50c829c4ff\" data-name=\"like-post-frame-167025405-39907-69d50c829c4ff\" data-title=\"Apreciaz\u0103 sau republic\u0103\">\n<h3 class=\"sd-title\">Apreciaz\u0103:<\/h3>\n<div class=\"likes-widget-placeholder post-likes-widget-placeholder\"><span class=\"button\"><span>Apreciere<\/span><\/span><span class=\"loading\">\u00cencarc&#8230;<\/span><\/div>\n<\/div>\n<\/div>\n<p>[analyse_source url=&#8221;https:\/\/focustim.ro\/presedintele-nicusor-dan-in-vizita-la-centrul-de-mari-arsi-de-la-timisoara-sunt-si-lucruri-care-nu-merg-si-le-vom-spune\/&#8221;]<\/p>\n","protected":false},"excerpt":{"rendered":"<p>[analyse_image type=&#8221;featured&#8221; src=&#8221;https:\/\/focustim.ro\/wp-content\/uploads\/2026\/04\/nicusor-dan.jpg&#8221;] ActualitateAdministra\u021bieFeaturedPolitic\u0103 Pre\u0219edintele Nicu\u0219or Dan, \u00een vizit\u0103 la Centrul de Mari Ar\u0219i de la Timi\u0219oara: Sunt \u0219i lucruri care nu merg \u0219i le vom spune 07\/04\/202607\/04\/20260 Distribuie0 Pre\u0219edintele Nicu\u0219or Dan a venit la Timi\u0219oara, unde a vizitat Centrul de Mari Ar\u0219i, de Ziua Mondial\u0103 a S\u0103n\u0103t\u0103\u021bii. Dup\u0103 vizit\u0103,\u00a0Nicu\u0219or\u00a0Dan\u00a0a transmis un mesaj pentru \u00eentregul [&hellip;]<\/p>\n","protected":false},"author":1,"featured_media":0,"comment_status":"open","ping_status":"","sticky":false,"template":"","format":"standard","meta":{"footnotes":""},"categories":[89],"tags":[226,197],"class_list":["post-1869736","post","type-post","status-publish","format-standard","hentry","category-romania","tag-crawlmanager","tag-focustim-ro"],"_links":{"self":[{"href":"https:\/\/analyse.optim.biz\/index.php?rest_route=\/wp\/v2\/posts\/1869736","targetHints":{"allow":["GET"]}}],"collection":[{"href":"https:\/\/analyse.optim.biz\/index.php?rest_route=\/wp\/v2\/posts"}],"about":[{"href":"https:\/\/analyse.optim.biz\/index.php?rest_route=\/wp\/v2\/types\/post"}],"author":[{"embeddable":true,"href":"https:\/\/analyse.optim.biz\/index.php?rest_route=\/wp\/v2\/users\/1"}],"replies":[{"embeddable":true,"href":"https:\/\/analyse.optim.biz\/index.php?rest_route=%2Fwp%2Fv2%2Fcomments&post=1869736"}],"version-history":[{"count":0,"href":"https:\/\/analyse.optim.biz\/index.php?rest_route=\/wp\/v2\/posts\/1869736\/revisions"}],"wp:attachment":[{"href":"https:\/\/analyse.optim.biz\/index.php?rest_route=%2Fwp%2Fv2%2Fmedia&parent=1869736"}],"wp:term":[{"taxonomy":"category","embeddable":true,"href":"https:\/\/analyse.optim.biz\/index.php?rest_route=%2Fwp%2Fv2%2Fcategories&post=1869736"},{"taxonomy":"post_tag","embeddable":true,"href":"https:\/\/analyse.optim.biz\/index.php?rest_route=%2Fwp%2Fv2%2Ftags&post=1869736"}],"curies":[{"name":"wp","href":"https:\/\/api.w.org\/{rel}","templated":true}]}}