{"id":186973,"date":"2015-02-04T13:04:00","date_gmt":"2015-02-04T10:04:00","guid":{"rendered":"https:\/\/analyse.optim.biz\/?p=186973"},"modified":"2015-02-04T13:04:00","modified_gmt":"2015-02-04T10:04:00","slug":"reactia-alinei-gorghiu-dupa-declaratiile-facute-de-elena-udrea","status":"publish","type":"post","link":"https:\/\/analyse.optim.biz\/?p=186973","title":{"rendered":"Reac\u021bia Alinei Gorghiu, dup\u0103 declara\u021biile f\u0103cute de Elena Udrea"},"content":{"rendered":"<div class=\"entry data-app-meta data-app-meta-article\" data-embed-base-url-canonical=\"https:\/\/www.digi24.ro\/embed\/stiri\/actualitate\/politica\/reactia-alinei-gorghiu-dupa-declaratiile-facute-de-elena-udrea-355520\">\n<p data-index=\"1\"><img decoding=\"async\" src=\"https:\/\/analyse.optim.biz\/wp-content\/uploads\/2024\/09\/cgcmdz04mdamagfzad03m2nimtewmgy1otq0nze2mzfknju4yjfjzmyymtaxmw-thumb_.jpg\" data-skip-htmlfix=\"1\" title=\"cgcmdz04mdamagfzad03m2nimtewmgy1otq0nze2mzfknju4yjfjzmyymtaxmw-thumb_\"><\/p>\n<p data-index=\"2\">\u201e<strong>Din punctul meu de vedere, indiferent despre ce institu\u021bie public\u0103 sau autoritate vorbim \u00een Rom\u00e2nia<\/strong>, c\u0103 vorbim de ANI, c\u0103 vorbim de DNA, c\u0103 vorbim de CCR, cred c\u0103 trebuie s\u0103 fim foarte aten\u021bi c\u00e2nd anumite demersuri afecteaz\u0103 credibilitatea acestor institu\u021bii, pentru c\u0103 ne\u00eencrederea public\u0103 poate fi foarte u\u0219or crescut\u0103 \u00een urma unor demersuri sau a altora. <strong>Mi-a\u0219 dori s\u0103 cred c\u0103 \u00een acest context regional, politic \u0219i social din Rom\u00e2nia aceste institu\u021bii sunt ferite sau protejate de valul ne\u00eencrederii publice<\/strong>\u201d, a afirmat Gorghiu, noteaz\u0103 <a href=\"http:\/\/www.agerpres.ro\/politica\/2015\/02\/04\/gorghiu-despre-afirmatiile-elenei-udrea-sa-fim-atenti-cand-anumite-demersuri-afecteaza-credibilitatea-institutiilor-12-14-18\" target=\"_blank\" data-skip-linkfix=\"1\" rel=\"noopener\">Agerpres.<\/a><\/p>\n<p data-index=\"3\"><strong>Ea a punctat c\u0103 nu cere \u201eo t\u0103cere\u201d a mediului politic, ci doar echilibru \u0219i \u00een\u021belepciune \u00een tratarea acestui subiect.<\/strong><\/p>\n<p data-index=\"4\">\u201eNu spun c\u0103 e nevoie de o t\u0103cere a politicului \u00een acest moment sau \u00een aceast\u0103 criz\u0103, ci cred c\u0103 trebuie tratat cu echilibru \u0219i cu \u00een\u021belepciune subiectul\u201d, a ad\u0103ugat Alina Gorghiu.<\/p>\n<p data-index=\"5\"><a href=\"https:\/\/www.digi24.ro\/Stiri\/Digi24\/Actualitate\/Justitie\/Elena+Udrea+la+Comisia+Juridica+Voi+cere+colegilor+sa+dea+un+avi\" target=\"_blank\" data-skip-linkfix=\"1\" rel=\"noopener\"><span>Elena Udrea, la Comisia Juridic\u0103. Aviz pozitiv pentru \u00eenceperea urm\u0103ririi penale<\/span><\/a><\/p>\n<\/div>\n<p> Source URL: https:\/\/www.digi24.ro\/stiri\/actualitate\/politica\/reactia-alinei-gorghiu-dupa-declaratiile-facute-de-elena-udrea-355520<\/p>\n","protected":false},"excerpt":{"rendered":"<p>\u201eDin punctul meu de vedere, indiferent despre ce institu\u021bie public\u0103 sau autoritate vorbim \u00een Rom\u00e2nia, c\u0103 vorbim de ANI, c\u0103 vorbim de DNA, c\u0103 vorbim de CCR, cred c\u0103 trebuie s\u0103 fim foarte aten\u021bi c\u00e2nd anumite demersuri afecteaz\u0103 credibilitatea acestor institu\u021bii, pentru c\u0103 ne\u00eencrederea public\u0103 poate fi foarte u\u0219or crescut\u0103 \u00een urma unor demersuri sau [&hellip;]<\/p>\n","protected":false},"author":1,"featured_media":186974,"comment_status":"open","ping_status":"","sticky":false,"template":"","format":"standard","meta":{"footnotes":""},"categories":[2],"tags":[11],"class_list":["post-186973","post","type-post","status-publish","format-standard","has-post-thumbnail","hentry","category-politics","tag-digi24"],"_links":{"self":[{"href":"https:\/\/analyse.optim.biz\/index.php?rest_route=\/wp\/v2\/posts\/186973","targetHints":{"allow":["GET"]}}],"collection":[{"href":"https:\/\/analyse.optim.biz\/index.php?rest_route=\/wp\/v2\/posts"}],"about":[{"href":"https:\/\/analyse.optim.biz\/index.php?rest_route=\/wp\/v2\/types\/post"}],"author":[{"embeddable":true,"href":"https:\/\/analyse.optim.biz\/index.php?rest_route=\/wp\/v2\/users\/1"}],"replies":[{"embeddable":true,"href":"https:\/\/analyse.optim.biz\/index.php?rest_route=%2Fwp%2Fv2%2Fcomments&post=186973"}],"version-history":[{"count":0,"href":"https:\/\/analyse.optim.biz\/index.php?rest_route=\/wp\/v2\/posts\/186973\/revisions"}],"wp:featuredmedia":[{"embeddable":true,"href":"https:\/\/analyse.optim.biz\/index.php?rest_route=\/wp\/v2\/media\/186974"}],"wp:attachment":[{"href":"https:\/\/analyse.optim.biz\/index.php?rest_route=%2Fwp%2Fv2%2Fmedia&parent=186973"}],"wp:term":[{"taxonomy":"category","embeddable":true,"href":"https:\/\/analyse.optim.biz\/index.php?rest_route=%2Fwp%2Fv2%2Fcategories&post=186973"},{"taxonomy":"post_tag","embeddable":true,"href":"https:\/\/analyse.optim.biz\/index.php?rest_route=%2Fwp%2Fv2%2Ftags&post=186973"}],"curies":[{"name":"wp","href":"https:\/\/api.w.org\/{rel}","templated":true}]}}