{"id":1869689,"date":"2026-04-06T12:05:22","date_gmt":"2026-04-06T09:05:22","guid":{"rendered":"https:\/\/analyse.optim.biz\/?p=1869689"},"modified":"2026-04-06T12:05:22","modified_gmt":"2026-04-06T09:05:22","slug":"de-maine-se-reduce-acciza-la-motorina","status":"publish","type":"post","link":"https:\/\/analyse.optim.biz\/?p=1869689","title":{"rendered":"DE M\u00c2INE SE REDUCE ACCIZA LA MOTORIN\u0102"},"content":{"rendered":"<p>[analyse_image type=&#8221;featured&#8221; src=&#8221;https:\/\/newss.ro\/wp-content\/uploads\/2026\/04\/acciza-motorina.jpg&#8221;]<\/p>\n<div class=\"td-post-content\">\n<div class=\"td-post-featured-image\"><a href=\"https:\/\/newss.ro\/wp-content\/uploads\/2026\/04\/acciza-motorina.jpg\" data-caption><img loading=\"lazy\" decoding=\"async\" width=\"696\" height=\"392\" class=\"entry-thumb td-modal-image\" src=\"https:\/\/newss.ro\/wp-content\/uploads\/2026\/04\/acciza-motorina-696x392.jpg\" alt title=\"acciza motorina\"><\/a><\/div>\n<p>Doar ast\u0103zi se mai aplic\u0103 vechea acciz\u0103 la motorin\u0103. De m\u00e2ine intr\u0103 \u00een vigoare ordonan\u0163a de urgen\u0163\u0103 privind reducerea acestei taxe, de la care autorit\u0103\u0163ile \u015fi \u015foferii a\u015fteapt\u0103 diminuarea pre\u0163ului la pomp\u0103 cu m\u0103car 36 de bani.<\/p>\n<p>\u00cens\u0103, de\u015fi m\u0103sura a fost adoptat\u0103 \u015fi anun\u0163at\u0103 de Guvern \u00eenc\u0103 de vineri, pia\u0163a a reac\u0163ionat contrar, cu scumpiri \u00een weekend, ceea ce a dus pre\u0163ul motorinei standard la niveluri cuprinse, de exemplu, \u00een Bucure\u015fti, \u00eentre 10 lei \u015fi 29 de bani \u015fi 10 lei \u0219i 51 de bani pentru un litru.<\/p>\n<p>Pentru benzin\u0103, executivul nu are niciun plan cu m\u0103suri de ieftinire, dar pre\u0163ul sortimentului standard pare c\u0103 s-a stabilizat \u00een jurul valorii de 9 lei \u015fi 18 bani.<\/p>\n<p>\u00a0<\/p>\n<\/div>\n<div class=\"td-post-content\">\n<div class=\"td-post-featured-image\"><a href=\"https:\/\/newss.ro\/wp-content\/uploads\/2026\/04\/acciza-motorina.jpg\" data-caption><img loading=\"lazy\" decoding=\"async\" width=\"696\" height=\"392\" class=\"entry-thumb td-modal-image\" src=\"https:\/\/newss.ro\/wp-content\/uploads\/2026\/04\/acciza-motorina-696x392.jpg\" alt title=\"acciza motorina\"><\/a><\/div>\n<p>Doar ast\u0103zi se mai aplic\u0103 vechea acciz\u0103 la motorin\u0103. De m\u00e2ine intr\u0103 \u00een vigoare ordonan\u0163a de urgen\u0163\u0103 privind reducerea acestei taxe, de la care autorit\u0103\u0163ile \u015fi \u015foferii a\u015fteapt\u0103 diminuarea pre\u0163ului la pomp\u0103 cu m\u0103car 36 de bani.<\/p>\n<p>\u00cens\u0103, de\u015fi m\u0103sura a fost adoptat\u0103 \u015fi anun\u0163at\u0103 de Guvern \u00eenc\u0103 de vineri, pia\u0163a a reac\u0163ionat contrar, cu scumpiri \u00een weekend, ceea ce a dus pre\u0163ul motorinei standard la niveluri cuprinse, de exemplu, \u00een Bucure\u015fti, \u00eentre 10 lei \u015fi 29 de bani \u015fi 10 lei \u0219i 51 de bani pentru un litru.<\/p>\n<p>Pentru benzin\u0103, executivul nu are niciun plan cu m\u0103suri de ieftinire, dar pre\u0163ul sortimentului standard pare c\u0103 s-a stabilizat \u00een jurul valorii de 9 lei \u015fi 18 bani.<\/p>\n<p>\u00a0<\/p>\n<\/div>\n<p>[analyse_source url=&#8221;https:\/\/newss.ro\/2026\/04\/06\/de-maine-se-reduce-acciza-la-motorina\/&#8221;]<\/p>\n","protected":false},"excerpt":{"rendered":"<p>[analyse_image type=&#8221;featured&#8221; src=&#8221;https:\/\/newss.ro\/wp-content\/uploads\/2026\/04\/acciza-motorina.jpg&#8221;] Doar ast\u0103zi se mai aplic\u0103 vechea acciz\u0103 la motorin\u0103. De m\u00e2ine intr\u0103 \u00een vigoare ordonan\u0163a de urgen\u0163\u0103 privind reducerea acestei taxe, de la care autorit\u0103\u0163ile \u015fi \u015foferii a\u015fteapt\u0103 diminuarea pre\u0163ului la pomp\u0103 cu m\u0103car 36 de bani. \u00cens\u0103, de\u015fi m\u0103sura a fost adoptat\u0103 \u015fi anun\u0163at\u0103 de Guvern \u00eenc\u0103 de vineri, pia\u0163a a [&hellip;]<\/p>\n","protected":false},"author":1,"featured_media":0,"comment_status":"open","ping_status":"","sticky":false,"template":"","format":"standard","meta":{"footnotes":""},"categories":[2],"tags":[226,73],"class_list":["post-1869689","post","type-post","status-publish","format-standard","hentry","category-politics","tag-crawlmanager","tag-newss-ro"],"_links":{"self":[{"href":"https:\/\/analyse.optim.biz\/index.php?rest_route=\/wp\/v2\/posts\/1869689","targetHints":{"allow":["GET"]}}],"collection":[{"href":"https:\/\/analyse.optim.biz\/index.php?rest_route=\/wp\/v2\/posts"}],"about":[{"href":"https:\/\/analyse.optim.biz\/index.php?rest_route=\/wp\/v2\/types\/post"}],"author":[{"embeddable":true,"href":"https:\/\/analyse.optim.biz\/index.php?rest_route=\/wp\/v2\/users\/1"}],"replies":[{"embeddable":true,"href":"https:\/\/analyse.optim.biz\/index.php?rest_route=%2Fwp%2Fv2%2Fcomments&post=1869689"}],"version-history":[{"count":0,"href":"https:\/\/analyse.optim.biz\/index.php?rest_route=\/wp\/v2\/posts\/1869689\/revisions"}],"wp:attachment":[{"href":"https:\/\/analyse.optim.biz\/index.php?rest_route=%2Fwp%2Fv2%2Fmedia&parent=1869689"}],"wp:term":[{"taxonomy":"category","embeddable":true,"href":"https:\/\/analyse.optim.biz\/index.php?rest_route=%2Fwp%2Fv2%2Fcategories&post=1869689"},{"taxonomy":"post_tag","embeddable":true,"href":"https:\/\/analyse.optim.biz\/index.php?rest_route=%2Fwp%2Fv2%2Ftags&post=1869689"}],"curies":[{"name":"wp","href":"https:\/\/api.w.org\/{rel}","templated":true}]}}