{"id":1869684,"date":"2026-04-06T13:24:50","date_gmt":"2026-04-06T10:24:50","guid":{"rendered":"https:\/\/analyse.optim.biz\/?p=1869684"},"modified":"2026-04-06T13:24:50","modified_gmt":"2026-04-06T10:24:50","slug":"trenuri-suplimentate-de-pasti","status":"publish","type":"post","link":"https:\/\/analyse.optim.biz\/?p=1869684","title":{"rendered":"TRENURI SUPLIMENTATE DE PA\u0218TI"},"content":{"rendered":"<p>[analyse_image type=&#8221;featured&#8221; src=&#8221;https:\/\/newss.ro\/wp-content\/uploads\/2024\/10\/Nas-tren.jpg&#8221;]<\/p>\n<div class=\"td-post-content\">\n<div class=\"td-post-featured-image\"><a href=\"https:\/\/newss.ro\/wp-content\/uploads\/2024\/10\/Nas-tren.jpg\" data-caption><img loading=\"lazy\" decoding=\"async\" width=\"696\" height=\"444\" class=\"entry-thumb td-modal-image\" src=\"https:\/\/newss.ro\/wp-content\/uploads\/2024\/10\/Nas-tren-696x444.jpg\" alt title=\"Na\u0219 tren\"><\/a><\/div>\n<p>\u00cen perioada S\u0103rb\u0103torilor Pascale, compania CFR C\u0103l\u0103tori va suplimenta num\u0103rul de vagoane la trenurile de pe rutele cele mai solicitate, \u00een special pe cele care asigur\u0103 leg\u0103tura dintre Bucure\u015fti \u015fi marile ora\u015fe din \u0163ar\u0103, \u00een func\u0163ie de cererea de transport \u015fi de disponibilitatea materialului rulant.<\/p>\n<p>Pentru a avea o predictibilitate a cererii \u015fi a-\u015fi putea adapta c\u00e2t mai bine capacitatea de transport la fluxul de c\u0103l\u0103tori prognozat, compania \u00eei sf\u0103tuie\u015fte pe pasageri s\u0103 \u00ee\u015fi planifice din timp deplas\u0103rile \u015fi s\u0103 achizi\u0163ioneze biletele \u00een avans.<\/p>\n<p>De asemenea, pentru a evita supraaglomerarea trenurilor de la orele de v\u00e2rf, CFR C\u0103l\u0103tori recomand\u0103 utilizarea tuturor garniturilor disponibile \u00eentr-o zi de circula\u0163ie.<\/p>\n<p>\u00a0<\/p>\n<\/div>\n<div class=\"td-post-content\">\n<div class=\"td-post-featured-image\"><a href=\"https:\/\/newss.ro\/wp-content\/uploads\/2024\/10\/Nas-tren.jpg\" data-caption><img loading=\"lazy\" decoding=\"async\" width=\"696\" height=\"444\" class=\"entry-thumb td-modal-image\" src=\"https:\/\/newss.ro\/wp-content\/uploads\/2024\/10\/Nas-tren-696x444.jpg\" alt title=\"Na\u0219 tren\"><\/a><\/div>\n<p>\u00cen perioada S\u0103rb\u0103torilor Pascale, compania CFR C\u0103l\u0103tori va suplimenta num\u0103rul de vagoane la trenurile de pe rutele cele mai solicitate, \u00een special pe cele care asigur\u0103 leg\u0103tura dintre Bucure\u015fti \u015fi marile ora\u015fe din \u0163ar\u0103, \u00een func\u0163ie de cererea de transport \u015fi de disponibilitatea materialului rulant.<\/p>\n<p>Pentru a avea o predictibilitate a cererii \u015fi a-\u015fi putea adapta c\u00e2t mai bine capacitatea de transport la fluxul de c\u0103l\u0103tori prognozat, compania \u00eei sf\u0103tuie\u015fte pe pasageri s\u0103 \u00ee\u015fi planifice din timp deplas\u0103rile \u015fi s\u0103 achizi\u0163ioneze biletele \u00een avans.<\/p>\n<p>De asemenea, pentru a evita supraaglomerarea trenurilor de la orele de v\u00e2rf, CFR C\u0103l\u0103tori recomand\u0103 utilizarea tuturor garniturilor disponibile \u00eentr-o zi de circula\u0163ie.<\/p>\n<p>\u00a0<\/p>\n<\/div>\n<p>[analyse_source url=&#8221;https:\/\/newss.ro\/2026\/04\/06\/trenuri-suplimentate-de-pasti\/&#8221;]<\/p>\n","protected":false},"excerpt":{"rendered":"<p>[analyse_image type=&#8221;featured&#8221; src=&#8221;https:\/\/newss.ro\/wp-content\/uploads\/2024\/10\/Nas-tren.jpg&#8221;] \u00cen perioada S\u0103rb\u0103torilor Pascale, compania CFR C\u0103l\u0103tori va suplimenta num\u0103rul de vagoane la trenurile de pe rutele cele mai solicitate, \u00een special pe cele care asigur\u0103 leg\u0103tura dintre Bucure\u015fti \u015fi marile ora\u015fe din \u0163ar\u0103, \u00een func\u0163ie de cererea de transport \u015fi de disponibilitatea materialului rulant. Pentru a avea o predictibilitate a cererii [&hellip;]<\/p>\n","protected":false},"author":1,"featured_media":0,"comment_status":"open","ping_status":"","sticky":false,"template":"","format":"standard","meta":{"footnotes":""},"categories":[2],"tags":[226,73],"class_list":["post-1869684","post","type-post","status-publish","format-standard","hentry","category-politics","tag-crawlmanager","tag-newss-ro"],"_links":{"self":[{"href":"https:\/\/analyse.optim.biz\/index.php?rest_route=\/wp\/v2\/posts\/1869684","targetHints":{"allow":["GET"]}}],"collection":[{"href":"https:\/\/analyse.optim.biz\/index.php?rest_route=\/wp\/v2\/posts"}],"about":[{"href":"https:\/\/analyse.optim.biz\/index.php?rest_route=\/wp\/v2\/types\/post"}],"author":[{"embeddable":true,"href":"https:\/\/analyse.optim.biz\/index.php?rest_route=\/wp\/v2\/users\/1"}],"replies":[{"embeddable":true,"href":"https:\/\/analyse.optim.biz\/index.php?rest_route=%2Fwp%2Fv2%2Fcomments&post=1869684"}],"version-history":[{"count":0,"href":"https:\/\/analyse.optim.biz\/index.php?rest_route=\/wp\/v2\/posts\/1869684\/revisions"}],"wp:attachment":[{"href":"https:\/\/analyse.optim.biz\/index.php?rest_route=%2Fwp%2Fv2%2Fmedia&parent=1869684"}],"wp:term":[{"taxonomy":"category","embeddable":true,"href":"https:\/\/analyse.optim.biz\/index.php?rest_route=%2Fwp%2Fv2%2Fcategories&post=1869684"},{"taxonomy":"post_tag","embeddable":true,"href":"https:\/\/analyse.optim.biz\/index.php?rest_route=%2Fwp%2Fv2%2Ftags&post=1869684"}],"curies":[{"name":"wp","href":"https:\/\/api.w.org\/{rel}","templated":true}]}}