{"id":186962,"date":"2015-02-04T13:25:51","date_gmt":"2015-02-04T10:25:51","guid":{"rendered":"https:\/\/analyse.optim.biz\/?p=186962"},"modified":"2015-02-04T13:25:51","modified_gmt":"2015-02-04T10:25:51","slug":"victor-ponta-e-o-catastrofa-nationala-ce-se-intampla-cu-achizitiile","status":"publish","type":"post","link":"https:\/\/analyse.optim.biz\/?p=186962","title":{"rendered":"Victor Ponta: E o catastrof\u0103 na\u0163ional\u0103 ce se \u00eent\u00e2mpl\u0103 cu achizi\u0163iile"},"content":{"rendered":"<div class=\"entry data-app-meta data-app-meta-article\" data-embed-base-url-canonical=\"https:\/\/www.digi24.ro\/embed\/stiri\/actualitate\/politica\/victor-ponta-e-o-catastrofa-nationala-ce-se-intampla-cu-achizitiile-355531\">\n<p data-index=\"1\">Victor Ponta a amintit mini\u015ftrilor c\u0103 le-a comunicat parlamentarilor, \u00een discursul sus\u0163inut luni \u00een Camera Deputa\u0163ilor, c\u0103 unul dintre obiectivele Guvernului pentru actuala sesiune parlamentar\u0103 este modificarea legisla\u0163iei \u00een domeniul achizi\u0163iilor publice.<\/p>\n<p data-index=\"2\">&#8220;La fondurile europene, mi-am asumat c\u0103 trimitem \u00een aceast\u0103 sesiune pachetul legislativ cu achizi\u0163iile. E o catastrof\u0103 na\u0163ional\u0103 ce se \u00eent\u00e2mpl\u0103 cu achizi\u0163iile, ani de zile st\u0103m: CNSC, Curte de Apel, se retrimite \u015fi ne ajunge &#8220;cu\u0163itul&#8221; din 31 decembrie la os \u015fi noi tot suntem \u00een contest\u0103ri. Proiecte de sute de milioane de euro care de doi ani, de trei ani se plimb\u0103 \u00eentre instan\u0163\u0103, CNSC \u015fi autorit\u0103\u0163ile contractante&#8221;, a spus Ponta, adres\u00e2ndu-se ministrului Fondurilor Europene, Eugen Teodorovici.<\/p>\n<\/div>\n<p> Source URL: https:\/\/www.digi24.ro\/stiri\/actualitate\/politica\/victor-ponta-e-o-catastrofa-nationala-ce-se-intampla-cu-achizitiile-355531<\/p>\n","protected":false},"excerpt":{"rendered":"<p>Victor Ponta a amintit mini\u015ftrilor c\u0103 le-a comunicat parlamentarilor, \u00een discursul sus\u0163inut luni \u00een Camera Deputa\u0163ilor, c\u0103 unul dintre obiectivele Guvernului pentru actuala sesiune parlamentar\u0103 este modificarea legisla\u0163iei \u00een domeniul achizi\u0163iilor publice. &#8220;La fondurile europene, mi-am asumat c\u0103 trimitem \u00een aceast\u0103 sesiune pachetul legislativ cu achizi\u0163iile. E o catastrof\u0103 na\u0163ional\u0103 ce se \u00eent\u00e2mpl\u0103 cu achizi\u0163iile, [&hellip;]<\/p>\n","protected":false},"author":1,"featured_media":186963,"comment_status":"open","ping_status":"","sticky":false,"template":"","format":"standard","meta":{"footnotes":""},"categories":[2],"tags":[11],"class_list":["post-186962","post","type-post","status-publish","format-standard","has-post-thumbnail","hentry","category-politics","tag-digi24"],"_links":{"self":[{"href":"https:\/\/analyse.optim.biz\/index.php?rest_route=\/wp\/v2\/posts\/186962","targetHints":{"allow":["GET"]}}],"collection":[{"href":"https:\/\/analyse.optim.biz\/index.php?rest_route=\/wp\/v2\/posts"}],"about":[{"href":"https:\/\/analyse.optim.biz\/index.php?rest_route=\/wp\/v2\/types\/post"}],"author":[{"embeddable":true,"href":"https:\/\/analyse.optim.biz\/index.php?rest_route=\/wp\/v2\/users\/1"}],"replies":[{"embeddable":true,"href":"https:\/\/analyse.optim.biz\/index.php?rest_route=%2Fwp%2Fv2%2Fcomments&post=186962"}],"version-history":[{"count":0,"href":"https:\/\/analyse.optim.biz\/index.php?rest_route=\/wp\/v2\/posts\/186962\/revisions"}],"wp:featuredmedia":[{"embeddable":true,"href":"https:\/\/analyse.optim.biz\/index.php?rest_route=\/wp\/v2\/media\/186963"}],"wp:attachment":[{"href":"https:\/\/analyse.optim.biz\/index.php?rest_route=%2Fwp%2Fv2%2Fmedia&parent=186962"}],"wp:term":[{"taxonomy":"category","embeddable":true,"href":"https:\/\/analyse.optim.biz\/index.php?rest_route=%2Fwp%2Fv2%2Fcategories&post=186962"},{"taxonomy":"post_tag","embeddable":true,"href":"https:\/\/analyse.optim.biz\/index.php?rest_route=%2Fwp%2Fv2%2Ftags&post=186962"}],"curies":[{"name":"wp","href":"https:\/\/api.w.org\/{rel}","templated":true}]}}