{"id":186959,"date":"2015-02-04T13:33:28","date_gmt":"2015-02-04T10:33:28","guid":{"rendered":"https:\/\/analyse.optim.biz\/?p=186959"},"modified":"2015-02-04T13:33:28","modified_gmt":"2015-02-04T10:33:28","slug":"e-udrea-despre-gala-bute-daca-acest-lucru-s-ar-confirma-in-instanta-atunci-toti-politicienii-ar-trebui-incriminati","status":"publish","type":"post","link":"https:\/\/analyse.optim.biz\/?p=186959","title":{"rendered":"E. Udrea, despre \u201eGala Bute\u201d: \u201eDac\u0103 acest lucru s-ar confirma \u00een instan\u0163\u0103, atunci to\u0163i politicienii ar trebui incrimina\u0163i\u201d"},"content":{"rendered":"<div class=\"entry data-app-meta data-app-meta-article\" data-embed-base-url-canonical=\"https:\/\/www.digi24.ro\/embed\/stiri\/actualitate\/politica\/e-udrea-despre-gala-bute-daca-acest-lucru-s-ar-confirma-in-instanta-atunci-toti-politicienii-ar-trebui-incriminati-355536\">\n<p data-index=\"1\"><img decoding=\"async\" src=\"https:\/\/analyse.optim.biz\/wp-content\/uploads\/2024\/09\/oty4zjzhmzfhmwyyzmewn2jlywixzwy5zq-thumb_.jpg\" data-skip-htmlfix=\"1\" title=\"oty4zjzhmzfhmwyyzmewn2jlywixzwy5zq-thumb_\"><\/p>\n<p data-index=\"2\">Elena Udrea explic\u0103 \u00een postarea de pe Facebook de ce a cerut Comisiei Juridice din Camera Deputa\u0163ilor s\u0103 avizeze favorabil cererea DNA. <\/p>\n<p data-index=\"3\">\u201ePentru c\u0103 Parlamentul nu trebuie s\u0103 se substituie Justi\u0163iei. Nu m\u0103 dezic de lupta mea de zece ani pentru Justi\u0163ie independent\u0103 \u015fi stat de drept.\u00a0Am v\u0103zut \u00eencercarea unora de a m\u0103 decredibiliza spun\u00e2nd c\u0103 atac Justi\u0163ia \u015fi SRI-ul! Este strategia lor de a-l ap\u0103ra pe generalul Coldea de acuza\u0163iile pe care le-am f\u0103cut la\u00a0adresa lui\u201d, a scris deputata pe Facebook.\u00a0<\/p>\n<p data-index=\"4\">De asemenea, Elena Udrea men\u021bioneaz\u0103 c\u0103 nu atac\u0103 justi\u021bia \u0219i nici institu\u021biile publice. \u201eEu vorbesc despre un om, care, evident, ca orice om, putem presupune m\u0103car c\u0103 poate gre\u015fi. \u00cen ceea ce prive\u015fte Gala Bute, f\u0103r\u0103 s\u0103 discut fondul cauzei, fac o remarc\u0103: dup\u0103 ce 4 ani de zile, adversarii politici \u015fi o parte a presei mogulilor a sus\u0163inut c\u0103 a\u015f fi \u201efurat\u201d de pe urma evenimentului sportiv, iat\u0103 c\u0103 procurorii infirm\u0103 acum aceste alega\u0163ii. Acuza\u0163ia lor este c\u0103 a\u015f fi sus\u0163inut implicarea MDRT \u00een Gala Bute pentru \u201ebeneficii de imagine\u201d. Dac\u0103 acest lucru s-ar confirma \u00een instan\u0163\u0103, atunci to\u0163i politicienii \u00een func\u0163ii publice ar trebui incrimina\u0163i\u201d, a scris Elena Udrea pe pagina sa de Facebook.\u00a0<\/p>\n<\/div>\n<p> Source URL: https:\/\/www.digi24.ro\/stiri\/actualitate\/politica\/e-udrea-despre-gala-bute-daca-acest-lucru-s-ar-confirma-in-instanta-atunci-toti-politicienii-ar-trebui-incriminati-355536<\/p>\n","protected":false},"excerpt":{"rendered":"<p>Elena Udrea explic\u0103 \u00een postarea de pe Facebook de ce a cerut Comisiei Juridice din Camera Deputa\u0163ilor s\u0103 avizeze favorabil cererea DNA. \u201ePentru c\u0103 Parlamentul nu trebuie s\u0103 se substituie Justi\u0163iei. Nu m\u0103 dezic de lupta mea de zece ani pentru Justi\u0163ie independent\u0103 \u015fi stat de drept.\u00a0Am v\u0103zut \u00eencercarea unora de a m\u0103 decredibiliza spun\u00e2nd [&hellip;]<\/p>\n","protected":false},"author":1,"featured_media":186960,"comment_status":"open","ping_status":"","sticky":false,"template":"","format":"standard","meta":{"footnotes":""},"categories":[2],"tags":[11],"class_list":["post-186959","post","type-post","status-publish","format-standard","has-post-thumbnail","hentry","category-politics","tag-digi24"],"_links":{"self":[{"href":"https:\/\/analyse.optim.biz\/index.php?rest_route=\/wp\/v2\/posts\/186959","targetHints":{"allow":["GET"]}}],"collection":[{"href":"https:\/\/analyse.optim.biz\/index.php?rest_route=\/wp\/v2\/posts"}],"about":[{"href":"https:\/\/analyse.optim.biz\/index.php?rest_route=\/wp\/v2\/types\/post"}],"author":[{"embeddable":true,"href":"https:\/\/analyse.optim.biz\/index.php?rest_route=\/wp\/v2\/users\/1"}],"replies":[{"embeddable":true,"href":"https:\/\/analyse.optim.biz\/index.php?rest_route=%2Fwp%2Fv2%2Fcomments&post=186959"}],"version-history":[{"count":0,"href":"https:\/\/analyse.optim.biz\/index.php?rest_route=\/wp\/v2\/posts\/186959\/revisions"}],"wp:featuredmedia":[{"embeddable":true,"href":"https:\/\/analyse.optim.biz\/index.php?rest_route=\/wp\/v2\/media\/186960"}],"wp:attachment":[{"href":"https:\/\/analyse.optim.biz\/index.php?rest_route=%2Fwp%2Fv2%2Fmedia&parent=186959"}],"wp:term":[{"taxonomy":"category","embeddable":true,"href":"https:\/\/analyse.optim.biz\/index.php?rest_route=%2Fwp%2Fv2%2Fcategories&post=186959"},{"taxonomy":"post_tag","embeddable":true,"href":"https:\/\/analyse.optim.biz\/index.php?rest_route=%2Fwp%2Fv2%2Ftags&post=186959"}],"curies":[{"name":"wp","href":"https:\/\/api.w.org\/{rel}","templated":true}]}}