{"id":186947,"date":"2015-02-04T14:05:46","date_gmt":"2015-02-04T11:05:46","guid":{"rendered":"https:\/\/analyse.optim.biz\/?p=186947"},"modified":"2015-02-04T14:05:46","modified_gmt":"2015-02-04T11:05:46","slug":"guvernul-a-decis-traian-basescu-primeste-vila-in-care-a-locuit-mioara-roman","status":"publish","type":"post","link":"https:\/\/analyse.optim.biz\/?p=186947","title":{"rendered":"Guvernul a decis: Traian B\u0103sescu prime\u015fte vila \u00een care a locuit Mioara Roman"},"content":{"rendered":"<div class=\"entry data-app-meta data-app-meta-article\" data-embed-base-url-canonical=\"https:\/\/www.digi24.ro\/embed\/stiri\/actualitate\/politica\/guvernul-a-decis-traian-basescu-primeste-vila-in-care-a-locuit-mioara-roman-355561\">\n<p data-index=\"1\">\u00a0<img decoding=\"async\" src=\"https:\/\/analyse.optim.biz\/wp-content\/uploads\/2024\/09\/ptgwmczoyxnoptvhywm2nzbkyja2nzm5ytq4ntkxm2i3yjkyyjy2yzk0-thumb_.jpg\" data-skip-htmlfix=\"1\" title=\"ptgwmczoyxnoptvhywm2nzbkyja2nzm5ytq4ntkxm2i3yjkyyjy2yzk0-thumb_\"><\/p>\n<p data-index=\"2\">Surse oficiale au declarat anterior c\u0103 Guvernul ia \u00een calcul atribuirea acestei vile ca re\u015fedin\u0163\u0103 pentru B\u0103sescu.<\/p>\n<p data-index=\"3\">Mioara Roman a p\u0103r\u0103sit recent vila din strada Gogol nr. 2, pe care o ocupa din 1990, la soma\u0163ia RA-APPS, din cauza datoriilor la chirie, la care se adaug\u0103 penaliz\u0103rile care dep\u0103\u015feau 350.000 de euro.<\/p>\n<p data-index=\"4\">Mioara Roman sus\u0163inea c\u0103, din 2009, este obligat\u0103 s\u0103 pl\u0103teasc\u0103 o chirie lunar\u0103 de 6.000 de euro pentru vila din Prim\u0103verii, \u00een condi\u0163iile \u00een care ea tr\u0103ie\u015fte dintr-o pensie de 1.800 de lei. Conflictul cu RA-APPS a a ajuns \u00een instan\u0163\u0103.<\/p>\n<h5>Citi\u021bi \u0219i: <a href=\"https:\/\/www.digi24.ro\/Stiri\/Digi24\/Actualitate\/Stiri\/Traian+Basescu+a+trimis+Guvernului+o+plangere+si+ameninta+ca+se+\" target=\"_blank\" data-skip-linkfix=\"1\" rel=\"noopener\">Traian B\u0103sescu a trimis Guvernului o pl\u00e2ngere \u0219i amenin\u021b\u0103 c\u0103 se va adresa instan\u021bei<\/a><\/h5>\n<h5><a href=\"https:\/\/www.digi24.ro\/Stiri\/Digi24\/Actualitate\/Politica\/BASESCU+PONTA+LOCUINTA\" target=\"_blank\" data-skip-linkfix=\"1\" rel=\"noopener\">Victor Ponta, despre locuin\u021ba fostului pre\u0219edinte: \u201eDomnul B\u0103sescu e un client foarte cusurgiu\u201d<\/a><\/h5>\n<\/div>\n<p> Source URL: https:\/\/www.digi24.ro\/stiri\/actualitate\/politica\/guvernul-a-decis-traian-basescu-primeste-vila-in-care-a-locuit-mioara-roman-355561<\/p>\n","protected":false},"excerpt":{"rendered":"<p>\u00a0 Surse oficiale au declarat anterior c\u0103 Guvernul ia \u00een calcul atribuirea acestei vile ca re\u015fedin\u0163\u0103 pentru B\u0103sescu. Mioara Roman a p\u0103r\u0103sit recent vila din strada Gogol nr. 2, pe care o ocupa din 1990, la soma\u0163ia RA-APPS, din cauza datoriilor la chirie, la care se adaug\u0103 penaliz\u0103rile care dep\u0103\u015feau 350.000 de euro. Mioara Roman [&hellip;]<\/p>\n","protected":false},"author":1,"featured_media":186948,"comment_status":"open","ping_status":"","sticky":false,"template":"","format":"standard","meta":{"footnotes":""},"categories":[2],"tags":[11],"class_list":["post-186947","post","type-post","status-publish","format-standard","has-post-thumbnail","hentry","category-politics","tag-digi24"],"_links":{"self":[{"href":"https:\/\/analyse.optim.biz\/index.php?rest_route=\/wp\/v2\/posts\/186947","targetHints":{"allow":["GET"]}}],"collection":[{"href":"https:\/\/analyse.optim.biz\/index.php?rest_route=\/wp\/v2\/posts"}],"about":[{"href":"https:\/\/analyse.optim.biz\/index.php?rest_route=\/wp\/v2\/types\/post"}],"author":[{"embeddable":true,"href":"https:\/\/analyse.optim.biz\/index.php?rest_route=\/wp\/v2\/users\/1"}],"replies":[{"embeddable":true,"href":"https:\/\/analyse.optim.biz\/index.php?rest_route=%2Fwp%2Fv2%2Fcomments&post=186947"}],"version-history":[{"count":0,"href":"https:\/\/analyse.optim.biz\/index.php?rest_route=\/wp\/v2\/posts\/186947\/revisions"}],"wp:featuredmedia":[{"embeddable":true,"href":"https:\/\/analyse.optim.biz\/index.php?rest_route=\/wp\/v2\/media\/186948"}],"wp:attachment":[{"href":"https:\/\/analyse.optim.biz\/index.php?rest_route=%2Fwp%2Fv2%2Fmedia&parent=186947"}],"wp:term":[{"taxonomy":"category","embeddable":true,"href":"https:\/\/analyse.optim.biz\/index.php?rest_route=%2Fwp%2Fv2%2Fcategories&post=186947"},{"taxonomy":"post_tag","embeddable":true,"href":"https:\/\/analyse.optim.biz\/index.php?rest_route=%2Fwp%2Fv2%2Ftags&post=186947"}],"curies":[{"name":"wp","href":"https:\/\/api.w.org\/{rel}","templated":true}]}}