{"id":1869450,"date":"2026-04-07T11:35:28","date_gmt":"2026-04-07T08:35:28","guid":{"rendered":"https:\/\/analyse.optim.biz\/?p=1869450"},"modified":"2026-04-07T11:35:28","modified_gmt":"2026-04-07T08:35:28","slug":"bulevard-pietonal-in-weekend","status":"publish","type":"post","link":"https:\/\/analyse.optim.biz\/?p=1869450","title":{"rendered":"BULEVARD PIETONAL \u00ceN WEEKEND"},"content":{"rendered":"<p>[analyse_image type=&#8221;featured&#8221; src=&#8221;https:\/\/newss.ro\/wp-content\/uploads\/2021\/05\/bulevardul-Balcescu.jpg&#8221;]<\/p>\n<div class=\"td-post-content\">\n<div class=\"td-post-featured-image\"><a href=\"https:\/\/newss.ro\/wp-content\/uploads\/2021\/05\/bulevardul-Balcescu.jpg\" data-caption><img loading=\"lazy\" decoding=\"async\" width=\"500\" height=\"261\" class=\"entry-thumb td-modal-image\" src=\"https:\/\/newss.ro\/wp-content\/uploads\/2021\/05\/bulevardul-Balcescu.jpg\" alt title=\"bulevardul Balcescu\"><\/a><\/div>\n<p>Din aceast\u0103 lun\u0103, bulevardul Nicolae B\u0103lcescu, \u00a0din muncipiul Buz\u0103u, r\u0103m\u00e2ne \u00eenchis circula\u021biei rutiere, pe timpul weekendurilor. Este vorba despre segmentul de bulevard cuprins \u00eentre intersec\u0163iile cu Nicolae Titulescu \u015fi Mare\u015fal Averescu, care va fi rezervat, la fiecare sf\u00e2r\u0219it de s\u0103pt\u0103m\u00e2n\u0103 buzoienilor care ies la promenad\u0103 \u015fi, \u00een special, copiilor care se pot plimba \u00een voie cu bicicletele ori rolele.<\/p>\n<p>Interdic\u0163ia va fi valabil\u0103 de s\u00e2mb\u0103t\u0103, de la ora 12.00, p\u00e2n\u0103 luni diminea\u0163a la ora 4.00, \u00een fiecare weekend, p\u00e2n\u0103 pe 31 octombrie. M\u0103sura nu se aplic\u0103 \u00een cazuri excep\u0163ionale, pentru autoutilitarele de interven\u0163ii ale serviciilor de utilitate public\u0103, atunci c\u00e2nd acestea au \u00een func\u0163iune mijloacele luminoase \u015fi sonore de avertizare.<\/p>\n<p>Pentru a str\u0103bate aceast\u0103 zon\u0103 a ora\u015fului, \u0219oferii au posibilitatea de a folosi, ca rute alternative, str\u0103zile Spiru Haret, Bulevardul Stadionului, Bulevardul Titulescu \u015fi strada Democra\u0163iei.<\/p>\n<\/div>\n<div class=\"td-post-content\">\n<div class=\"td-post-featured-image\"><a href=\"https:\/\/newss.ro\/wp-content\/uploads\/2021\/05\/bulevardul-Balcescu.jpg\" data-caption><img loading=\"lazy\" decoding=\"async\" width=\"500\" height=\"261\" class=\"entry-thumb td-modal-image\" src=\"https:\/\/newss.ro\/wp-content\/uploads\/2021\/05\/bulevardul-Balcescu.jpg\" alt title=\"bulevardul Balcescu\"><\/a><\/div>\n<p>Din aceast\u0103 lun\u0103, bulevardul Nicolae B\u0103lcescu, \u00a0din muncipiul Buz\u0103u, r\u0103m\u00e2ne \u00eenchis circula\u021biei rutiere, pe timpul weekendurilor. Este vorba despre segmentul de bulevard cuprins \u00eentre intersec\u0163iile cu Nicolae Titulescu \u015fi Mare\u015fal Averescu, care va fi rezervat, la fiecare sf\u00e2r\u0219it de s\u0103pt\u0103m\u00e2n\u0103 buzoienilor care ies la promenad\u0103 \u015fi, \u00een special, copiilor care se pot plimba \u00een voie cu bicicletele ori rolele.<\/p>\n<p>Interdic\u0163ia va fi valabil\u0103 de s\u00e2mb\u0103t\u0103, de la ora 12.00, p\u00e2n\u0103 luni diminea\u0163a la ora 4.00, \u00een fiecare weekend, p\u00e2n\u0103 pe 31 octombrie. M\u0103sura nu se aplic\u0103 \u00een cazuri excep\u0163ionale, pentru autoutilitarele de interven\u0163ii ale serviciilor de utilitate public\u0103, atunci c\u00e2nd acestea au \u00een func\u0163iune mijloacele luminoase \u015fi sonore de avertizare.<\/p>\n<p>Pentru a str\u0103bate aceast\u0103 zon\u0103 a ora\u015fului, \u0219oferii au posibilitatea de a folosi, ca rute alternative, str\u0103zile Spiru Haret, Bulevardul Stadionului, Bulevardul Titulescu \u015fi strada Democra\u0163iei.<\/p>\n<\/div>\n<p>[analyse_source url=&#8221;https:\/\/newss.ro\/2026\/04\/07\/bulevard-pietonal-in-weekend\/&#8221;]<\/p>\n","protected":false},"excerpt":{"rendered":"<p>[analyse_image type=&#8221;featured&#8221; src=&#8221;https:\/\/newss.ro\/wp-content\/uploads\/2021\/05\/bulevardul-Balcescu.jpg&#8221;] Din aceast\u0103 lun\u0103, bulevardul Nicolae B\u0103lcescu, \u00a0din muncipiul Buz\u0103u, r\u0103m\u00e2ne \u00eenchis circula\u021biei rutiere, pe timpul weekendurilor. Este vorba despre segmentul de bulevard cuprins \u00eentre intersec\u0163iile cu Nicolae Titulescu \u015fi Mare\u015fal Averescu, care va fi rezervat, la fiecare sf\u00e2r\u0219it de s\u0103pt\u0103m\u00e2n\u0103 buzoienilor care ies la promenad\u0103 \u015fi, \u00een special, copiilor care se pot [&hellip;]<\/p>\n","protected":false},"author":1,"featured_media":0,"comment_status":"open","ping_status":"","sticky":false,"template":"","format":"standard","meta":{"footnotes":""},"categories":[2],"tags":[226,73],"class_list":["post-1869450","post","type-post","status-publish","format-standard","hentry","category-politics","tag-crawlmanager","tag-newss-ro"],"_links":{"self":[{"href":"https:\/\/analyse.optim.biz\/index.php?rest_route=\/wp\/v2\/posts\/1869450","targetHints":{"allow":["GET"]}}],"collection":[{"href":"https:\/\/analyse.optim.biz\/index.php?rest_route=\/wp\/v2\/posts"}],"about":[{"href":"https:\/\/analyse.optim.biz\/index.php?rest_route=\/wp\/v2\/types\/post"}],"author":[{"embeddable":true,"href":"https:\/\/analyse.optim.biz\/index.php?rest_route=\/wp\/v2\/users\/1"}],"replies":[{"embeddable":true,"href":"https:\/\/analyse.optim.biz\/index.php?rest_route=%2Fwp%2Fv2%2Fcomments&post=1869450"}],"version-history":[{"count":0,"href":"https:\/\/analyse.optim.biz\/index.php?rest_route=\/wp\/v2\/posts\/1869450\/revisions"}],"wp:attachment":[{"href":"https:\/\/analyse.optim.biz\/index.php?rest_route=%2Fwp%2Fv2%2Fmedia&parent=1869450"}],"wp:term":[{"taxonomy":"category","embeddable":true,"href":"https:\/\/analyse.optim.biz\/index.php?rest_route=%2Fwp%2Fv2%2Fcategories&post=1869450"},{"taxonomy":"post_tag","embeddable":true,"href":"https:\/\/analyse.optim.biz\/index.php?rest_route=%2Fwp%2Fv2%2Ftags&post=1869450"}],"curies":[{"name":"wp","href":"https:\/\/api.w.org\/{rel}","templated":true}]}}