{"id":1869448,"date":"2026-04-07T10:17:43","date_gmt":"2026-04-07T07:17:43","guid":{"rendered":"https:\/\/analyse.optim.biz\/?p=1869448"},"modified":"2026-04-07T10:17:43","modified_gmt":"2026-04-07T07:17:43","slug":"exporturile-de-miei-afectate-de-conflictul-din-orient","status":"publish","type":"post","link":"https:\/\/analyse.optim.biz\/?p=1869448","title":{"rendered":"EXPORTURILE DE MIEI, AFECTATE DE CONFLICTUL DIN ORIENT"},"content":{"rendered":"<p>[analyse_image type=&#8221;featured&#8221; src=&#8221;https:\/\/newss.ro\/wp-content\/uploads\/2021\/03\/miei.jpg&#8221;]<\/p>\n<div class=\"td-post-content\">\n<div class=\"td-post-featured-image\"><a href=\"https:\/\/newss.ro\/wp-content\/uploads\/2021\/03\/miei.jpg\" data-caption><img loading=\"lazy\" decoding=\"async\" width=\"696\" height=\"439\" class=\"entry-thumb td-modal-image\" src=\"https:\/\/newss.ro\/wp-content\/uploads\/2021\/03\/miei-696x439.jpg\" alt title=\"miei\"><\/a><\/div>\n<p>Efectele conflictului din Orientul Mijlociu asupra exporturilor de oi ar urma s\u0103 fie resim\u021bite, \u0219i la Buz\u0103u, \u00een perioada de dup\u0103 Pa\u0219ti. Potrivit reprezentan\u021bilor Direc\u021biei Sanitar Veterinare Buz\u0103u, \u00een prima parte a anului, num\u0103rul comenzilor nu s-a modificat semnificativ fa\u021b\u0103 de perioada anului trecut, \u00een schimb, sunt posibile schimb\u0103ri dup\u0103 perioada Pa\u0219telui.<\/p>\n<p>\u00cen perioada ianuarie-martie 2026, din jude\u021bul Buz\u0103u au plecat c\u0103tre centre de colectare \u0219i ter\u021bi, peste 65.500 de oi, din care aproape 39.000 erau miei. O bun\u0103 parte dintre animale au ajuns \u00een \u021b\u0103ri din Orientul Mijlociu, \u00een baza contractelor de export.<\/p>\n<p>\u00cen jude\u021bul Buz\u0103u, mieii vor putea fi sacrifica\u021bi la cele patru abatoare autorizate sanitar-veterinar din localit\u0103\u021bile Pogoanele, C\u0103ld\u0103r\u0103\u0219ti, Verne\u0219ti \u0219i Buz\u0103u. \u00cen pie\u021bele din jude\u021bul Buz\u0103u, \u00een perioada premerg\u0103toare s\u0103rbptorilor de Pa\u0219ti, carnea de miel se comercializeaz\u0103 cu pre\u021buri pornind de la 50 de lei.<\/p>\n<\/div>\n<div class=\"td-post-content\">\n<div class=\"td-post-featured-image\"><a href=\"https:\/\/newss.ro\/wp-content\/uploads\/2021\/03\/miei.jpg\" data-caption><img loading=\"lazy\" decoding=\"async\" width=\"696\" height=\"439\" class=\"entry-thumb td-modal-image\" src=\"https:\/\/newss.ro\/wp-content\/uploads\/2021\/03\/miei-696x439.jpg\" alt title=\"miei\"><\/a><\/div>\n<p>Efectele conflictului din Orientul Mijlociu asupra exporturilor de oi ar urma s\u0103 fie resim\u021bite, \u0219i la Buz\u0103u, \u00een perioada de dup\u0103 Pa\u0219ti. Potrivit reprezentan\u021bilor Direc\u021biei Sanitar Veterinare Buz\u0103u, \u00een prima parte a anului, num\u0103rul comenzilor nu s-a modificat semnificativ fa\u021b\u0103 de perioada anului trecut, \u00een schimb, sunt posibile schimb\u0103ri dup\u0103 perioada Pa\u0219telui.<\/p>\n<p>\u00cen perioada ianuarie-martie 2026, din jude\u021bul Buz\u0103u au plecat c\u0103tre centre de colectare \u0219i ter\u021bi, peste 65.500 de oi, din care aproape 39.000 erau miei. O bun\u0103 parte dintre animale au ajuns \u00een \u021b\u0103ri din Orientul Mijlociu, \u00een baza contractelor de export.<\/p>\n<p>\u00cen jude\u021bul Buz\u0103u, mieii vor putea fi sacrifica\u021bi la cele patru abatoare autorizate sanitar-veterinar din localit\u0103\u021bile Pogoanele, C\u0103ld\u0103r\u0103\u0219ti, Verne\u0219ti \u0219i Buz\u0103u. \u00cen pie\u021bele din jude\u021bul Buz\u0103u, \u00een perioada premerg\u0103toare s\u0103rbptorilor de Pa\u0219ti, carnea de miel se comercializeaz\u0103 cu pre\u021buri pornind de la 50 de lei.<\/p>\n<\/div>\n<p>[analyse_source url=&#8221;https:\/\/newss.ro\/2026\/04\/07\/exporturile-de-miei-afectate-de-conflictul-din-orient\/&#8221;]<\/p>\n","protected":false},"excerpt":{"rendered":"<p>[analyse_image type=&#8221;featured&#8221; src=&#8221;https:\/\/newss.ro\/wp-content\/uploads\/2021\/03\/miei.jpg&#8221;] Efectele conflictului din Orientul Mijlociu asupra exporturilor de oi ar urma s\u0103 fie resim\u021bite, \u0219i la Buz\u0103u, \u00een perioada de dup\u0103 Pa\u0219ti. Potrivit reprezentan\u021bilor Direc\u021biei Sanitar Veterinare Buz\u0103u, \u00een prima parte a anului, num\u0103rul comenzilor nu s-a modificat semnificativ fa\u021b\u0103 de perioada anului trecut, \u00een schimb, sunt posibile schimb\u0103ri dup\u0103 perioada Pa\u0219telui. [&hellip;]<\/p>\n","protected":false},"author":1,"featured_media":0,"comment_status":"open","ping_status":"","sticky":false,"template":"","format":"standard","meta":{"footnotes":""},"categories":[2],"tags":[226,73],"class_list":["post-1869448","post","type-post","status-publish","format-standard","hentry","category-politics","tag-crawlmanager","tag-newss-ro"],"_links":{"self":[{"href":"https:\/\/analyse.optim.biz\/index.php?rest_route=\/wp\/v2\/posts\/1869448","targetHints":{"allow":["GET"]}}],"collection":[{"href":"https:\/\/analyse.optim.biz\/index.php?rest_route=\/wp\/v2\/posts"}],"about":[{"href":"https:\/\/analyse.optim.biz\/index.php?rest_route=\/wp\/v2\/types\/post"}],"author":[{"embeddable":true,"href":"https:\/\/analyse.optim.biz\/index.php?rest_route=\/wp\/v2\/users\/1"}],"replies":[{"embeddable":true,"href":"https:\/\/analyse.optim.biz\/index.php?rest_route=%2Fwp%2Fv2%2Fcomments&post=1869448"}],"version-history":[{"count":0,"href":"https:\/\/analyse.optim.biz\/index.php?rest_route=\/wp\/v2\/posts\/1869448\/revisions"}],"wp:attachment":[{"href":"https:\/\/analyse.optim.biz\/index.php?rest_route=%2Fwp%2Fv2%2Fmedia&parent=1869448"}],"wp:term":[{"taxonomy":"category","embeddable":true,"href":"https:\/\/analyse.optim.biz\/index.php?rest_route=%2Fwp%2Fv2%2Fcategories&post=1869448"},{"taxonomy":"post_tag","embeddable":true,"href":"https:\/\/analyse.optim.biz\/index.php?rest_route=%2Fwp%2Fv2%2Ftags&post=1869448"}],"curies":[{"name":"wp","href":"https:\/\/api.w.org\/{rel}","templated":true}]}}