{"id":1869446,"date":"2026-04-06T13:28:09","date_gmt":"2026-04-06T10:28:09","guid":{"rendered":"https:\/\/analyse.optim.biz\/?p=1869446"},"modified":"2026-04-06T13:28:09","modified_gmt":"2026-04-06T10:28:09","slug":"familii-tinere-din-rm-sarat-vor-beneficia-de-locuinte-anl","status":"publish","type":"post","link":"https:\/\/analyse.optim.biz\/?p=1869446","title":{"rendered":"FAMILII TINERE DIN RM S\u0102RAT VOR BENEFICIA DE LOCUIN\u021aE ANL"},"content":{"rendered":"<p>[analyse_image type=&#8221;featured&#8221; src=&#8221;https:\/\/newss.ro\/wp-content\/uploads\/2025\/11\/ANL-locuinte-sociale-dalas-17-nov-2025.mpg.Still004.jpg&#8221;]<\/p>\n<div class=\"td-post-content\">\n<div class=\"td-post-featured-image\"><a href=\"https:\/\/newss.ro\/wp-content\/uploads\/2025\/11\/ANL-locuinte-sociale-dalas-17-nov-2025.mpg.Still004.jpg\" data-caption><img loading=\"lazy\" decoding=\"async\" width=\"696\" height=\"392\" class=\"entry-thumb td-modal-image\" src=\"https:\/\/newss.ro\/wp-content\/uploads\/2025\/11\/ANL-locuinte-sociale-dalas-17-nov-2025.mpg.Still004-696x392.jpg\" alt title=\"ANL - locuinte sociale - dalas - 17 nov 2025.mpg.Still004\"><\/a><\/div>\n<p>30 de familii de tineri din municipiul R\u00e2mnicu S\u0103rat vor beneficia de o locuin\u021b\u0103 ANL. Consiliului Local Municipal a aprobat, \u00een ultima \u0219edin\u021b\u0103, lista solicitan\u021bilor care au acces la locuin\u021bele pentru tineri, destinate \u00eenchirierii, \u00een ordinea de prioritate \u0219i a listei de priorit\u0103\u021bi.<\/p>\n<p>Proiectul de hot\u00e2r\u00e2re a fost votat cu 17 voturi pentru \u0219i dou\u0103 ab\u021bineri.<\/p>\n<p>Contesta\u021biile cu privire la stabilirea accesului la locuin\u021be, precum \u0219i cele referitoare la acordarea priorit\u0103\u021bilor \u00een solu\u021bionarea cererilor se vor adresa primarului municipiului R\u00e2mnicu S\u0103rat, \u00een termen de 7 zile de la afi\u0219area listelor aprobate.<\/p>\n<\/div>\n<div class=\"td-post-content\">\n<div class=\"td-post-featured-image\"><a href=\"https:\/\/newss.ro\/wp-content\/uploads\/2025\/11\/ANL-locuinte-sociale-dalas-17-nov-2025.mpg.Still004.jpg\" data-caption><img loading=\"lazy\" decoding=\"async\" width=\"696\" height=\"392\" class=\"entry-thumb td-modal-image\" src=\"https:\/\/newss.ro\/wp-content\/uploads\/2025\/11\/ANL-locuinte-sociale-dalas-17-nov-2025.mpg.Still004-696x392.jpg\" alt title=\"ANL - locuinte sociale - dalas - 17 nov 2025.mpg.Still004\"><\/a><\/div>\n<p>30 de familii de tineri din municipiul R\u00e2mnicu S\u0103rat vor beneficia de o locuin\u021b\u0103 ANL. Consiliului Local Municipal a aprobat, \u00een ultima \u0219edin\u021b\u0103, lista solicitan\u021bilor care au acces la locuin\u021bele pentru tineri, destinate \u00eenchirierii, \u00een ordinea de prioritate \u0219i a listei de priorit\u0103\u021bi.<\/p>\n<p>Proiectul de hot\u00e2r\u00e2re a fost votat cu 17 voturi pentru \u0219i dou\u0103 ab\u021bineri.<\/p>\n<p>Contesta\u021biile cu privire la stabilirea accesului la locuin\u021be, precum \u0219i cele referitoare la acordarea priorit\u0103\u021bilor \u00een solu\u021bionarea cererilor se vor adresa primarului municipiului R\u00e2mnicu S\u0103rat, \u00een termen de 7 zile de la afi\u0219area listelor aprobate.<\/p>\n<\/div>\n<p>[analyse_source url=&#8221;https:\/\/newss.ro\/2026\/04\/06\/familii-tinere-din-rm-sarat-vor-beneficia-de-locuinte-anl\/&#8221;]<\/p>\n","protected":false},"excerpt":{"rendered":"<p>[analyse_image type=&#8221;featured&#8221; src=&#8221;https:\/\/newss.ro\/wp-content\/uploads\/2025\/11\/ANL-locuinte-sociale-dalas-17-nov-2025.mpg.Still004.jpg&#8221;] 30 de familii de tineri din municipiul R\u00e2mnicu S\u0103rat vor beneficia de o locuin\u021b\u0103 ANL. Consiliului Local Municipal a aprobat, \u00een ultima \u0219edin\u021b\u0103, lista solicitan\u021bilor care au acces la locuin\u021bele pentru tineri, destinate \u00eenchirierii, \u00een ordinea de prioritate \u0219i a listei de priorit\u0103\u021bi. Proiectul de hot\u00e2r\u00e2re a fost votat cu 17 voturi [&hellip;]<\/p>\n","protected":false},"author":1,"featured_media":0,"comment_status":"open","ping_status":"","sticky":false,"template":"","format":"standard","meta":{"footnotes":""},"categories":[2],"tags":[226,73],"class_list":["post-1869446","post","type-post","status-publish","format-standard","hentry","category-politics","tag-crawlmanager","tag-newss-ro"],"_links":{"self":[{"href":"https:\/\/analyse.optim.biz\/index.php?rest_route=\/wp\/v2\/posts\/1869446","targetHints":{"allow":["GET"]}}],"collection":[{"href":"https:\/\/analyse.optim.biz\/index.php?rest_route=\/wp\/v2\/posts"}],"about":[{"href":"https:\/\/analyse.optim.biz\/index.php?rest_route=\/wp\/v2\/types\/post"}],"author":[{"embeddable":true,"href":"https:\/\/analyse.optim.biz\/index.php?rest_route=\/wp\/v2\/users\/1"}],"replies":[{"embeddable":true,"href":"https:\/\/analyse.optim.biz\/index.php?rest_route=%2Fwp%2Fv2%2Fcomments&post=1869446"}],"version-history":[{"count":0,"href":"https:\/\/analyse.optim.biz\/index.php?rest_route=\/wp\/v2\/posts\/1869446\/revisions"}],"wp:attachment":[{"href":"https:\/\/analyse.optim.biz\/index.php?rest_route=%2Fwp%2Fv2%2Fmedia&parent=1869446"}],"wp:term":[{"taxonomy":"category","embeddable":true,"href":"https:\/\/analyse.optim.biz\/index.php?rest_route=%2Fwp%2Fv2%2Fcategories&post=1869446"},{"taxonomy":"post_tag","embeddable":true,"href":"https:\/\/analyse.optim.biz\/index.php?rest_route=%2Fwp%2Fv2%2Ftags&post=1869446"}],"curies":[{"name":"wp","href":"https:\/\/api.w.org\/{rel}","templated":true}]}}