{"id":1869444,"date":"2026-04-06T11:12:35","date_gmt":"2026-04-06T08:12:35","guid":{"rendered":"https:\/\/analyse.optim.biz\/?p=1869444"},"modified":"2026-04-06T11:12:35","modified_gmt":"2026-04-06T08:12:35","slug":"tichetele-de-cresa-si-cele-culturale-majorate-din-aprilie","status":"publish","type":"post","link":"https:\/\/analyse.optim.biz\/?p=1869444","title":{"rendered":"TICHETELE DE CRE\u0218\u0102 \u0218I CELE CULTURALE, MAJORATE DIN APRILIE"},"content":{"rendered":"<p>[analyse_image type=&#8221;featured&#8221; src=&#8221;https:\/\/newss.ro\/wp-content\/uploads\/2024\/05\/copii-gradinita.jpg&#8221;]<\/p>\n<div class=\"td-post-content\">\n<div class=\"td-post-featured-image\"><a href=\"https:\/\/newss.ro\/wp-content\/uploads\/2024\/05\/copii-gradinita.jpg\" data-caption><img loading=\"lazy\" decoding=\"async\" width=\"696\" height=\"463\" class=\"entry-thumb td-modal-image\" src=\"https:\/\/newss.ro\/wp-content\/uploads\/2024\/05\/copii-gradinita-696x463.jpg\" alt title=\"copii gradinita\"><\/a><\/div>\n<p>De luna aceasta, valoarea tichetelor culturale \u0219i a celor de cre\u0219\u0103 a fost majorat\u0103, \u00een contextul evolu\u021biei pre\u021burilor \u0219i al nevoilor reale ale popula\u021biei.<\/p>\n<p>Potrivit \u00a0ministrului Finan\u021belor, Alexandru Nazare, \u00a0tichetele culturale vor fi de \u00a0250 de lei pe lun\u0103 \u0219i 490 de lei pentru fiecare eveniment, fiind deductibile integral din impozitul pe profit al companiilor \u0219i destinate angaja\u021bilor cu contract de munc\u0103.<\/p>\n<p>Totodat\u0103, tichetele de cre\u0219\u0103 au crescut la 740 de lei lunar, \u00eencep\u00e2nd din aceast\u0103 lun\u0103, \u0219i vor fi acordate salaria\u021bilor care nu beneficiaz\u0103 de concediu \u0219i indemniza\u021bie pentru cre\u0219terea copilului de p\u00e2n\u0103 la doi ani, respectiv trei ani \u00een cazul minorilor cu handicap.<\/p>\n<\/div>\n<div class=\"td-post-content\">\n<div class=\"td-post-featured-image\"><a href=\"https:\/\/newss.ro\/wp-content\/uploads\/2024\/05\/copii-gradinita.jpg\" data-caption><img loading=\"lazy\" decoding=\"async\" width=\"696\" height=\"463\" class=\"entry-thumb td-modal-image\" src=\"https:\/\/newss.ro\/wp-content\/uploads\/2024\/05\/copii-gradinita-696x463.jpg\" alt title=\"copii gradinita\"><\/a><\/div>\n<p>De luna aceasta, valoarea tichetelor culturale \u0219i a celor de cre\u0219\u0103 a fost majorat\u0103, \u00een contextul evolu\u021biei pre\u021burilor \u0219i al nevoilor reale ale popula\u021biei.<\/p>\n<p>Potrivit \u00a0ministrului Finan\u021belor, Alexandru Nazare, \u00a0tichetele culturale vor fi de \u00a0250 de lei pe lun\u0103 \u0219i 490 de lei pentru fiecare eveniment, fiind deductibile integral din impozitul pe profit al companiilor \u0219i destinate angaja\u021bilor cu contract de munc\u0103.<\/p>\n<p>Totodat\u0103, tichetele de cre\u0219\u0103 au crescut la 740 de lei lunar, \u00eencep\u00e2nd din aceast\u0103 lun\u0103, \u0219i vor fi acordate salaria\u021bilor care nu beneficiaz\u0103 de concediu \u0219i indemniza\u021bie pentru cre\u0219terea copilului de p\u00e2n\u0103 la doi ani, respectiv trei ani \u00een cazul minorilor cu handicap.<\/p>\n<\/div>\n<p>[analyse_source url=&#8221;https:\/\/newss.ro\/2026\/04\/06\/tichetele-de-cresa-si-cele-culturale-majorate-din-aprilie\/&#8221;]<\/p>\n","protected":false},"excerpt":{"rendered":"<p>[analyse_image type=&#8221;featured&#8221; src=&#8221;https:\/\/newss.ro\/wp-content\/uploads\/2024\/05\/copii-gradinita.jpg&#8221;] De luna aceasta, valoarea tichetelor culturale \u0219i a celor de cre\u0219\u0103 a fost majorat\u0103, \u00een contextul evolu\u021biei pre\u021burilor \u0219i al nevoilor reale ale popula\u021biei. Potrivit \u00a0ministrului Finan\u021belor, Alexandru Nazare, \u00a0tichetele culturale vor fi de \u00a0250 de lei pe lun\u0103 \u0219i 490 de lei pentru fiecare eveniment, fiind deductibile integral din impozitul pe [&hellip;]<\/p>\n","protected":false},"author":1,"featured_media":0,"comment_status":"open","ping_status":"","sticky":false,"template":"","format":"standard","meta":{"footnotes":""},"categories":[2],"tags":[226,73],"class_list":["post-1869444","post","type-post","status-publish","format-standard","hentry","category-politics","tag-crawlmanager","tag-newss-ro"],"_links":{"self":[{"href":"https:\/\/analyse.optim.biz\/index.php?rest_route=\/wp\/v2\/posts\/1869444","targetHints":{"allow":["GET"]}}],"collection":[{"href":"https:\/\/analyse.optim.biz\/index.php?rest_route=\/wp\/v2\/posts"}],"about":[{"href":"https:\/\/analyse.optim.biz\/index.php?rest_route=\/wp\/v2\/types\/post"}],"author":[{"embeddable":true,"href":"https:\/\/analyse.optim.biz\/index.php?rest_route=\/wp\/v2\/users\/1"}],"replies":[{"embeddable":true,"href":"https:\/\/analyse.optim.biz\/index.php?rest_route=%2Fwp%2Fv2%2Fcomments&post=1869444"}],"version-history":[{"count":0,"href":"https:\/\/analyse.optim.biz\/index.php?rest_route=\/wp\/v2\/posts\/1869444\/revisions"}],"wp:attachment":[{"href":"https:\/\/analyse.optim.biz\/index.php?rest_route=%2Fwp%2Fv2%2Fmedia&parent=1869444"}],"wp:term":[{"taxonomy":"category","embeddable":true,"href":"https:\/\/analyse.optim.biz\/index.php?rest_route=%2Fwp%2Fv2%2Fcategories&post=1869444"},{"taxonomy":"post_tag","embeddable":true,"href":"https:\/\/analyse.optim.biz\/index.php?rest_route=%2Fwp%2Fv2%2Ftags&post=1869444"}],"curies":[{"name":"wp","href":"https:\/\/api.w.org\/{rel}","templated":true}]}}