{"id":1869441,"date":"2026-04-07T09:51:52","date_gmt":"2026-04-07T06:51:52","guid":{"rendered":"https:\/\/analyse.optim.biz\/?p=1869441"},"modified":"2026-04-07T09:51:52","modified_gmt":"2026-04-07T06:51:52","slug":"lumina-sfanta-va-fi-adusa-de-la-ierusalim","status":"publish","type":"post","link":"https:\/\/analyse.optim.biz\/?p=1869441","title":{"rendered":"LUMINA SF\u00c2NT\u0102 VA FI ADUS\u0102 DE LA IERUSALIM"},"content":{"rendered":"<p>[analyse_image type=&#8221;featured&#8221; src=&#8221;https:\/\/newss.ro\/wp-content\/uploads\/2026\/04\/LUMINA-SFANTA.jpeg&#8221;]<\/p>\n<div class=\"td-post-content\">\n<div class=\"td-post-featured-image\"><a href=\"https:\/\/newss.ro\/wp-content\/uploads\/2026\/04\/LUMINA-SFANTA.jpeg\" data-caption><img loading=\"lazy\" decoding=\"async\" width=\"696\" height=\"413\" class=\"entry-thumb td-modal-image\" src=\"https:\/\/newss.ro\/wp-content\/uploads\/2026\/04\/LUMINA-SFANTA-696x413.jpeg\" alt title=\"LUMINA SFANTA\"><\/a><\/div>\n<p>Patriarhia Rom\u00e2n\u0103 a confirmat luni aducerea Sfintei Lumini \u00een \u021bar\u0103 s\u00e2mb\u0103t\u0103, 11 aprilie 2026, dup\u0103 ce Ambasada Rom\u00e2niei \u00een Israel a ob\u021binut aprob\u0103ri speciale de zbor de la autorit\u0103\u021bile de la Tel Aviv.<\/p>\n<p>Imediat dup\u0103 aterizarea la Bucure\u0219ti, Sf\u00e2nta Lumin\u0103 pleac\u0103 spre toate eparhiile din \u021bar\u0103, dar \u0219i c\u0103tre \u021bara vecin\u0103, Republica Moldova. Patriarhul Daniel va \u00eent\u00e2mpina delega\u021bia la Catedrala Patriarhal\u0103, de unde flac\u0103ra va ajunge la credincio\u0219i pentru slujba de \u00cenviere.<\/p>\n<p>Anul acesta, ritualul de la Ierusalim are modific\u0103ri majore din cauza m\u0103surilor de securitate. Doar Patriarhul Teofil al III-lea coboar\u0103 \u00een Sf\u00e2ntul Morm\u00e2nt, \u00een timp ce accesul pelerinilor \u0219i al delega\u021biilor str\u0103ine e strict limitat.<\/p>\n<p>Autorit\u0103\u021bile israeliene au interzis procesiunile religioase \u0219i adun\u0103rile publice \u00een Ora\u0219ul Vechi, prin urmare, distribuirea luminii c\u0103tre avioanele speciale are loc sub supraveghere riguroas\u0103.<\/p>\n<\/div>\n<div class=\"td-post-content\">\n<div class=\"td-post-featured-image\"><a href=\"https:\/\/newss.ro\/wp-content\/uploads\/2026\/04\/LUMINA-SFANTA.jpeg\" data-caption><img loading=\"lazy\" decoding=\"async\" width=\"696\" height=\"413\" class=\"entry-thumb td-modal-image\" src=\"https:\/\/newss.ro\/wp-content\/uploads\/2026\/04\/LUMINA-SFANTA-696x413.jpeg\" alt title=\"LUMINA SFANTA\"><\/a><\/div>\n<p>Patriarhia Rom\u00e2n\u0103 a confirmat luni aducerea Sfintei Lumini \u00een \u021bar\u0103 s\u00e2mb\u0103t\u0103, 11 aprilie 2026, dup\u0103 ce Ambasada Rom\u00e2niei \u00een Israel a ob\u021binut aprob\u0103ri speciale de zbor de la autorit\u0103\u021bile de la Tel Aviv.<\/p>\n<p>Imediat dup\u0103 aterizarea la Bucure\u0219ti, Sf\u00e2nta Lumin\u0103 pleac\u0103 spre toate eparhiile din \u021bar\u0103, dar \u0219i c\u0103tre \u021bara vecin\u0103, Republica Moldova. Patriarhul Daniel va \u00eent\u00e2mpina delega\u021bia la Catedrala Patriarhal\u0103, de unde flac\u0103ra va ajunge la credincio\u0219i pentru slujba de \u00cenviere.<\/p>\n<p>Anul acesta, ritualul de la Ierusalim are modific\u0103ri majore din cauza m\u0103surilor de securitate. Doar Patriarhul Teofil al III-lea coboar\u0103 \u00een Sf\u00e2ntul Morm\u00e2nt, \u00een timp ce accesul pelerinilor \u0219i al delega\u021biilor str\u0103ine e strict limitat.<\/p>\n<p>Autorit\u0103\u021bile israeliene au interzis procesiunile religioase \u0219i adun\u0103rile publice \u00een Ora\u0219ul Vechi, prin urmare, distribuirea luminii c\u0103tre avioanele speciale are loc sub supraveghere riguroas\u0103.<\/p>\n<\/div>\n<p>[analyse_source url=&#8221;https:\/\/newss.ro\/2026\/04\/07\/lumina-sfanta-va-fi-adusa-de-la-ierusalim\/&#8221;]<\/p>\n","protected":false},"excerpt":{"rendered":"<p>[analyse_image type=&#8221;featured&#8221; src=&#8221;https:\/\/newss.ro\/wp-content\/uploads\/2026\/04\/LUMINA-SFANTA.jpeg&#8221;] Patriarhia Rom\u00e2n\u0103 a confirmat luni aducerea Sfintei Lumini \u00een \u021bar\u0103 s\u00e2mb\u0103t\u0103, 11 aprilie 2026, dup\u0103 ce Ambasada Rom\u00e2niei \u00een Israel a ob\u021binut aprob\u0103ri speciale de zbor de la autorit\u0103\u021bile de la Tel Aviv. Imediat dup\u0103 aterizarea la Bucure\u0219ti, Sf\u00e2nta Lumin\u0103 pleac\u0103 spre toate eparhiile din \u021bar\u0103, dar \u0219i c\u0103tre \u021bara vecin\u0103, Republica [&hellip;]<\/p>\n","protected":false},"author":1,"featured_media":0,"comment_status":"open","ping_status":"","sticky":false,"template":"","format":"standard","meta":{"footnotes":""},"categories":[2],"tags":[226,73],"class_list":["post-1869441","post","type-post","status-publish","format-standard","hentry","category-politics","tag-crawlmanager","tag-newss-ro"],"_links":{"self":[{"href":"https:\/\/analyse.optim.biz\/index.php?rest_route=\/wp\/v2\/posts\/1869441","targetHints":{"allow":["GET"]}}],"collection":[{"href":"https:\/\/analyse.optim.biz\/index.php?rest_route=\/wp\/v2\/posts"}],"about":[{"href":"https:\/\/analyse.optim.biz\/index.php?rest_route=\/wp\/v2\/types\/post"}],"author":[{"embeddable":true,"href":"https:\/\/analyse.optim.biz\/index.php?rest_route=\/wp\/v2\/users\/1"}],"replies":[{"embeddable":true,"href":"https:\/\/analyse.optim.biz\/index.php?rest_route=%2Fwp%2Fv2%2Fcomments&post=1869441"}],"version-history":[{"count":0,"href":"https:\/\/analyse.optim.biz\/index.php?rest_route=\/wp\/v2\/posts\/1869441\/revisions"}],"wp:attachment":[{"href":"https:\/\/analyse.optim.biz\/index.php?rest_route=%2Fwp%2Fv2%2Fmedia&parent=1869441"}],"wp:term":[{"taxonomy":"category","embeddable":true,"href":"https:\/\/analyse.optim.biz\/index.php?rest_route=%2Fwp%2Fv2%2Fcategories&post=1869441"},{"taxonomy":"post_tag","embeddable":true,"href":"https:\/\/analyse.optim.biz\/index.php?rest_route=%2Fwp%2Fv2%2Ftags&post=1869441"}],"curies":[{"name":"wp","href":"https:\/\/api.w.org\/{rel}","templated":true}]}}