{"id":1869436,"date":"2026-04-06T19:58:05","date_gmt":"2026-04-06T16:58:05","guid":{"rendered":"https:\/\/analyse.optim.biz\/?p=1869436"},"modified":"2026-04-06T19:58:05","modified_gmt":"2026-04-06T16:58:05","slug":"buzoienii-rugati-sa-salveze-un-tatic-cu-copil","status":"publish","type":"post","link":"https:\/\/analyse.optim.biz\/?p=1869436","title":{"rendered":"Buzoienii ruga\u0163i s\u0103 salveze un t\u0103tic cu copil"},"content":{"rendered":"<p>[analyse_image type=&#8221;featured&#8221; src=&#8221;https:\/\/www.tvbuzau.ro\/wp-content\/uploads\/2026\/04\/sddefault-10.jpghttps:\/\/www.tvbuzau.ro\/wp-content\/uploads\/2026\/04\/sddefault-10.jpg&#8221;]<\/p>\n<div class=\"td-ss-main-content\">\n<article id=\"post-118660\" class=\"post-118660 post type-post status-publish format-video has-post-thumbnail hentry category-actualitate post_format-post-format-video\">\n<div class=\"td-post-header\">\n<ul class=\"td-category\">\n<li class=\"entry-category\"><a href=\"https:\/\/www.tvbuzau.ro\/category\/actualitate\/\">Actualitate<\/a><\/li>\n<\/ul>\n<header class=\"td-post-title\">\n<h1 class=\"entry-title\">Buzoienii ruga\u0163i s\u0103 salveze un t\u0103tic cu copil<\/h1>\n<div class=\"td-module-meta-info\">\n<div class=\"td-post-author-name\">De c\u0103tre <a href=\"https:\/\/www.tvbuzau.ro\/author\/mihai-vasilescu\/\">TV Buz\u0103u<\/a> &#8211; <\/div>\n<p><span class=\"td-post-date\"><time class=\"entry-date updated td-module-date\" datetime=\"2026-04-06T19:58:05+00:00\">aprilie 6, 2026<\/time><\/span><\/p>\n<div class=\"td-post-comments\"><a href=\"https:\/\/www.tvbuzau.ro\/buzoienii-rugati-sa-salveze-un-tatic-cu-copil\/#respond\">0<\/a><\/div>\n<div class=\"td-post-views\"><span class=\"td-nr-views-118660\">32<\/span><\/div>\n<\/div>\n<\/header>\n<\/div>\n<div class=\"td-post-sharing td-post-sharing-top td-with-like\">\n<div class=\"td-default-sharing\"><a class=\"td-social-sharing-buttons td-social-facebook\" href=\"http:\/\/www.facebook.com\/sharer.php?u=https%3A%2F%2Fwww.tvbuzau.ro%2Fbuzoienii-rugati-sa-salveze-un-tatic-cu-copil%2F\"><\/p>\n<div class=\"td-social-but-text\">Distribui\u021bi pe Facebook<\/div>\n<p><\/a><a class=\"td-social-sharing-buttons td-social-twitter\" href=\"https:\/\/twitter.com\/intent\/tweet?text=Buzoienii+ruga%C5%A3i+s%C4%83+salveze+un+t%C4%83tic+cu+copil&amp;url=https%3A%2F%2Fwww.tvbuzau.ro%2Fbuzoienii-rugati-sa-salveze-un-tatic-cu-copil%2F&amp;via=TV+Buz%C4%83u\"><\/p>\n<div class=\"td-social-but-text\">Distribui\u021bi pe Twitter<\/div>\n<p><\/a><\/div>\n<div class=\"td-classic-sharing\">\n<ul>\n<li class=\"td-classic-facebook\"><iframe frameborder src=\"https:\/\/www.facebook.com\/plugins\/like.php?href=https:\/\/www.tvbuzau.ro\/buzoienii-rugati-sa-salveze-un-tatic-cu-copil\/&amp;layout=button_count&amp;show_faces=false&amp;width=105&amp;action=like&amp;colorscheme=light&amp;height=21\"><\/iframe><\/li>\n<li class=\"td-classic-twitter\"><a href=\"https:\/\/twitter.com\/share\" class=\"twitter-share-button\" data-url=\"https:\/\/www.tvbuzau.ro\/buzoienii-rugati-sa-salveze-un-tatic-cu-copil\/\" data-text=\"Buzoienii ruga\u0163i s\u0103 salveze un t\u0103tic cu copil\" data-via data-lang=\"en\">tweet<\/a><\/li>\n<\/ul>\n<\/div>\n<\/div>\n<div class=\"td-post-content\">\n<div class=\"td-featured-image-rec\">\n<div class=\"wpb_video_wrapper\">\n                    <iframe loading=\"lazy\" id=\"td_youtube_player\" width=\"600\" height=\"560\" src=\"https:\/\/www.youtube.com\/embed\/lwUNI8jllLs?enablejsapi=1&amp;feature=oembed&amp;wmode=opaque&amp;vq=hd720\" frameborder allowfullscreen><\/iframe><\/p><\/div>\n<\/div>\n<p>Sufer\u0103 de o afec\u0163iune grav\u0103<br \/>\nGheorghe Fronie are 28 de ani \u015fi este tat\u0103l unui b\u0103ie\u0163el de 6 ani. Din nefericire, t\u00e2n\u0103rul  fost dignosticat cu boala Limfom hodkins scleroza nodulara (Leucemie) din martie 2023.<br \/>\nCu dificultate a reu\u015fit s\u0103 plece \u00een Italia pentru a face transplant de m\u0103duv\u0103, pentru c\u0103 \u00een Rom\u00e2nia \u0219ansele erau foarte mici.  Din nefericire costurile tratamentelor sunt ridicate motiv pentru care t\u00e2n\u0103rul s-a re\u00eentors \u00een \u0163ar\u0103 unde este internat \u00eentr-un spital din Capital\u0103. Pentru a reu\u015fit s\u0103 continue tratametele, t\u00e2n\u0103rul tat\u0103 are nevoie de sprijin financiar.<br \/>\nPentru cei care doresc s\u0103 \u00eentind\u0103 o m\u00e2n\u0103 de ajutor, exist\u0103 un cont disponibil pe numele Alina Neagu.<\/p>\n<p>RO24 REVO 0000 1712 2379 4720<\/p>\n<div class=\"post-views post-118660 entry-meta\"><span class=\"post-views-label\">Post Views: <\/span><span class=\"post-views-count\">189<\/span><\/div>\n<\/div>\n<footer>\n<div class=\"td-post-sharing td-post-sharing-bottom td-with-like\"><span class=\"td-post-share-title\">DISTRIBUI\u021aI<\/span><\/p>\n<div class=\"td-default-sharing\"><a class=\"td-social-sharing-buttons td-social-facebook\" href=\"http:\/\/www.facebook.com\/sharer.php?u=https%3A%2F%2Fwww.tvbuzau.ro%2Fbuzoienii-rugati-sa-salveze-un-tatic-cu-copil%2F\"><\/p>\n<div class=\"td-social-but-text\">Facebook<\/div>\n<p><\/a><a class=\"td-social-sharing-buttons td-social-twitter\" href=\"https:\/\/twitter.com\/intent\/tweet?text=Buzoienii+ruga%C5%A3i+s%C4%83+salveze+un+t%C4%83tic+cu+copil&amp;url=https%3A%2F%2Fwww.tvbuzau.ro%2Fbuzoienii-rugati-sa-salveze-un-tatic-cu-copil%2F&amp;via=TV+Buz%C4%83u\"><\/p>\n<div class=\"td-social-but-text\">Twitter<\/div>\n<p><\/a><\/div>\n<div class=\"td-classic-sharing\">\n<ul>\n<li class=\"td-classic-facebook\"><iframe frameborder src=\"https:\/\/www.facebook.com\/plugins\/like.php?href=https:\/\/www.tvbuzau.ro\/buzoienii-rugati-sa-salveze-un-tatic-cu-copil\/&amp;layout=button_count&amp;show_faces=false&amp;width=105&amp;action=like&amp;colorscheme=light&amp;height=21\"><\/iframe><\/li>\n<li class=\"td-classic-twitter\"><a href=\"https:\/\/twitter.com\/share\" class=\"twitter-share-button\" data-url=\"https:\/\/www.tvbuzau.ro\/buzoienii-rugati-sa-salveze-un-tatic-cu-copil\/\" data-text=\"Buzoienii ruga\u0163i s\u0103 salveze un t\u0103tic cu copil\" data-via data-lang=\"en\">tweet<\/a><\/li>\n<\/ul>\n<\/div>\n<\/div>\n<div class=\"td-author-name vcard author\"><span class=\"fn\"><a href=\"https:\/\/www.tvbuzau.ro\/author\/mihai-vasilescu\/\">TV Buz\u0103u<\/a><\/span><\/div>\n<p><span><\/span><span><span><\/span><\/span><span><\/span><\/footer>\n<\/article>\n<div class=\"td_block_wrap td_block_related_posts td_uid_1_69d4da6515f2e_rand td_with_ajax_pagination td-pb-border-top\" data-td-block-uid=\"td_uid_1_69d4da6515f2e\">\n<h4 class=\"td-related-title\"><a id=\"td_uid_2_69d4da651f104\" class=\"td-related-left td-cur-simple-item\" data-td_filter_value data-td_block_id=\"td_uid_1_69d4da6515f2e\" href=\"https:\/\/www.tvbuzau.ro\/buzoienii-rugati-sa-salveze-un-tatic-cu-copil\/\">ARTICOLE SIMILARE<\/a><a id=\"td_uid_3_69d4da651f140\" class=\"td-related-right\" data-td_filter_value=\"td_related_more_from_author\" data-td_block_id=\"td_uid_1_69d4da6515f2e\" href=\"https:\/\/www.tvbuzau.ro\/buzoienii-rugati-sa-salveze-un-tatic-cu-copil\/\">DE LA ACELA\u0218I AUTOR<\/a><\/h4>\n<div id=\"td_uid_1_69d4da6515f2e\" class=\"td_block_inner\">\n<div class=\"td-related-row\">\n<div class=\"td-related-span4\">\n<div class=\"td_module_related_posts td-animation-stack td_mod_related_posts\">\n<div class=\"td-module-image\">\n<div class=\"td-module-thumb\"><a href=\"https:\/\/www.tvbuzau.ro\/izvoare-de-lumina-icoane-si-oua-incondeiate-2\/\" rel=\"bookmark\" title=\"\u201eIzvoare de lumin\u0103: icoane \u0219i ou\u0103 \u00eencondeiate\u201d,\"><img loading=\"lazy\" decoding=\"async\" width=\"218\" height=\"150\" class=\"entry-thumb\" src=\"https:\/\/www.tvbuzau.ro\/wp-content\/uploads\/2026\/04\/sddefault-9-218x150.jpg\" alt title=\"\u201eIzvoare de lumin\u0103: icoane \u0219i ou\u0103 \u00eencondeiate\u201d,\"><span class=\"td-video-play-ico\"><img loading=\"lazy\" decoding=\"async\" width=\"40\" height=\"40\" class=\"td-retina\" src=\"https:\/\/www.tvbuzau.ro\/wp-content\/themes\/Newspaper\/images\/icons\/ico-video-large.png\" alt=\"video\"><\/span><\/a><\/div>\n<p><a href=\"https:\/\/www.tvbuzau.ro\/category\/actualitate\/\" class=\"td-post-category\">Actualitate<\/a><\/div>\n<div class=\"item-details\">\n<h3 class=\"entry-title td-module-title\"><a href=\"https:\/\/www.tvbuzau.ro\/izvoare-de-lumina-icoane-si-oua-incondeiate-2\/\" rel=\"bookmark\" title=\"\u201eIzvoare de lumin\u0103: icoane \u0219i ou\u0103 \u00eencondeiate\u201d,\">\u201eIzvoare de lumin\u0103: icoane \u0219i ou\u0103 \u00eencondeiate\u201d,<\/a><\/h3>\n<\/div>\n<\/div>\n<\/div>\n<div class=\"td-related-span4\">\n<div class=\"td_module_related_posts td-animation-stack td_mod_related_posts\">\n<div class=\"td-module-image\">\n<div class=\"td-module-thumb\"><a href=\"https:\/\/www.tvbuzau.ro\/peste-200-de-soiui-de-plante-vor-fi-regenerate-la-banca-de-resurse-vegetale\/\" rel=\"bookmark\" title=\"Peste 200 de soiui de plante vor fi regenerate la Banca de Resurse Vegetale\"><img loading=\"lazy\" decoding=\"async\" width=\"218\" height=\"150\" class=\"entry-thumb\" src=\"https:\/\/www.tvbuzau.ro\/wp-content\/uploads\/2026\/04\/sddefault-8-218x150.jpg\" alt title=\"Peste 200 de soiui de plante vor fi regenerate la Banca de Resurse Vegetale\"><span class=\"td-video-play-ico\"><img loading=\"lazy\" decoding=\"async\" width=\"40\" height=\"40\" class=\"td-retina\" src=\"https:\/\/www.tvbuzau.ro\/wp-content\/themes\/Newspaper\/images\/icons\/ico-video-large.png\" alt=\"video\"><\/span><\/a><\/div>\n<p><a href=\"https:\/\/www.tvbuzau.ro\/category\/actualitate\/\" class=\"td-post-category\">Actualitate<\/a><\/div>\n<div class=\"item-details\">\n<h3 class=\"entry-title td-module-title\"><a href=\"https:\/\/www.tvbuzau.ro\/peste-200-de-soiui-de-plante-vor-fi-regenerate-la-banca-de-resurse-vegetale\/\" rel=\"bookmark\" title=\"Peste 200 de soiui de plante vor fi regenerate la Banca de Resurse Vegetale\">Peste 200 de soiui de plante vor fi regenerate la Banca de Resurse Vegetale<\/a><\/h3>\n<\/div>\n<\/div>\n<\/div>\n<div class=\"td-related-span4\">\n<div class=\"td_module_related_posts td-animation-stack td_mod_related_posts\">\n<div class=\"td-module-image\">\n<div class=\"td-module-thumb\"><a href=\"https:\/\/www.tvbuzau.ro\/scdl-a-dat-startul-vazarilor-la-rasaduri\/\" rel=\"bookmark\" title=\"SCDL a dat startul v\u00e2z\u0103rilor la r\u0103saduri\"><img loading=\"lazy\" decoding=\"async\" width=\"218\" height=\"150\" class=\"entry-thumb\" src=\"https:\/\/www.tvbuzau.ro\/wp-content\/uploads\/2026\/04\/sddefault-7-218x150.jpg\" alt title=\"SCDL a dat startul v\u00e2z\u0103rilor la r\u0103saduri\"><span class=\"td-video-play-ico\"><img loading=\"lazy\" decoding=\"async\" width=\"40\" height=\"40\" class=\"td-retina\" src=\"https:\/\/www.tvbuzau.ro\/wp-content\/themes\/Newspaper\/images\/icons\/ico-video-large.png\" alt=\"video\"><\/span><\/a><\/div>\n<p><a href=\"https:\/\/www.tvbuzau.ro\/category\/actualitate\/\" class=\"td-post-category\">Actualitate<\/a><\/div>\n<div class=\"item-details\">\n<h3 class=\"entry-title td-module-title\"><a href=\"https:\/\/www.tvbuzau.ro\/scdl-a-dat-startul-vazarilor-la-rasaduri\/\" rel=\"bookmark\" title=\"SCDL a dat startul v\u00e2z\u0103rilor la r\u0103saduri\">SCDL a dat startul v\u00e2z\u0103rilor la r\u0103saduri<\/a><\/h3>\n<\/div>\n<\/div>\n<\/div>\n<\/div>\n<div class=\"td-related-row\">\n<div class=\"td-related-span4\">\n<div class=\"td_module_related_posts td-animation-stack td_mod_related_posts\">\n<div class=\"td-module-image\">\n<div class=\"td-module-thumb\"><a href=\"https:\/\/www.tvbuzau.ro\/dsv-verifica-alimentele-in-piete-si-magazine\/\" rel=\"bookmark\" title=\"DSV verific\u0103 alimentele \u00een pie\u0163e \u015fi magazine\"><img loading=\"lazy\" decoding=\"async\" width=\"218\" height=\"150\" class=\"entry-thumb\" src=\"https:\/\/www.tvbuzau.ro\/wp-content\/uploads\/2026\/04\/sddefault-6-218x150.jpg\" alt title=\"DSV verific\u0103 alimentele \u00een pie\u0163e \u015fi magazine\"><span class=\"td-video-play-ico\"><img loading=\"lazy\" decoding=\"async\" width=\"40\" height=\"40\" class=\"td-retina\" src=\"https:\/\/www.tvbuzau.ro\/wp-content\/themes\/Newspaper\/images\/icons\/ico-video-large.png\" alt=\"video\"><\/span><\/a><\/div>\n<p><a href=\"https:\/\/www.tvbuzau.ro\/category\/actualitate\/\" class=\"td-post-category\">Actualitate<\/a><\/div>\n<div class=\"item-details\">\n<h3 class=\"entry-title td-module-title\"><a href=\"https:\/\/www.tvbuzau.ro\/dsv-verifica-alimentele-in-piete-si-magazine\/\" rel=\"bookmark\" title=\"DSV verific\u0103 alimentele \u00een pie\u0163e \u015fi magazine\">DSV verific\u0103 alimentele \u00een pie\u0163e \u015fi magazine<\/a><\/h3>\n<\/div>\n<\/div>\n<\/div>\n<div class=\"td-related-span4\">\n<div class=\"td_module_related_posts td-animation-stack td_mod_related_posts\">\n<div class=\"td-module-image\">\n<div class=\"td-module-thumb\"><a href=\"https:\/\/www.tvbuzau.ro\/peste-200-de-politistii-la-datorie-in-weekendul-floriilor\/\" rel=\"bookmark\" title=\"Peste 200 de politistii la datorie in weekendul Floriilor\"><img loading=\"lazy\" decoding=\"async\" width=\"218\" height=\"150\" class=\"entry-thumb\" src=\"https:\/\/www.tvbuzau.ro\/wp-content\/uploads\/2026\/04\/hqdefault-11-218x150.jpg\" alt title=\"Peste 200 de politistii la datorie in weekendul Floriilor\"><span class=\"td-video-play-ico\"><img loading=\"lazy\" decoding=\"async\" width=\"40\" height=\"40\" class=\"td-retina\" src=\"https:\/\/www.tvbuzau.ro\/wp-content\/themes\/Newspaper\/images\/icons\/ico-video-large.png\" alt=\"video\"><\/span><\/a><\/div>\n<p><a href=\"https:\/\/www.tvbuzau.ro\/category\/actualitate\/\" class=\"td-post-category\">Actualitate<\/a><\/div>\n<div class=\"item-details\">\n<h3 class=\"entry-title td-module-title\"><a href=\"https:\/\/www.tvbuzau.ro\/peste-200-de-politistii-la-datorie-in-weekendul-floriilor\/\" rel=\"bookmark\" title=\"Peste 200 de politistii la datorie in weekendul Floriilor\">Peste 200 de politistii la datorie in weekendul Floriilor<\/a><\/h3>\n<\/div>\n<\/div>\n<\/div>\n<div class=\"td-related-span4\">\n<div class=\"td_module_related_posts td-animation-stack td_mod_related_posts\">\n<div class=\"td-module-image\">\n<div class=\"td-module-thumb\"><a href=\"https:\/\/www.tvbuzau.ro\/constantin-toma-prezent-in-suedia\/\" rel=\"bookmark\" title=\"Constantin Toma prezent \u00een Suedia\"><img loading=\"lazy\" decoding=\"async\" width=\"218\" height=\"150\" class=\"entry-thumb\" src=\"https:\/\/www.tvbuzau.ro\/wp-content\/uploads\/2026\/04\/hqdefault-10-218x150.jpg\" alt title=\"Constantin Toma prezent \u00een Suedia\"><span class=\"td-video-play-ico\"><img loading=\"lazy\" decoding=\"async\" width=\"40\" height=\"40\" class=\"td-retina\" src=\"https:\/\/www.tvbuzau.ro\/wp-content\/themes\/Newspaper\/images\/icons\/ico-video-large.png\" alt=\"video\"><\/span><\/a><\/div>\n<p><a href=\"https:\/\/www.tvbuzau.ro\/category\/actualitate\/\" class=\"td-post-category\">Actualitate<\/a><\/div>\n<div class=\"item-details\">\n<h3 class=\"entry-title td-module-title\"><a href=\"https:\/\/www.tvbuzau.ro\/constantin-toma-prezent-in-suedia\/\" rel=\"bookmark\" title=\"Constantin Toma prezent \u00een Suedia\">Constantin Toma prezent \u00een Suedia<\/a><\/h3>\n<\/div>\n<\/div>\n<\/div>\n<\/div>\n<\/div>\n<\/div>\n<div class=\"comments\" id=\"comments\">\n<div id=\"respond\" class=\"comment-respond\">\n<h3 id=\"reply-title\" class=\"comment-reply-title\">L\u0102SA\u021aI UN MESAJ <small><a rel=\"nofollow\" id=\"cancel-comment-reply-link\" href=\"https:\/\/www.tvbuzau.ro\/buzoienii-rugati-sa-salveze-un-tatic-cu-copil\/#respond\">Renun\u021ba\u021bi la r\u0103spuns<\/a><\/small><\/h3>\n<\/div>\n<\/div>\n<\/div>\n<div class=\"td-post-content\">\n<div class=\"td-featured-image-rec\">\n<div class=\"wpb_video_wrapper\">\n                    <iframe loading=\"lazy\" id=\"td_youtube_player\" width=\"600\" height=\"560\" src=\"https:\/\/www.youtube.com\/embed\/lwUNI8jllLs?enablejsapi=1&amp;feature=oembed&amp;wmode=opaque&amp;vq=hd720\" frameborder allowfullscreen><\/iframe><\/p><\/div>\n<\/div>\n<p>Sufer\u0103 de o afec\u0163iune grav\u0103<br \/>\nGheorghe Fronie are 28 de ani \u015fi este tat\u0103l unui b\u0103ie\u0163el de 6 ani. Din nefericire, t\u00e2n\u0103rul  fost dignosticat cu boala Limfom hodkins scleroza nodulara (Leucemie) din martie 2023.<br \/>\nCu dificultate a reu\u015fit s\u0103 plece \u00een Italia pentru a face transplant de m\u0103duv\u0103, pentru c\u0103 \u00een Rom\u00e2nia \u0219ansele erau foarte mici.  Din nefericire costurile tratamentelor sunt ridicate motiv pentru care t\u00e2n\u0103rul s-a re\u00eentors \u00een \u0163ar\u0103 unde este internat \u00eentr-un spital din Capital\u0103. Pentru a reu\u015fit s\u0103 continue tratametele, t\u00e2n\u0103rul tat\u0103 are nevoie de sprijin financiar.<br \/>\nPentru cei care doresc s\u0103 \u00eentind\u0103 o m\u00e2n\u0103 de ajutor, exist\u0103 un cont disponibil pe numele Alina Neagu.<\/p>\n<p>RO24 REVO 0000 1712 2379 4720<\/p>\n<div class=\"post-views post-118660 entry-meta\"><span class=\"post-views-label\">Post Views: <\/span><span class=\"post-views-count\">189<\/span><\/div>\n<\/div>\n<p>[analyse_source url=&#8221;https:\/\/www.tvbuzau.ro\/buzoienii-rugati-sa-salveze-un-tatic-cu-copil\/&#8221;]<\/p>\n","protected":false},"excerpt":{"rendered":"<p>[analyse_image type=&#8221;featured&#8221; src=&#8221;https:\/\/www.tvbuzau.ro\/wp-content\/uploads\/2026\/04\/sddefault-10.jpghttps:\/\/www.tvbuzau.ro\/wp-content\/uploads\/2026\/04\/sddefault-10.jpg&#8221;] Actualitate Buzoienii ruga\u0163i s\u0103 salveze un t\u0103tic cu copil De c\u0103tre TV Buz\u0103u &#8211; aprilie 6, 2026 0 32 Distribui\u021bi pe Facebook Distribui\u021bi pe Twitter tweet Sufer\u0103 de o afec\u0163iune grav\u0103 Gheorghe Fronie are 28 de ani \u015fi este tat\u0103l unui b\u0103ie\u0163el de 6 ani. Din nefericire, t\u00e2n\u0103rul fost dignosticat cu boala [&hellip;]<\/p>\n","protected":false},"author":1,"featured_media":0,"comment_status":"open","ping_status":"","sticky":false,"template":"","format":"standard","meta":{"footnotes":""},"categories":[2],"tags":[226,116],"class_list":["post-1869436","post","type-post","status-publish","format-standard","hentry","category-politics","tag-crawlmanager","tag-tvbuzau-ro"],"_links":{"self":[{"href":"https:\/\/analyse.optim.biz\/index.php?rest_route=\/wp\/v2\/posts\/1869436","targetHints":{"allow":["GET"]}}],"collection":[{"href":"https:\/\/analyse.optim.biz\/index.php?rest_route=\/wp\/v2\/posts"}],"about":[{"href":"https:\/\/analyse.optim.biz\/index.php?rest_route=\/wp\/v2\/types\/post"}],"author":[{"embeddable":true,"href":"https:\/\/analyse.optim.biz\/index.php?rest_route=\/wp\/v2\/users\/1"}],"replies":[{"embeddable":true,"href":"https:\/\/analyse.optim.biz\/index.php?rest_route=%2Fwp%2Fv2%2Fcomments&post=1869436"}],"version-history":[{"count":0,"href":"https:\/\/analyse.optim.biz\/index.php?rest_route=\/wp\/v2\/posts\/1869436\/revisions"}],"wp:attachment":[{"href":"https:\/\/analyse.optim.biz\/index.php?rest_route=%2Fwp%2Fv2%2Fmedia&parent=1869436"}],"wp:term":[{"taxonomy":"category","embeddable":true,"href":"https:\/\/analyse.optim.biz\/index.php?rest_route=%2Fwp%2Fv2%2Fcategories&post=1869436"},{"taxonomy":"post_tag","embeddable":true,"href":"https:\/\/analyse.optim.biz\/index.php?rest_route=%2Fwp%2Fv2%2Ftags&post=1869436"}],"curies":[{"name":"wp","href":"https:\/\/api.w.org\/{rel}","templated":true}]}}