{"id":186942,"date":"2015-02-04T18:03:58","date_gmt":"2015-02-04T15:03:58","guid":{"rendered":"https:\/\/analyse.optim.biz\/?p=186942"},"modified":"2015-02-04T18:03:58","modified_gmt":"2015-02-04T15:03:58","slug":"guvernul-nu-a-discutat-scrisoarea-deschisa-a-alinei-gorghiu-privind-stabilirea-alegerilor-locale-partiale","status":"publish","type":"post","link":"https:\/\/analyse.optim.biz\/?p=186942","title":{"rendered":"Guvernul nu a discutat scrisoarea deschis\u0103 a Alinei Gorghiu privind stabilirea alegerilor locale par\u0163iale"},"content":{"rendered":"<div class=\"entry data-app-meta data-app-meta-article\" data-embed-base-url-canonical=\"https:\/\/www.digi24.ro\/embed\/stiri\/actualitate\/politica\/guvernul-nu-a-discutat-scrisoarea-deschisa-a-alinei-gorghiu-privind-stabilirea-alegerilor-locale-partiale-355765\">\n<p data-index=\"1\">\u00a0<img decoding=\"async\" src=\"https:\/\/analyse.optim.biz\/wp-content\/uploads\/2024\/09\/dz04mdamagfzad1jmdliytk0ytbmztk4mjgzzdhjntnlmgzimdjinda5nw-thumb_.jpg\" data-skip-htmlfix=\"1\" title=\"dz04mdamagfzad1jmdliytk0ytbmztk4mjgzzdhjntnlmgzimdjinda5nw-thumb_\"><\/p>\n<p data-index=\"2\"><em>Foto: gov.ro<\/em><\/p>\n<p data-index=\"3\">\u201e<span>\u00cen \u015fedin\u0163a Guvernului de ast\u0103zi nu s-a abordat tema fix\u0103rii datei pentru alegeri par\u0163iale pentru administra\u0163ia local\u0103 \u015fi parlamentari\u201d, a afirmat purt\u0103torul de cuv\u00e2nt al Guvernului.<\/span><\/p>\n<p data-index=\"4\"><a href=\"https:\/\/www.digi24.ro\/Stiri\/Digi24\/Actualitate\/Politica\/Alina+Gorghiu+Victor+Ponta+alegeri+partiale\" data-skip-linkfix=\"1\">\u00cen urm\u0103 cu o zi, copre\u015fedintele PNL\u00a0Alina Gorghiu\u00a0i-a trimis o scrisoare deschis\u0103 liderului PSD<\/a>, premierului\u00a0Victor Ponta, \u00een care \u00eei cerea ca, \u00een \u015fedin\u0163a de guvern de s\u0103pt\u0103m\u00e2na aceasta, s\u0103 decid\u0103 privind organizarea alegerilor par\u0163iale, \u00een caz contrar liberalii urm\u00e2nd c\u0103 atace \u00een contencios administrativ acest refuz.<\/p>\n<p data-index=\"5\">La nivelul Guvernului sunt analizate, conform unor surse oficiale, datele de 22 martie sau 29 martie 2015 pentru organizarea acestor alegeri, dar \u00een \u015fedin\u0163a de miercuri nu a fost adoptat\u0103 nicio decizie \u00een acest sens.<\/p>\n<\/div>\n<p> Source URL: https:\/\/www.digi24.ro\/stiri\/actualitate\/politica\/guvernul-nu-a-discutat-scrisoarea-deschisa-a-alinei-gorghiu-privind-stabilirea-alegerilor-locale-partiale-355765<\/p>\n","protected":false},"excerpt":{"rendered":"<p>\u00a0 Foto: gov.ro \u201e\u00cen \u015fedin\u0163a Guvernului de ast\u0103zi nu s-a abordat tema fix\u0103rii datei pentru alegeri par\u0163iale pentru administra\u0163ia local\u0103 \u015fi parlamentari\u201d, a afirmat purt\u0103torul de cuv\u00e2nt al Guvernului. \u00cen urm\u0103 cu o zi, copre\u015fedintele PNL\u00a0Alina Gorghiu\u00a0i-a trimis o scrisoare deschis\u0103 liderului PSD, premierului\u00a0Victor Ponta, \u00een care \u00eei cerea ca, \u00een \u015fedin\u0163a de guvern de [&hellip;]<\/p>\n","protected":false},"author":1,"featured_media":186943,"comment_status":"open","ping_status":"","sticky":false,"template":"","format":"standard","meta":{"footnotes":""},"categories":[2],"tags":[11],"class_list":["post-186942","post","type-post","status-publish","format-standard","has-post-thumbnail","hentry","category-politics","tag-digi24"],"_links":{"self":[{"href":"https:\/\/analyse.optim.biz\/index.php?rest_route=\/wp\/v2\/posts\/186942","targetHints":{"allow":["GET"]}}],"collection":[{"href":"https:\/\/analyse.optim.biz\/index.php?rest_route=\/wp\/v2\/posts"}],"about":[{"href":"https:\/\/analyse.optim.biz\/index.php?rest_route=\/wp\/v2\/types\/post"}],"author":[{"embeddable":true,"href":"https:\/\/analyse.optim.biz\/index.php?rest_route=\/wp\/v2\/users\/1"}],"replies":[{"embeddable":true,"href":"https:\/\/analyse.optim.biz\/index.php?rest_route=%2Fwp%2Fv2%2Fcomments&post=186942"}],"version-history":[{"count":0,"href":"https:\/\/analyse.optim.biz\/index.php?rest_route=\/wp\/v2\/posts\/186942\/revisions"}],"wp:featuredmedia":[{"embeddable":true,"href":"https:\/\/analyse.optim.biz\/index.php?rest_route=\/wp\/v2\/media\/186943"}],"wp:attachment":[{"href":"https:\/\/analyse.optim.biz\/index.php?rest_route=%2Fwp%2Fv2%2Fmedia&parent=186942"}],"wp:term":[{"taxonomy":"category","embeddable":true,"href":"https:\/\/analyse.optim.biz\/index.php?rest_route=%2Fwp%2Fv2%2Fcategories&post=186942"},{"taxonomy":"post_tag","embeddable":true,"href":"https:\/\/analyse.optim.biz\/index.php?rest_route=%2Fwp%2Fv2%2Ftags&post=186942"}],"curies":[{"name":"wp","href":"https:\/\/api.w.org\/{rel}","templated":true}]}}