{"id":186931,"date":"2015-02-04T21:41:38","date_gmt":"2015-02-04T18:41:38","guid":{"rendered":"https:\/\/analyse.optim.biz\/?p=186931"},"modified":"2015-02-04T21:41:38","modified_gmt":"2015-02-04T18:41:38","slug":"elena-udrea-sunt-oameni-pe-care-ii-voi-demasca-reactia-unuia-dintre-cei-nominalizati","status":"publish","type":"post","link":"https:\/\/analyse.optim.biz\/?p=186931","title":{"rendered":"Elena Udrea: Sunt oameni pe care \u00eei voi demasca. Reac\u021bia unuia dintre cei nominaliza\u021bi"},"content":{"rendered":"<div class=\"entry data-app-meta data-app-meta-article\" data-embed-base-url-canonical=\"https:\/\/www.digi24.ro\/embed\/stiri\/actualitate\/politica\/elena-udrea-sunt-oameni-pe-care-ii-voi-demasca-reactia-unuia-dintre-cei-nominalizati-355855\">\n<p data-index=\"1\">\u201eNu numai ziari\u015fti, m\u0103 uitam la oamenii care sunt la televizor care fie c\u0103 asta e opinia lor &#8211; nu spun c\u0103 toat\u0103 lumea este sub influen\u0163a SRI, a domnului Coldea -, dar fie c\u0103 poate asta este p\u0103rerea lor, fie c\u0103 sunt trimi\u015fi acolo s\u0103 \u00eel spele pe domnul Coldea de acuza\u0163iile pe care i le-am adus, sunt oameni care nu au nicio c\u0103dere moral\u0103, niciuna, cel pu\u0163in \u00een fa\u0163a mea, s\u0103 aib\u0103 abord\u0103rile acestea at\u00e2t de ipocrite prin care slujesc chipurile institu\u0163iilor statului de drept, sunt oameni pe care \u00eei voi demasca cu lucrurile pe care le-au f\u0103cut\u201d, a spus Elena Udrea <a href=\"http:\/\/www.b1.ro\/\" target=\"_blank\" data-skip-linkfix=\"1\" rel=\"noopener\">la un post de televiziune<\/a>.<\/p>\n<p data-index=\"2\">\u201eFa\u0163\u0103 de tot acest cancer care este ast\u0103zi \u00een societatea rom\u00e2neasc\u0103, aspectele acestea sunt mai pu\u0163in importante, de\u015fi tot ce se \u00eent\u00e2mpl\u0103 \u00een spa\u0163iul public se \u00eent\u00e2mpl\u0103 \u015fi datorit\u0103 acestor oameni lipsi\u0163i de caracter, lipsi\u0163i de moralitate care c\u00e2nt\u0103 a\u015fa cum li se cere c\u00e2nd este nevoie s\u0103 apere o cauz\u0103. De fric\u0103 ap\u0103r\u0103 orice cauz\u0103 numai s\u0103 ias\u0103 bine, ei personal. Despre oamenii ace\u015ftia voi vorbi \u015fi nu sunt oameni de pres\u0103, sunt \u015fi oameni politici\u201d, a ad\u0103ugat ea.<\/p>\n<h5><a href=\"https:\/\/www.digi24.ro\/Stiri\/Digi24\/Actualitate\/Justitie\/DNA+cere+aviz+pentru+arestarea+Elenei+Udrea+in+dosarul+Gala+Bute\" target=\"_blank\" data-skip-linkfix=\"1\" rel=\"noopener\"><span>DNA cere aviz pentru arestarea Elenei Udrea \u00een dosarele Gala Bute \u0219i Microsoft<\/span><\/a><\/h5>\n<p data-index=\"3\">Solicitat\u0103 s\u0103 dea \u0219i numele unor astfel de oameni, Elena Udrea a r\u0103spuns: \u201eRaluca Turcan; al doilea nume, Valeriu Turcan, spre exemplu, Cristian Rizea de la PSD, pe ace\u015ftia i-am vazut asear\u0103, dar am destui; Domnul Oreste, un jurnalist\u201d.<\/p>\n<p data-index=\"4\">Invitat la emisiunea \u201eJurnalul de sear\u0103\u201d, Valeriu Turcan a comentat declara\u021biile Elenei Udrea.<\/p>\n<p data-index=\"5\">\u201e<span>Am ap\u0103rat un principiu: dac\u0103 tu spui, dup\u0103 opt ani \u00een care ai l\u0103udat SRI de diminea\u021ba p\u00e2n\u0103 seara, pe dl. Coldea, pe dl. Maior, c\u0103 e o problem\u0103 cu ei, c\u0103 fac poli\u021bie politic\u0103, \u00eenseamn\u0103 c\u0103 au f\u0103cut poli\u021bie politic\u0103 \u0219i \u00een ceilal\u021bi ani, deci tu ai t\u0103inuit, ai fost complice\u201d, a spus el.<br \/>\u201eEu am criticat chiar asear\u0103 SRI pentru aceast\u0103 glum\u0103 de control parlamentar. C\u00e2nd ai probleme penale acuzi, pe chestii inventate, f\u0103r\u0103 s\u0103 produci vreo dovad\u0103, un serviciu de informa\u021bii \u0219i un prim adjunct pe care acum un an \u00eei l\u0103udai? Ce s\u0103 \u00een\u021beleg, c\u0103 undeva e o problem\u0103 c\u0103 \u021bi-ai schimbat abordarea fa\u021b\u0103 de acel serviciu din cauza problemelor penale pe care le ai\u201d, a ad\u0103ugat Valeriu Turcan.<\/span><\/p>\n<\/div>\n<p> Source URL: https:\/\/www.digi24.ro\/stiri\/actualitate\/politica\/elena-udrea-sunt-oameni-pe-care-ii-voi-demasca-reactia-unuia-dintre-cei-nominalizati-355855<\/p>\n","protected":false},"excerpt":{"rendered":"<p>\u201eNu numai ziari\u015fti, m\u0103 uitam la oamenii care sunt la televizor care fie c\u0103 asta e opinia lor &#8211; nu spun c\u0103 toat\u0103 lumea este sub influen\u0163a SRI, a domnului Coldea -, dar fie c\u0103 poate asta este p\u0103rerea lor, fie c\u0103 sunt trimi\u015fi acolo s\u0103 \u00eel spele pe domnul Coldea de acuza\u0163iile pe care [&hellip;]<\/p>\n","protected":false},"author":1,"featured_media":186932,"comment_status":"open","ping_status":"","sticky":false,"template":"","format":"standard","meta":{"footnotes":""},"categories":[2],"tags":[11],"class_list":["post-186931","post","type-post","status-publish","format-standard","has-post-thumbnail","hentry","category-politics","tag-digi24"],"_links":{"self":[{"href":"https:\/\/analyse.optim.biz\/index.php?rest_route=\/wp\/v2\/posts\/186931","targetHints":{"allow":["GET"]}}],"collection":[{"href":"https:\/\/analyse.optim.biz\/index.php?rest_route=\/wp\/v2\/posts"}],"about":[{"href":"https:\/\/analyse.optim.biz\/index.php?rest_route=\/wp\/v2\/types\/post"}],"author":[{"embeddable":true,"href":"https:\/\/analyse.optim.biz\/index.php?rest_route=\/wp\/v2\/users\/1"}],"replies":[{"embeddable":true,"href":"https:\/\/analyse.optim.biz\/index.php?rest_route=%2Fwp%2Fv2%2Fcomments&post=186931"}],"version-history":[{"count":0,"href":"https:\/\/analyse.optim.biz\/index.php?rest_route=\/wp\/v2\/posts\/186931\/revisions"}],"wp:featuredmedia":[{"embeddable":true,"href":"https:\/\/analyse.optim.biz\/index.php?rest_route=\/wp\/v2\/media\/186932"}],"wp:attachment":[{"href":"https:\/\/analyse.optim.biz\/index.php?rest_route=%2Fwp%2Fv2%2Fmedia&parent=186931"}],"wp:term":[{"taxonomy":"category","embeddable":true,"href":"https:\/\/analyse.optim.biz\/index.php?rest_route=%2Fwp%2Fv2%2Fcategories&post=186931"},{"taxonomy":"post_tag","embeddable":true,"href":"https:\/\/analyse.optim.biz\/index.php?rest_route=%2Fwp%2Fv2%2Ftags&post=186931"}],"curies":[{"name":"wp","href":"https:\/\/api.w.org\/{rel}","templated":true}]}}