{"id":1869266,"date":"2026-04-07T05:34:14","date_gmt":"2026-04-07T02:34:14","guid":{"rendered":"https:\/\/analyse.optim.biz\/?p=1869266"},"modified":"2026-04-07T05:34:14","modified_gmt":"2026-04-07T02:34:14","slug":"mesaj-ro-alert-marti-7-aprilie-la-tulcea-noi-atacuri-ale-federatiei-ruse-in-apropierea-frontierei-cu-romania","status":"publish","type":"post","link":"https:\/\/analyse.optim.biz\/?p=1869266","title":{"rendered":"Mesaj RO-Alert Mar\u021bi, 7 Aprilie, la Tulcea. Noi atacuri ale Federa\u021biei Ruse \u00een apropierea frontierei cu Rom\u00e2nia"},"content":{"rendered":"<p>[analyse_image type=&#8221;featured&#8221; src=&#8221;https:\/\/dobrogeanews.b-cdn.net\/wp-content\/uploads\/2024\/10\/Romania-Radar.jpg&#8221;]<\/p>\n<div id=\"post-69741\" class=\"entry single-default post-69741 post type-post status-publish format-standard has-post-thumbnail hentry category-info\">\n<div>\n<div class=\"ss-follow-wrapper ss-clearfix ss-regular-buttons ss-columns-1 ss-default-style\">\n<div class=\"ss-follow-column\" data-ss-sf-network-id='\"facebook\"'><a href=\"https:\/\/www.facebook.com\/dobrogeanews\" class=\"ss-follow-network ss-facebook-color\" rel=\"nofollow noopener\" aria-label=\"facebook\" target=\"_blank\"><span class=\"ss-follow-network-label\">Urm\u0103re\u015fte-ne \u015fi pe Facebook!<\/span><span class=\"ss-follow-network-count\"><span class=\"ss-follow-network-count-number\">57K<\/span><span class=\"ss-follow-network-count-label\">Followers<\/span><\/span><\/a><\/div>\n<\/div>\n<\/div>\n<p>\u00cen primele ore ale zilei de mar\u021bi, 7 aprilie, for\u021bele Federa\u021biei Ruse au executat o nou\u0103 serie de atacuri cu drone asupra unor obiective civile \u0219i de infrastructur\u0103 din Ucraina, \u00een proximitatea frontierei, \u00een zona de nord a jude\u021bului Tulcea.\u00a0<\/p>\n<p>Centrul Na\u021bional Militar de Comand\u0103 (nucleu) a notificat Inspectoratul General pentru Situa\u021bii de Urgen\u021b\u0103 \u00een vederea instituirii m\u0103surilor de alertare a popula\u021biei din nordul jude\u021bului Tulcea, fiind transmis, la ora 00.58, un mesaj RO-ALERT.\u00a0<\/p>\n<p>Sistemele de ap\u0103rare antiaerian\u0103 au monitorizat dou\u0103 \u021binte aeriene care au evoluat \u00een zona de frontier\u0103, f\u0103r\u0103 s\u0103 p\u0103trund\u0103 \u00een spa\u021biul aerian na\u021bional.\u00a0<\/p>\n<figure class=\"wp-block-image size-full is-resized\">\n<source type=\"image\/webp\" data-lazy-srcset=\"https:\/\/dobrogeanews.b-cdn.net\/wp-content\/uploads\/2024\/10\/Romania-Radar.jpg.webp 2560w, https:\/\/dobrogeanews.b-cdn.net\/wp-content\/uploads\/2024\/10\/Romania-Radar-300x225.jpg.webp 300w, https:\/\/dobrogeanews.b-cdn.net\/wp-content\/uploads\/2024\/10\/Romania-Radar-1024x768.jpg.webp 1024w, https:\/\/dobrogeanews.b-cdn.net\/wp-content\/uploads\/2024\/10\/Romania-Radar-768x576.jpg.webp 768w, https:\/\/dobrogeanews.b-cdn.net\/wp-content\/uploads\/2024\/10\/Romania-Radar-1536x1152.jpg.webp 1536w, https:\/\/dobrogeanews.b-cdn.net\/wp-content\/uploads\/2024\/10\/Romania-Radar-2048x1536.jpg.webp 2048w\" sizes=\"(max-width: 640px) 100vw, 640px\" \/><br \/>\n<img loading=\"lazy\" decoding=\"async\" src=\"https:\/\/dobrogeanews.b-cdn.net\/wp-content\/uploads\/2024\/10\/Romania-Radar.jpg\" alt=\"MAPN radar\" width=\"640\" height=\"480\"><\/figure>\n<p>Alerta aerian\u0103 a \u00eencetat la ora 1.46.\u00a0For\u021bele Ministerului Ap\u0103r\u0103rii Na\u021bionale r\u0103m\u00e2n \u00een continuare vigilente, men\u021bin\u00e2nd m\u0103surile de supraveghere \u0219i coordonare necesare pentru protejarea popula\u021biei \u0219i a teritoriului na\u021bional.<\/p>\n<div class=\"monsterinsights-inline-popular-posts monsterinsights-inline-popular-posts-charlie monsterinsights-popular-posts-styled\">\n<div class=\"monsterinsights-inline-popular-posts-text\"><span class=\"monsterinsights-inline-popular-posts-label\">Vezi \u0219i:<\/span><\/p>\n<div class=\"monsterinsights-inline-popular-posts-post\"><a class=\"monsterinsights-inline-popular-posts-title\" href=\"https:\/\/www.dobrogeanews.ro\/la-babadag-eleviii-continua-sa-primeasca-pachetele-alimentare-prin-programul-national-masa-sanatoasa\/\">La Babadag, elevii continu\u0103 s\u0103 primeasc\u0103 pachetele alimentare prin Programul Na\u021bional \u201eMas\u0103 s\u0103n\u0103toas\u0103\u201d<\/a><\/div>\n<div class=\"monsterinsights-inline-popular-posts-post\"><a class=\"monsterinsights-inline-popular-posts-title\" href=\"https:\/\/www.dobrogeanews.ro\/la-baia-taxa-de-habitat-a-ramas-15-lei-luna-pers-adica-180-lei-an-am-votat-aplicarea-cotelor-minime-permise\/\">La Baia, taxa de habitat a r\u0103mas 15 lei\/lun\u0103\/pers, adic\u0103, 180 lei\/an. \u201eAm votat aplicarea cotelor minime permise\u201d<\/a><\/div>\n<div class=\"monsterinsights-inline-popular-posts-post\"><a class=\"monsterinsights-inline-popular-posts-title\" href=\"https:\/\/www.dobrogeanews.ro\/tulcea-noile-tarife-pentru-transport-public-rutier-si-naval\/\">Tulcea: Noile tarife pentru transport public (rutier \u0219i naval)<\/a><\/div>\n<\/div>\n<\/div>\n<p class=\"has-text-align-center has-white-color has-text-color has-background\"><span><a href=\"https:\/\/news.google.com\/publications\/CAAqBwgKMIu5pgsw88O-Aw?ceid=RO:ro&amp;oc=3\">Urm\u0103ri\u0163i \u015etirile Dobrogeanews \u015fi pe Google News<\/a><\/span><\/p>\n<\/div>\n<div id=\"post-69741\" class=\"entry single-default post-69741 post type-post status-publish format-standard has-post-thumbnail hentry category-info\">\n<div>\n<div class=\"ss-follow-wrapper ss-clearfix ss-regular-buttons ss-columns-1 ss-default-style\">\n<div class=\"ss-follow-column\" data-ss-sf-network-id='\"facebook\"'><a href=\"https:\/\/www.facebook.com\/dobrogeanews\" class=\"ss-follow-network ss-facebook-color\" rel=\"nofollow noopener\" aria-label=\"facebook\" target=\"_blank\"><span class=\"ss-follow-network-label\">Urm\u0103re\u015fte-ne \u015fi pe Facebook!<\/span><span class=\"ss-follow-network-count\"><span class=\"ss-follow-network-count-number\">57K<\/span><span class=\"ss-follow-network-count-label\">Followers<\/span><\/span><\/a><\/div>\n<\/div>\n<\/div>\n<p>\u00cen primele ore ale zilei de mar\u021bi, 7 aprilie, for\u021bele Federa\u021biei Ruse au executat o nou\u0103 serie de atacuri cu drone asupra unor obiective civile \u0219i de infrastructur\u0103 din Ucraina, \u00een proximitatea frontierei, \u00een zona de nord a jude\u021bului Tulcea.\u00a0<\/p>\n<p>Centrul Na\u021bional Militar de Comand\u0103 (nucleu) a notificat Inspectoratul General pentru Situa\u021bii de Urgen\u021b\u0103 \u00een vederea instituirii m\u0103surilor de alertare a popula\u021biei din nordul jude\u021bului Tulcea, fiind transmis, la ora 00.58, un mesaj RO-ALERT.\u00a0<\/p>\n<p>Sistemele de ap\u0103rare antiaerian\u0103 au monitorizat dou\u0103 \u021binte aeriene care au evoluat \u00een zona de frontier\u0103, f\u0103r\u0103 s\u0103 p\u0103trund\u0103 \u00een spa\u021biul aerian na\u021bional.\u00a0<\/p>\n<figure class=\"wp-block-image size-full is-resized\">\n<source type=\"image\/webp\" data-lazy-srcset=\"https:\/\/dobrogeanews.b-cdn.net\/wp-content\/uploads\/2024\/10\/Romania-Radar.jpg.webp 2560w, https:\/\/dobrogeanews.b-cdn.net\/wp-content\/uploads\/2024\/10\/Romania-Radar-300x225.jpg.webp 300w, https:\/\/dobrogeanews.b-cdn.net\/wp-content\/uploads\/2024\/10\/Romania-Radar-1024x768.jpg.webp 1024w, https:\/\/dobrogeanews.b-cdn.net\/wp-content\/uploads\/2024\/10\/Romania-Radar-768x576.jpg.webp 768w, https:\/\/dobrogeanews.b-cdn.net\/wp-content\/uploads\/2024\/10\/Romania-Radar-1536x1152.jpg.webp 1536w, https:\/\/dobrogeanews.b-cdn.net\/wp-content\/uploads\/2024\/10\/Romania-Radar-2048x1536.jpg.webp 2048w\" sizes=\"(max-width: 640px) 100vw, 640px\" \/><br \/>\n<img loading=\"lazy\" decoding=\"async\" src=\"https:\/\/dobrogeanews.b-cdn.net\/wp-content\/uploads\/2024\/10\/Romania-Radar.jpg\" alt=\"MAPN radar\" width=\"640\" height=\"480\"><\/figure>\n<p>Alerta aerian\u0103 a \u00eencetat la ora 1.46.\u00a0For\u021bele Ministerului Ap\u0103r\u0103rii Na\u021bionale r\u0103m\u00e2n \u00een continuare vigilente, men\u021bin\u00e2nd m\u0103surile de supraveghere \u0219i coordonare necesare pentru protejarea popula\u021biei \u0219i a teritoriului na\u021bional.<\/p>\n<div class=\"monsterinsights-inline-popular-posts monsterinsights-inline-popular-posts-charlie monsterinsights-popular-posts-styled\">\n<div class=\"monsterinsights-inline-popular-posts-text\"><span class=\"monsterinsights-inline-popular-posts-label\">Vezi \u0219i:<\/span><\/p>\n<div class=\"monsterinsights-inline-popular-posts-post\"><a class=\"monsterinsights-inline-popular-posts-title\" href=\"https:\/\/www.dobrogeanews.ro\/la-babadag-eleviii-continua-sa-primeasca-pachetele-alimentare-prin-programul-national-masa-sanatoasa\/\">La Babadag, elevii continu\u0103 s\u0103 primeasc\u0103 pachetele alimentare prin Programul Na\u021bional \u201eMas\u0103 s\u0103n\u0103toas\u0103\u201d<\/a><\/div>\n<div class=\"monsterinsights-inline-popular-posts-post\"><a class=\"monsterinsights-inline-popular-posts-title\" href=\"https:\/\/www.dobrogeanews.ro\/la-baia-taxa-de-habitat-a-ramas-15-lei-luna-pers-adica-180-lei-an-am-votat-aplicarea-cotelor-minime-permise\/\">La Baia, taxa de habitat a r\u0103mas 15 lei\/lun\u0103\/pers, adic\u0103, 180 lei\/an. \u201eAm votat aplicarea cotelor minime permise\u201d<\/a><\/div>\n<div class=\"monsterinsights-inline-popular-posts-post\"><a class=\"monsterinsights-inline-popular-posts-title\" href=\"https:\/\/www.dobrogeanews.ro\/tulcea-noile-tarife-pentru-transport-public-rutier-si-naval\/\">Tulcea: Noile tarife pentru transport public (rutier \u0219i naval)<\/a><\/div>\n<\/div>\n<\/div>\n<p class=\"has-text-align-center has-white-color has-text-color has-background\"><span><a href=\"https:\/\/news.google.com\/publications\/CAAqBwgKMIu5pgsw88O-Aw?ceid=RO:ro&amp;oc=3\">Urm\u0103ri\u0163i \u015etirile Dobrogeanews \u015fi pe Google News<\/a><\/span><\/p>\n<\/div>\n<p>[analyse_source url=&#8221;https:\/\/www.dobrogeanews.ro\/mesaj-ro-alert-marti-7-aprilie-la-tulcea-noi-atacuri-ale-federatiei-ruse-in-apropierea-frontierei-cu-romania\/&#8221;]<\/p>\n","protected":false},"excerpt":{"rendered":"<p>[analyse_image type=&#8221;featured&#8221; src=&#8221;https:\/\/dobrogeanews.b-cdn.net\/wp-content\/uploads\/2024\/10\/Romania-Radar.jpg&#8221;] Urm\u0103re\u015fte-ne \u015fi pe Facebook!57KFollowers \u00cen primele ore ale zilei de mar\u021bi, 7 aprilie, for\u021bele Federa\u021biei Ruse au executat o nou\u0103 serie de atacuri cu drone asupra unor obiective civile \u0219i de infrastructur\u0103 din Ucraina, \u00een proximitatea frontierei, \u00een zona de nord a jude\u021bului Tulcea.\u00a0 Centrul Na\u021bional Militar de Comand\u0103 (nucleu) a notificat [&hellip;]<\/p>\n","protected":false},"author":1,"featured_media":0,"comment_status":"open","ping_status":"","sticky":false,"template":"","format":"standard","meta":{"footnotes":""},"categories":[89],"tags":[226,223],"class_list":["post-1869266","post","type-post","status-publish","format-standard","hentry","category-romania","tag-crawlmanager","tag-dobrogeanews-ro"],"_links":{"self":[{"href":"https:\/\/analyse.optim.biz\/index.php?rest_route=\/wp\/v2\/posts\/1869266","targetHints":{"allow":["GET"]}}],"collection":[{"href":"https:\/\/analyse.optim.biz\/index.php?rest_route=\/wp\/v2\/posts"}],"about":[{"href":"https:\/\/analyse.optim.biz\/index.php?rest_route=\/wp\/v2\/types\/post"}],"author":[{"embeddable":true,"href":"https:\/\/analyse.optim.biz\/index.php?rest_route=\/wp\/v2\/users\/1"}],"replies":[{"embeddable":true,"href":"https:\/\/analyse.optim.biz\/index.php?rest_route=%2Fwp%2Fv2%2Fcomments&post=1869266"}],"version-history":[{"count":0,"href":"https:\/\/analyse.optim.biz\/index.php?rest_route=\/wp\/v2\/posts\/1869266\/revisions"}],"wp:attachment":[{"href":"https:\/\/analyse.optim.biz\/index.php?rest_route=%2Fwp%2Fv2%2Fmedia&parent=1869266"}],"wp:term":[{"taxonomy":"category","embeddable":true,"href":"https:\/\/analyse.optim.biz\/index.php?rest_route=%2Fwp%2Fv2%2Fcategories&post=1869266"},{"taxonomy":"post_tag","embeddable":true,"href":"https:\/\/analyse.optim.biz\/index.php?rest_route=%2Fwp%2Fv2%2Ftags&post=1869266"}],"curies":[{"name":"wp","href":"https:\/\/api.w.org\/{rel}","templated":true}]}}