{"id":1869256,"date":"2026-04-07T04:25:27","date_gmt":"2026-04-07T01:25:27","guid":{"rendered":"https:\/\/analyse.optim.biz\/?p=1869256"},"modified":"2026-04-07T04:25:27","modified_gmt":"2026-04-07T01:25:27","slug":"programul-targului-de-paste-timisoara-continua-pana-in-14-aprilie-cu-muzica-si-evenimente-speciale-dedicate-intregii-comunitati","status":"publish","type":"post","link":"https:\/\/analyse.optim.biz\/?p=1869256","title":{"rendered":"Programul T\u00e2rgului de Pa\u0219te Timi\u0219oara continu\u0103 p\u00e2n\u0103 \u00een 14 aprilie cu muzic\u0103 \u0219i evenimente speciale dedicate \u00eentregii comunit\u0103\u021bi."},"content":{"rendered":"<p>[analyse_image type=&#8221;featured&#8221; src=&#8221;https:\/\/focustim.ro\/wp-content\/uploads\/2025\/03\/targ-paste-timisoara.jpeg&#8221;]<\/p>\n<article id=\"post-39903\" class=\"penci-single-artcontent noloaddisqus post-39903 post type-post status-publish format-standard has-post-thumbnail hentry category-actualitate category-administratie category-featured tag-paste tag-targ penci-post-item\">\n<header class=\"entry-header penci-entry-header penci-title-\">\n<div class=\"penci-entry-categories\"><span class=\"penci-cat-links\"><a href=\"https:\/\/focustim.ro\/category\/actualitate\/\" rel=\"category tag\">Actualitate<\/a><a href=\"https:\/\/focustim.ro\/category\/administratie\/\" rel=\"category tag\">Administra\u021bie<\/a><a href=\"https:\/\/focustim.ro\/category\/featured\/\" rel=\"category tag\">Featured<\/a><\/span><\/div>\n<h1 class=\"entry-title penci-entry-title penci-title-\">Programul T\u00e2rgului de Pa\u0219te Timi\u0219oara continu\u0103 p\u00e2n\u0103 \u00een 14 aprilie cu muzic\u0103 \u0219i evenimente speciale dedicate \u00eentregii comunit\u0103\u021bi.<\/h1>\n<div class=\"entry-meta penci-entry-meta\"><span class=\"entry-meta-item penci-posted-on\"><time class=\"entry-date published\" datetime=\"2026-04-07T07:25:27+03:00\">07\/04\/2026<\/time><time class=\"updated\" datetime=\"2026-04-07T07:25:32+03:00\">07\/04\/2026<\/time><\/span><span class=\"entry-meta-item penci-comment-count\"><a class=\"penci_pmeta-link\" href=\"https:\/\/focustim.ro\/programul-targului-de-paste-timisoara-continua-pana-in-14-aprilie-cu-muzica-si-evenimente-speciale-dedicate-intregii-comunitati\/#respond\">0<\/a><\/span><\/div>\n<p><span class=\"penci-social-buttons penci-social-share-footer\"><span class=\"penci-social-share-text\">Distribuie<\/span><a href=\"https:\/\/focustim.ro\/programul-targului-de-paste-timisoara-continua-pana-in-14-aprilie-cu-muzica-si-evenimente-speciale-dedicate-intregii-comunitati\/\" class=\"penci-post-like penci_post-meta_item  single-like-button penci-social-item like\" data-post_id=\"39903\" title=\"Like\" data-like=\"Like\" data-unlike=\"Unlike\"><span class=\"penci-share-number\">0<\/span><\/a><\/span><\/header>\n<div class=\"entry-media penci-entry-media\">\n<div class=\"post-format-meta \">\n<div class=\"post-image penci-standard-format\"><img decoding=\"async\" width=\"275\" height=\"183\" src=\"https:\/\/focustim.ro\/wp-content\/uploads\/2025\/03\/targ-paste-timisoara.jpeg\" class=\"attachment-penci-thumb-960-auto size-penci-thumb-960-auto wp-post-image\" alt loading=\"lazy\"><\/div>\n<\/div>\n<\/div>\n<div class=\"penci-entry-content entry-content\">\n<p>T\u00e2rgul de Pa\u0219te Timi\u0219oara r\u0103m\u00e2ne, p\u00e2n\u0103 la finalul edi\u021biei, un spa\u021biu viu al \u00eent\u00e2lnirii, al artei \u0219i al comunit\u0103\u021bii, invit\u00e2nd publicul s\u0103 redescopere ora\u0219ul \u00eentr-o atmosfer\u0103 de s\u0103rb\u0103toare. Pe 11 aprilie, de la ora 20:00, \u00een Pia\u021ba Libert\u0103\u021bii, publicul este invitat la o experien\u021b\u0103 deosebit\u0103: transmisiunea live a concertului extraordinar \u201eDiVERDI\u201d al Filarmonicii<br \/>\u201eBanatul\u201d Timi\u0219oara. Tenorul Michael Spyres, una dintre vocile remarcabile ale operei, va interpreta selec\u021biuni din crea\u021bia lui Verdi, al\u0103turi de Orchestra Musica Ricercata \u0219i Corul Filarmonicii, sub bagheta dirijorului Gabriel Bebe\u0219elea. Evenimentul, considerat unul dintre cele mai importante ale anului pentru Filarmonica \u201eBanatul\u201d Timi\u0219oara, va putea fi urm\u0103rit \u0219i \u00een aer liber, \u00eentr-o transmisiune pe ecranul din Pia\u021ba Libert\u0103\u021bii, \u00een cadrul T\u00e2rgului<br \/>de Pa\u0219te.<\/p>\n<p>Pe 13 aprilie, de la ora 17:00, \u00een Pia\u021ba Sf\u00e2ntul Gheorghe, Filarmonica \u201eBanatul\u201d Timi\u0219oara aduce \u00een fa\u021ba publicului un recital de cvartet dedicat uneia dintre cele mai iubite lucr\u0103ri ale muzicii clasice \u2013 \u201eAnotimpurile\u201d de Antonio Vivaldi. Interpretarea arti\u0219tilor Carmen P\u0103ulescu, Florin Deac, Andrei Popa \u0219i Csaba Maksay promite un moment de rafinament \u0219i sensibilitate, \u00eentr-un cadru deschis, \u00een inima ora\u0219ului. Tot luni, pe 13 aprilie, de la ora 19:00, \u00een Pia\u021ba Sf\u00e2ntul Gheorghe, publicul este invitat la un concert live plin de sensibilitate, sus\u021binut de Tania Turtureanu. Seria momentelor muzicale se \u00eencheie pe 14 aprilie, \u00een Pia\u021ba Unirii, unde, de la ora 19:00, Orchestra Filarmonicii \u201eBanatul\u201d Timi\u0219oara aduce \u00een fa\u021ba publicului un concert dedicat<\/p>\n<div class=\"sharedaddy sd-sharing-enabled\">\n<div class=\"robots-nocontent sd-block sd-social sd-social-icon-text sd-sharing\">\n<h3 class=\"sd-title\">Partajeaz\u0103 asta:<\/h3>\n<div class=\"sd-content\">\n<ul>\n<li class=\"share-twitter\"><a rel=\"nofollow noopener noreferrer\" data-shared=\"sharing-twitter-39903\" class=\"share-twitter sd-button share-icon\" href=\"https:\/\/focustim.ro\/programul-targului-de-paste-timisoara-continua-pana-in-14-aprilie-cu-muzica-si-evenimente-speciale-dedicate-intregii-comunitati\/?share=twitter\" target=\"_blank\" title=\"D\u0103 clic pentru a partaja pe Twitter\"><span>Twitter<\/span><\/a><\/li>\n<li class=\"share-facebook\"><a rel=\"nofollow noopener noreferrer\" data-shared=\"sharing-facebook-39903\" class=\"share-facebook sd-button share-icon\" href=\"https:\/\/focustim.ro\/programul-targului-de-paste-timisoara-continua-pana-in-14-aprilie-cu-muzica-si-evenimente-speciale-dedicate-intregii-comunitati\/?share=facebook\" target=\"_blank\" title=\"D\u0103 clic pentru a partaja pe Facebook\"><span>Facebook<\/span><\/a><\/li>\n<li class=\"share-end\"><\/ul>\n<\/div>\n<\/div>\n<\/div>\n<div class=\"sharedaddy sd-block sd-like jetpack-likes-widget-wrapper jetpack-likes-widget-unloaded\" id=\"like-post-wrapper-167025405-39903-69d489e600b3e\" data-src=\"https:\/\/widgets.wp.com\/likes\/#blog_id=167025405&amp;post_id=39903&amp;origin=focustim.ro&amp;obj_id=167025405-39903-69d489e600b3e\" data-name=\"like-post-frame-167025405-39903-69d489e600b3e\" data-title=\"Apreciaz\u0103 sau republic\u0103\">\n<h3 class=\"sd-title\">Apreciaz\u0103:<\/h3>\n<div class=\"likes-widget-placeholder post-likes-widget-placeholder\"><span class=\"button\"><span>Apreciere<\/span><\/span><span class=\"loading\">\u00cencarc&#8230;<\/span><\/div>\n<\/div>\n<\/div>\n<footer class=\"penci-entry-footer\">\n<div class=\"penci-source-via-tags-wrap\"><span class=\"tags-links penci-tags-links\"><a href=\"https:\/\/focustim.ro\/tag\/paste\/\" rel=\"tag\">Paste<\/a><a href=\"https:\/\/focustim.ro\/tag\/targ\/\" rel=\"tag\">Targ<\/a><\/span><\/div>\n<p><span class=\"penci-social-buttons penci-social-share-footer\"><span class=\"penci-social-share-text\">Distribuie<\/span><a href=\"https:\/\/focustim.ro\/programul-targului-de-paste-timisoara-continua-pana-in-14-aprilie-cu-muzica-si-evenimente-speciale-dedicate-intregii-comunitati\/\" class=\"penci-post-like penci_post-meta_item  single-like-button penci-social-item like\" data-post_id=\"39903\" title=\"Like\" data-like=\"Like\" data-unlike=\"Unlike\"><span class=\"penci-share-number\">0<\/span><\/a><\/span><\/footer>\n<\/article>\n<div class=\"penci-entry-content entry-content\">\n<p>T\u00e2rgul de Pa\u0219te Timi\u0219oara r\u0103m\u00e2ne, p\u00e2n\u0103 la finalul edi\u021biei, un spa\u021biu viu al \u00eent\u00e2lnirii, al artei \u0219i al comunit\u0103\u021bii, invit\u00e2nd publicul s\u0103 redescopere ora\u0219ul \u00eentr-o atmosfer\u0103 de s\u0103rb\u0103toare. Pe 11 aprilie, de la ora 20:00, \u00een Pia\u021ba Libert\u0103\u021bii, publicul este invitat la o experien\u021b\u0103 deosebit\u0103: transmisiunea live a concertului extraordinar \u201eDiVERDI\u201d al Filarmonicii<br \/>\u201eBanatul\u201d Timi\u0219oara. Tenorul Michael Spyres, una dintre vocile remarcabile ale operei, va interpreta selec\u021biuni din crea\u021bia lui Verdi, al\u0103turi de Orchestra Musica Ricercata \u0219i Corul Filarmonicii, sub bagheta dirijorului Gabriel Bebe\u0219elea. Evenimentul, considerat unul dintre cele mai importante ale anului pentru Filarmonica \u201eBanatul\u201d Timi\u0219oara, va putea fi urm\u0103rit \u0219i \u00een aer liber, \u00eentr-o transmisiune pe ecranul din Pia\u021ba Libert\u0103\u021bii, \u00een cadrul T\u00e2rgului<br \/>de Pa\u0219te.<\/p>\n<p>Pe 13 aprilie, de la ora 17:00, \u00een Pia\u021ba Sf\u00e2ntul Gheorghe, Filarmonica \u201eBanatul\u201d Timi\u0219oara aduce \u00een fa\u021ba publicului un recital de cvartet dedicat uneia dintre cele mai iubite lucr\u0103ri ale muzicii clasice \u2013 \u201eAnotimpurile\u201d de Antonio Vivaldi. Interpretarea arti\u0219tilor Carmen P\u0103ulescu, Florin Deac, Andrei Popa \u0219i Csaba Maksay promite un moment de rafinament \u0219i sensibilitate, \u00eentr-un cadru deschis, \u00een inima ora\u0219ului. Tot luni, pe 13 aprilie, de la ora 19:00, \u00een Pia\u021ba Sf\u00e2ntul Gheorghe, publicul este invitat la un concert live plin de sensibilitate, sus\u021binut de Tania Turtureanu. Seria momentelor muzicale se \u00eencheie pe 14 aprilie, \u00een Pia\u021ba Unirii, unde, de la ora 19:00, Orchestra Filarmonicii \u201eBanatul\u201d Timi\u0219oara aduce \u00een fa\u021ba publicului un concert dedicat<\/p>\n<div class=\"sharedaddy sd-sharing-enabled\">\n<div class=\"robots-nocontent sd-block sd-social sd-social-icon-text sd-sharing\">\n<h3 class=\"sd-title\">Partajeaz\u0103 asta:<\/h3>\n<div class=\"sd-content\">\n<ul>\n<li class=\"share-twitter\"><a rel=\"nofollow noopener noreferrer\" data-shared=\"sharing-twitter-39903\" class=\"share-twitter sd-button share-icon\" href=\"https:\/\/focustim.ro\/programul-targului-de-paste-timisoara-continua-pana-in-14-aprilie-cu-muzica-si-evenimente-speciale-dedicate-intregii-comunitati\/?share=twitter\" target=\"_blank\" title=\"D\u0103 clic pentru a partaja pe Twitter\"><span>Twitter<\/span><\/a><\/li>\n<li class=\"share-facebook\"><a rel=\"nofollow noopener noreferrer\" data-shared=\"sharing-facebook-39903\" class=\"share-facebook sd-button share-icon\" href=\"https:\/\/focustim.ro\/programul-targului-de-paste-timisoara-continua-pana-in-14-aprilie-cu-muzica-si-evenimente-speciale-dedicate-intregii-comunitati\/?share=facebook\" target=\"_blank\" title=\"D\u0103 clic pentru a partaja pe Facebook\"><span>Facebook<\/span><\/a><\/li>\n<li class=\"share-end\"><\/ul>\n<\/div>\n<\/div>\n<\/div>\n<div class=\"sharedaddy sd-block sd-like jetpack-likes-widget-wrapper jetpack-likes-widget-unloaded\" id=\"like-post-wrapper-167025405-39903-69d489e600b3e\" data-src=\"https:\/\/widgets.wp.com\/likes\/#blog_id=167025405&amp;post_id=39903&amp;origin=focustim.ro&amp;obj_id=167025405-39903-69d489e600b3e\" data-name=\"like-post-frame-167025405-39903-69d489e600b3e\" data-title=\"Apreciaz\u0103 sau republic\u0103\">\n<h3 class=\"sd-title\">Apreciaz\u0103:<\/h3>\n<div class=\"likes-widget-placeholder post-likes-widget-placeholder\"><span class=\"button\"><span>Apreciere<\/span><\/span><span class=\"loading\">\u00cencarc&#8230;<\/span><\/div>\n<\/div>\n<\/div>\n<p>[analyse_source url=&#8221;https:\/\/focustim.ro\/programul-targului-de-paste-timisoara-continua-pana-in-14-aprilie-cu-muzica-si-evenimente-speciale-dedicate-intregii-comunitati\/&#8221;]<\/p>\n","protected":false},"excerpt":{"rendered":"<p>[analyse_image type=&#8221;featured&#8221; src=&#8221;https:\/\/focustim.ro\/wp-content\/uploads\/2025\/03\/targ-paste-timisoara.jpeg&#8221;] ActualitateAdministra\u021bieFeatured Programul T\u00e2rgului de Pa\u0219te Timi\u0219oara continu\u0103 p\u00e2n\u0103 \u00een 14 aprilie cu muzic\u0103 \u0219i evenimente speciale dedicate \u00eentregii comunit\u0103\u021bi. 07\/04\/202607\/04\/20260 Distribuie0 T\u00e2rgul de Pa\u0219te Timi\u0219oara r\u0103m\u00e2ne, p\u00e2n\u0103 la finalul edi\u021biei, un spa\u021biu viu al \u00eent\u00e2lnirii, al artei \u0219i al comunit\u0103\u021bii, invit\u00e2nd publicul s\u0103 redescopere ora\u0219ul \u00eentr-o atmosfer\u0103 de s\u0103rb\u0103toare. Pe 11 aprilie, [&hellip;]<\/p>\n","protected":false},"author":1,"featured_media":0,"comment_status":"open","ping_status":"","sticky":false,"template":"","format":"standard","meta":{"footnotes":""},"categories":[89],"tags":[226,197],"class_list":["post-1869256","post","type-post","status-publish","format-standard","hentry","category-romania","tag-crawlmanager","tag-focustim-ro"],"_links":{"self":[{"href":"https:\/\/analyse.optim.biz\/index.php?rest_route=\/wp\/v2\/posts\/1869256","targetHints":{"allow":["GET"]}}],"collection":[{"href":"https:\/\/analyse.optim.biz\/index.php?rest_route=\/wp\/v2\/posts"}],"about":[{"href":"https:\/\/analyse.optim.biz\/index.php?rest_route=\/wp\/v2\/types\/post"}],"author":[{"embeddable":true,"href":"https:\/\/analyse.optim.biz\/index.php?rest_route=\/wp\/v2\/users\/1"}],"replies":[{"embeddable":true,"href":"https:\/\/analyse.optim.biz\/index.php?rest_route=%2Fwp%2Fv2%2Fcomments&post=1869256"}],"version-history":[{"count":0,"href":"https:\/\/analyse.optim.biz\/index.php?rest_route=\/wp\/v2\/posts\/1869256\/revisions"}],"wp:attachment":[{"href":"https:\/\/analyse.optim.biz\/index.php?rest_route=%2Fwp%2Fv2%2Fmedia&parent=1869256"}],"wp:term":[{"taxonomy":"category","embeddable":true,"href":"https:\/\/analyse.optim.biz\/index.php?rest_route=%2Fwp%2Fv2%2Fcategories&post=1869256"},{"taxonomy":"post_tag","embeddable":true,"href":"https:\/\/analyse.optim.biz\/index.php?rest_route=%2Fwp%2Fv2%2Ftags&post=1869256"}],"curies":[{"name":"wp","href":"https:\/\/api.w.org\/{rel}","templated":true}]}}