{"id":186920,"date":"2015-02-04T22:03:13","date_gmt":"2015-02-04T19:03:13","guid":{"rendered":"https:\/\/analyse.optim.biz\/?p=186920"},"modified":"2015-02-04T22:03:13","modified_gmt":"2015-02-04T19:03:13","slug":"elena-udrea-prezinta-un-schimb-de-mesaje-cu-sebastian-ghita-despre-dorin-cocos","status":"publish","type":"post","link":"https:\/\/analyse.optim.biz\/?p=186920","title":{"rendered":"Elena Udrea prezint\u0103 un schimb de mesaje cu Sebastian Ghi\u021b\u0103 despre Dorin Coco\u0219"},"content":{"rendered":"<div class=\"entry data-app-meta data-app-meta-article\" data-embed-base-url-canonical=\"https:\/\/www.digi24.ro\/embed\/stiri\/actualitate\/politica\/elena-udrea-prezinta-un-schimb-de-mesaje-cu-sebastian-ghita-despre-dorin-cocos-355862\">\n<p data-index=\"1\">\u201eNi\u0219te oameni spun c\u0103 Udrea a f\u0103cut ceva \u0219i imediat DNA cere arestarea mea preventiv\u0103. Eu spun c\u0103 domnul Coldea a f\u0103cut ni\u0219te lucruri, nimeni nici m\u0103car nu-l \u00eentreab\u0103. Lucrurile pe care eu le-am spus au r\u0103mas spuse, dar au generat o reac\u021bie extraordinar\u0103, un asalt al domnului Coldea asupra mea pe care \u00eel a\u0219teptam. Asta e lupta pentru putere. \u0218tiam ce m\u0103 a\u0219teapt\u0103 dac\u0103 fac asta. Sunt o femeie singur\u0103 \u00een b\u0103t\u0103lia asta, evident c\u0103 m-am g\u00e2ndit \u0219i eu de o mie de ori dac\u0103 s\u0103 spun sau nu \u0219i c\u0103 \u00eenainte s\u0103 spun public am preferat s\u0103 le spun lor \u00een fa\u021b\u0103 lucrurile astea. \u0218tiam c\u0103 vor \u00eencerca s\u0103 \u00eemi \u00eenchid\u0103 gura\u201d, a spus Elena Udrea, \u00eentr-un interviu la televiziunea public\u0103.<\/p>\n<p data-index=\"2\">\u201e<span>\u00cen Rom\u00e2nia poate conduce \u021bara cine de\u021bine c\u0103tu\u0219ele, cel care de\u021bine secretele tuturor. De ce crede\u021bi c\u0103 tac to\u021bi cei ce ar trebui s\u0103 vorbeasc\u0103 acum sau m\u0103car ar avea obliga\u021bia s\u0103-\u0219i pun\u0103 \u00eentreb\u0103ri? Este un \u0219ef de serviciu de informa\u021bii secrete at\u00e2t de puternic \u00eenc\u00e2t conduce ocult, din umbr\u0103, Rom\u00e2nia? De ce nu \u00ee\u0219i pun \u00eentrebarea \u00een public? De fric\u0103. Pentru c\u0103 sunt oameni care ar putea fi \u00een orice moment aresta\u021bi\u201d, a mai spus Elena Udrea.<\/span><\/p>\n<h5><span>Citi\u021bi \u0219i: <a href=\"https:\/\/www.digi24.ro\/Stiri\/Digi24\/Actualitate\/Politica\/Elena+Udrea+Sunt+oameni+pe+care+ii+voi+demasca+Reactia+unuia+din\" data-skip-linkfix=\"1\">Elena Udrea: Sunt oameni pe care \u00eei voi demasca. Reac\u021bia unuia dintre cei nominaliza\u021bi<\/a><\/span><\/h5>\n<p data-index=\"3\">Elena Udrea a mai dezv\u0103luit \u00een aceast\u0103 sear\u0103 c\u0103 Sebastian Ghi\u0163\u0103 l-a vizitat pe fostul ei so\u0163, Dorin Coco\u015f, \u00een arest. Ar fi avut pentru acesta un mesaj de la generalul Florian Coldea. Fostul ministru al Turismului a ar\u0103tat \u015fi un schimb de mesaje cu Sebastian Ghi\u0163\u0103, \u00een care \u00eel amenin\u0163a pe acesta c\u0103 va face publice toate lucrurile pe care le \u015ftie.<\/p>\n<p data-index=\"4\">\u201e<span>Vineri, pe 19 decembrie, am avut o ultim\u0103 discu\u021bie cu domnul Maior, director al SRI la vremea aceea. I-am spus c\u0103 \u0219tiu de la fostul so\u021b c\u0103 a f\u0103cut aceste comisioane \u0219i c\u0103 nu e \u00een regul\u0103 c\u0103 domnul Coldea \u0219i-a f\u0103cut o \u021bint\u0103 din a se lupta cu mine. Dup\u0103 discu\u021bie, a doua zi, pe 20, domnul Sebastian Ghi\u021b\u0103 a transmis faptul c\u0103 are acordul domnului Coldea s\u0103 se duc\u0103 s\u0103 \u00eel viziteze pe Dorin Coco\u0219, c\u0103 ar trebui s\u0103 \u00een\u021beleag\u0103 \u0219i Dorin Coco\u0219 c\u0103 a trebuit s\u0103 fie arestat, c\u0103 o s\u0103-l pun\u0103 liber, dar nu de Cr\u0103ciun\u201d, a spus Elena Udrea.<\/span><\/p>\n<p data-index=\"5\">\u201e<span>Eu am un mesaj de la Ghi\u021b\u0103. \u00cen mesaj \u00eei sugerez c\u0103 \u0219tiu c\u0103 a luat bani de la so\u021bul meu, la cerere, \u0219i c\u0103 voi merge la RTV, n-am fost acolo, am fost la HotNews, s\u0103 spun public asta \u0219i la DNA, iar el \u00eemi r\u0103spunde c\u0103 \u00eei pare r\u0103u pentru Dorin, c\u0103 e un om bun \u0219i c\u0103 nu e OK mesajul meu, credea c\u0103 \u00eei dau mesaj de s\u0103rb\u0103tori\u201d, a mai spus ea.<\/span><\/p>\n<\/div>\n<p> Source URL: https:\/\/www.digi24.ro\/stiri\/actualitate\/politica\/elena-udrea-prezinta-un-schimb-de-mesaje-cu-sebastian-ghita-despre-dorin-cocos-355862<\/p>\n","protected":false},"excerpt":{"rendered":"<p>\u201eNi\u0219te oameni spun c\u0103 Udrea a f\u0103cut ceva \u0219i imediat DNA cere arestarea mea preventiv\u0103. Eu spun c\u0103 domnul Coldea a f\u0103cut ni\u0219te lucruri, nimeni nici m\u0103car nu-l \u00eentreab\u0103. Lucrurile pe care eu le-am spus au r\u0103mas spuse, dar au generat o reac\u021bie extraordinar\u0103, un asalt al domnului Coldea asupra mea pe care \u00eel a\u0219teptam. [&hellip;]<\/p>\n","protected":false},"author":1,"featured_media":186921,"comment_status":"open","ping_status":"","sticky":false,"template":"","format":"standard","meta":{"footnotes":""},"categories":[2],"tags":[11],"class_list":["post-186920","post","type-post","status-publish","format-standard","has-post-thumbnail","hentry","category-politics","tag-digi24"],"_links":{"self":[{"href":"https:\/\/analyse.optim.biz\/index.php?rest_route=\/wp\/v2\/posts\/186920","targetHints":{"allow":["GET"]}}],"collection":[{"href":"https:\/\/analyse.optim.biz\/index.php?rest_route=\/wp\/v2\/posts"}],"about":[{"href":"https:\/\/analyse.optim.biz\/index.php?rest_route=\/wp\/v2\/types\/post"}],"author":[{"embeddable":true,"href":"https:\/\/analyse.optim.biz\/index.php?rest_route=\/wp\/v2\/users\/1"}],"replies":[{"embeddable":true,"href":"https:\/\/analyse.optim.biz\/index.php?rest_route=%2Fwp%2Fv2%2Fcomments&post=186920"}],"version-history":[{"count":0,"href":"https:\/\/analyse.optim.biz\/index.php?rest_route=\/wp\/v2\/posts\/186920\/revisions"}],"wp:featuredmedia":[{"embeddable":true,"href":"https:\/\/analyse.optim.biz\/index.php?rest_route=\/wp\/v2\/media\/186921"}],"wp:attachment":[{"href":"https:\/\/analyse.optim.biz\/index.php?rest_route=%2Fwp%2Fv2%2Fmedia&parent=186920"}],"wp:term":[{"taxonomy":"category","embeddable":true,"href":"https:\/\/analyse.optim.biz\/index.php?rest_route=%2Fwp%2Fv2%2Fcategories&post=186920"},{"taxonomy":"post_tag","embeddable":true,"href":"https:\/\/analyse.optim.biz\/index.php?rest_route=%2Fwp%2Fv2%2Ftags&post=186920"}],"curies":[{"name":"wp","href":"https:\/\/api.w.org\/{rel}","templated":true}]}}