{"id":1869106,"date":"2026-04-05T05:56:00","date_gmt":"2026-04-05T02:56:00","guid":{"rendered":"https:\/\/analyse.optim.biz\/?p=1869106"},"modified":"2026-04-05T05:56:00","modified_gmt":"2026-04-05T02:56:00","slug":"mesajul-de-paste-al-excelentei-sale-iosif-csaba-pal-episcop-diecezan-de-timisoara","status":"publish","type":"post","link":"https:\/\/analyse.optim.biz\/?p=1869106","title":{"rendered":"Mesajul de Pa\u0219te al Excelen\u021bei Sale Iosif Csaba P\u00e1l, episcop diecezan de Timi\u0219oara!"},"content":{"rendered":"<p>[analyse_image type=&#8221;featured&#8221; src=&#8221;https:\/\/www.sursadevest.ro\/wp-content\/uploads\/2025\/12\/iosif-csaba-pal.JPG&#8221;]<\/p>\n<p><main id=\"tm-main\"><\/p>\n<div class=\"uk-section-default uk-section\">\n<div class=\"uk-grid-margin uk-container uk-container-xsmall\">\n<div class=\"uk-grid tm-grid-expand uk-child-width-1-1\">\n<div class=\"uk-width-1-1\">\n<h1 class=\"uk-h2 uk-margin uk-text-center\">        Mesajul de Pa\u0219te al Excelen\u021bei Sale Iosif Csaba P\u00e1l, episcop diecezan de Timi\u0219oara!    <\/h1>\n<div class=\"uk-panel uk-margin uk-text-center\"><time datetime=\"2026-04-05T07:56:00+02:00\">5 aprilie, 2026<\/time> | <a href=\"https:\/\/www.sursadevest.ro\/author\/petronela\/\">Sursa de Vest<\/a> | <a href=\"https:\/\/www.sursadevest.ro\/categorie\/stiri\/eveniment\/\" rel=\"tag\">Eveniment<\/a>, <a href=\"https:\/\/www.sursadevest.ro\/categorie\/stiri\/\" rel=\"tag\">\u0218tiri<\/a> | <a href=\"https:\/\/www.sursadevest.ro\/mesajul-de-paste-al-excelentei-sale-iosif-csaba-pal-episcop-diecezan-de-timisoara\/#respond\">Niciun comentariu<span class=\"screen-reader-text\"> la Mesajul de Pa\u0219te al Excelen\u021bei Sale Iosif Csaba P\u00e1l, episcop diecezan de Timi\u0219oara!<\/span><\/a><\/div>\n<\/div>\n<\/div>\n<\/div>\n<div class=\"uk-margin-large uk-container\">\n<div class=\"uk-grid tm-grid-expand uk-grid-column-large\">\n<div class=\"uk-width-2-3@m\">\n<nav aria-label=\"Breadcrumb\" class=\"uk-margin-small\">\n<ul class=\"uk-breadcrumb uk-margin-remove-bottom\">\n<li><\/li>\n<li><a href=\"https:\/\/www.sursadevest.ro\/categorie\/stiri\/\"><span>\u0218tiri<\/span><\/a><\/li>\n<li><a href=\"https:\/\/www.sursadevest.ro\/categorie\/stiri\/eveniment\/\"><span>Eveniment<\/span><\/a><\/li>\n<\/ul>\n<\/nav>\n<div class=\"uk-margin\">\n<source type=\"image\/webp\" srcset=\"\/wp-content\/themes\/yootheme\/cache\/7f\/iosif-csaba-pal-7f085db6.webp 646w\" sizes=\"(min-width: 646px) 646px\" \/><\/div>\n<div class=\"uk-margin-remove-vertical uk-hidden@m\">\n<div class=\"uk-grid uk-child-width-1-1 uk-child-width-1-2@s uk-grid-small uk-grid-match\">\n<div>\n<div class=\"el-item uk-panel\"><a href=\"https:\/\/xpilatesspa.ro\" target=\"_blank\"><\/p>\n<div class=\"uk-inline-clip uk-transition-toggle\">\n<source type=\"image\/webp\" srcset=\"\/wp-content\/themes\/yootheme\/cache\/1c\/WhatsApp-Image-2025-07-16-at-153218_b2c81b10-1ca7cccd.webp 768w, \/wp-content\/themes\/yootheme\/cache\/1d\/WhatsApp-Image-2025-07-16-at-153218_b2c81b10-1daa2a1f.webp 1024w, \/wp-content\/themes\/yootheme\/cache\/ff\/WhatsApp-Image-2025-07-16-at-153218_b2c81b10-ff5994c5.webp 1366w, \/wp-content\/themes\/yootheme\/cache\/4b\/WhatsApp-Image-2025-07-16-at-153218_b2c81b10-4b0246ed.webp 1600w\" sizes=\"(min-width: 1600px) 1600px\" \/><\/div>\n<p><\/a><\/p>\n<div class=\"uk-padding-small uk-margin-remove-first-child\">\n<div class=\"el-meta uk-text-meta uk-margin-small-top\">XPilates &amp; Spa<\/div>\n<div class=\"uk-margin-small-top\"><a href=\"https:\/\/xpilatesspa.ro\" target=\"_blank\" class=\"el-link uk-button uk-button-text\">Vezi detalii<\/a><\/div>\n<\/div>\n<\/div>\n<\/div>\n<\/div>\n<\/div>\n<div class=\"uk-panel uk-margin-medium uk-margin-remove-top\">\n<p>Cre\u015ftinii catolici s\u0103rb\u0103toresc ast\u0103zi \u00cenvierea Domnului, cea mai veche s\u0103rb\u0103toare a cre\u0219tin\u0103t\u0103\u021bii!<\/p>\n<p>Pa\u015ftele reprezint\u0103 cea mai mare s\u0103rb\u0103toare a cre\u015ftinilor \u0219i este considerata una a bucuriei date de vestea \u00cenvierii M\u00e2ntuitorului, prilej cu care, Excelen\u0163a Sa, Iosif Csaba P\u00e1l, a transmis urm\u0103torul mesaj:<\/p>\n<p>\u201dDragi Fra\u021bi \u0219i Surori \u00een Cristos,<\/p>\n<p>cel mai mare eveniment al vie\u021bii biserice\u0219ti este moartea pe cruce \u0219i \u00eenvierea lui Isus Cristos. Pentru aceast\u0103 s\u0103rb\u0103toare ne preg\u0103tim \u00een fiecare an timp de patruzeci de zile \u0219i dorim s\u0103 o celebr\u0103m \u00een mod vrednic. Mesajul s\u0103rb\u0103torii este acesta: Isus nu a r\u0103mas \u00een morm\u00e2nt \u0219i nu a r\u0103mas \u00een trecut. Isus Cristos tr\u0103ie\u0219te \u0219i este cu noi \u00een fiecare zi a vie\u021bii noastre. Cu El, via\u021ba este cu totul altfel. Dragostea Lui ne umple inimile, ne re\u00eennoie\u0219te speran\u021ba, prezen\u021ba Lui d\u0103 putere \u0219i elan vie\u021bii noastre \u0219i umple sufletul nostru de recuno\u0219tin\u021b\u0103. El ne inspir\u0103 s\u0103-I r\u0103spundem, a\u0219a cum exprim\u0103 \u0219i fragmentul urm\u0103tor al poeziei Chiarei Lubich, scris\u0103 \u00een secolul trecut, atunci c\u00e2nd \u00ee\u0219i adreseaz\u0103 cuvintele c\u0103tre Isus:<\/p>\n<figure class=\"wp-block-pullquote\">\n<blockquote>\n<p>Te iubesc<br \/>pentru c\u0103 ai intrat \u00een via\u021ba mea<br \/>mai mult dec\u00e2t aerul \u00een pl\u0103m\u00e2ni,<br \/>mai mult dec\u00e2t s\u00e2ngele \u00een vene.<br \/>Ai intrat<br \/>acolo unde nimeni nu putea intra,<br \/>c\u00e2nd nimeni nu m\u0103 putea ajuta,<br \/>ori de c\u00e2te ori nimeni<br \/>nu m\u0103 putea m\u00e2ng\u00e2ia.<\/p>\n<\/blockquote>\n<\/figure>\n<p>Da, iubi\u021bi fra\u021bi \u0219i surori, Isus cel \u00cenviat este at\u00e2t de aproape de noi \u0219i dore\u0219te o rela\u021bie personal\u0103 cu fiecare dintre noi. El nu este un Dumnezeu \u00eendep\u0103rtat, se afl\u0103 \u00een ad\u00e2ncul inimii noastre \u0219i de acolo ne cheam\u0103. V\u0103z\u00e2nd mul\u021bimea oamenilor suferinzi \u00een lume, El ne trimite, din ad\u00e2ncul sufletului, din rela\u021bia interioar\u0103 intim\u0103 cu El, ca s\u0103 fim instrumentele iubirii Sale, s\u0103 fim cuv\u00e2ntul s\u0103u m\u00e2ng\u00e2ietor \u0219i \u00eencurajator, s\u0103 avem ochi s\u0103-i vedem pe cei suferinzi a\u0219a cum El \u00eei vede, s\u0103 fim m\u00e2na Lui, care s\u0103-i ridice pe cei c\u0103zu\u021bi. Toat\u0103 perioada Postului Mare \u0219i \u00een special S\u0103pt\u0103m\u00e2na Mare ne-a preg\u0103tit pentru aceasta.<\/p>\n<p>\u00cenvierea Lui \u0219i apropierea Sa ne \u00eent\u0103re\u0219te \u00een speran\u021ba c\u0103 nu r\u0103utatea are ultimul cuv\u00e2nt, c\u0103 El este mai puternic dec\u00e2t orice r\u0103u \u00een lume \u0219i ne consolideaz\u0103 credin\u021ba c\u0103 dup\u0103 moarte exist\u0103 \u00eenviere.<\/p>\n<p>Mesajul S\u0103u d\u0103t\u0103tor de via\u021b\u0103 nu ni-l transmite cu tr\u00e2mbi\u021ba, ci ne vorbe\u0219te cu bl\u00e2nde\u021bea iubirii. Ca s\u0103 ajung\u0103 p\u00e2n\u0103 la noi vocea Sa subtil\u0103, trebuie s\u0103 facem asemenea celui ce se preg\u0103te\u0219te s\u0103-\u0219i acordeze chitara, foarte atent la sunetul chit\u0103rii, pe care poate c\u0103 \u00eel percepe greu \u00een g\u0103l\u0103gia din jurul lui, de aceea \u00ee\u0219i lipe\u0219te urechea de chitar\u0103 ca s\u0103-i aud\u0103 sunetul clar. Cu o astfel de aten\u021bie s\u0103 ascult\u0103m \u0219i noi vocea, mesajul lui Isus.<\/p>\n<p>Izbucnirea r\u0103zboiului din Iran, unde at\u00e2t de mul\u021bi oameni sufer\u0103 \u00eengrozitor, aduce \u00een fa\u021ba ochilor no\u0219tri \u0219i distrugerea cumplit\u0103 a celorlalte r\u0103zboaie. Aceasta ne \u00eendeamn\u0103 \u0219i mai mult, ca s\u0103 lu\u0103m \u00een serios faptul c\u0103 din propriile noastre puteri nu putem face prea mult; s\u0103 ne ag\u0103\u021b\u0103m \u0219i mai puternic de Cristos cel \u00cenviat, Cel care este \u00een mijlocul nostru \u0219i care poate face totul. S\u0103-L l\u0103s\u0103m s\u0103 p\u0103trund\u0103 cu prezen\u021ba Sa \u00eentreaga noastr\u0103 via\u021b\u0103. \u0218i dac\u0103 spiritul S\u0103u iert\u0103tor \u0219i milostiv prinde r\u0103d\u0103cini m\u0103car \u00een inimile cre\u0219tinilor, dac\u0103 le str\u0103bate via\u021ba, putem conta pe faptul c\u0103 El va conduce \u00een direc\u021bia cea bun\u0103 destinul \u0219i viitorul copiilor S\u0103i. Fiind \u00eent\u0103ri\u021bi \u00een aceast\u0103 speran\u021b\u0103 le urez tuturor fra\u021bilor mei \u0219i surorilor mele o s\u0103rb\u0103toare binecuv\u00e2ntat\u0103 \u0219i frumoas\u0103, precum \u0219i o via\u021b\u0103 plin\u0103 de recuno\u0219tin\u021b\u0103! Cristos a \u00eenviat, Cristos tr\u0103ie\u0219te, Cristos este cu noi. El s\u0103 ne umple mintea \u0219i inima, s\u0103 fie prezent \u00een rela\u021biile noastre, iar din rela\u021bia cu El s\u0103 izvorasc\u0103 faptele vie\u021bii noastre! \u00cemi doresc din inim\u0103 s\u0103 experiment\u0103m pacea Celui \u00cenviat \u00een via\u021ba noastr\u0103 \u0219i \u00eentre popoare!<\/p>\n<p>Timi\u0219oara, \u00een Solemnitatea \u00cenvierii, a Anului Domnului 2026<\/p>\n<p>\u2020 Iosif,<\/p>\n<p>Episcop de Timi\u0219oara\u201d<\/p>\n<\/div>\n<nav class=\"uk-text-center\">\n<ul class=\"uk-pagination uk-margin-remove-bottom uk-flex-center\">\n<li><a href=\"https:\/\/www.sursadevest.ro\/trei-persoane-ranite-in-urma-unui-accident-rutier-victimele-au-ajuns-la-spital\/\"> Anterior<\/a><\/li>\n<li><a href=\"https:\/\/www.sursadevest.ro\/explozie-de-turisti-romani-in-caraibe-ce-spun-reprezentantii-marilor-hoteluri-despre-interesul-urias-pentru-aceasta-destinatie\/\">Urm\u0103tor <\/a><\/li>\n<\/ul>\n<\/nav>\n<h3 class=\"uk-h5\">        Distribuie pe re\u021bele de socializare    <\/h3>\n<div class=\"uk-margin\">\n<div id=\"respond\" class=\"comment-respond\">\n<h2 id=\"reply-title\" class=\"el-title uk-h3 uk-heading-bullet\">Las\u0103 un r\u0103spuns <small><a rel=\"nofollow\" id=\"cancel-comment-reply-link\" class=\"uk-link-muted\" href=\"https:\/\/www.sursadevest.ro\/mesajul-de-paste-al-excelentei-sale-iosif-csaba-pal-episcop-diecezan-de-timisoara\/#respond\">Anuleaz\u0103 r\u0103spunsul<\/a><\/small><\/h2>\n<p class=\"comment-notes\">Adresa ta de email nu va fi publicat\u0103. C\u00e2mpurile obligatorii sunt marcate cu <span class=\"required\">*<\/span><\/p>\n<div class=\"gglcptch gglcptch_v3\"><\/p>\n<div class=\"gglcptch_error_text\">Perioada de verificare reCAPTCHA a expirat. V\u0103 rug\u0103m s\u0103 re\u00eenc\u0103rca\u021bi pagina.<\/div>\n<\/div>\n<\/div>\n<\/div>\n<hr class=\"uk-margin-large\">\n<h2 class=\"uk-h3 uk-text-left@m uk-text-center\">        Alte articole    <\/h2>\n<div id=\"template-OEvUe7Lh#0\" class=\"uk-margin\">\n<div class=\"uk-grid uk-child-width-1-1 uk-child-width-1-2@s uk-grid-column-medium uk-grid-match\">\n<div>\n<div class=\"el-item uk-panel uk-margin-remove-first-child\"><a href=\"https:\/\/www.sursadevest.ro\/a-fost-solicitat-elicopterul-smurd-dupa-un-impact-violent-intre-un-tir-si-o-masina-pe-autostrada-a1-un-om-a-murit\/\"><br \/>\n<source type=\"image\/webp\" srcset=\"\/wp-content\/themes\/yootheme\/cache\/fd\/elicopter-smurd-fdaf7dc4.webp 610w, \/wp-content\/themes\/yootheme\/cache\/19\/elicopter-smurd-1920c32d.webp 660w\" sizes=\"(min-width: 610px) 610px\" \/><\/a><\/p>\n<div class=\"el-meta uk-h6 uk-text-primary uk-margin-top uk-margin-remove-bottom\"><time datetime=\"2026-04-06T18:37:21+02:00\">6 aprilie, 2026<\/time> | <a href=\"https:\/\/www.sursadevest.ro\/author\/petronela\/\">Sursa de Vest<\/a> | <a href=\"https:\/\/www.sursadevest.ro\/categorie\/stiri\/eveniment\/\" rel=\"tag\">Eveniment<\/a>, <a href=\"https:\/\/www.sursadevest.ro\/categorie\/stiri\/\" rel=\"tag\">\u0218tiri<\/a> | <a href=\"https:\/\/www.sursadevest.ro\/a-fost-solicitat-elicopterul-smurd-dupa-un-impact-violent-intre-un-tir-si-o-masina-pe-autostrada-a1-un-om-a-murit\/#respond\">Niciun comentariu<span class=\"screen-reader-text\"> la A fost solicitat elicopterul SMURD, dup\u0103 un impact violent \u00eentre un tir \u0219i o ma\u0219in\u0103, pe autostrada A1! Un om a murit<\/span><\/a><\/div>\n<h3 class=\"el-title uk-h4 uk-link-reset uk-margin-small-top uk-margin-remove-bottom\"><a href=\"https:\/\/www.sursadevest.ro\/a-fost-solicitat-elicopterul-smurd-dupa-un-impact-violent-intre-un-tir-si-o-masina-pe-autostrada-a1-un-om-a-murit\/\">A fost solicitat elicopterul SMURD, dup\u0103 un impact violent \u00eentre un tir \u0219i o ma\u0219in\u0103, pe autostrada A1! Un om a murit<\/a><\/h3>\n<div class=\"el-content uk-panel uk-margin-small-top\">Un accident cumplit s-a petrecut \u00een urm\u0103 cu pu\u021bin timp, pe autostrada A1, la km 504, pe sensul de mers spre Arad. Sursa de Vest See Full Bio<\/div>\n<div class=\"uk-margin-top\"><a href=\"https:\/\/www.sursadevest.ro\/a-fost-solicitat-elicopterul-smurd-dupa-un-impact-violent-intre-un-tir-si-o-masina-pe-autostrada-a1-un-om-a-murit\/\" class=\"el-link uk-button uk-button-text\">Vezi detalii<\/a><\/div>\n<\/div>\n<\/div>\n<div>\n<div class=\"el-item uk-panel uk-margin-remove-first-child\"><a href=\"https:\/\/www.sursadevest.ro\/program-incarcat-pentru-scm-politehnica-timisoara-la-baschet-si-handbal\/\"><br \/>\n<source type=\"image\/webp\" srcset=\"\/wp-content\/themes\/yootheme\/cache\/36\/baschet-36210021.webp 610w, \/wp-content\/themes\/yootheme\/cache\/34\/baschet-3495acaa.webp 768w, \/wp-content\/themes\/yootheme\/cache\/80\/baschet-8004a406.webp 958w\" sizes=\"(min-width: 610px) 610px\" \/><\/a><\/p>\n<div class=\"el-meta uk-h6 uk-text-primary uk-margin-top uk-margin-remove-bottom\"><time datetime=\"2026-04-06T14:18:29+02:00\">6 aprilie, 2026<\/time> | <a href=\"https:\/\/www.sursadevest.ro\/author\/petronela\/\">Sursa de Vest<\/a> | <a href=\"https:\/\/www.sursadevest.ro\/categorie\/stiri\/sport\/\" rel=\"tag\">Sport<\/a>, <a href=\"https:\/\/www.sursadevest.ro\/categorie\/stiri\/\" rel=\"tag\">\u0218tiri<\/a> | <a href=\"https:\/\/www.sursadevest.ro\/program-incarcat-pentru-scm-politehnica-timisoara-la-baschet-si-handbal\/#respond\">Niciun comentariu<span class=\"screen-reader-text\"> la Program \u00eenc\u0103rcat pentru SCM Politehnica Timi\u0219oara la baschet \u0219i handbal!<\/span><\/a><\/div>\n<h3 class=\"el-title uk-h4 uk-link-reset uk-margin-small-top uk-margin-remove-bottom\"><a href=\"https:\/\/www.sursadevest.ro\/program-incarcat-pentru-scm-politehnica-timisoara-la-baschet-si-handbal\/\">Program \u00eenc\u0103rcat pentru SCM Politehnica Timi\u0219oara la baschet \u0219i handbal!<\/a><\/h3>\n<div class=\"el-content uk-panel uk-margin-small-top\">Echipele SCM Politehnica Timi\u0219oara au \u00een fa\u021b\u0103 o s\u0103pt\u0103m\u00e2n\u0103 plin\u0103, cu meciuri importante at\u00e2t la nivel de seniori, c\u00e2t \u0219i la juniori. Sursa de Vest See Full Bio<\/div>\n<div class=\"uk-margin-top\"><a href=\"https:\/\/www.sursadevest.ro\/program-incarcat-pentru-scm-politehnica-timisoara-la-baschet-si-handbal\/\" class=\"el-link uk-button uk-button-text\">Vezi detalii<\/a><\/div>\n<\/div>\n<\/div>\n<div>\n<div class=\"el-item uk-panel uk-margin-remove-first-child\"><a href=\"https:\/\/www.sursadevest.ro\/program-prelungit-pentru-mijloacele-de-transport-public-in-noaptea-de-inviere-cum-vor-circula-autobuzele-tramvaiele-si-troleibuzele-stpt\/\"><br \/>\n<source type=\"image\/webp\" srcset=\"\/wp-content\/themes\/yootheme\/cache\/07\/tramvai-1-noaptea-072350b7.webp 610w, \/wp-content\/themes\/yootheme\/cache\/1d\/tramvai-1-noaptea-1d8ab58a.webp 669w, \/wp-content\/themes\/yootheme\/cache\/32\/tramvai-1-noaptea-326b2d3f.webp 670w\" sizes=\"(min-width: 610px) 610px\" \/><\/a><\/p>\n<div class=\"el-meta uk-h6 uk-text-primary uk-margin-top uk-margin-remove-bottom\"><time datetime=\"2026-04-06T13:01:20+02:00\">6 aprilie, 2026<\/time> | <a href=\"https:\/\/www.sursadevest.ro\/author\/petronela\/\">Sursa de Vest<\/a> | <a href=\"https:\/\/www.sursadevest.ro\/categorie\/stiri\/eveniment\/\" rel=\"tag\">Eveniment<\/a>, <a href=\"https:\/\/www.sursadevest.ro\/categorie\/stiri\/\" rel=\"tag\">\u0218tiri<\/a> | <a href=\"https:\/\/www.sursadevest.ro\/program-prelungit-pentru-mijloacele-de-transport-public-in-noaptea-de-inviere-cum-vor-circula-autobuzele-tramvaiele-si-troleibuzele-stpt\/#respond\">Niciun comentariu<span class=\"screen-reader-text\"> la Program prelungit pentru mijloacele de transport public, \u00een noaptea de \u00cenviere! Cum vor circula autobuzele, tramvaiele \u0219i troleibuzele STPT?<\/span><\/a><\/div>\n<h3 class=\"el-title uk-h4 uk-link-reset uk-margin-small-top uk-margin-remove-bottom\"><a href=\"https:\/\/www.sursadevest.ro\/program-prelungit-pentru-mijloacele-de-transport-public-in-noaptea-de-inviere-cum-vor-circula-autobuzele-tramvaiele-si-troleibuzele-stpt\/\">Program prelungit pentru mijloacele de transport public, \u00een noaptea de \u00cenviere! Cum vor circula autobuzele, tramvaiele \u0219i troleibuzele STPT?<\/a><\/h3>\n<div class=\"el-content uk-panel uk-margin-small-top\">Societatea de Transport Public Timi\u0219oara asigur\u0103 transportul \u00een comun, cu program extins, \u00een noaptea zilei de 11 aprilie, cu ocazia oficierii slujbelor religioase de Pa\u0219ti. Sursa de Vest See Full Bio<\/div>\n<div class=\"uk-margin-top\"><a href=\"https:\/\/www.sursadevest.ro\/program-prelungit-pentru-mijloacele-de-transport-public-in-noaptea-de-inviere-cum-vor-circula-autobuzele-tramvaiele-si-troleibuzele-stpt\/\" class=\"el-link uk-button uk-button-text\">Vezi detalii<\/a><\/div>\n<\/div>\n<\/div>\n<div>\n<div class=\"el-item uk-panel uk-margin-remove-first-child\"><a href=\"https:\/\/www.sursadevest.ro\/destinatia-perfecta-de-paste-la-doi-pasi-de-timisoara-500-de-euro-un-sejur-de-patru-zile-la-hotelurile-de-patru-stele-cu-acces-la-spa\/\"><img decoding=\"async\" src=\"https:\/\/www.sursadevest.ro\/wp-content\/uploads\/2026\/04\/spa-timisoara.gif\" width=\"610\" height=\"339\" alt loading=\"lazy\" class=\"el-image uk-border-rounded\"><\/a><\/p>\n<div class=\"el-meta uk-h6 uk-text-primary uk-margin-top uk-margin-remove-bottom\"><time datetime=\"2026-04-06T13:01:02+02:00\">6 aprilie, 2026<\/time> | <a href=\"https:\/\/www.sursadevest.ro\/author\/petronela\/\">Sursa de Vest<\/a> | <a href=\"https:\/\/www.sursadevest.ro\/categorie\/stiri\/eveniment\/\" rel=\"tag\">Eveniment<\/a>, <a href=\"https:\/\/www.sursadevest.ro\/categorie\/stiri\/social\/\" rel=\"tag\">Social<\/a>, <a href=\"https:\/\/www.sursadevest.ro\/categorie\/stiri\/\" rel=\"tag\">\u0218tiri<\/a> | <a href=\"https:\/\/www.sursadevest.ro\/destinatia-perfecta-de-paste-la-doi-pasi-de-timisoara-500-de-euro-un-sejur-de-patru-zile-la-hotelurile-de-patru-stele-cu-acces-la-spa\/#respond\">Niciun comentariu<span class=\"screen-reader-text\"> la Destina\u021bia perfect\u0103 de Pa\u0219te, la doi pa\u0219i de Timi\u0219oara! 500 de euro, un sejur de patru zile, la   hotelurile de patru stele cu acces la spa<\/span><\/a><\/div>\n<h3 class=\"el-title uk-h4 uk-link-reset uk-margin-small-top uk-margin-remove-bottom\"><a href=\"https:\/\/www.sursadevest.ro\/destinatia-perfecta-de-paste-la-doi-pasi-de-timisoara-500-de-euro-un-sejur-de-patru-zile-la-hotelurile-de-patru-stele-cu-acces-la-spa\/\">Destina\u021bia perfect\u0103 de Pa\u0219te, la doi pa\u0219i de Timi\u0219oara! 500 de euro, un sejur de patru zile, la   hotelurile de patru stele cu acces la spa<\/a><\/h3>\n<div class=\"el-content uk-panel uk-margin-small-top\">Pentru timi\u0219orenii care vor s\u0103 plece de Pa\u0219te f\u0103r\u0103 drumuri lungi \u0219i f\u0103r\u0103 costuri ridicate, Ungaria devine una dintre cele mai potrivite op\u021biuni. Sursa de Vest See Full Bio<\/div>\n<div class=\"uk-margin-top\"><a href=\"https:\/\/www.sursadevest.ro\/destinatia-perfecta-de-paste-la-doi-pasi-de-timisoara-500-de-euro-un-sejur-de-patru-zile-la-hotelurile-de-patru-stele-cu-acces-la-spa\/\" class=\"el-link uk-button uk-button-text\">Vezi detalii<\/a><\/div>\n<\/div>\n<\/div>\n<div>\n<div class=\"el-item uk-panel uk-margin-remove-first-child\"><a href=\"https:\/\/www.sursadevest.ro\/calendar-digital-pentru-programarea-evenimentelor-din-oras-disponibil-de-acum-pe-portalul-primariei-timisoara\/\"><br \/>\n<source type=\"image\/webp\" srcset=\"\/wp-content\/themes\/yootheme\/cache\/92\/calendar-92bb096c.webp 610w, \/wp-content\/themes\/yootheme\/cache\/27\/calendar-2791bfd0.webp 768w, https:\/\/www.sursadevest.ro\/wp-json\/yootheme\/image?src=%7B%22file%22%3A%22wp-content%2Fuploads%2F2026%2F04%2Fcalendar.jpg%22%2C%22type%22%3A%22webp%2C85%22%2C%22thumbnail%22%3A%22799%2C405%2C%22%7D&amp;hash=1c9e946c 799w, \/wp-content\/themes\/yootheme\/cache\/c9\/calendar-c906cf31.webp 800w\" sizes=\"(min-width: 610px) 610px\" \/><\/a><\/p>\n<div class=\"el-meta uk-h6 uk-text-primary uk-margin-top uk-margin-remove-bottom\"><time datetime=\"2026-04-06T12:53:46+02:00\">6 aprilie, 2026<\/time> | <a href=\"https:\/\/www.sursadevest.ro\/author\/petronela\/\">Sursa de Vest<\/a> | <a href=\"https:\/\/www.sursadevest.ro\/categorie\/stiri\/eveniment\/\" rel=\"tag\">Eveniment<\/a>, <a href=\"https:\/\/www.sursadevest.ro\/categorie\/stiri\/\" rel=\"tag\">\u0218tiri<\/a> | <a href=\"https:\/\/www.sursadevest.ro\/calendar-digital-pentru-programarea-evenimentelor-din-oras-disponibil-de-acum-pe-portalul-primariei-timisoara\/#respond\">Niciun comentariu<span class=\"screen-reader-text\"> la Calendar digital pentru programarea evenimentelor din ora\u0219, disponibil de acum pe portalul Prim\u0103riei Timi\u0219oara!<\/span><\/a><\/div>\n<h3 class=\"el-title uk-h4 uk-link-reset uk-margin-small-top uk-margin-remove-bottom\"><a href=\"https:\/\/www.sursadevest.ro\/calendar-digital-pentru-programarea-evenimentelor-din-oras-disponibil-de-acum-pe-portalul-primariei-timisoara\/\">Calendar digital pentru programarea evenimentelor din ora\u0219, disponibil de acum pe portalul Prim\u0103riei Timi\u0219oara!<\/a><\/h3>\n<div class=\"el-content uk-panel uk-margin-small-top\">Prim\u0103ria Timi\u0219oara pune la dispozi\u021bia organizatorilor de evenimente \u0219i adun\u0103ri publice un calendar online, integrat \u00een sec\u021biunea \u201eOrganizare evenimente\u201d a Portalului de servicii. Sursa de Vest See Full Bio<\/div>\n<div class=\"uk-margin-top\"><a href=\"https:\/\/www.sursadevest.ro\/calendar-digital-pentru-programarea-evenimentelor-din-oras-disponibil-de-acum-pe-portalul-primariei-timisoara\/\" class=\"el-link uk-button uk-button-text\">Vezi detalii<\/a><\/div>\n<\/div>\n<\/div>\n<div>\n<div class=\"el-item uk-panel uk-margin-remove-first-child\"><a href=\"https:\/\/www.sursadevest.ro\/razii-pe-soselele-din-timis-politistii-au-impartit-sute-de-amenzi\/\"><br \/>\n<source type=\"image\/webp\" srcset=\"\/wp-content\/themes\/yootheme\/cache\/e9\/contril-trafic-e98e1518.webp 610w, \/wp-content\/themes\/yootheme\/cache\/28\/contril-trafic-289263d4.webp 768w, \/wp-content\/themes\/yootheme\/cache\/57\/contril-trafic-57c59a83.webp 966w\" sizes=\"(min-width: 610px) 610px\" \/><\/a><\/p>\n<div class=\"el-meta uk-h6 uk-text-primary uk-margin-top uk-margin-remove-bottom\"><time datetime=\"2026-04-06T12:05:17+02:00\">6 aprilie, 2026<\/time> | <a href=\"https:\/\/www.sursadevest.ro\/author\/petronela\/\">Sursa de Vest<\/a> | <a href=\"https:\/\/www.sursadevest.ro\/categorie\/stiri\/eveniment\/\" rel=\"tag\">Eveniment<\/a>, <a href=\"https:\/\/www.sursadevest.ro\/categorie\/stiri\/\" rel=\"tag\">\u0218tiri<\/a> | <a href=\"https:\/\/www.sursadevest.ro\/razii-pe-soselele-din-timis-politistii-au-impartit-sute-de-amenzi\/#respond\">Niciun comentariu<span class=\"screen-reader-text\"> la Razii, pe \u0219oselele din Timi\u0219! Poli\u021bi\u0219tii au \u00eemp\u0103r\u021bit sute de amenzi<\/span><\/a><\/div>\n<h3 class=\"el-title uk-h4 uk-link-reset uk-margin-small-top uk-margin-remove-bottom\"><a href=\"https:\/\/www.sursadevest.ro\/razii-pe-soselele-din-timis-politistii-au-impartit-sute-de-amenzi\/\">Razii, pe \u0219oselele din Timi\u0219! Poli\u021bi\u0219tii au \u00eemp\u0103r\u021bit sute de amenzi<\/a><\/h3>\n<div class=\"el-content uk-panel uk-margin-small-top\">Razii de amploare a poli\u021bi\u0219tilor timi\u0219eni. Agen\u021bii au ac\u0163ionat, \u00een perioada 3-5 aprilie, pe raza intregului jude\u0163 pentru\u00a0prevenirea faptelor antisociale, c\u00e2t \u0219i pentru men\u021binerea unui trafic rutier sigur. Sursa de Vest See Full Bio<\/div>\n<div class=\"uk-margin-top\"><a href=\"https:\/\/www.sursadevest.ro\/razii-pe-soselele-din-timis-politistii-au-impartit-sute-de-amenzi\/\" class=\"el-link uk-button uk-button-text\">Vezi detalii<\/a><\/div>\n<\/div>\n<\/div>\n<div>\n<div class=\"el-item uk-panel uk-margin-remove-first-child\"><a href=\"https:\/\/www.sursadevest.ro\/program-modificat-la-directia-de-evidenta-a-persoanelor-in-perioada-sarbatorilor-pascale-functioneaza-doar-biroul-decese-2\/\"><br \/>\n<source type=\"image\/webp\" srcset=\"\/wp-content\/themes\/yootheme\/cache\/53\/directia-de-evidenta-a-persoanelor-53d627df.webp 610w, \/wp-content\/themes\/yootheme\/cache\/78\/directia-de-evidenta-a-persoanelor-78f677eb.webp 768w, \/wp-content\/themes\/yootheme\/cache\/cc\/directia-de-evidenta-a-persoanelor-cc46fdbf.webp 1024w, \/wp-content\/themes\/yootheme\/cache\/f0\/directia-de-evidenta-a-persoanelor-f0b5e768.webp 1096w\" sizes=\"(min-width: 610px) 610px\" \/><\/a><\/p>\n<div class=\"el-meta uk-h6 uk-text-primary uk-margin-top uk-margin-remove-bottom\"><time datetime=\"2026-04-06T11:46:21+02:00\">6 aprilie, 2026<\/time> | <a href=\"https:\/\/www.sursadevest.ro\/author\/petronela\/\">Sursa de Vest<\/a> | <a href=\"https:\/\/www.sursadevest.ro\/categorie\/stiri\/eveniment\/\" rel=\"tag\">Eveniment<\/a>, <a href=\"https:\/\/www.sursadevest.ro\/categorie\/stiri\/\" rel=\"tag\">\u0218tiri<\/a> | <a href=\"https:\/\/www.sursadevest.ro\/program-modificat-la-directia-de-evidenta-a-persoanelor-in-perioada-sarbatorilor-pascale-functioneaza-doar-biroul-decese-2\/#respond\">Niciun comentariu<span class=\"screen-reader-text\"> la Program modificat la Direc\u021bia de Eviden\u021b\u0103 a Persoanelor, \u00een perioada s\u0103rb\u0103torilor pascale! Func\u021bioneaz\u0103 doar Biroul Decese<\/span><\/a><\/div>\n<h3 class=\"el-title uk-h4 uk-link-reset uk-margin-small-top uk-margin-remove-bottom\"><a href=\"https:\/\/www.sursadevest.ro\/program-modificat-la-directia-de-evidenta-a-persoanelor-in-perioada-sarbatorilor-pascale-functioneaza-doar-biroul-decese-2\/\">Program modificat la Direc\u021bia de Eviden\u021b\u0103 a Persoanelor, \u00een perioada s\u0103rb\u0103torilor pascale! Func\u021bioneaz\u0103 doar Biroul Decese<\/a><\/h3>\n<div class=\"el-content uk-panel uk-margin-small-top\">\u00cen perioada s\u0103rb\u0103torilor pascale, programul de lucru cu publicul la Direc\u021bia de Eviden\u021b\u0103 a Persoanelor va fi modificat. Sursa de Vest See Full Bio<\/div>\n<div class=\"uk-margin-top\"><a href=\"https:\/\/www.sursadevest.ro\/program-modificat-la-directia-de-evidenta-a-persoanelor-in-perioada-sarbatorilor-pascale-functioneaza-doar-biroul-decese-2\/\" class=\"el-link uk-button uk-button-text\">Vezi detalii<\/a><\/div>\n<\/div>\n<\/div>\n<div>\n<div class=\"el-item uk-panel uk-margin-remove-first-child\"><a href=\"https:\/\/www.sursadevest.ro\/video-decoratiunile-de-paste-din-timisoara-intre-aprecieri-si-critici-un-artist-cere-indepartarea-unei-instalatii-din-jurul-creatiei-sale\/\"><img decoding=\"async\" src=\"https:\/\/www.sursadevest.ro\/wp-content\/uploads\/2026\/04\/sculptura-emblematica.gif\" width=\"610\" height=\"339\" alt loading=\"lazy\" class=\"el-image uk-border-rounded\"><\/a><\/p>\n<div class=\"el-meta uk-h6 uk-text-primary uk-margin-top uk-margin-remove-bottom\"><time datetime=\"2026-04-06T11:40:18+02:00\">6 aprilie, 2026<\/time> | <a href=\"https:\/\/www.sursadevest.ro\/author\/petronela\/\">Sursa de Vest<\/a> | <a href=\"https:\/\/www.sursadevest.ro\/categorie\/stiri\/eveniment\/\" rel=\"tag\">Eveniment<\/a>, <a href=\"https:\/\/www.sursadevest.ro\/categorie\/stiri\/\" rel=\"tag\">\u0218tiri<\/a> | <a href=\"https:\/\/www.sursadevest.ro\/video-decoratiunile-de-paste-din-timisoara-intre-aprecieri-si-critici-un-artist-cere-indepartarea-unei-instalatii-din-jurul-creatiei-sale\/#respond\">Niciun comentariu<span class=\"screen-reader-text\"> la VIDEO: Decora\u021biunile de Pa\u0219te din Timi\u0219oara, \u00eentre aprecieri \u0219i critici. Un artist cere \u00eendep\u0103rtarea unei instala\u021bii din jurul crea\u021biei sale<\/span><\/a><\/div>\n<h3 class=\"el-title uk-h4 uk-link-reset uk-margin-small-top uk-margin-remove-bottom\"><a href=\"https:\/\/www.sursadevest.ro\/video-decoratiunile-de-paste-din-timisoara-intre-aprecieri-si-critici-un-artist-cere-indepartarea-unei-instalatii-din-jurul-creatiei-sale\/\">VIDEO: Decora\u021biunile de Pa\u0219te din Timi\u0219oara, \u00eentre aprecieri \u0219i critici. Un artist cere \u00eendep\u0103rtarea unei instala\u021bii din jurul crea\u021biei sale<\/a><\/h3>\n<div class=\"el-content uk-panel uk-margin-small-top\">Decora\u021biunile de Pa\u0219te amplasate \u00een acest an \u00een Timi\u0219oara au st\u00e2rnit un val de reac\u021bii pe re\u021belele de socializare. Dac\u0103 unii au apreciat elementele festive, al\u021bii le-au criticat. Sursa de Vest See Full Bio<\/div>\n<div class=\"uk-margin-top\"><a href=\"https:\/\/www.sursadevest.ro\/video-decoratiunile-de-paste-din-timisoara-intre-aprecieri-si-critici-un-artist-cere-indepartarea-unei-instalatii-din-jurul-creatiei-sale\/\" class=\"el-link uk-button uk-button-text\">Vezi detalii<\/a><\/div>\n<\/div>\n<\/div>\n<div>\n<div class=\"el-item uk-panel uk-margin-remove-first-child\"><a href=\"https:\/\/www.sursadevest.ro\/vesti-bune-pentru-timisoreni-piata-volanta-de-la-stadion-isi-extinde-programul-inainte-de-paste\/\"><br \/>\n<source type=\"image\/webp\" srcset=\"\/wp-content\/themes\/yootheme\/cache\/64\/piata-volanta-644326fe.webp 610w, \/wp-content\/themes\/yootheme\/cache\/53\/piata-volanta-5316fdc3.webp 768w, \/wp-content\/themes\/yootheme\/cache\/a3\/piata-volanta-a340997b.webp 900w\" sizes=\"(min-width: 610px) 610px\" \/><\/a><\/p>\n<div class=\"el-meta uk-h6 uk-text-primary uk-margin-top uk-margin-remove-bottom\"><time datetime=\"2026-04-06T10:19:11+02:00\">6 aprilie, 2026<\/time> | <a href=\"https:\/\/www.sursadevest.ro\/author\/petronela\/\">Sursa de Vest<\/a> | <a href=\"https:\/\/www.sursadevest.ro\/categorie\/stiri\/administratie\/\" rel=\"tag\">Administra\u021bie<\/a>, <a href=\"https:\/\/www.sursadevest.ro\/categorie\/stiri\/eveniment\/\" rel=\"tag\">Eveniment<\/a>, <a href=\"https:\/\/www.sursadevest.ro\/categorie\/stiri\/social\/\" rel=\"tag\">Social<\/a>, <a href=\"https:\/\/www.sursadevest.ro\/categorie\/stiri\/\" rel=\"tag\">\u0218tiri<\/a> | <a href=\"https:\/\/www.sursadevest.ro\/vesti-bune-pentru-timisoreni-piata-volanta-de-la-stadion-isi-extinde-programul-inainte-de-paste\/#respond\">Niciun comentariu<span class=\"screen-reader-text\"> la Ve\u0219ti bune pentru timi\u0219oreni! Pia\u021ba Volant\u0103 de la Stadion \u00ee\u0219i extinde programul \u00eenainte de Pa\u0219te<\/span><\/a><\/div>\n<h3 class=\"el-title uk-h4 uk-link-reset uk-margin-small-top uk-margin-remove-bottom\"><a href=\"https:\/\/www.sursadevest.ro\/vesti-bune-pentru-timisoreni-piata-volanta-de-la-stadion-isi-extinde-programul-inainte-de-paste\/\">Ve\u0219ti bune pentru timi\u0219oreni! Pia\u021ba Volant\u0103 de la Stadion \u00ee\u0219i extinde programul \u00eenainte de Pa\u0219te<\/a><\/h3>\n<div class=\"el-content uk-panel uk-margin-small-top\">\u00cen apropierea Pa\u0219telui, timi\u0219orenii au un motiv \u00een plus s\u0103 se bucure: Pia\u021ba Volant\u0103 din zona Stadionului va fi deschis\u0103 \u0219i vineri, 10 aprilie, pe l\u00e2ng\u0103 zilele obi\u0219nuite de miercuri \u0219i s\u00e2mb\u0103t\u0103. Sursa de Vest See Full Bio<\/div>\n<div class=\"uk-margin-top\"><a href=\"https:\/\/www.sursadevest.ro\/vesti-bune-pentru-timisoreni-piata-volanta-de-la-stadion-isi-extinde-programul-inainte-de-paste\/\" class=\"el-link uk-button uk-button-text\">Vezi detalii<\/a><\/div>\n<\/div>\n<\/div>\n<div>\n<div class=\"el-item uk-panel uk-margin-remove-first-child\"><a href=\"https:\/\/www.sursadevest.ro\/accident-in-apropiere-de-timisoara-o-masina-s-a-infipt-intr-un-stalp-doua-persoane-au-fost-ranite\/\"><br \/>\n<source type=\"image\/webp\" srcset=\"\/wp-content\/themes\/yootheme\/cache\/36\/accident-36b6d224.webp 610w\" sizes=\"(min-width: 610px) 610px\" \/><\/a><\/p>\n<div class=\"el-meta uk-h6 uk-text-primary uk-margin-top uk-margin-remove-bottom\"><time datetime=\"2026-04-06T09:53:26+02:00\">6 aprilie, 2026<\/time> | <a href=\"https:\/\/www.sursadevest.ro\/author\/petronela\/\">Sursa de Vest<\/a> | <a href=\"https:\/\/www.sursadevest.ro\/categorie\/stiri\/eveniment\/\" rel=\"tag\">Eveniment<\/a>, <a href=\"https:\/\/www.sursadevest.ro\/categorie\/stiri\/\" rel=\"tag\">\u0218tiri<\/a> | <a href=\"https:\/\/www.sursadevest.ro\/accident-in-apropiere-de-timisoara-o-masina-s-a-infipt-intr-un-stalp-doua-persoane-au-fost-ranite\/#respond\">Niciun comentariu<span class=\"screen-reader-text\"> la Accident, \u00een apropiere de Timi\u0219oara! O ma\u0219in\u0103 s-a \u00eenfipt \u00eentr-un st\u00e2lp. Dou\u0103 persoane au fost r\u0103nite<\/span><\/a><\/div>\n<h3 class=\"el-title uk-h4 uk-link-reset uk-margin-small-top uk-margin-remove-bottom\"><a href=\"https:\/\/www.sursadevest.ro\/accident-in-apropiere-de-timisoara-o-masina-s-a-infipt-intr-un-stalp-doua-persoane-au-fost-ranite\/\">Accident, \u00een apropiere de Timi\u0219oara! O ma\u0219in\u0103 s-a \u00eenfipt \u00eentr-un st\u00e2lp. Dou\u0103 persoane au fost r\u0103nite<\/a><\/h3>\n<div class=\"el-content uk-panel uk-margin-small-top\">Un accident rutier, \u00een care a fost implicat\u0103 o singur\u0103 ma\u0219in\u0103, a avut loc \u00een aceast\u0103 diminea\u021b\u0103, \u00een apropiere de Timi\u0219oara. Sursa de Vest See Full Bio<\/div>\n<div class=\"uk-margin-top\"><a href=\"https:\/\/www.sursadevest.ro\/accident-in-apropiere-de-timisoara-o-masina-s-a-infipt-intr-un-stalp-doua-persoane-au-fost-ranite\/\" class=\"el-link uk-button uk-button-text\">Vezi detalii<\/a><\/div>\n<\/div>\n<\/div>\n<div>\n<div class=\"el-item uk-panel uk-margin-remove-first-child\"><a href=\"https:\/\/www.sursadevest.ro\/facultatea-de-arte-si-design-din-cadrul-uvt-prezinta-interdesign-2026-designul-ca-laborator-viu-dincolo-de-limitele-conventionale\/\"><br \/>\n<source type=\"image\/webp\" srcset=\"\/wp-content\/themes\/yootheme\/cache\/da\/uvt-dafd76f1.webp 610w, \/wp-content\/themes\/yootheme\/cache\/14\/uvt-14182115.webp 751w, \/wp-content\/themes\/yootheme\/cache\/fe\/uvt-fe9efc77.webp 752w\" sizes=\"(min-width: 610px) 610px\" \/><\/a><\/p>\n<div class=\"el-meta uk-h6 uk-text-primary uk-margin-top uk-margin-remove-bottom\"><time datetime=\"2026-04-06T08:29:02+02:00\">6 aprilie, 2026<\/time> | <a href=\"https:\/\/www.sursadevest.ro\/author\/petronela\/\">Sursa de Vest<\/a> | <a href=\"https:\/\/www.sursadevest.ro\/categorie\/stiri\/cultura\/\" rel=\"tag\">Cultur\u0103<\/a>, <a href=\"https:\/\/www.sursadevest.ro\/categorie\/stiri\/eveniment\/\" rel=\"tag\">Eveniment<\/a>, <a href=\"https:\/\/www.sursadevest.ro\/categorie\/stiri\/\" rel=\"tag\">\u0218tiri<\/a> | <a href=\"https:\/\/www.sursadevest.ro\/facultatea-de-arte-si-design-din-cadrul-uvt-prezinta-interdesign-2026-designul-ca-laborator-viu-dincolo-de-limitele-conventionale\/#respond\">Niciun comentariu<span class=\"screen-reader-text\"> la Facultatea de Arte \u0219i Design din cadrul UVT prezint\u0103 INTERDESIGN 2026: Designul ca laborator viu, dincolo de limitele conven\u021bionale<\/span><\/a><\/div>\n<h3 class=\"el-title uk-h4 uk-link-reset uk-margin-small-top uk-margin-remove-bottom\"><a href=\"https:\/\/www.sursadevest.ro\/facultatea-de-arte-si-design-din-cadrul-uvt-prezinta-interdesign-2026-designul-ca-laborator-viu-dincolo-de-limitele-conventionale\/\">Facultatea de Arte \u0219i Design din cadrul UVT prezint\u0103 INTERDESIGN 2026: Designul ca laborator viu, dincolo de limitele conven\u021bionale<\/a><\/h3>\n<div class=\"el-content uk-panel uk-margin-small-top\">Facultatea de Arte \u0219i Design din cadrul\u00a0Universit\u0103\u021bii de Vest din Timi\u0219oara\u00a0anun\u021b\u0103 lansarea celei de-a \u0219asea edi\u021bii a Bienalei INTERDESIGN, o platform\u0103 interna\u021bional\u0103 care aduce \u00eempreun\u0103 inova\u021bia, experimentul \u0219i dialogul interdisciplinar. Sursa de Vest See Full Bio<\/div>\n<div class=\"uk-margin-top\"><a href=\"https:\/\/www.sursadevest.ro\/facultatea-de-arte-si-design-din-cadrul-uvt-prezinta-interdesign-2026-designul-ca-laborator-viu-dincolo-de-limitele-conventionale\/\" class=\"el-link uk-button uk-button-text\">Vezi detalii<\/a><\/div>\n<\/div>\n<\/div>\n<div>\n<div class=\"el-item uk-panel uk-margin-remove-first-child\"><a href=\"https:\/\/www.sursadevest.ro\/febra-gradinaritului-a-cuprins-pietele-din-timisoara-rasadurile-de-rosii-si-ardei-vedetele-tarabelor-in-aceasta-perioada\/\"><br \/>\n<source type=\"image\/webp\" srcset=\"\/wp-content\/themes\/yootheme\/cache\/71\/rasaduri-4-71df778c.webp 610w, \/wp-content\/themes\/yootheme\/cache\/7d\/rasaduri-4-7d9529cb.webp 768w, \/wp-content\/themes\/yootheme\/cache\/2a\/rasaduri-4-2adc4b6c.webp 1024w, \/wp-content\/themes\/yootheme\/cache\/02\/rasaduri-4-02a7b8c6.webp 1051w, \/wp-content\/themes\/yootheme\/cache\/e8\/rasaduri-4-e82165a4.webp 1052w\" sizes=\"(min-width: 610px) 610px\" \/><\/a><\/p>\n<div class=\"el-meta uk-h6 uk-text-primary uk-margin-top uk-margin-remove-bottom\"><time datetime=\"2026-04-06T07:52:00+02:00\">6 aprilie, 2026<\/time> | <a href=\"https:\/\/www.sursadevest.ro\/author\/petronela\/\">Sursa de Vest<\/a> | <a href=\"https:\/\/www.sursadevest.ro\/categorie\/stiri\/eveniment\/\" rel=\"tag\">Eveniment<\/a>, <a href=\"https:\/\/www.sursadevest.ro\/categorie\/stiri\/\" rel=\"tag\">\u0218tiri<\/a> | <a href=\"https:\/\/www.sursadevest.ro\/febra-gradinaritului-a-cuprins-pietele-din-timisoara-rasadurile-de-rosii-si-ardei-vedetele-tarabelor-in-aceasta-perioada\/#respond\">Niciun comentariu<span class=\"screen-reader-text\"> la Febra gr\u0103din\u0103ritului a cuprins pie\u021bele din Timi\u0219oara! R\u0103sadurile de ro\u0219ii \u0219i ardei, vedetele tarabelor \u00een aceast\u0103 perioad\u0103!<\/span><\/a><\/div>\n<h3 class=\"el-title uk-h4 uk-link-reset uk-margin-small-top uk-margin-remove-bottom\"><a href=\"https:\/\/www.sursadevest.ro\/febra-gradinaritului-a-cuprins-pietele-din-timisoara-rasadurile-de-rosii-si-ardei-vedetele-tarabelor-in-aceasta-perioada\/\">Febra gr\u0103din\u0103ritului a cuprins pie\u021bele din Timi\u0219oara! R\u0103sadurile de ro\u0219ii \u0219i ardei, vedetele tarabelor \u00een aceast\u0103 perioad\u0103!<\/a><\/h3>\n<div class=\"el-content uk-panel uk-margin-small-top\">Odat\u0103 cu \u00eenc\u0103lzirea vremii, pie\u021bele din Timi\u0219oara s-au transformat \u00een adev\u0103rate oaze de verdea\u021b\u0103. Sursa de Vest See Full Bio<\/div>\n<div class=\"uk-margin-top\"><a href=\"https:\/\/www.sursadevest.ro\/febra-gradinaritului-a-cuprins-pietele-din-timisoara-rasadurile-de-rosii-si-ardei-vedetele-tarabelor-in-aceasta-perioada\/\" class=\"el-link uk-button uk-button-text\">Vezi detalii<\/a><\/div>\n<\/div>\n<\/div>\n<div>\n<div class=\"el-item uk-panel uk-margin-remove-first-child\"><a href=\"https:\/\/www.sursadevest.ro\/vor-fi-probleme-cu-apa-in-mai-multe-localitati-din-judet-aquatim-anunta-lucrari\/\"><br \/>\n<source type=\"image\/webp\" srcset=\"\/wp-content\/themes\/yootheme\/cache\/58\/apa-5803d363.webp 610w, \/wp-content\/themes\/yootheme\/cache\/53\/apa-535ddc44.webp 768w, \/wp-content\/themes\/yootheme\/cache\/1c\/apa-1cde3e35.webp 938w\" sizes=\"(min-width: 610px) 610px\" \/><\/a><\/p>\n<div class=\"el-meta uk-h6 uk-text-primary uk-margin-top uk-margin-remove-bottom\"><time datetime=\"2026-04-05T13:17:53+02:00\">5 aprilie, 2026<\/time> | <a href=\"https:\/\/www.sursadevest.ro\/author\/petronela\/\">Sursa de Vest<\/a> | <a href=\"https:\/\/www.sursadevest.ro\/categorie\/stiri\/eveniment\/\" rel=\"tag\">Eveniment<\/a>, <a href=\"https:\/\/www.sursadevest.ro\/categorie\/stiri\/\" rel=\"tag\">\u0218tiri<\/a> | <a href=\"https:\/\/www.sursadevest.ro\/vor-fi-probleme-cu-apa-in-mai-multe-localitati-din-judet-aquatim-anunta-lucrari\/#respond\">Niciun comentariu<span class=\"screen-reader-text\"> la Vor fi probleme cu apa, \u00een mai multe localit\u0103\u021bi din jude\u021b! Aquatim anun\u021b\u0103 lucr\u0103ri<\/span><\/a><\/div>\n<h3 class=\"el-title uk-h4 uk-link-reset uk-margin-small-top uk-margin-remove-bottom\"><a href=\"https:\/\/www.sursadevest.ro\/vor-fi-probleme-cu-apa-in-mai-multe-localitati-din-judet-aquatim-anunta-lucrari\/\">Vor fi probleme cu apa, \u00een mai multe localit\u0103\u021bi din jude\u021b! Aquatim anun\u021b\u0103 lucr\u0103ri<\/a><\/h3>\n<div class=\"el-content uk-panel uk-margin-small-top\">Aquatim anun\u021b\u0103 lucr\u0103ri, \u00een mai multe localit\u0103\u021bi din jude\u021b, \u00een perioada urm\u0103toare. Sursa de Vest See Full Bio<\/div>\n<div class=\"uk-margin-top\"><a href=\"https:\/\/www.sursadevest.ro\/vor-fi-probleme-cu-apa-in-mai-multe-localitati-din-judet-aquatim-anunta-lucrari\/\" class=\"el-link uk-button uk-button-text\">Vezi detalii<\/a><\/div>\n<\/div>\n<\/div>\n<div>\n<div class=\"el-item uk-panel uk-margin-remove-first-child\"><a href=\"https:\/\/www.sursadevest.ro\/incendiu-la-un-saivan-de-animale-15-iezi-au-murit-iar-pagubele-sunt-insemnate\/\"><br \/>\n<source type=\"image\/webp\" srcset=\"\/wp-content\/themes\/yootheme\/cache\/d6\/incendiu-saivan-d6e37732.webp 610w, \/wp-content\/themes\/yootheme\/cache\/90\/incendiu-saivan-90d6f980.webp 768w, \/wp-content\/themes\/yootheme\/cache\/30\/incendiu-saivan-306316dc.webp 926w, \/wp-content\/themes\/yootheme\/cache\/df\/incendiu-saivan-df31a03d.webp 927w\" sizes=\"(min-width: 610px) 610px\" \/><\/a><\/p>\n<div class=\"el-meta uk-h6 uk-text-primary uk-margin-top uk-margin-remove-bottom\"><time datetime=\"2026-04-05T12:46:48+02:00\">5 aprilie, 2026<\/time> | <a href=\"https:\/\/www.sursadevest.ro\/author\/petronela\/\">Sursa de Vest<\/a> | <a href=\"https:\/\/www.sursadevest.ro\/categorie\/stiri\/eveniment\/\" rel=\"tag\">Eveniment<\/a>, <a href=\"https:\/\/www.sursadevest.ro\/categorie\/stiri\/\" rel=\"tag\">\u0218tiri<\/a> | <a href=\"https:\/\/www.sursadevest.ro\/incendiu-la-un-saivan-de-animale-15-iezi-au-murit-iar-pagubele-sunt-insemnate\/#respond\">Niciun comentariu<span class=\"screen-reader-text\"> la Incendiu la un saivan de animale! 15 iezi au murit iar pagubele sunt \u00eensemnate<\/span><\/a><\/div>\n<h3 class=\"el-title uk-h4 uk-link-reset uk-margin-small-top uk-margin-remove-bottom\"><a href=\"https:\/\/www.sursadevest.ro\/incendiu-la-un-saivan-de-animale-15-iezi-au-murit-iar-pagubele-sunt-insemnate\/\">Incendiu la un saivan de animale! 15 iezi au murit iar pagubele sunt \u00eensemnate<\/a><\/h3>\n<div class=\"el-content uk-panel uk-margin-small-top\">Pompierii au fost solicita\u021bi s\u0103 intervin\u0103 pentru stingerea unui incendiu care a cuprins un saivan de animale din Ale\u0219d. Sursa de Vest See Full Bio<\/div>\n<div class=\"uk-margin-top\"><a href=\"https:\/\/www.sursadevest.ro\/incendiu-la-un-saivan-de-animale-15-iezi-au-murit-iar-pagubele-sunt-insemnate\/\" class=\"el-link uk-button uk-button-text\">Vezi detalii<\/a><\/div>\n<\/div>\n<\/div>\n<div>\n<div class=\"el-item uk-panel uk-margin-remove-first-child\"><a href=\"https:\/\/www.sursadevest.ro\/atentie-soferi-restrictii-de-circulatie-in-mai-multe-zone-din-timisoara-din-cauza-unor-lucrari-la-retelele-de-gaz-si-canalizare\/\"><br \/>\n<source type=\"image\/webp\" srcset=\"\/wp-content\/themes\/yootheme\/cache\/8b\/restrictii-circulatie-8b8f8058.webp 610w, \/wp-content\/themes\/yootheme\/cache\/e7\/restrictii-circulatie-e7cef01e.webp 768w, \/wp-content\/themes\/yootheme\/cache\/3d\/restrictii-circulatie-3d604f53.webp 960w\" sizes=\"(min-width: 610px) 610px\" \/><\/a><\/p>\n<div class=\"el-meta uk-h6 uk-text-primary uk-margin-top uk-margin-remove-bottom\"><time datetime=\"2026-04-05T12:21:00+02:00\">5 aprilie, 2026<\/time> | <a href=\"https:\/\/www.sursadevest.ro\/author\/petronela\/\">Sursa de Vest<\/a> | <a href=\"https:\/\/www.sursadevest.ro\/categorie\/stiri\/eveniment\/\" rel=\"tag\">Eveniment<\/a>, <a href=\"https:\/\/www.sursadevest.ro\/categorie\/stiri\/\" rel=\"tag\">\u0218tiri<\/a> | <a href=\"https:\/\/www.sursadevest.ro\/atentie-soferi-restrictii-de-circulatie-in-mai-multe-zone-din-timisoara-din-cauza-unor-lucrari-la-retelele-de-gaz-si-canalizare\/#respond\">Niciun comentariu<span class=\"screen-reader-text\"> la Aten\u021bie, \u0219oferi! Restric\u021bii de circula\u021bie \u00een mai multe zone din Timi\u0219oara din cauza unor lucr\u0103ri la re\u021belele de gaz \u0219i canalizare!<\/span><\/a><\/div>\n<h3 class=\"el-title uk-h4 uk-link-reset uk-margin-small-top uk-margin-remove-bottom\"><a href=\"https:\/\/www.sursadevest.ro\/atentie-soferi-restrictii-de-circulatie-in-mai-multe-zone-din-timisoara-din-cauza-unor-lucrari-la-retelele-de-gaz-si-canalizare\/\">Aten\u021bie, \u0219oferi! Restric\u021bii de circula\u021bie \u00een mai multe zone din Timi\u0219oara din cauza unor lucr\u0103ri la re\u021belele de gaz \u0219i canalizare!<\/a><\/h3>\n<div class=\"el-content uk-panel uk-margin-small-top\">Prim\u0103ria Timi\u0219oara anun\u021b\u0103 noi restric\u021bii de trafic \u00een mai multe zone din ora\u0219, \u00een urma avizelor emise de comisia de circula\u021bie, la solicitarea Aquatim \u0219i Delgaz Grid, pentru desf\u0103\u0219urarea unor lucr\u0103ri la infrastructura de utilit\u0103\u021bi. Sursa de Vest See Full Bio<\/div>\n<div class=\"uk-margin-top\"><a href=\"https:\/\/www.sursadevest.ro\/atentie-soferi-restrictii-de-circulatie-in-mai-multe-zone-din-timisoara-din-cauza-unor-lucrari-la-retelele-de-gaz-si-canalizare\/\" class=\"el-link uk-button uk-button-text\">Vezi detalii<\/a><\/div>\n<\/div>\n<\/div>\n<div>\n<div class=\"el-item uk-panel uk-margin-remove-first-child\"><a href=\"https:\/\/www.sursadevest.ro\/sarbatoare-mare-pentru-crestinii-ortodocsi-astazi-este-duminica-floriilor-ce-semnificatii-are-3\/\"><br \/>\n<source type=\"image\/webp\" srcset=\"\/wp-content\/themes\/yootheme\/cache\/74\/catedrala-florii-74ef4a9c.webp 610w, \/wp-content\/themes\/yootheme\/cache\/c3\/catedrala-florii-c3450c64.webp 768w, \/wp-content\/themes\/yootheme\/cache\/f6\/catedrala-florii-f64bc0f9.webp 1024w, \/wp-content\/themes\/yootheme\/cache\/45\/catedrala-florii-457381ca.webp 1220w\" sizes=\"(min-width: 610px) 610px\" \/><\/a><\/p>\n<div class=\"el-meta uk-h6 uk-text-primary uk-margin-top uk-margin-remove-bottom\"><time datetime=\"2026-04-05T11:26:08+02:00\">5 aprilie, 2026<\/time> | <a href=\"https:\/\/www.sursadevest.ro\/author\/petronela\/\">Sursa de Vest<\/a> | <a href=\"https:\/\/www.sursadevest.ro\/categorie\/stiri\/eveniment\/\" rel=\"tag\">Eveniment<\/a>, <a href=\"https:\/\/www.sursadevest.ro\/categorie\/stiri\/social\/\" rel=\"tag\">Social<\/a>, <a href=\"https:\/\/www.sursadevest.ro\/categorie\/stiri\/\" rel=\"tag\">\u0218tiri<\/a> | <a href=\"https:\/\/www.sursadevest.ro\/sarbatoare-mare-pentru-crestinii-ortodocsi-astazi-este-duminica-floriilor-ce-semnificatii-are-3\/#respond\">Niciun comentariu<span class=\"screen-reader-text\"> la S\u0103rb\u0103toare mare pentru cre\u0219tinii ortodoc\u0219i! Ast\u0103zi este Duminica Floriilor! Ce semnifica\u021bii are?<\/span><\/a><\/div>\n<h3 class=\"el-title uk-h4 uk-link-reset uk-margin-small-top uk-margin-remove-bottom\"><a href=\"https:\/\/www.sursadevest.ro\/sarbatoare-mare-pentru-crestinii-ortodocsi-astazi-este-duminica-floriilor-ce-semnificatii-are-3\/\">S\u0103rb\u0103toare mare pentru cre\u0219tinii ortodoc\u0219i! Ast\u0103zi este Duminica Floriilor! Ce semnifica\u021bii are?<\/a><\/h3>\n<div class=\"el-content uk-panel uk-margin-small-top\">Cre\u015ftinii ortodoc\u0219i pr\u0103znuiesc, ast\u0103zi, Floriile, cea mai important\u0103 s\u0103rb\u0103toare care veste\u015fte Pa\u015ftele. Sursa de Vest See Full Bio<\/div>\n<div class=\"uk-margin-top\"><a href=\"https:\/\/www.sursadevest.ro\/sarbatoare-mare-pentru-crestinii-ortodocsi-astazi-este-duminica-floriilor-ce-semnificatii-are-3\/\" class=\"el-link uk-button uk-button-text\">Vezi detalii<\/a><\/div>\n<\/div>\n<\/div>\n<div>\n<div class=\"el-item uk-panel uk-margin-remove-first-child\"><a href=\"https:\/\/www.sursadevest.ro\/barbat-gasit-carbonizat-intr-un-imobil-cuprins-de-flacari-politistii-au-deschis-dosar-penal\/\"><br \/>\n<source type=\"image\/webp\" srcset=\"\/wp-content\/themes\/yootheme\/cache\/b0\/incendiu-b0aa53e7.webp 610w, \/wp-content\/themes\/yootheme\/cache\/a3\/incendiu-a31d5da9.webp 768w, \/wp-content\/themes\/yootheme\/cache\/93\/incendiu-933f88c7.webp 1024w, \/wp-content\/themes\/yootheme\/cache\/cf\/incendiu-cf227994.webp 1189w, \/wp-content\/themes\/yootheme\/cache\/e0\/incendiu-e0c3e121.webp 1190w\" sizes=\"(min-width: 610px) 610px\" \/><\/a><\/p>\n<div class=\"el-meta uk-h6 uk-text-primary uk-margin-top uk-margin-remove-bottom\"><time datetime=\"2026-04-05T11:13:11+02:00\">5 aprilie, 2026<\/time> | <a href=\"https:\/\/www.sursadevest.ro\/author\/petronela\/\">Sursa de Vest<\/a> | <a href=\"https:\/\/www.sursadevest.ro\/categorie\/stiri\/eveniment\/\" rel=\"tag\">Eveniment<\/a>, <a href=\"https:\/\/www.sursadevest.ro\/categorie\/stiri\/\" rel=\"tag\">\u0218tiri<\/a> | <a href=\"https:\/\/www.sursadevest.ro\/barbat-gasit-carbonizat-intr-un-imobil-cuprins-de-flacari-politistii-au-deschis-dosar-penal\/#respond\">Niciun comentariu<span class=\"screen-reader-text\"> la B\u0103rbat g\u0103sit carbonizat \u00eentr-un imobil cuprins de fl\u0103c\u0103ri! Poli\u021bi\u0219tii au deschis dosar penal<\/span><\/a><\/div>\n<h3 class=\"el-title uk-h4 uk-link-reset uk-margin-small-top uk-margin-remove-bottom\"><a href=\"https:\/\/www.sursadevest.ro\/barbat-gasit-carbonizat-intr-un-imobil-cuprins-de-flacari-politistii-au-deschis-dosar-penal\/\">B\u0103rbat g\u0103sit carbonizat \u00eentr-un imobil cuprins de fl\u0103c\u0103ri! Poli\u021bi\u0219tii au deschis dosar penal<\/a><\/h3>\n<div class=\"el-content uk-panel uk-margin-small-top\">Un b\u0103rbat de 47 de ani a fost g\u0103sit decedat, \u00een noaptea de 3 spre 4 aprilie, \u00een urma unui incendiu izbucnit la un imobil din municipiul Re\u0219i\u021ba. Sursa de Vest See Full Bio<\/div>\n<div class=\"uk-margin-top\"><a href=\"https:\/\/www.sursadevest.ro\/barbat-gasit-carbonizat-intr-un-imobil-cuprins-de-flacari-politistii-au-deschis-dosar-penal\/\" class=\"el-link uk-button uk-button-text\">Vezi detalii<\/a><\/div>\n<\/div>\n<\/div>\n<div>\n<div class=\"el-item uk-panel uk-margin-remove-first-child\"><a href=\"https:\/\/www.sursadevest.ro\/explozie-de-turisti-romani-in-caraibe-ce-spun-reprezentantii-marilor-hoteluri-despre-interesul-urias-pentru-aceasta-destinatie\/\"><br \/>\n<source type=\"image\/webp\" srcset=\"\/wp-content\/themes\/yootheme\/cache\/fe\/caraibe-fe227aa6.webp 610w, \/wp-content\/themes\/yootheme\/cache\/13\/caraibe-13554c98.webp 768w, \/wp-content\/themes\/yootheme\/cache\/32\/caraibe-329e38f1.webp 1024w, \/wp-content\/themes\/yootheme\/cache\/b9\/caraibe-b930a32a.webp 1219w, \/wp-content\/themes\/yootheme\/cache\/e2\/caraibe-e2653d6e.webp 1220w\" sizes=\"(min-width: 610px) 610px\" \/><\/a><\/p>\n<div class=\"el-meta uk-h6 uk-text-primary uk-margin-top uk-margin-remove-bottom\"><time datetime=\"2026-04-05T10:28:43+02:00\">5 aprilie, 2026<\/time> | <a href=\"https:\/\/www.sursadevest.ro\/author\/petronela\/\">Sursa de Vest<\/a> | <a href=\"https:\/\/www.sursadevest.ro\/categorie\/stiri\/eveniment\/\" rel=\"tag\">Eveniment<\/a>, <a href=\"https:\/\/www.sursadevest.ro\/categorie\/stiri\/social\/\" rel=\"tag\">Social<\/a>, <a href=\"https:\/\/www.sursadevest.ro\/categorie\/stiri\/\" rel=\"tag\">\u0218tiri<\/a> | <a href=\"https:\/\/www.sursadevest.ro\/explozie-de-turisti-romani-in-caraibe-ce-spun-reprezentantii-marilor-hoteluri-despre-interesul-urias-pentru-aceasta-destinatie\/#respond\">Niciun comentariu<span class=\"screen-reader-text\"> la Explozie de turi\u0219ti rom\u00e2ni \u00een Caraibe! Ce spun reprezentan\u021bii marilor hoteluri despre interesul uria\u0219 pentru aceast\u0103 destina\u021bie?<\/span><\/a><\/div>\n<h3 class=\"el-title uk-h4 uk-link-reset uk-margin-small-top uk-margin-remove-bottom\"><a href=\"https:\/\/www.sursadevest.ro\/explozie-de-turisti-romani-in-caraibe-ce-spun-reprezentantii-marilor-hoteluri-despre-interesul-urias-pentru-aceasta-destinatie\/\">Explozie de turi\u0219ti rom\u00e2ni \u00een Caraibe! Ce spun reprezentan\u021bii marilor hoteluri despre interesul uria\u0219 pentru aceast\u0103 destina\u021bie?<\/a><\/h3>\n<div class=\"el-content uk-panel uk-margin-small-top\">Industria turismului trece printr-o perioad\u0103 de transform\u0103ri accelerate, iar preferin\u021bele c\u0103l\u0103torilor evolueaz\u0103 constant, inclusiv \u00een Rom\u00e2nia, una dintre cele mai dinamice pie\u021be din Europa de Est. Sursa de Vest See Full Bio<\/div>\n<div class=\"uk-margin-top\"><a href=\"https:\/\/www.sursadevest.ro\/explozie-de-turisti-romani-in-caraibe-ce-spun-reprezentantii-marilor-hoteluri-despre-interesul-urias-pentru-aceasta-destinatie\/\" class=\"el-link uk-button uk-button-text\">Vezi detalii<\/a><\/div>\n<\/div>\n<\/div>\n<\/div>\n<\/div>\n<\/div>\n<div class=\"uk-width-1-3@m\">\n<h2 class=\"uk-h4\">        Alte articole    <\/h2>\n<div class=\"uk-margin\">\n<div class=\"uk-grid uk-child-width-1-1 uk-child-width-1-2@s uk-child-width-1-1@m uk-grid-small uk-grid-divider uk-grid-match\">\n<div>\n<div class=\"el-item uk-panel\">\n<div class=\"uk-grid-column-small\">\n<div class=\"uk-width-auto\"><a href=\"https:\/\/www.sursadevest.ro\/a-fost-solicitat-elicopterul-smurd-dupa-un-impact-violent-intre-un-tir-si-o-masina-pe-autostrada-a1-un-om-a-murit\/\"><br \/>\n<source type=\"image\/webp\" srcset=\"\/wp-content\/themes\/yootheme\/cache\/54\/elicopter-smurd-5499bd3a.webp 75w, \/wp-content\/themes\/yootheme\/cache\/fe\/elicopter-smurd-fe681286.webp 150w\" sizes=\"(min-width: 75px) 75px\" \/><\/a><\/div>\n<div class=\"uk-width-expand uk-margin-remove-first-child\">\n<div class=\"el-meta uk-h6 uk-text-primary uk-margin-top uk-margin-remove-bottom\">6 aprilie, 2026<\/div>\n<h3 class=\"el-title uk-h5 uk-link-reset uk-margin-remove-top uk-margin-remove-bottom\"><a href=\"https:\/\/www.sursadevest.ro\/a-fost-solicitat-elicopterul-smurd-dupa-un-impact-violent-intre-un-tir-si-o-masina-pe-autostrada-a1-un-om-a-murit\/\">A fost solicitat elicopterul SMURD, dup\u0103 un impact violent \u00eentre un tir \u0219i o ma\u0219in\u0103, pe autostrada A1! Un om a murit<\/a><\/h3>\n<div class=\"uk-margin-small-top\"><a href=\"https:\/\/www.sursadevest.ro\/a-fost-solicitat-elicopterul-smurd-dupa-un-impact-violent-intre-un-tir-si-o-masina-pe-autostrada-a1-un-om-a-murit\/\" class=\"el-link uk-button uk-button-text\">Vezi detalii<\/a><\/div>\n<\/div>\n<\/div>\n<\/div>\n<\/div>\n<div>\n<div class=\"el-item uk-panel\">\n<div class=\"uk-grid-column-small\">\n<div class=\"uk-width-auto\"><a href=\"https:\/\/www.sursadevest.ro\/program-incarcat-pentru-scm-politehnica-timisoara-la-baschet-si-handbal\/\"><br \/>\n<source type=\"image\/webp\" srcset=\"\/wp-content\/themes\/yootheme\/cache\/b1\/baschet-b1a9c7f3.webp 75w, \/wp-content\/themes\/yootheme\/cache\/8e\/baschet-8efb6a18.webp 150w\" sizes=\"(min-width: 75px) 75px\" \/><\/a><\/div>\n<div class=\"uk-width-expand uk-margin-remove-first-child\">\n<div class=\"el-meta uk-h6 uk-text-primary uk-margin-top uk-margin-remove-bottom\">6 aprilie, 2026<\/div>\n<h3 class=\"el-title uk-h5 uk-link-reset uk-margin-remove-top uk-margin-remove-bottom\"><a href=\"https:\/\/www.sursadevest.ro\/program-incarcat-pentru-scm-politehnica-timisoara-la-baschet-si-handbal\/\">Program \u00eenc\u0103rcat pentru SCM Politehnica Timi\u0219oara la baschet \u0219i handbal!<\/a><\/h3>\n<div class=\"uk-margin-small-top\"><a href=\"https:\/\/www.sursadevest.ro\/program-incarcat-pentru-scm-politehnica-timisoara-la-baschet-si-handbal\/\" class=\"el-link uk-button uk-button-text\">Vezi detalii<\/a><\/div>\n<\/div>\n<\/div>\n<\/div>\n<\/div>\n<div>\n<div class=\"el-item uk-panel\">\n<div class=\"uk-grid-column-small\">\n<div class=\"uk-width-auto\"><a href=\"https:\/\/www.sursadevest.ro\/program-prelungit-pentru-mijloacele-de-transport-public-in-noaptea-de-inviere-cum-vor-circula-autobuzele-tramvaiele-si-troleibuzele-stpt\/\"><br \/>\n<source type=\"image\/webp\" srcset=\"\/wp-content\/themes\/yootheme\/cache\/16\/tramvai-1-noaptea-167e8f83.webp 75w, \/wp-content\/themes\/yootheme\/cache\/7b\/tramvai-1-noaptea-7b9bead4.webp 150w\" sizes=\"(min-width: 75px) 75px\" \/><\/a><\/div>\n<div class=\"uk-width-expand uk-margin-remove-first-child\">\n<div class=\"el-meta uk-h6 uk-text-primary uk-margin-top uk-margin-remove-bottom\">6 aprilie, 2026<\/div>\n<h3 class=\"el-title uk-h5 uk-link-reset uk-margin-remove-top uk-margin-remove-bottom\"><a href=\"https:\/\/www.sursadevest.ro\/program-prelungit-pentru-mijloacele-de-transport-public-in-noaptea-de-inviere-cum-vor-circula-autobuzele-tramvaiele-si-troleibuzele-stpt\/\">Program prelungit pentru mijloacele de transport public, \u00een noaptea de \u00cenviere! Cum vor circula autobuzele, tramvaiele \u0219i troleibuzele STPT?<\/a><\/h3>\n<div class=\"uk-margin-small-top\"><a href=\"https:\/\/www.sursadevest.ro\/program-prelungit-pentru-mijloacele-de-transport-public-in-noaptea-de-inviere-cum-vor-circula-autobuzele-tramvaiele-si-troleibuzele-stpt\/\" class=\"el-link uk-button uk-button-text\">Vezi detalii<\/a><\/div>\n<\/div>\n<\/div>\n<\/div>\n<\/div>\n<div>\n<div class=\"el-item uk-panel\">\n<div class=\"uk-grid-column-small\">\n<div class=\"uk-width-auto\"><a href=\"https:\/\/www.sursadevest.ro\/destinatia-perfecta-de-paste-la-doi-pasi-de-timisoara-500-de-euro-un-sejur-de-patru-zile-la-hotelurile-de-patru-stele-cu-acces-la-spa\/\"><img decoding=\"async\" src=\"https:\/\/www.sursadevest.ro\/wp-content\/uploads\/2026\/04\/spa-timisoara.gif\" width=\"75\" height=\"75\" alt loading=\"lazy\" class=\"el-image uk-object-cover\"><\/a><\/div>\n<div class=\"uk-width-expand uk-margin-remove-first-child\">\n<div class=\"el-meta uk-h6 uk-text-primary uk-margin-top uk-margin-remove-bottom\">6 aprilie, 2026<\/div>\n<h3 class=\"el-title uk-h5 uk-link-reset uk-margin-remove-top uk-margin-remove-bottom\"><a href=\"https:\/\/www.sursadevest.ro\/destinatia-perfecta-de-paste-la-doi-pasi-de-timisoara-500-de-euro-un-sejur-de-patru-zile-la-hotelurile-de-patru-stele-cu-acces-la-spa\/\">Destina\u021bia perfect\u0103 de Pa\u0219te, la doi pa\u0219i de Timi\u0219oara! 500 de euro, un sejur de patru zile, la   hotelurile de patru stele cu acces la spa<\/a><\/h3>\n<div class=\"uk-margin-small-top\"><a href=\"https:\/\/www.sursadevest.ro\/destinatia-perfecta-de-paste-la-doi-pasi-de-timisoara-500-de-euro-un-sejur-de-patru-zile-la-hotelurile-de-patru-stele-cu-acces-la-spa\/\" class=\"el-link uk-button uk-button-text\">Vezi detalii<\/a><\/div>\n<\/div>\n<\/div>\n<\/div>\n<\/div>\n<\/div>\n<\/div>\n<div class=\"uk-margin-remove-vertical\">\n<div class=\"uk-grid uk-child-width-1-1 uk-grid-small uk-grid-divider uk-grid-match\">\n<div>\n<div class=\"el-item uk-panel\"><a href=\"https:\/\/xpilatesspa.ro\" target=\"_blank\"><\/p>\n<div class=\"uk-inline-clip uk-transition-toggle\">\n<source type=\"image\/webp\" srcset=\"\/wp-content\/themes\/yootheme\/cache\/1c\/WhatsApp-Image-2025-07-16-at-153218_b2c81b10-1ca7cccd.webp 768w, \/wp-content\/themes\/yootheme\/cache\/1d\/WhatsApp-Image-2025-07-16-at-153218_b2c81b10-1daa2a1f.webp 1024w, \/wp-content\/themes\/yootheme\/cache\/ff\/WhatsApp-Image-2025-07-16-at-153218_b2c81b10-ff5994c5.webp 1366w, \/wp-content\/themes\/yootheme\/cache\/4b\/WhatsApp-Image-2025-07-16-at-153218_b2c81b10-4b0246ed.webp 1600w\" sizes=\"(min-width: 1600px) 1600px\" \/><\/div>\n<p><\/a><\/p>\n<div class=\"uk-padding-small uk-margin-remove-first-child\">\n<div class=\"el-meta uk-text-meta uk-margin-small-top\">XPilates &amp; Spa<\/div>\n<div class=\"uk-margin-small-top\"><a href=\"https:\/\/xpilatesspa.ro\" target=\"_blank\" class=\"el-link uk-button uk-button-text\">Vezi detalii<\/a><\/div>\n<\/div>\n<\/div>\n<\/div>\n<div>\n<div class=\"el-item uk-panel\"><a href=\"https:\/\/retim.ro\/utile-timis\/abonamentul-verde\/\" target=\"_blank\"><\/p>\n<div class=\"uk-inline-clip uk-transition-toggle\"><img fetchpriority=\"high\" decoding=\"async\" src=\"https:\/\/www.sursadevest.ro\/wp-content\/uploads\/2024\/10\/ReTIM-Abonamentul-Verde-Google-Ads-300x250px.gif\" width=\"300\" height=\"250\" alt loading=\"eager\" class=\"el-image uk-transition-scale-down uk-transition-opaque\"><\/div>\n<p><\/a><\/p>\n<div class=\"uk-padding-small uk-margin-remove-first-child\">\n<div class=\"el-meta uk-text-meta uk-margin-small-top\">Retim Ecologic Service<\/div>\n<div class=\"uk-margin-small-top\"><a href=\"https:\/\/retim.ro\/utile-timis\/abonamentul-verde\/\" target=\"_blank\" class=\"el-link uk-button uk-button-text\">Vezi detalii<\/a><\/div>\n<\/div>\n<\/div>\n<\/div>\n<div>\n<div class=\"el-item uk-panel\"><a href=\"https:\/\/rmnimagisticas.ro\/\" target=\"_blank\"><\/p>\n<div class=\"uk-inline-clip uk-transition-toggle\">\n<source type=\"image\/webp\" srcset=\"\/wp-content\/themes\/yootheme\/cache\/60\/RMN-Imagistica-602f462a.webp 450w\" sizes=\"(min-width: 450px) 450px\" \/><\/div>\n<p><\/a><\/p>\n<div class=\"uk-padding-small uk-margin-remove-first-child\">\n<div class=\"el-meta uk-text-meta uk-margin-small-top\">RMN ImagisticAS<\/div>\n<div class=\"uk-margin-small-top\"><a href=\"https:\/\/rmnimagisticas.ro\/\" target=\"_blank\" class=\"el-link uk-button uk-button-text\">Vezi detalii<\/a><\/div>\n<\/div>\n<\/div>\n<\/div>\n<div>\n<div class=\"el-item uk-panel\"><a href=\"https:\/\/ro.san-marco.com\/\" target=\"_blank\"><\/p>\n<div class=\"uk-inline-clip uk-transition-toggle\">\n<source type=\"image\/webp\" srcset=\"\/wp-content\/themes\/yootheme\/cache\/dc\/sanmarco-dc386b49.webp 450w\" sizes=\"(min-width: 450px) 450px\" \/><\/div>\n<p><\/a><\/p>\n<div class=\"uk-padding-small uk-margin-remove-first-child\">\n<div class=\"el-meta uk-text-meta uk-margin-small-top\">San Marco<\/div>\n<div class=\"uk-margin-small-top\"><a href=\"https:\/\/ro.san-marco.com\/\" target=\"_blank\" class=\"el-link uk-button uk-button-text\">Vezi detalii<\/a><\/div>\n<\/div>\n<\/div>\n<\/div>\n<div>\n<div class=\"el-item uk-panel\"><a href=\"https:\/\/afiom.ro\/doneaza\" target=\"_blank\"><\/p>\n<div class=\"uk-inline-clip uk-transition-toggle\"><img decoding=\"async\" src=\"https:\/\/www.sursadevest.ro\/wp-content\/uploads\/2024\/12\/AfiOM_Sites_350x350_Mamici.gif\" width=\"350\" height=\"350\" alt loading=\"eager\" class=\"el-image uk-transition-scale-down uk-transition-opaque\"><\/div>\n<p><\/a><\/p>\n<div class=\"uk-padding-small uk-margin-remove-first-child\">\n<div class=\"el-meta uk-text-meta uk-margin-small-top\">A fi om!<\/div>\n<div class=\"uk-margin-small-top\"><a href=\"https:\/\/afiom.ro\/doneaza\" target=\"_blank\" class=\"el-link uk-button uk-button-text\">Vezi detalii<\/a><\/div>\n<\/div>\n<\/div>\n<\/div>\n<div>\n<div class=\"el-item uk-panel\"><a href=\"https:\/\/afiom.ro\/doneaza\" target=\"_blank\"><\/p>\n<div class=\"uk-inline-clip uk-transition-toggle\"><img decoding=\"async\" src=\"https:\/\/www.sursadevest.ro\/wp-content\/uploads\/2024\/12\/AfiOM_Sites_350x350_Sport.gif\" width=\"350\" height=\"350\" alt loading=\"eager\" class=\"el-image uk-transition-scale-down uk-transition-opaque\"><\/div>\n<p><\/a><\/p>\n<div class=\"uk-padding-small uk-margin-remove-first-child\">\n<div class=\"el-meta uk-text-meta uk-margin-small-top\">A fi om!<\/div>\n<div class=\"uk-margin-small-top\"><a href=\"https:\/\/afiom.ro\/doneaza\" target=\"_blank\" class=\"el-link uk-button uk-button-text\">Vezi detalii<\/a><\/div>\n<\/div>\n<\/div>\n<\/div>\n<div>\n<div class=\"el-item uk-panel uk-margin-remove-first-child\">\n<div class=\"el-meta uk-text-meta uk-margin-small-top\">For\u021ba Dreptei<\/div>\n<\/div>\n<\/div>\n<div>\n<div class=\"el-item uk-panel\"><a href=\"https:\/\/www.igard.ro\" target=\"_blank\"><\/p>\n<div class=\"uk-inline-clip uk-transition-toggle\">\n<source type=\"image\/webp\" srcset=\"\/wp-content\/themes\/yootheme\/cache\/c1\/iGard-0124-02-c1683a27.webp 768w, \/wp-content\/themes\/yootheme\/cache\/d2\/iGard-0124-02-d2eb5fb4.webp 1024w, \/wp-content\/themes\/yootheme\/cache\/e7\/iGard-0124-02-e7cc7cce.webp 1080w\" sizes=\"(min-width: 1080px) 1080px\" \/><\/div>\n<p><\/a><\/p>\n<div class=\"uk-padding-small uk-margin-remove-first-child\">\n<div class=\"el-meta uk-text-meta uk-margin-small-top\">iGard panouri de gard \u2013 www.igard.ro<\/div>\n<div class=\"uk-margin-small-top\"><a href=\"https:\/\/www.igard.ro\" target=\"_blank\" class=\"el-link uk-button uk-button-text\">Vezi detalii<\/a><\/div>\n<\/div>\n<\/div>\n<\/div>\n<div>\n<div class=\"el-item uk-panel\">\n<div class=\"uk-inline-clip uk-transition-toggle\">\n<source type=\"image\/webp\" srcset=\"\/wp-content\/themes\/yootheme\/cache\/d7\/atc-small-d7cb9ab8.webp 600w\" sizes=\"(min-width: 600px) 600px\" \/><\/div>\n<div class=\"uk-padding-small uk-margin-remove-first-child\">\n<div class=\"el-meta uk-text-meta uk-margin-small-top\">ATC BAUDESIGN<\/div>\n<\/div>\n<\/div>\n<\/div>\n<\/div>\n<\/div>\n<\/div>\n<\/div>\n<\/div>\n<\/div>\n<div class=\"aioseo-author-bio-compact\">\n<div class=\"aioseo-author-bio-compact-left\"><img decoding=\"async\" class=\"aioseo-author-bio-compact-image\" src=\"https:\/\/secure.gravatar.com\/avatar\/501cbb41fb946fd7475cb910bea8645fcd5f3c573a38078115f3b3b589fd7a2a?s=300&amp;d=mm&amp;r=g\" alt=\"author avatar\"><\/div>\n<div class=\"aioseo-author-bio-compact-right\">\n<div class=\"aioseo-author-bio-compact-header\"><span class=\"author-name\">Sursa de Vest<\/span><\/div>\n<div class=\"aioseo-author-bio-compact-main\">\n<div class=\"author-bio-link\"><a href=\"https:\/\/www.sursadevest.ro\/author\/petronela\/\">See Full Bio<\/a><\/div>\n<\/div>\n<\/div>\n<\/div>\n<p><\/main><\/p>\n<p>[analyse_source url=&#8221;https:\/\/www.sursadevest.ro\/mesajul-de-paste-al-excelentei-sale-iosif-csaba-pal-episcop-diecezan-de-timisoara\/&#8221;]<\/p>\n","protected":false},"excerpt":{"rendered":"<p>[analyse_image type=&#8221;featured&#8221; src=&#8221;https:\/\/www.sursadevest.ro\/wp-content\/uploads\/2025\/12\/iosif-csaba-pal.JPG&#8221;] Mesajul de Pa\u0219te al Excelen\u021bei Sale Iosif Csaba P\u00e1l, episcop diecezan de Timi\u0219oara! 5 aprilie, 2026 | Sursa de Vest | Eveniment, \u0218tiri | Niciun comentariu la Mesajul de Pa\u0219te al Excelen\u021bei Sale Iosif Csaba P\u00e1l, episcop diecezan de Timi\u0219oara! \u0218tiri Eveniment XPilates &amp; Spa Vezi detalii Cre\u015ftinii catolici s\u0103rb\u0103toresc ast\u0103zi \u00cenvierea [&hellip;]<\/p>\n","protected":false},"author":1,"featured_media":0,"comment_status":"open","ping_status":"","sticky":false,"template":"","format":"standard","meta":{"footnotes":""},"categories":[89],"tags":[226,200],"class_list":["post-1869106","post","type-post","status-publish","format-standard","hentry","category-romania","tag-crawlmanager","tag-sursadevest-ro"],"_links":{"self":[{"href":"https:\/\/analyse.optim.biz\/index.php?rest_route=\/wp\/v2\/posts\/1869106","targetHints":{"allow":["GET"]}}],"collection":[{"href":"https:\/\/analyse.optim.biz\/index.php?rest_route=\/wp\/v2\/posts"}],"about":[{"href":"https:\/\/analyse.optim.biz\/index.php?rest_route=\/wp\/v2\/types\/post"}],"author":[{"embeddable":true,"href":"https:\/\/analyse.optim.biz\/index.php?rest_route=\/wp\/v2\/users\/1"}],"replies":[{"embeddable":true,"href":"https:\/\/analyse.optim.biz\/index.php?rest_route=%2Fwp%2Fv2%2Fcomments&post=1869106"}],"version-history":[{"count":0,"href":"https:\/\/analyse.optim.biz\/index.php?rest_route=\/wp\/v2\/posts\/1869106\/revisions"}],"wp:attachment":[{"href":"https:\/\/analyse.optim.biz\/index.php?rest_route=%2Fwp%2Fv2%2Fmedia&parent=1869106"}],"wp:term":[{"taxonomy":"category","embeddable":true,"href":"https:\/\/analyse.optim.biz\/index.php?rest_route=%2Fwp%2Fv2%2Fcategories&post=1869106"},{"taxonomy":"post_tag","embeddable":true,"href":"https:\/\/analyse.optim.biz\/index.php?rest_route=%2Fwp%2Fv2%2Ftags&post=1869106"}],"curies":[{"name":"wp","href":"https:\/\/api.w.org\/{rel}","templated":true}]}}