{"id":1868530,"date":"2026-04-06T16:49:32","date_gmt":"2026-04-06T13:49:32","guid":{"rendered":"https:\/\/analyse.optim.biz\/?p=1868530"},"modified":"2026-04-06T16:49:32","modified_gmt":"2026-04-06T13:49:32","slug":"accident-grav-pe-a1-un-barbat-a-murit","status":"publish","type":"post","link":"https:\/\/analyse.optim.biz\/?p=1868530","title":{"rendered":"Accident grav pe A1: Un b\u0103rbat a murit"},"content":{"rendered":"<p>[analyse_image type=&#8221;featured&#8221; src=&#8221;https:\/\/focustim.ro\/wp-content\/uploads\/2021\/01\/politia.jpg&#8221;]<\/p>\n<article id=\"post-39901\" class=\"penci-single-artcontent noloaddisqus post-39901 post type-post status-publish format-standard has-post-thumbnail hentry category-actualitate category-eveniment category-featured tag-a1 tag-accident penci-post-item\">\n<header class=\"entry-header penci-entry-header penci-title-\">\n<div class=\"penci-entry-categories\"><span class=\"penci-cat-links\"><a href=\"https:\/\/focustim.ro\/category\/actualitate\/\" rel=\"category tag\">Actualitate<\/a><a href=\"https:\/\/focustim.ro\/category\/eveniment\/\" rel=\"category tag\">Eveniment<\/a><a href=\"https:\/\/focustim.ro\/category\/featured\/\" rel=\"category tag\">Featured<\/a><\/span><\/div>\n<h1 class=\"entry-title penci-entry-title penci-title-\">Accident grav pe A1: Un b\u0103rbat a murit<\/h1>\n<div class=\"entry-meta penci-entry-meta\"><span class=\"entry-meta-item penci-posted-on\"><time class=\"entry-date published\" datetime=\"2026-04-06T19:49:32+03:00\">06\/04\/2026<\/time><time class=\"updated\" datetime=\"2026-04-06T19:49:37+03:00\">06\/04\/2026<\/time><\/span><span class=\"entry-meta-item penci-comment-count\"><a class=\"penci_pmeta-link\" href=\"https:\/\/focustim.ro\/accident-grav-pe-a1-un-barbat-a-murit\/#respond\">0<\/a><\/span><\/div>\n<p><span class=\"penci-social-buttons penci-social-share-footer\"><span class=\"penci-social-share-text\">Distribuie<\/span><a href=\"https:\/\/focustim.ro\/accident-grav-pe-a1-un-barbat-a-murit\/\" class=\"penci-post-like penci_post-meta_item  single-like-button penci-social-item like\" data-post_id=\"39901\" title=\"Like\" data-like=\"Like\" data-unlike=\"Unlike\"><span class=\"penci-share-number\">0<\/span><\/a><\/span><\/header>\n<div class=\"entry-media penci-entry-media\">\n<div class=\"post-format-meta \">\n<div class=\"post-image penci-standard-format\"><img decoding=\"async\" width=\"800\" height=\"450\" src=\"https:\/\/focustim.ro\/wp-content\/uploads\/2021\/01\/politia.jpg\" class=\"attachment-penci-thumb-960-auto size-penci-thumb-960-auto wp-post-image\" alt loading=\"lazy\"><\/div>\n<\/div>\n<\/div>\n<div class=\"penci-entry-content entry-content\">\n<p><strong>Un accident grav a avut loc pe A1, acolo unde un b\u0103rbat a murit. \u00cen coliziunea mortal\u0103 au fost implicate un autotren \u0219i ma\u0219in\u0103 cu platform\u0103. <\/strong><\/p>\n<p>\u201dLuni, 06.04.2026, \u00een jurul orei 18:25, am fost solicita\u0163i s\u0103 intervenim pentru asigurarea m\u0103surilor PSI \u015fi prim ajutor \u00een urma unui accident rutier produs pe A1 km 504 (sensul de mers spre Arad). La locul evenimentului s-au deplasat de urgen\u0163\u0103 pompierii din cadrul Deta\u015famentului 1 Timi\u015foara \u015fi Punctului de Lucru Pi\u015fchia cu o autospecial\u0103 de prim\u0103 interven\u0163ie si comand\u0103, o autospecial\u0103 de stingere cu modul de descarcerare \u015fi un echipaj SMURD cu medic\u201d, a transmis ISU Timi\u015f.\u00a0<\/p>\n<p>\u00cen urma accidentului rutier, un b\u0103rbat a murit, iar o femeie a fost grav r\u0103nit\u0103. Ambele victime se aflau \u00een autoturism.\u00a0La locul accidentului a fost chemat \u015fi elicopterul SMURD de la Arad.<\/p>\n<div class=\"sharedaddy sd-sharing-enabled\">\n<div class=\"robots-nocontent sd-block sd-social sd-social-icon-text sd-sharing\">\n<h3 class=\"sd-title\">Partajeaz\u0103 asta:<\/h3>\n<div class=\"sd-content\">\n<ul>\n<li class=\"share-twitter\"><a rel=\"nofollow noopener noreferrer\" data-shared=\"sharing-twitter-39901\" class=\"share-twitter sd-button share-icon\" href=\"https:\/\/focustim.ro\/accident-grav-pe-a1-un-barbat-a-murit\/?share=twitter\" target=\"_blank\" title=\"D\u0103 clic pentru a partaja pe Twitter\"><span>Twitter<\/span><\/a><\/li>\n<li class=\"share-facebook\"><a rel=\"nofollow noopener noreferrer\" data-shared=\"sharing-facebook-39901\" class=\"share-facebook sd-button share-icon\" href=\"https:\/\/focustim.ro\/accident-grav-pe-a1-un-barbat-a-murit\/?share=facebook\" target=\"_blank\" title=\"D\u0103 clic pentru a partaja pe Facebook\"><span>Facebook<\/span><\/a><\/li>\n<li class=\"share-end\"><\/ul>\n<\/div>\n<\/div>\n<\/div>\n<div class=\"sharedaddy sd-block sd-like jetpack-likes-widget-wrapper jetpack-likes-widget-unloaded\" id=\"like-post-wrapper-167025405-39901-69d3e439a9547\" data-src=\"https:\/\/widgets.wp.com\/likes\/#blog_id=167025405&amp;post_id=39901&amp;origin=focustim.ro&amp;obj_id=167025405-39901-69d3e439a9547\" data-name=\"like-post-frame-167025405-39901-69d3e439a9547\" data-title=\"Apreciaz\u0103 sau republic\u0103\">\n<h3 class=\"sd-title\">Apreciaz\u0103:<\/h3>\n<div class=\"likes-widget-placeholder post-likes-widget-placeholder\"><span class=\"button\"><span>Apreciere<\/span><\/span><span class=\"loading\">\u00cencarc&#8230;<\/span><\/div>\n<\/div>\n<\/div>\n<footer class=\"penci-entry-footer\">\n<div class=\"penci-source-via-tags-wrap\"><span class=\"tags-links penci-tags-links\"><a href=\"https:\/\/focustim.ro\/tag\/a1\/\" rel=\"tag\">A1<\/a><a href=\"https:\/\/focustim.ro\/tag\/accident\/\" rel=\"tag\">accident<\/a><\/span><\/div>\n<p><span class=\"penci-social-buttons penci-social-share-footer\"><span class=\"penci-social-share-text\">Distribuie<\/span><a href=\"https:\/\/focustim.ro\/accident-grav-pe-a1-un-barbat-a-murit\/\" class=\"penci-post-like penci_post-meta_item  single-like-button penci-social-item like\" data-post_id=\"39901\" title=\"Like\" data-like=\"Like\" data-unlike=\"Unlike\"><span class=\"penci-share-number\">0<\/span><\/a><\/span><\/footer>\n<\/article>\n<div class=\"penci-entry-content entry-content\">\n<p><strong>Un accident grav a avut loc pe A1, acolo unde un b\u0103rbat a murit. \u00cen coliziunea mortal\u0103 au fost implicate un autotren \u0219i ma\u0219in\u0103 cu platform\u0103. <\/strong><\/p>\n<p>\u201dLuni, 06.04.2026, \u00een jurul orei 18:25, am fost solicita\u0163i s\u0103 intervenim pentru asigurarea m\u0103surilor PSI \u015fi prim ajutor \u00een urma unui accident rutier produs pe A1 km 504 (sensul de mers spre Arad). La locul evenimentului s-au deplasat de urgen\u0163\u0103 pompierii din cadrul Deta\u015famentului 1 Timi\u015foara \u015fi Punctului de Lucru Pi\u015fchia cu o autospecial\u0103 de prim\u0103 interven\u0163ie si comand\u0103, o autospecial\u0103 de stingere cu modul de descarcerare \u015fi un echipaj SMURD cu medic\u201d, a transmis ISU Timi\u015f.\u00a0<\/p>\n<p>\u00cen urma accidentului rutier, un b\u0103rbat a murit, iar o femeie a fost grav r\u0103nit\u0103. Ambele victime se aflau \u00een autoturism.\u00a0La locul accidentului a fost chemat \u015fi elicopterul SMURD de la Arad.<\/p>\n<div class=\"sharedaddy sd-sharing-enabled\">\n<div class=\"robots-nocontent sd-block sd-social sd-social-icon-text sd-sharing\">\n<h3 class=\"sd-title\">Partajeaz\u0103 asta:<\/h3>\n<div class=\"sd-content\">\n<ul>\n<li class=\"share-twitter\"><a rel=\"nofollow noopener noreferrer\" data-shared=\"sharing-twitter-39901\" class=\"share-twitter sd-button share-icon\" href=\"https:\/\/focustim.ro\/accident-grav-pe-a1-un-barbat-a-murit\/?share=twitter\" target=\"_blank\" title=\"D\u0103 clic pentru a partaja pe Twitter\"><span>Twitter<\/span><\/a><\/li>\n<li class=\"share-facebook\"><a rel=\"nofollow noopener noreferrer\" data-shared=\"sharing-facebook-39901\" class=\"share-facebook sd-button share-icon\" href=\"https:\/\/focustim.ro\/accident-grav-pe-a1-un-barbat-a-murit\/?share=facebook\" target=\"_blank\" title=\"D\u0103 clic pentru a partaja pe Facebook\"><span>Facebook<\/span><\/a><\/li>\n<li class=\"share-end\"><\/ul>\n<\/div>\n<\/div>\n<\/div>\n<div class=\"sharedaddy sd-block sd-like jetpack-likes-widget-wrapper jetpack-likes-widget-unloaded\" id=\"like-post-wrapper-167025405-39901-69d3e439a9547\" data-src=\"https:\/\/widgets.wp.com\/likes\/#blog_id=167025405&amp;post_id=39901&amp;origin=focustim.ro&amp;obj_id=167025405-39901-69d3e439a9547\" data-name=\"like-post-frame-167025405-39901-69d3e439a9547\" data-title=\"Apreciaz\u0103 sau republic\u0103\">\n<h3 class=\"sd-title\">Apreciaz\u0103:<\/h3>\n<div class=\"likes-widget-placeholder post-likes-widget-placeholder\"><span class=\"button\"><span>Apreciere<\/span><\/span><span class=\"loading\">\u00cencarc&#8230;<\/span><\/div>\n<\/div>\n<\/div>\n<p>[analyse_source url=&#8221;https:\/\/focustim.ro\/accident-grav-pe-a1-un-barbat-a-murit\/&#8221;]<\/p>\n","protected":false},"excerpt":{"rendered":"<p>[analyse_image type=&#8221;featured&#8221; src=&#8221;https:\/\/focustim.ro\/wp-content\/uploads\/2021\/01\/politia.jpg&#8221;] ActualitateEvenimentFeatured Accident grav pe A1: Un b\u0103rbat a murit 06\/04\/202606\/04\/20260 Distribuie0 Un accident grav a avut loc pe A1, acolo unde un b\u0103rbat a murit. \u00cen coliziunea mortal\u0103 au fost implicate un autotren \u0219i ma\u0219in\u0103 cu platform\u0103. \u201dLuni, 06.04.2026, \u00een jurul orei 18:25, am fost solicita\u0163i s\u0103 intervenim pentru asigurarea m\u0103surilor PSI [&hellip;]<\/p>\n","protected":false},"author":1,"featured_media":0,"comment_status":"open","ping_status":"","sticky":false,"template":"","format":"standard","meta":{"footnotes":""},"categories":[89],"tags":[226,197],"class_list":["post-1868530","post","type-post","status-publish","format-standard","hentry","category-romania","tag-crawlmanager","tag-focustim-ro"],"_links":{"self":[{"href":"https:\/\/analyse.optim.biz\/index.php?rest_route=\/wp\/v2\/posts\/1868530","targetHints":{"allow":["GET"]}}],"collection":[{"href":"https:\/\/analyse.optim.biz\/index.php?rest_route=\/wp\/v2\/posts"}],"about":[{"href":"https:\/\/analyse.optim.biz\/index.php?rest_route=\/wp\/v2\/types\/post"}],"author":[{"embeddable":true,"href":"https:\/\/analyse.optim.biz\/index.php?rest_route=\/wp\/v2\/users\/1"}],"replies":[{"embeddable":true,"href":"https:\/\/analyse.optim.biz\/index.php?rest_route=%2Fwp%2Fv2%2Fcomments&post=1868530"}],"version-history":[{"count":0,"href":"https:\/\/analyse.optim.biz\/index.php?rest_route=\/wp\/v2\/posts\/1868530\/revisions"}],"wp:attachment":[{"href":"https:\/\/analyse.optim.biz\/index.php?rest_route=%2Fwp%2Fv2%2Fmedia&parent=1868530"}],"wp:term":[{"taxonomy":"category","embeddable":true,"href":"https:\/\/analyse.optim.biz\/index.php?rest_route=%2Fwp%2Fv2%2Fcategories&post=1868530"},{"taxonomy":"post_tag","embeddable":true,"href":"https:\/\/analyse.optim.biz\/index.php?rest_route=%2Fwp%2Fv2%2Ftags&post=1868530"}],"curies":[{"name":"wp","href":"https:\/\/api.w.org\/{rel}","templated":true}]}}