{"id":1868046,"date":"2026-04-06T10:33:45","date_gmt":"2026-04-06T07:33:45","guid":{"rendered":"https:\/\/analyse.optim.biz\/?p=1868046"},"modified":"2026-04-06T10:33:45","modified_gmt":"2026-04-06T07:33:45","slug":"program-special-al-directiei-de-evidenta-a-persoanelor-in-perioada-sarbatorilor-pascale","status":"publish","type":"post","link":"https:\/\/analyse.optim.biz\/?p=1868046","title":{"rendered":"Program special al Direc\u021biei de Eviden\u021b\u0103 a Persoanelor \u00een perioada s\u0103rb\u0103torilor pascale"},"content":{"rendered":"<p>[analyse_image type=&#8221;featured&#8221; src=&#8221;https:\/\/focustim.ro\/wp-content\/uploads\/2024\/12\/buletin.jpg&#8221;]<\/p>\n<article id=\"post-39894\" class=\"penci-single-artcontent noloaddisqus post-39894 post type-post status-publish format-standard has-post-thumbnail hentry category-actualitate category-eveniment category-featured tag-directie-evidenta-persoane tag-paste tag-sarbatori penci-post-item\">\n<header class=\"entry-header penci-entry-header penci-title-\">\n<div class=\"penci-entry-categories\"><span class=\"penci-cat-links\"><a href=\"https:\/\/focustim.ro\/category\/actualitate\/\" rel=\"category tag\">Actualitate<\/a><a href=\"https:\/\/focustim.ro\/category\/eveniment\/\" rel=\"category tag\">Eveniment<\/a><a href=\"https:\/\/focustim.ro\/category\/featured\/\" rel=\"category tag\">Featured<\/a><\/span><\/div>\n<h1 class=\"entry-title penci-entry-title penci-title-\">Program special al Direc\u021biei de Eviden\u021b\u0103 a Persoanelor \u00een perioada s\u0103rb\u0103torilor pascale<\/h1>\n<div class=\"entry-meta penci-entry-meta\"><span class=\"entry-meta-item penci-posted-on\"><time class=\"entry-date published\" datetime=\"2026-04-06T13:33:45+03:00\">06\/04\/2026<\/time><time class=\"updated\" datetime=\"2026-04-06T13:33:47+03:00\">06\/04\/2026<\/time><\/span><span class=\"entry-meta-item penci-comment-count\"><a class=\"penci_pmeta-link\" href=\"https:\/\/focustim.ro\/program-special-al-directiei-de-evidenta-a-persoanelor-in-perioada-sarbatorilor-pascale\/#respond\">0<\/a><\/span><\/div>\n<p><span class=\"penci-social-buttons penci-social-share-footer\"><span class=\"penci-social-share-text\">Distribuie<\/span><a href=\"https:\/\/focustim.ro\/program-special-al-directiei-de-evidenta-a-persoanelor-in-perioada-sarbatorilor-pascale\/\" class=\"penci-post-like penci_post-meta_item  single-like-button penci-social-item like\" data-post_id=\"39894\" title=\"Like\" data-like=\"Like\" data-unlike=\"Unlike\"><span class=\"penci-share-number\">0<\/span><\/a><\/span><\/header>\n<div class=\"entry-media penci-entry-media\">\n<div class=\"post-format-meta \">\n<div class=\"post-image penci-standard-format\"><img decoding=\"async\" width=\"960\" height=\"587\" src=\"https:\/\/focustim.ro\/wp-content\/uploads\/2024\/12\/buletin-960x587.jpg\" class=\"attachment-penci-thumb-960-auto size-penci-thumb-960-auto wp-post-image\" alt loading=\"lazy\"><\/div>\n<\/div>\n<\/div>\n<div class=\"penci-entry-content entry-content\">\n<p><strong>\u00cen zilele libere din perioada 10 \u2013 13 aprilie 2026, \u00een cadrul Direc\u021biei de Eviden\u021b\u0103 a Persoanelor va func\u021biona doar Biroul \u00eenregistr\u0103ri decese, dup\u0103 urm\u0103torul program:<\/strong><\/p>\n<ul>\n<li>vineri, 10 aprilie 2026: \u00eenchis<\/li>\n<li>s\u00e2mb\u0103t\u0103, 11 aprilie 2026: 10:00 \u2013 13:00<\/li>\n<li>duminic\u0103, 12 aprilie 2026: \u00eenchis<\/li>\n<li>luni, 13 aprilie 2026: 10:00 \u2013 13:00<\/li>\n<\/ul>\n<p>Reamintim, documentele pentru \u00eenregistrarea unui deces pot fi depuse la orice prim\u0103rie, care va transmite dosarul electronic ofi\u021berului de stare civil\u0103 competent s\u0103 \u00eenregistreze decesul. Dup\u0103 \u00eenregistrarea decesului, certificatul de deces va fi \u00eenm\u00e2nat de c\u0103tre ofi\u021berul de stare civil\u0103 de la prim\u0103ria la care au fost depuse documentele.<\/p>\n<div class=\"sharedaddy sd-sharing-enabled\">\n<div class=\"robots-nocontent sd-block sd-social sd-social-icon-text sd-sharing\">\n<h3 class=\"sd-title\">Partajeaz\u0103 asta:<\/h3>\n<div class=\"sd-content\">\n<ul>\n<li class=\"share-twitter\"><a rel=\"nofollow noopener noreferrer\" data-shared=\"sharing-twitter-39894\" class=\"share-twitter sd-button share-icon\" href=\"https:\/\/focustim.ro\/program-special-al-directiei-de-evidenta-a-persoanelor-in-perioada-sarbatorilor-pascale\/?share=twitter\" target=\"_blank\" title=\"D\u0103 clic pentru a partaja pe Twitter\"><span>Twitter<\/span><\/a><\/li>\n<li class=\"share-facebook\"><a rel=\"nofollow noopener noreferrer\" data-shared=\"sharing-facebook-39894\" class=\"share-facebook sd-button share-icon\" href=\"https:\/\/focustim.ro\/program-special-al-directiei-de-evidenta-a-persoanelor-in-perioada-sarbatorilor-pascale\/?share=facebook\" target=\"_blank\" title=\"D\u0103 clic pentru a partaja pe Facebook\"><span>Facebook<\/span><\/a><\/li>\n<li class=\"share-end\"><\/ul>\n<\/div>\n<\/div>\n<\/div>\n<div class=\"sharedaddy sd-block sd-like jetpack-likes-widget-wrapper jetpack-likes-widget-unloaded\" id=\"like-post-wrapper-167025405-39894-69d396ef423ec\" data-src=\"https:\/\/widgets.wp.com\/likes\/#blog_id=167025405&amp;post_id=39894&amp;origin=focustim.ro&amp;obj_id=167025405-39894-69d396ef423ec\" data-name=\"like-post-frame-167025405-39894-69d396ef423ec\" data-title=\"Apreciaz\u0103 sau republic\u0103\">\n<h3 class=\"sd-title\">Apreciaz\u0103:<\/h3>\n<div class=\"likes-widget-placeholder post-likes-widget-placeholder\"><span class=\"button\"><span>Apreciere<\/span><\/span><span class=\"loading\">\u00cencarc&#8230;<\/span><\/div>\n<\/div>\n<\/div>\n<footer class=\"penci-entry-footer\">\n<div class=\"penci-source-via-tags-wrap\"><span class=\"tags-links penci-tags-links\"><a href=\"https:\/\/focustim.ro\/tag\/directie-evidenta-persoane\/\" rel=\"tag\">directie evidenta persoane<\/a><a href=\"https:\/\/focustim.ro\/tag\/paste\/\" rel=\"tag\">Paste<\/a><a href=\"https:\/\/focustim.ro\/tag\/sarbatori\/\" rel=\"tag\">sarbatori<\/a><\/span><\/div>\n<p><span class=\"penci-social-buttons penci-social-share-footer\"><span class=\"penci-social-share-text\">Distribuie<\/span><a href=\"https:\/\/focustim.ro\/program-special-al-directiei-de-evidenta-a-persoanelor-in-perioada-sarbatorilor-pascale\/\" class=\"penci-post-like penci_post-meta_item  single-like-button penci-social-item like\" data-post_id=\"39894\" title=\"Like\" data-like=\"Like\" data-unlike=\"Unlike\"><span class=\"penci-share-number\">0<\/span><\/a><\/span><\/footer>\n<\/article>\n<div class=\"penci-entry-content entry-content\">\n<p><strong>\u00cen zilele libere din perioada 10 \u2013 13 aprilie 2026, \u00een cadrul Direc\u021biei de Eviden\u021b\u0103 a Persoanelor va func\u021biona doar Biroul \u00eenregistr\u0103ri decese, dup\u0103 urm\u0103torul program:<\/strong><\/p>\n<ul>\n<li>vineri, 10 aprilie 2026: \u00eenchis<\/li>\n<li>s\u00e2mb\u0103t\u0103, 11 aprilie 2026: 10:00 \u2013 13:00<\/li>\n<li>duminic\u0103, 12 aprilie 2026: \u00eenchis<\/li>\n<li>luni, 13 aprilie 2026: 10:00 \u2013 13:00<\/li>\n<\/ul>\n<p>Reamintim, documentele pentru \u00eenregistrarea unui deces pot fi depuse la orice prim\u0103rie, care va transmite dosarul electronic ofi\u021berului de stare civil\u0103 competent s\u0103 \u00eenregistreze decesul. Dup\u0103 \u00eenregistrarea decesului, certificatul de deces va fi \u00eenm\u00e2nat de c\u0103tre ofi\u021berul de stare civil\u0103 de la prim\u0103ria la care au fost depuse documentele.<\/p>\n<div class=\"sharedaddy sd-sharing-enabled\">\n<div class=\"robots-nocontent sd-block sd-social sd-social-icon-text sd-sharing\">\n<h3 class=\"sd-title\">Partajeaz\u0103 asta:<\/h3>\n<div class=\"sd-content\">\n<ul>\n<li class=\"share-twitter\"><a rel=\"nofollow noopener noreferrer\" data-shared=\"sharing-twitter-39894\" class=\"share-twitter sd-button share-icon\" href=\"https:\/\/focustim.ro\/program-special-al-directiei-de-evidenta-a-persoanelor-in-perioada-sarbatorilor-pascale\/?share=twitter\" target=\"_blank\" title=\"D\u0103 clic pentru a partaja pe Twitter\"><span>Twitter<\/span><\/a><\/li>\n<li class=\"share-facebook\"><a rel=\"nofollow noopener noreferrer\" data-shared=\"sharing-facebook-39894\" class=\"share-facebook sd-button share-icon\" href=\"https:\/\/focustim.ro\/program-special-al-directiei-de-evidenta-a-persoanelor-in-perioada-sarbatorilor-pascale\/?share=facebook\" target=\"_blank\" title=\"D\u0103 clic pentru a partaja pe Facebook\"><span>Facebook<\/span><\/a><\/li>\n<li class=\"share-end\"><\/ul>\n<\/div>\n<\/div>\n<\/div>\n<div class=\"sharedaddy sd-block sd-like jetpack-likes-widget-wrapper jetpack-likes-widget-unloaded\" id=\"like-post-wrapper-167025405-39894-69d396ef423ec\" data-src=\"https:\/\/widgets.wp.com\/likes\/#blog_id=167025405&amp;post_id=39894&amp;origin=focustim.ro&amp;obj_id=167025405-39894-69d396ef423ec\" data-name=\"like-post-frame-167025405-39894-69d396ef423ec\" data-title=\"Apreciaz\u0103 sau republic\u0103\">\n<h3 class=\"sd-title\">Apreciaz\u0103:<\/h3>\n<div class=\"likes-widget-placeholder post-likes-widget-placeholder\"><span class=\"button\"><span>Apreciere<\/span><\/span><span class=\"loading\">\u00cencarc&#8230;<\/span><\/div>\n<\/div>\n<\/div>\n<p>[analyse_source url=&#8221;https:\/\/focustim.ro\/program-special-al-directiei-de-evidenta-a-persoanelor-in-perioada-sarbatorilor-pascale\/&#8221;]<\/p>\n","protected":false},"excerpt":{"rendered":"<p>[analyse_image type=&#8221;featured&#8221; src=&#8221;https:\/\/focustim.ro\/wp-content\/uploads\/2024\/12\/buletin.jpg&#8221;] ActualitateEvenimentFeatured Program special al Direc\u021biei de Eviden\u021b\u0103 a Persoanelor \u00een perioada s\u0103rb\u0103torilor pascale 06\/04\/202606\/04\/20260 Distribuie0 \u00cen zilele libere din perioada 10 \u2013 13 aprilie 2026, \u00een cadrul Direc\u021biei de Eviden\u021b\u0103 a Persoanelor va func\u021biona doar Biroul \u00eenregistr\u0103ri decese, dup\u0103 urm\u0103torul program: vineri, 10 aprilie 2026: \u00eenchis s\u00e2mb\u0103t\u0103, 11 aprilie 2026: 10:00 \u2013 [&hellip;]<\/p>\n","protected":false},"author":1,"featured_media":0,"comment_status":"open","ping_status":"","sticky":false,"template":"","format":"standard","meta":{"footnotes":""},"categories":[89],"tags":[226,197],"class_list":["post-1868046","post","type-post","status-publish","format-standard","hentry","category-romania","tag-crawlmanager","tag-focustim-ro"],"_links":{"self":[{"href":"https:\/\/analyse.optim.biz\/index.php?rest_route=\/wp\/v2\/posts\/1868046","targetHints":{"allow":["GET"]}}],"collection":[{"href":"https:\/\/analyse.optim.biz\/index.php?rest_route=\/wp\/v2\/posts"}],"about":[{"href":"https:\/\/analyse.optim.biz\/index.php?rest_route=\/wp\/v2\/types\/post"}],"author":[{"embeddable":true,"href":"https:\/\/analyse.optim.biz\/index.php?rest_route=\/wp\/v2\/users\/1"}],"replies":[{"embeddable":true,"href":"https:\/\/analyse.optim.biz\/index.php?rest_route=%2Fwp%2Fv2%2Fcomments&post=1868046"}],"version-history":[{"count":0,"href":"https:\/\/analyse.optim.biz\/index.php?rest_route=\/wp\/v2\/posts\/1868046\/revisions"}],"wp:attachment":[{"href":"https:\/\/analyse.optim.biz\/index.php?rest_route=%2Fwp%2Fv2%2Fmedia&parent=1868046"}],"wp:term":[{"taxonomy":"category","embeddable":true,"href":"https:\/\/analyse.optim.biz\/index.php?rest_route=%2Fwp%2Fv2%2Fcategories&post=1868046"},{"taxonomy":"post_tag","embeddable":true,"href":"https:\/\/analyse.optim.biz\/index.php?rest_route=%2Fwp%2Fv2%2Ftags&post=1868046"}],"curies":[{"name":"wp","href":"https:\/\/api.w.org\/{rel}","templated":true}]}}