{"id":1868045,"date":"2026-04-06T11:03:51","date_gmt":"2026-04-06T08:03:51","guid":{"rendered":"https:\/\/analyse.optim.biz\/?p=1868045"},"modified":"2026-04-06T11:03:51","modified_gmt":"2026-04-06T08:03:51","slug":"cofetaria-caramelis-calcata-de-politia-locala-fiind-ca-are-flori-de-plastic-iepusii-si-iarba-fake-de-la-tagul-de-paste-sunt-ok","status":"publish","type":"post","link":"https:\/\/analyse.optim.biz\/?p=1868045","title":{"rendered":"Cofet\u0103ria Caramelis, c\u0103lcat\u0103 de Poli\u021bia Local\u0103 fiind c\u0103 are flori de plastic: Iepu\u0219ii \u0219i iarba fake de la T\u00e2gul de Pa\u0219te sunt OK"},"content":{"rendered":"<p>[analyse_image type=&#8221;featured&#8221; src=&#8221;https:\/\/focustim.ro\/wp-content\/uploads\/2026\/04\/caramelis.jpg&#8221;]<\/p>\n<article id=\"post-39898\" class=\"penci-single-artcontent noloaddisqus post-39898 post type-post status-publish format-standard has-post-thumbnail hentry category-actualitate category-administratie category-featured tag-cafenea tag-caramelis penci-post-item\">\n<header class=\"entry-header penci-entry-header penci-title-\">\n<div class=\"penci-entry-categories\"><span class=\"penci-cat-links\"><a href=\"https:\/\/focustim.ro\/category\/actualitate\/\" rel=\"category tag\">Actualitate<\/a><a href=\"https:\/\/focustim.ro\/category\/administratie\/\" rel=\"category tag\">Administra\u021bie<\/a><a href=\"https:\/\/focustim.ro\/category\/featured\/\" rel=\"category tag\">Featured<\/a><\/span><\/div>\n<h1 class=\"entry-title penci-entry-title penci-title-\">Cofet\u0103ria Caramelis, c\u0103lcat\u0103 de Poli\u021bia Local\u0103 fiind c\u0103 are flori de plastic: Iepu\u0219ii \u0219i iarba fake de la T\u00e2gul de Pa\u0219te sunt OK<\/h1>\n<div class=\"entry-meta penci-entry-meta\"><span class=\"entry-meta-item penci-posted-on\"><time class=\"entry-date published\" datetime=\"2026-04-06T14:03:51+03:00\">06\/04\/2026<\/time><time class=\"updated\" datetime=\"2026-04-06T14:03:56+03:00\">06\/04\/2026<\/time><\/span><span class=\"entry-meta-item penci-comment-count\"><a class=\"penci_pmeta-link\" href=\"https:\/\/focustim.ro\/cofetaria-caramelis-calcata-de-politia-locala-fiind-ca-are-flori-de-plastic-iepusii-si-iarba-fake-de-la-tagul-de-paste-sunt-ok\/#respond\">0<\/a><\/span><\/div>\n<p><span class=\"penci-social-buttons penci-social-share-footer\"><span class=\"penci-social-share-text\">Distribuie<\/span><a href=\"https:\/\/focustim.ro\/cofetaria-caramelis-calcata-de-politia-locala-fiind-ca-are-flori-de-plastic-iepusii-si-iarba-fake-de-la-tagul-de-paste-sunt-ok\/\" class=\"penci-post-like penci_post-meta_item  single-like-button penci-social-item like\" data-post_id=\"39898\" title=\"Like\" data-like=\"Like\" data-unlike=\"Unlike\"><span class=\"penci-share-number\">0<\/span><\/a><\/span><\/header>\n<div class=\"entry-media penci-entry-media\">\n<div class=\"post-format-meta \">\n<div class=\"post-image penci-standard-format\"><img decoding=\"async\" width=\"960\" height=\"1137\" src=\"https:\/\/focustim.ro\/wp-content\/uploads\/2026\/04\/caramelis-960x1137.jpg\" class=\"attachment-penci-thumb-960-auto size-penci-thumb-960-auto wp-post-image\" alt loading=\"lazy\"><\/div>\n<\/div>\n<\/div>\n<div class=\"penci-entry-content entry-content\">\n<p>O fi ipocrizie? O fi mi\u0219to? O fi dubl\u0103 m\u0103sur\u0103? Nu \u0219tie nimeni! Cofet\u0103ria Caramelis, din Pia\u021ba Unirii, un loc mic, dar mereu plin, a fost c\u0103lcat\u0103 de Poli\u021bia Local\u0103 din Timi\u0219oara. Oamenilor legii nu le-a c\u0103\u0219unat din senin pe loca\u021bie, c\u0103ci interven\u021bia s-a f\u0103cut \u00een baza unui HCL, care interzice florile artificiale la terasele din zon\u0103. Toate bune \u0219i frumoase, numai c\u0103 \u00eentreg centrul e plin de decora\u021biuni \u0219i iepura\u0219i din iarb\u0103 artificial\u0103, care sunt pl\u0103ti\u021bi cu bani publici. Aici, Casa de Cultur\u0103 sau prim\u0103ria nu iau amend\u0103.<\/p>\n<p>Iat\u0103 ce au scris cei de la Caramelis pe Facebook:<\/p>\n<p>C\u00e2nd credeam ca facem frumos\u2026Asear\u0103, in jurul ore 22:00, dup\u0103 ce au ap\u0103rut \u00een online poze cu terasa noastr\u0103 de la Caramelis \u2013 locul acela colorat unde vin turi\u0219tii s\u0103 fac\u0103 poze \u0219i oamenii s\u0103-\u0219i bea cafeaua \u00een lini\u0219te \u2013 ne-am trezit cu poli\u021bia la control.Motivul? Florile artificiale din jardiniere.Dup\u0103 1 an \u0219i jum\u0103tate \u00een care au fost acolo, f\u0103r\u0103 ca nimeni s\u0103 ne spun\u0103 absolut nimic, am aflat peste noapte c\u0103 \u201enu mai sunt permise\u201d \u0219i c\u0103 risc\u0103m amend\u0103, \u00een baza unei ordonan\u021be ap\u0103rute la \u00eenceputul acestui an.Sincer\u2026 e greu de \u00een\u021beles.Suntem o cafenea mic\u0103, dar foarte iubit\u0103. Am construit fiecare col\u021b cu grij\u0103, am investit \u00een atmosfer\u0103, \u00een detalii, \u00een acel \u201eceva\u201d care \u00eei face pe oameni s\u0103 z\u00e2mbeasc\u0103 \u0219i s\u0103 revin\u0103. Spa\u021biul nostru a fost remarcat \u0219i \u00een apari\u021bii media , \u0219i adesea am fost compara\u021bi cu cafenele din str\u0103in\u0103tate \u0219i contribuind, credem noi, la imaginea unui ora\u0219 mai viu \u0219i mai atractiv.Mai mult dec\u00e2t at\u00e2t, am ambi\u021bionat \u0219i al\u021bi antreprenori s\u0103 investeasc\u0103 \u00een decor, \u00een estetic\u0103, \u00een experien\u021b\u0103 \u2013 pentru ca ora\u0219ul nostru s\u0103 fie mai vibrant, mai viu, mai frumos.<\/p>\n<p>Am investit sume considerabile \u00een aceste flori, tocmai pentru a ar\u0103ta c\u00e2t mai natural \u0219i c\u00e2t mai frumos, pentru a crea un spa\u021biu care s\u0103 bucure ochii \u0219i sufletul celor care ne calc\u0103 pragul.Iubim florile,drept dovad\u0103, chiar \u00een aceast\u0103 diminea\u021b\u0103 ne-am conformat. \u00cen mai pu\u021bin de 12 ore, am \u00eenlocuit aranjamentele cu flori naturale, mai ales \u00een contextul perioadei speciale a Floriilor \u0219i a Pa\u0219telui.Totu\u0219i, acestea sunt perisabile \u0219i presupun costuri ridicate, iar men\u021binerea lor constant\u0103 pe termen lung este dificil\u0103. Dup\u0103 ce se vor ofili, nu le vom putea \u00eenlocui la acela\u0219i nivel, situa\u021bia fiind similar\u0103 \u0219i \u00een cazul plantelor \u00een ghiveci.Nu am deranjat pe nimeni. Din contr\u0103 \u2013 am adus via\u021b\u0103, culoare \u0219i turi\u0219ti \u00een ora\u0219.\u0218i totu\u0219i, \u00eentr-o sear\u0103 t\u00e2rzie, afl\u0103m c\u0103 ceea ce pentru voi e frumos\u2026 trebuie s\u0103 se \u00eencadreze \u00een reguli mai stricte, \u00eentr-o estetic\u0103 mai \u201euniform\u0103\u201d, \u00een culorile p\u0103m\u00e2ntului f\u0103r\u0103 personalitate.Nu contest\u0103m legea. Ne dorim s\u0103 o respect\u0103m. Dar credem c\u0103 este nevoie de comunicare, de claritate \u0219i de sprijin pentru micile afaceri care \u00eencearc\u0103 s\u0103 fac\u0103 lucrurile frumos.Suntem deschi\u0219i s\u0103 g\u0103sim solu\u021bii \u0219i s\u0103 ne adapt\u0103m, dar ne-am fi dorit s\u0103 fim informa\u021bi, nu lua\u021bi prin surprindere.Dac\u0103 a\u021bi trecut pe la noi, dac\u0103 v-a\u021bi f\u0103cut o poz\u0103 la arcad\u0103 sau v-a\u021bi sim\u021bit bine pe terasa noastr\u0103, spune\u021bi-ne \u00een comentarii <img decoding=\"async\" loading=\"lazy\" height=\"16\" width=\"16\" src=\"https:\/\/static.xx.fbcdn.net\/images\/emoji.php\/v9\/tb4\/2\/16\/1f49b.png\" alt=\"\ud83d\udc9b\">Pentru noi, Caramelis nu e doar o cafenea. E un loc f\u0103cut cu suflet.<\/p>\n<div class=\"sharedaddy sd-sharing-enabled\">\n<div class=\"robots-nocontent sd-block sd-social sd-social-icon-text sd-sharing\">\n<h3 class=\"sd-title\">Partajeaz\u0103 asta:<\/h3>\n<div class=\"sd-content\">\n<ul>\n<li class=\"share-twitter\"><a rel=\"nofollow noopener noreferrer\" data-shared=\"sharing-twitter-39898\" class=\"share-twitter sd-button share-icon\" href=\"https:\/\/focustim.ro\/cofetaria-caramelis-calcata-de-politia-locala-fiind-ca-are-flori-de-plastic-iepusii-si-iarba-fake-de-la-tagul-de-paste-sunt-ok\/?share=twitter\" target=\"_blank\" title=\"D\u0103 clic pentru a partaja pe Twitter\"><span>Twitter<\/span><\/a><\/li>\n<li class=\"share-facebook\"><a rel=\"nofollow noopener noreferrer\" data-shared=\"sharing-facebook-39898\" class=\"share-facebook sd-button share-icon\" href=\"https:\/\/focustim.ro\/cofetaria-caramelis-calcata-de-politia-locala-fiind-ca-are-flori-de-plastic-iepusii-si-iarba-fake-de-la-tagul-de-paste-sunt-ok\/?share=facebook\" target=\"_blank\" title=\"D\u0103 clic pentru a partaja pe Facebook\"><span>Facebook<\/span><\/a><\/li>\n<li class=\"share-end\"><\/ul>\n<\/div>\n<\/div>\n<\/div>\n<div class=\"sharedaddy sd-block sd-like jetpack-likes-widget-wrapper jetpack-likes-widget-unloaded\" id=\"like-post-wrapper-167025405-39898-69d3933f64ded\" data-src=\"https:\/\/widgets.wp.com\/likes\/#blog_id=167025405&amp;post_id=39898&amp;origin=focustim.ro&amp;obj_id=167025405-39898-69d3933f64ded\" data-name=\"like-post-frame-167025405-39898-69d3933f64ded\" data-title=\"Apreciaz\u0103 sau republic\u0103\">\n<h3 class=\"sd-title\">Apreciaz\u0103:<\/h3>\n<div class=\"likes-widget-placeholder post-likes-widget-placeholder\"><span class=\"button\"><span>Apreciere<\/span><\/span><span class=\"loading\">\u00cencarc&#8230;<\/span><\/div>\n<\/div>\n<\/div>\n<footer class=\"penci-entry-footer\">\n<div class=\"penci-source-via-tags-wrap\"><span class=\"tags-links penci-tags-links\"><a href=\"https:\/\/focustim.ro\/tag\/cafenea\/\" rel=\"tag\">cafenea<\/a><a href=\"https:\/\/focustim.ro\/tag\/caramelis\/\" rel=\"tag\">caramelis<\/a><\/span><\/div>\n<p><span class=\"penci-social-buttons penci-social-share-footer\"><span class=\"penci-social-share-text\">Distribuie<\/span><a href=\"https:\/\/focustim.ro\/cofetaria-caramelis-calcata-de-politia-locala-fiind-ca-are-flori-de-plastic-iepusii-si-iarba-fake-de-la-tagul-de-paste-sunt-ok\/\" class=\"penci-post-like penci_post-meta_item  single-like-button penci-social-item like\" data-post_id=\"39898\" title=\"Like\" data-like=\"Like\" data-unlike=\"Unlike\"><span class=\"penci-share-number\">0<\/span><\/a><\/span><\/footer>\n<\/article>\n<div class=\"penci-entry-content entry-content\">\n<p>O fi ipocrizie? O fi mi\u0219to? O fi dubl\u0103 m\u0103sur\u0103? Nu \u0219tie nimeni! Cofet\u0103ria Caramelis, din Pia\u021ba Unirii, un loc mic, dar mereu plin, a fost c\u0103lcat\u0103 de Poli\u021bia Local\u0103 din Timi\u0219oara. Oamenilor legii nu le-a c\u0103\u0219unat din senin pe loca\u021bie, c\u0103ci interven\u021bia s-a f\u0103cut \u00een baza unui HCL, care interzice florile artificiale la terasele din zon\u0103. Toate bune \u0219i frumoase, numai c\u0103 \u00eentreg centrul e plin de decora\u021biuni \u0219i iepura\u0219i din iarb\u0103 artificial\u0103, care sunt pl\u0103ti\u021bi cu bani publici. Aici, Casa de Cultur\u0103 sau prim\u0103ria nu iau amend\u0103.<\/p>\n<p>Iat\u0103 ce au scris cei de la Caramelis pe Facebook:<\/p>\n<p>C\u00e2nd credeam ca facem frumos\u2026Asear\u0103, in jurul ore 22:00, dup\u0103 ce au ap\u0103rut \u00een online poze cu terasa noastr\u0103 de la Caramelis \u2013 locul acela colorat unde vin turi\u0219tii s\u0103 fac\u0103 poze \u0219i oamenii s\u0103-\u0219i bea cafeaua \u00een lini\u0219te \u2013 ne-am trezit cu poli\u021bia la control.Motivul? Florile artificiale din jardiniere.Dup\u0103 1 an \u0219i jum\u0103tate \u00een care au fost acolo, f\u0103r\u0103 ca nimeni s\u0103 ne spun\u0103 absolut nimic, am aflat peste noapte c\u0103 \u201enu mai sunt permise\u201d \u0219i c\u0103 risc\u0103m amend\u0103, \u00een baza unei ordonan\u021be ap\u0103rute la \u00eenceputul acestui an.Sincer\u2026 e greu de \u00een\u021beles.Suntem o cafenea mic\u0103, dar foarte iubit\u0103. Am construit fiecare col\u021b cu grij\u0103, am investit \u00een atmosfer\u0103, \u00een detalii, \u00een acel \u201eceva\u201d care \u00eei face pe oameni s\u0103 z\u00e2mbeasc\u0103 \u0219i s\u0103 revin\u0103. Spa\u021biul nostru a fost remarcat \u0219i \u00een apari\u021bii media , \u0219i adesea am fost compara\u021bi cu cafenele din str\u0103in\u0103tate \u0219i contribuind, credem noi, la imaginea unui ora\u0219 mai viu \u0219i mai atractiv.Mai mult dec\u00e2t at\u00e2t, am ambi\u021bionat \u0219i al\u021bi antreprenori s\u0103 investeasc\u0103 \u00een decor, \u00een estetic\u0103, \u00een experien\u021b\u0103 \u2013 pentru ca ora\u0219ul nostru s\u0103 fie mai vibrant, mai viu, mai frumos.<\/p>\n<p>Am investit sume considerabile \u00een aceste flori, tocmai pentru a ar\u0103ta c\u00e2t mai natural \u0219i c\u00e2t mai frumos, pentru a crea un spa\u021biu care s\u0103 bucure ochii \u0219i sufletul celor care ne calc\u0103 pragul.Iubim florile,drept dovad\u0103, chiar \u00een aceast\u0103 diminea\u021b\u0103 ne-am conformat. \u00cen mai pu\u021bin de 12 ore, am \u00eenlocuit aranjamentele cu flori naturale, mai ales \u00een contextul perioadei speciale a Floriilor \u0219i a Pa\u0219telui.Totu\u0219i, acestea sunt perisabile \u0219i presupun costuri ridicate, iar men\u021binerea lor constant\u0103 pe termen lung este dificil\u0103. Dup\u0103 ce se vor ofili, nu le vom putea \u00eenlocui la acela\u0219i nivel, situa\u021bia fiind similar\u0103 \u0219i \u00een cazul plantelor \u00een ghiveci.Nu am deranjat pe nimeni. Din contr\u0103 \u2013 am adus via\u021b\u0103, culoare \u0219i turi\u0219ti \u00een ora\u0219.\u0218i totu\u0219i, \u00eentr-o sear\u0103 t\u00e2rzie, afl\u0103m c\u0103 ceea ce pentru voi e frumos\u2026 trebuie s\u0103 se \u00eencadreze \u00een reguli mai stricte, \u00eentr-o estetic\u0103 mai \u201euniform\u0103\u201d, \u00een culorile p\u0103m\u00e2ntului f\u0103r\u0103 personalitate.Nu contest\u0103m legea. Ne dorim s\u0103 o respect\u0103m. Dar credem c\u0103 este nevoie de comunicare, de claritate \u0219i de sprijin pentru micile afaceri care \u00eencearc\u0103 s\u0103 fac\u0103 lucrurile frumos.Suntem deschi\u0219i s\u0103 g\u0103sim solu\u021bii \u0219i s\u0103 ne adapt\u0103m, dar ne-am fi dorit s\u0103 fim informa\u021bi, nu lua\u021bi prin surprindere.Dac\u0103 a\u021bi trecut pe la noi, dac\u0103 v-a\u021bi f\u0103cut o poz\u0103 la arcad\u0103 sau v-a\u021bi sim\u021bit bine pe terasa noastr\u0103, spune\u021bi-ne \u00een comentarii <img decoding=\"async\" loading=\"lazy\" height=\"16\" width=\"16\" src=\"https:\/\/static.xx.fbcdn.net\/images\/emoji.php\/v9\/tb4\/2\/16\/1f49b.png\" alt=\"\ud83d\udc9b\">Pentru noi, Caramelis nu e doar o cafenea. E un loc f\u0103cut cu suflet.<\/p>\n<div class=\"sharedaddy sd-sharing-enabled\">\n<div class=\"robots-nocontent sd-block sd-social sd-social-icon-text sd-sharing\">\n<h3 class=\"sd-title\">Partajeaz\u0103 asta:<\/h3>\n<div class=\"sd-content\">\n<ul>\n<li class=\"share-twitter\"><a rel=\"nofollow noopener noreferrer\" data-shared=\"sharing-twitter-39898\" class=\"share-twitter sd-button share-icon\" href=\"https:\/\/focustim.ro\/cofetaria-caramelis-calcata-de-politia-locala-fiind-ca-are-flori-de-plastic-iepusii-si-iarba-fake-de-la-tagul-de-paste-sunt-ok\/?share=twitter\" target=\"_blank\" title=\"D\u0103 clic pentru a partaja pe Twitter\"><span>Twitter<\/span><\/a><\/li>\n<li class=\"share-facebook\"><a rel=\"nofollow noopener noreferrer\" data-shared=\"sharing-facebook-39898\" class=\"share-facebook sd-button share-icon\" href=\"https:\/\/focustim.ro\/cofetaria-caramelis-calcata-de-politia-locala-fiind-ca-are-flori-de-plastic-iepusii-si-iarba-fake-de-la-tagul-de-paste-sunt-ok\/?share=facebook\" target=\"_blank\" title=\"D\u0103 clic pentru a partaja pe Facebook\"><span>Facebook<\/span><\/a><\/li>\n<li class=\"share-end\"><\/ul>\n<\/div>\n<\/div>\n<\/div>\n<div class=\"sharedaddy sd-block sd-like jetpack-likes-widget-wrapper jetpack-likes-widget-unloaded\" id=\"like-post-wrapper-167025405-39898-69d3933f64ded\" data-src=\"https:\/\/widgets.wp.com\/likes\/#blog_id=167025405&amp;post_id=39898&amp;origin=focustim.ro&amp;obj_id=167025405-39898-69d3933f64ded\" data-name=\"like-post-frame-167025405-39898-69d3933f64ded\" data-title=\"Apreciaz\u0103 sau republic\u0103\">\n<h3 class=\"sd-title\">Apreciaz\u0103:<\/h3>\n<div class=\"likes-widget-placeholder post-likes-widget-placeholder\"><span class=\"button\"><span>Apreciere<\/span><\/span><span class=\"loading\">\u00cencarc&#8230;<\/span><\/div>\n<\/div>\n<\/div>\n<p>[analyse_source url=&#8221;https:\/\/focustim.ro\/cofetaria-caramelis-calcata-de-politia-locala-fiind-ca-are-flori-de-plastic-iepusii-si-iarba-fake-de-la-tagul-de-paste-sunt-ok\/&#8221;]<\/p>\n","protected":false},"excerpt":{"rendered":"<p>[analyse_image type=&#8221;featured&#8221; src=&#8221;https:\/\/focustim.ro\/wp-content\/uploads\/2026\/04\/caramelis.jpg&#8221;] ActualitateAdministra\u021bieFeatured Cofet\u0103ria Caramelis, c\u0103lcat\u0103 de Poli\u021bia Local\u0103 fiind c\u0103 are flori de plastic: Iepu\u0219ii \u0219i iarba fake de la T\u00e2gul de Pa\u0219te sunt OK 06\/04\/202606\/04\/20260 Distribuie0 O fi ipocrizie? O fi mi\u0219to? O fi dubl\u0103 m\u0103sur\u0103? Nu \u0219tie nimeni! Cofet\u0103ria Caramelis, din Pia\u021ba Unirii, un loc mic, dar mereu plin, a fost [&hellip;]<\/p>\n","protected":false},"author":1,"featured_media":0,"comment_status":"open","ping_status":"","sticky":false,"template":"","format":"standard","meta":{"footnotes":""},"categories":[89],"tags":[226,197],"class_list":["post-1868045","post","type-post","status-publish","format-standard","hentry","category-romania","tag-crawlmanager","tag-focustim-ro"],"_links":{"self":[{"href":"https:\/\/analyse.optim.biz\/index.php?rest_route=\/wp\/v2\/posts\/1868045","targetHints":{"allow":["GET"]}}],"collection":[{"href":"https:\/\/analyse.optim.biz\/index.php?rest_route=\/wp\/v2\/posts"}],"about":[{"href":"https:\/\/analyse.optim.biz\/index.php?rest_route=\/wp\/v2\/types\/post"}],"author":[{"embeddable":true,"href":"https:\/\/analyse.optim.biz\/index.php?rest_route=\/wp\/v2\/users\/1"}],"replies":[{"embeddable":true,"href":"https:\/\/analyse.optim.biz\/index.php?rest_route=%2Fwp%2Fv2%2Fcomments&post=1868045"}],"version-history":[{"count":0,"href":"https:\/\/analyse.optim.biz\/index.php?rest_route=\/wp\/v2\/posts\/1868045\/revisions"}],"wp:attachment":[{"href":"https:\/\/analyse.optim.biz\/index.php?rest_route=%2Fwp%2Fv2%2Fmedia&parent=1868045"}],"wp:term":[{"taxonomy":"category","embeddable":true,"href":"https:\/\/analyse.optim.biz\/index.php?rest_route=%2Fwp%2Fv2%2Fcategories&post=1868045"},{"taxonomy":"post_tag","embeddable":true,"href":"https:\/\/analyse.optim.biz\/index.php?rest_route=%2Fwp%2Fv2%2Ftags&post=1868045"}],"curies":[{"name":"wp","href":"https:\/\/api.w.org\/{rel}","templated":true}]}}