{"id":186761,"date":"2015-02-09T07:54:39","date_gmt":"2015-02-09T04:54:39","guid":{"rendered":"https:\/\/analyse.optim.biz\/?p=186761"},"modified":"2015-02-09T07:54:39","modified_gmt":"2015-02-09T04:54:39","slug":"zi-decisiva-pentru-elena-udrea","status":"publish","type":"post","link":"https:\/\/analyse.optim.biz\/?p=186761","title":{"rendered":"Zi decisiv\u0103 pentru Elena Udrea"},"content":{"rendered":"<div class=\"entry data-app-meta data-app-meta-article\" data-embed-base-url-canonical=\"https:\/\/www.digi24.ro\/embed\/stiri\/actualitate\/politica\/zi-decisiva-pentru-elena-udrea-357084\">\n<p data-index=\"1\"><img decoding=\"async\" src=\"https:\/\/analyse.optim.biz\/wp-content\/uploads\/2024\/09\/odawjmhhc2g9mzq2nzm1ndjimtq2yznknznhnze3oty0ngezowy4ywy-thumb_.jpg\" data-skip-htmlfix=\"1\" title=\"odawjmhhc2g9mzq2nzm1ndjimtq2yznknznhnze3oty0ngezowy4ywy-thumb_\"><\/p>\n<p data-index=\"2\"><em>FOTO: Facebook Elena Udrea<\/em>\u00a0<\/p>\n<p data-index=\"3\">La fel s-a \u00eent\u00e2mplat \u015fi cu dou\u0103 cereri de \u00eencepere a urm\u0103ririi penale. \u00cen total, <a href=\"https:\/\/www.digi24.ro\/Stiri\/Digi24\/Actualitate\/Justitie\/Urmarirea+penala+si+arestarea+Elenei+Udrea+pe+masa+Comisiei+Juri\" target=\"_blank\" data-skip-linkfix=\"1\" rel=\"noopener\">deputa\u0163ii din comisia juridic\u0103 au dat, duminic\u0103, cinci avize pozitive.<\/a> Rapoartele vor ajunge \u00een plen, al\u0103turi de un alt raport avizat pozitiv miercuri, \u00een dosarul Gala Bute.\u00a0<\/p>\n<p data-index=\"4\">Duminic\u0103, <strong>Elena Udrea<\/strong> a venit la Parlament al\u0103turi de avoca\u0163ii s\u0103i, preg\u0103tit\u0103 s\u0103 se apere.<\/p>\n<p data-index=\"5\">\u201e<strong>Cred c\u0103 \u00eempotriva mea exist\u0103 un asalt \u00een acest moment, sunt \u021binta unei ac\u021biuni de denigrare \u0219i a unei ac\u021biuni care are ca finalitate t\u0103cerea mea. Se dore\u0219te s\u0103 tac<\/strong>\u201d, a declarat deputatul Elena Udrea.<\/p>\n<p data-index=\"6\">\u00cen dou\u0103 ore de audieri, Elena Udrea \u015fi-a sus\u0163inut cauza \u00een fa\u0163a colegilor \u015fi le-a spus acestora c\u0103 este de acord cu \u00eenceperea urm\u0103ririi penale \u00eempotriva sa, \u00een ambele dosare. Dar nu \u015fi cu arestarea preventiv\u0103.<\/p>\n<p data-index=\"7\">\u201e<strong>Vreau s\u0103 m\u0103 prezint \u00een fa\u021ba anchetatorilor \u0219i s\u0103 fiu audiat\u0103, \u00eens\u0103 arestarea preventiv\u0103 formulat\u0103 de trei ori \u00een dou\u0103 ore mi se pare excesiv\u0103 \u0219i excep\u021bional\u0103 (&#8230;) Se datoreaz\u0103 conflictului deschis pe care \u00eel am cu generalul Coldea<\/strong>\u201d, a afirmat Elena Udrea.<\/p>\n<p data-index=\"8\">Argumentele Elenei Udrea nu i-au convins pe cei 22 de membri ai Comisiei Juridice care au participat la \u015fedin\u0163\u0103. Ace\u015ftia au aprobat toate solicit\u0103rile DNA. Avizele comisiei sunt consultative, iar decizia final\u0103 apar\u0163ine plenului Camerei Deputa\u0163ilor.<\/p>\n<p data-index=\"9\">\u201e<strong>Noi nu hot\u0103r\u00e2m chiar prin votul plenului arestarea. Noi d\u0103m posibilitatea instan\u0163ei s\u0103 solicite \u00een fa\u0163a instan\u0163ei arestarea<\/strong>\u201d, a precizat <strong>Bogdan Ciuc\u0103<\/strong>, pre\u0219edintele comisiei juridice din Camera Deputa\u021bilor.<\/p>\n<p data-index=\"10\">\u00cen total, Comisia juridic\u0103 a dat avize pozitive pentru cinci solicit\u0103ri ale DNA. Este vorba despre cererea de permitere a extinderii urm\u0103ririi penale \u00een dosarul Gala Bute, dar \u015fi cea pentru arestarea preventiv\u0103.<\/p>\n<p data-index=\"11\">Un alt aviz pozitiv a fost dat pentru \u00eenceperea urm\u0103ririi penale \u00een dosarul Microsoft.<\/p>\n<p data-index=\"12\">De asemenea, comisia juridic\u0103 a Camerei Deputa\u0163ilor a fost de acord cu dou\u0103 cereri pentru arestare preventiv\u0103, una dintre ele motivat\u0103 de \u00eenc\u0103lcarea condi\u0163iilor controlului judiciar.<\/p>\n<p data-index=\"13\">Cea de a \u0219asea solicitare a DNA care va intra \u00een plenul Camerei se refer\u0103 la \u00eenceperea urm\u0103ririi penale \u00een dosarul Gala Bute \u015fi a primit deja aviz pozitiv \u00een comisie, \u00een urm\u0103 cu c\u00e2teva zile.<\/p>\n<p data-index=\"14\">Citi\u021bi \u0219i:\u00a0<\/p>\n<h5><a href=\"https:\/\/www.digi24.ro\/Stiri\/Digi24\/Actualitate\/Justitie\/Apropiat+al+Elenei+Udrea+arestat+preventiv+Tudor+Breazu+a+fost+p\" target=\"_blank\" data-skip-linkfix=\"1\" rel=\"noopener\"><span>Apropiat al Elenei Udrea, arestat preventiv. Tudor Breazu a fost pus sub acuzare \u00een dosarul \u201eGala Bute\u201d<\/span><\/a><\/h5>\n<h5><a href=\"https:\/\/www.digi24.ro\/Stiri\/Digi24\/Actualitate\/Politica\/Partidul+Miscarea+Populara+primul+pas+pe+scena+politica+fara+Tra\" data-skip-linkfix=\"1\">Traian B\u0103sescu: \u201eSper ca Elena Udrea s\u0103 se bucure de condi\u021bii corecte s\u0103 se apere\u201d<\/a><\/h5>\n<\/div>\n<p> Source URL: https:\/\/www.digi24.ro\/stiri\/actualitate\/politica\/zi-decisiva-pentru-elena-udrea-357084<\/p>\n","protected":false},"excerpt":{"rendered":"<p>FOTO: Facebook Elena Udrea\u00a0 La fel s-a \u00eent\u00e2mplat \u015fi cu dou\u0103 cereri de \u00eencepere a urm\u0103ririi penale. \u00cen total, deputa\u0163ii din comisia juridic\u0103 au dat, duminic\u0103, cinci avize pozitive. Rapoartele vor ajunge \u00een plen, al\u0103turi de un alt raport avizat pozitiv miercuri, \u00een dosarul Gala Bute.\u00a0 Duminic\u0103, Elena Udrea a venit la Parlament al\u0103turi de [&hellip;]<\/p>\n","protected":false},"author":1,"featured_media":186762,"comment_status":"open","ping_status":"","sticky":false,"template":"","format":"standard","meta":{"footnotes":""},"categories":[2],"tags":[11],"class_list":["post-186761","post","type-post","status-publish","format-standard","has-post-thumbnail","hentry","category-politics","tag-digi24"],"_links":{"self":[{"href":"https:\/\/analyse.optim.biz\/index.php?rest_route=\/wp\/v2\/posts\/186761","targetHints":{"allow":["GET"]}}],"collection":[{"href":"https:\/\/analyse.optim.biz\/index.php?rest_route=\/wp\/v2\/posts"}],"about":[{"href":"https:\/\/analyse.optim.biz\/index.php?rest_route=\/wp\/v2\/types\/post"}],"author":[{"embeddable":true,"href":"https:\/\/analyse.optim.biz\/index.php?rest_route=\/wp\/v2\/users\/1"}],"replies":[{"embeddable":true,"href":"https:\/\/analyse.optim.biz\/index.php?rest_route=%2Fwp%2Fv2%2Fcomments&post=186761"}],"version-history":[{"count":0,"href":"https:\/\/analyse.optim.biz\/index.php?rest_route=\/wp\/v2\/posts\/186761\/revisions"}],"wp:featuredmedia":[{"embeddable":true,"href":"https:\/\/analyse.optim.biz\/index.php?rest_route=\/wp\/v2\/media\/186762"}],"wp:attachment":[{"href":"https:\/\/analyse.optim.biz\/index.php?rest_route=%2Fwp%2Fv2%2Fmedia&parent=186761"}],"wp:term":[{"taxonomy":"category","embeddable":true,"href":"https:\/\/analyse.optim.biz\/index.php?rest_route=%2Fwp%2Fv2%2Fcategories&post=186761"},{"taxonomy":"post_tag","embeddable":true,"href":"https:\/\/analyse.optim.biz\/index.php?rest_route=%2Fwp%2Fv2%2Ftags&post=186761"}],"curies":[{"name":"wp","href":"https:\/\/api.w.org\/{rel}","templated":true}]}}