{"id":1867340,"date":"2026-04-05T13:10:14","date_gmt":"2026-04-05T10:10:14","guid":{"rendered":"https:\/\/analyse.optim.biz\/?p=1867340"},"modified":"2026-04-05T13:10:14","modified_gmt":"2026-04-05T10:10:14","slug":"vidul-moral-al-occidentului-societatea-noastra-are-nevoie-de-o-reinnoire-daca-vrea-sa-supravietuiasca","status":"publish","type":"post","link":"https:\/\/analyse.optim.biz\/?p=1867340","title":{"rendered":"Vidul moral al Occidentului. Societatea noastr\u0103 are nevoie de o re\u00eennoire dac\u0103 vrea s\u0103 supravie\u021buiasc\u0103"},"content":{"rendered":"<p>[analyse_image type=&#8221;featured&#8221; src=&#8221;https:\/\/ortodoxinfo.ro\/wp-content\/uploads\/2026\/04\/vidul-moral-al-occidentului-societatea-noastra-are-nevoie-de-o-reinnoire-daca-vrea-sa-supravietuiasc.png&#8221;]<\/p>\n<article id=\"post-219126\" class=\"post-219126 post type-post status-publish format-standard has-post-thumbnail category-suveranism\">\n<header class=\"single-header\">\n<h1 class=\"s-title fw-headline\">Vidul moral al Occidentului. Societatea noastr\u0103 are nevoie de o re\u00eennoire dac\u0103 vrea s\u0103 supravie\u021buiasc\u0103<\/h1>\n<div class=\"single-meta meta-s-default yes-0\">\n<div class=\"smeta-in\"><a class=\"meta-el meta-avatar\" href=\"https:\/\/ortodoxinfo.ro\/author\/redactor\/\"><img loading=\"lazy\" decoding=\"async\" alt=\"OrtodoxINFO\" src=\"https:\/\/secure.gravatar.com\/avatar\/21010332354a182ce4de6016685c5586f21c51866d0ec5bc8ef383240b3c3e02?s=120&amp;r=g\" class=\"avatar avatar-120 photo\" height=\"120\" width=\"120\"><\/a><\/p>\n<div class=\"smeta-sec\">\n<div class=\"p-meta\">\n<div class=\"meta-inner is-meta\"><span class=\"meta-el meta-date\"><time datetime=\"2026-04-05T16:10:14+03:00\">5 aprilie 2026<\/time><\/span><span class=\"meta-el meta-category meta-bold\"><a class=\"meta-separate category-20289\" href=\"https:\/\/ortodoxinfo.ro\/category\/suveranism\/\">Suveranism<\/a><\/span><span class=\"meta-el meta-view\">4.8k vizualiz\u0103ri\t\t<\/span><span class=\"meta-el meta-comment mobile-last-meta tablet-last-meta\"><a href=\"https:\/\/ortodoxinfo.ro\/2026\/04\/05\/vidul-moral-al-occidentului-societatea-noastra-are-nevoie-de-o-reinnoire-daca-vrea-sa-supravietuiasca\/#comments\">2 comentarii<\/a><\/span><\/div>\n<\/div>\n<\/div>\n<\/div>\n<div class=\"smeta-extra\">\n<div class=\"t-shared-sec tooltips-n has-read-meta is-color\">\n<div class=\"t-shared-header is-meta\"><span class=\"share-label\">Share<\/span><\/div>\n<\/div>\n<div class=\"single-right-meta single-time-read is-meta\"><span class=\"meta-el meta-read\">10 Min Read<\/span><\/div>\n<\/div>\n<\/div>\n<\/header>\n<div class=\"grid-container\">\n<div class=\"s-ct\">\n<div class=\"s-feat-outer\">\n<div class=\"s-feat\">\n<div class=\"featured-lightbox-trigger\" data-source=\"https:\/\/ortodoxinfo.ro\/wp-content\/uploads\/2026\/04\/vidul-moral-al-occidentului-societatea-noastra-are-nevoie-de-o-reinnoire-daca-vrea-sa-supravietuiasc.png\" data-caption data-attribution><img fetchpriority=\"high\" decoding=\"async\" width=\"860\" height=\"452\" src=\"https:\/\/ortodoxinfo.ro\/wp-content\/uploads\/2026\/04\/vidul-moral-al-occidentului-societatea-noastra-are-nevoie-de-o-reinnoire-daca-vrea-sa-supravietuiasc-860x452.png\" class=\"attachment-foxiz_crop_o1 size-foxiz_crop_o1 wp-post-image\" alt loading=\"eager\"><\/div>\n<\/div>\n<\/div>\n<div class=\"s-ct-wrap has-lsl\">\n<div class=\"s-ct-inner\">\n<div class=\"l-shared-sec-outer show-mobile\">\n<div class=\"l-shared-sec\">\n<div class=\"l-shared-header meta-text\"><span class=\"share-label\">SHARE<\/span><\/div>\n<\/div>\n<\/div>\n<div class=\"e-ct-outer\">\n<div class=\"entry-content rbct clearfix is-highlight-shares\">\n<p>Occidentalii au \u00eembr\u0103\u021bi\u0219at imoralitatea \u0219i superficialitatea propriilor birocra\u021bii. Societatea noastr\u0103 are nevoie de o re\u00eennoire dac\u0103 vrea s\u0103 supravie\u021buiasc\u0103, analizeaz\u0103<a href=\"https:\/\/www.americanthinker.com\/articles\/2026\/04\/the_west_s_moral_vacuum.html\" target=\"_blank\" rel=\"noopener\"> American Thinker<\/a>.<\/p>\n<div class=\"inline-single-ad ad_single_index alignfull\">\n<div class=\"ad-wrap ad-script-wrap\">\n<div class=\"ad-script non-adsense edge-padding\">\n<div>\n\u203c\ufe0f\u203c\ufe0f NU recunoa\u0219tem ca pre\u0219edinte al Rom\u00e2niei pe marioneta retard\u0103 Nicu\u0219or Dan! Rom\u00e2ni, boicota\u021bi aceast\u0103 f\u0103c\u0103tur\u0103, care ne face \u021bara de r\u00e2s! NU rom\u00e2nii l-au votat pe Nicusoro\u0219 &#8211; cu unele excep\u021bii de persoane infantile, manipulabile \u0219i chiar idioate &#8211; ci l-au ajutat Maia Soro\u0219, Emanuel Macrou \u0219i tr\u0103d\u0103torii de la B.E.C. \u0219i CCR!<br \/>\n La \u00eenchisoare cu cei care au fraudat alegerile!\n<\/div>\n<\/div>\n<\/div>\n<\/div>\n<p>Putem privi cum valorile noastre se erodeaz\u0103 sub domina\u021bia birocra\u021biei sau putem revendica ceea ce conteaz\u0103 cu adev\u0103rat; viitorul ne apar\u021bine \u0219i \u00eel putem modela noi \u00een\u0219ine. Chiar trebuie s\u0103 asist\u0103m \u00eenc\u0103 o dat\u0103 la c\u00e2t de absurzi am devenit? Se pare c\u0103 da, \u00eentruc\u00e2t \u00eenc\u0103 nu am f\u0103cut fa\u021b\u0103 acestei provoc\u0103ri. A\u021bi citit despre victima violului \u00een grup din Spania care, \u00een durerea ei, a optat pentru sinuciderea sponsorizat\u0103 de stat? V\u0103 scutesc de efortul de a citi detaliile oribile. Pe scurt, imigran\u021bii au violat-o pe Noelia Castillo Ramos. Ea nu a putut face fa\u021b\u0103 traumei psihologice, a s\u0103rit de la etajul cinci al unei cl\u0103diri, a supravie\u021buit, dar nu a mai putut merge. Ea a solicitat eutanasia aprobat\u0103 de stat \u00een 2021. \u00cen cele din urm\u0103, dup\u0103 multiple apeluri legale, i s-a \u00eendeplinit dorin\u021ba chiar luna trecut\u0103, doar pentru a decide \u00een ultimul moment s\u0103 nu mai treac\u0103 prin asta. Sta\u021bi, <a href=\"https:\/\/humanevents.com\/2026\/03\/31\/noelia-castillo-ramos-asked-for-6-more-months-to-reconsider-euthanasia-spain-put-her-to-death-anyway-family-attorney\">lucrurile se \u00eenr\u0103ut\u0103\u021besc<\/a>:<\/p>\n<blockquote>\n<p>O femeie de 25 de ani din <a href=\"https:\/\/humanevents.com\/2026\/03\/28\/we-have-failed-as-a-society-catholic-bishops-blast-spain-for-allowing-gang-rape-victim-noelia-castillo-assisted-suicide\">Spania<\/a> a fost <a href=\"https:\/\/thepostmillennial.com\/canada-nears-100000-assisted-suicides-as-maid-deaths-surpass-every-other-country\">eutanasiat\u0103<\/a> joi dup\u0103 ce autorit\u0103\u021bile i-ar fi respins cererea scris\u0103 de a-\u0219i am\u00e2na moartea cu \u0219ase luni pentru a se putea r\u0103zg\u00e2ndi, a sus\u021binut avocatul familiei. Cererea, depus\u0103 \u00eenainte de sinuciderea asistat\u0103 programat\u0103, nu ar fi fost acceptat\u0103 de administra\u021bie, care a stabilit c\u0103 ea \u0219i-a exprimat \u201edoar \u00eendoieli\u201d, un ra\u021bionament care nu avea nicio valoare juridic\u0103 \u00een procesul decizional, potrivit avocatei tat\u0103lui ei, Polonia Castellanos.<\/p>\n<\/blockquote>\n<p>Procedura nu ar trebui s\u0103 prevaleze niciodat\u0103 asupra unei vie\u021bi omene\u0219ti. Din p\u0103cate, nu a\u0219a g\u00e2nde\u0219te statul \u00eentr-o societate care se vrea iluminat\u0103. Iluminat\u0103? Nu. Se reduce la o crim\u0103 sanc\u021bionat\u0103 de stat, prea asem\u0103n\u0103toare cu \u201eHome Centers\u201d din filmul <a href=\"https:\/\/www.imdb.com\/title\/tt0070723\/plotsummary\/\">Soylent Green<\/a>.<\/p>\n<p>Faptul c\u0103 Noelia locuia \u00een Spania nu face ca acest lucru s\u0103 fie mai pu\u021bin tragic sau mai pu\u021bin u\u0219or de \u00een\u021beles, \u00eentruc\u00e2t am v\u0103zut eutanasia sau sinuciderea asistat\u0103 sponsorizate de stat r\u0103sp\u00e2ndindu-se ca focul peste tot, inclusiv \u00een <a href=\"https:\/\/www.ctvnews.ca\/toronto\/article\/toronto-woman-in-final-stages-of-maid-application-after-nearly-a-decade-long-search-for-housing\/\">Canada<\/a> \u0219i \u00een <a href=\"https:\/\/www.oregon.gov\/oha\/ph\/providerpartnerresources\/evaluationresearch\/deathwithdignityact\/pages\/index.aspx\">Statele Unite<\/a>, adesea din motive care nu pun via\u021ba \u00een pericol sau pur \u0219i simplu din motive de genul \u201enu-mi place via\u021ba mea\u201d. La fel ca \u00een at\u00e2tea cazuri chiar aici, \u00een America, agresorii Noeliei nu au fost niciodat\u0103 acuza\u021bi. Pove\u0219ti ca aceasta sunt mult prea comune ast\u0103zi. Absurditatea a ceea ce societatea \u0219i guvernul nostru valorizeaz\u0103, \u00eencurajeaz\u0103, protejeaz\u0103 \u0219i pedepse\u0219te \u00eei \u00eempinge pe unii la sinucidere, \u00een timp ce al\u021bii se deta\u0219eaz\u0103 mental \u00een num\u0103r mare \u00een fiecare an, totul \u00een beneficiul statului care are nevoie de dependen\u021ba \u0219i supunerea voastr\u0103 \u0219i care dore\u0219te s\u0103 v\u0103 men\u021bin\u0103 \u00eentr-o stare perpetu\u0103 de anxietate, pentru a-\u0219i consolida mai bine controlul asupra noastr\u0103.<\/p>\n<p>Fiind conecta\u021bi la \u0219tiri 24 de ore din 24, 7 zile din 7, nu este greu s\u0103 devenim insensibili, chiar \u00eempietri\u021bi, expu\u0219i la o poveste oribil\u0103 dup\u0103 alta. Rapoartele care ar trebui s\u0103 ne \u0219ocheze cu adev\u0103rat con\u0219tiin\u021ba ne alunec\u0103 prea u\u0219or. Lista crimelor violente cu adev\u0103rat uimitoare comise, lipsa consecin\u021belor \u0219i realitatea c\u0103 societatea continu\u0103 s\u0103 treac\u0103 cu vederea \u00een loc s\u0103 se ridice \u0219i s\u0103 cear\u0103 m\u0103suri este \u0219ocant\u0103 \u0219i deprimant\u0103, duc\u00e2nd la un num\u0103r uria\u0219 de oameni care <a href=\"https:\/\/www.psychologytoday.com\/us\/blog\/talking-about-trauma\/202408\/the-more-news-headlines-we-see-the-less-we-care\">se deta\u0219eaz\u0103<\/a> \u0219i nu mai particip\u0103 serios la g\u0103sirea de solu\u021bii.<\/p>\n<p>Publicitate<\/p>\n<p>Fie c\u0103 discut\u0103m despre moravurile sociale \u0219i consecin\u021bele lor, a\u0219a cum am f\u0103cut mai sus, fie despre activit\u0103\u021bi criminale \u00een toat\u0103 regula, a\u0219a cum vom vedea mai jos, efectul net ne las\u0103 s\u0103 ne \u00eenv\u00e2rtim \u00een cerc. Ar fi bine s\u0103 ne reg\u0103sim rapid echilibrul pentru a opri declinul nostru. Prea multe pove\u0219ti precum cea a lucr\u0103torilor din Genera\u021bia Z <a href=\"https:\/\/nypost.com\/2026\/03\/31\/lifestyle\/gen-z-loses-it-nyc-workers-flee-9-to-5-for-cry-rooms-and-nap-pods\/\">care dorm \u0219i pl\u00e2ng<\/a> la pr\u00e2nz, lament\u00e2ndu-se c\u0103 trebuie s\u0103 munceasc\u0103 pentru a-\u0219i c\u00e2\u0219tiga existen\u021ba\u2026 Este at\u00e2t de stresant! Serios?<\/p>\n<p>\u00centreaga noastr\u0103 societate are nevoie de o repornire! Valorile noastre, a\u0219tept\u0103rile noastre \u0219i, cel mai important, lipsa noastr\u0103 de autonomie se r\u0103sp\u00e2ndesc ca un cancer care ne va aduce inevitabil pieirea dac\u0103 nu este inversat. Trebuie s\u0103 \u00een\u021belegem c\u0103 ceea ce se \u00eent\u00e2mpl\u0103, vizibil pentru oricine prive\u0219te, nu este o \u00eent\u00e2mplare. Face parte dintr-un plan pe care \u00eel vedem desf\u0103\u0219ur\u00e2ndu-se peste tot, sus\u021binut de democra\u021bi \u0219i sus\u021bin\u0103torii lor anti-americani.<\/p>\n<p>Nu m\u0103 crede\u021bi pe riscul vostru. Guvernul, la toate nivelurile, are un interes direct \u00een pasivitatea voastr\u0103 \u0219i \u00een faptul c\u0103 privi\u021bi tot ce se \u00eent\u00e2mpl\u0103 ca fiind imposibil de rezolvat pentru orice individ care ar vrea s\u0103 intervin\u0103 \u0219i s\u0103 fac\u0103 o diferen\u021b\u0103. Privi\u021bi to\u021bi acei oameni care \u00eenregistreaz\u0103 infrac\u021biuni cu telefoanele lor mobile \u2013 sunt reporteri cet\u0103\u021beni sau doar spectatori?<\/p>\n<p>Av\u00e2nd \u00een vedere c\u0103 legiuitorii nu sunt dispu\u0219i s\u0103 elaboreze legi dure, nici m\u0103car legi rezonabile, \u0219i apoi s\u0103 le pun\u0103 efectiv \u00een aplicare pentru a-i scoate de pe str\u0103zi pe cei mai r\u0103i infractori, fie c\u0103 sunt imigran\u021bi ilegali cu zeci de acuza\u021bii sau condamn\u0103ri la activ, fie c\u0103 sunt infractori autohtoni care privesc sistemul nostru de justi\u021bie penal\u0103 ca pe o u\u0219\u0103 rotativ\u0103, sistemul ne dezam\u0103ge\u0219te. \u00cen sine, asta e destul de grav, dar efectul net al faptului c\u0103 le permitem infractorilor s\u0103 stabileasc\u0103 agenda pentru noi to\u021bi este intolerabil, dar nu trebuie s\u0103 fie a\u0219a. Oamenii sensibili vor o cale diferit\u0103 de cea existent\u0103 ast\u0103zi, care s\u0103 ofere valorile tradi\u021bionale ale micilor ora\u0219e americane, pace \u0219i prosperitate prin intermediul guvernului pe care l-au ales, dar care s-a \u00eentors vizibil \u00eempotriva lor, favoriz\u00e2nd politici progresiste, protej\u00e2ndu-se pe sine, totul \u00een timp ce cre\u0219te mai repede \u0219i se pl\u0103te\u0219te mai bine dec\u00e2t sectorul privat.<\/p>\n<p><b><em><strong>Guvernul \u0219i prea mul\u021bi cet\u0103\u021beni tolereaz\u0103 r\u0103ul din societatea noastr\u0103<\/strong><\/em><\/b><\/p>\n<p><i>Noi, poporul,<\/i> am putea s\u0103-l oprim oric\u00e2nd dorim. Marea \u00eentrebare este de ce suport\u0103m politici \u0219i ac\u021biuni care nu numai c\u0103 sunt gre\u0219ite \u0219i reprezint\u0103 o amenin\u021bare la adresa stabilit\u0103\u021bii societ\u0103\u021bii noastre, dar care, de asemenea, vor duce inevitabil la pieirea noastr\u0103. Prea mul\u021bi dintre noi cred c\u0103 problemele \u0219i chestiunile cu care ne confrunt\u0103m sunt prea mari pentru a fi rezolvate. Probleme precum: Punctul comun care le leag\u0103 pe toate este c\u0103 nu sunt de nerezolvat. \u00cen ciuda acestui fapt, ele sunt, de asemenea, o caracteristic\u0103, nu un defect, a modului \u00een care func\u021bioneaz\u0103 guvernul nostru ast\u0103zi. Exist\u0103 mul\u021bi dintre a\u0219a-numi\u021bii no\u0219tri lideri \u00een pozi\u021bii de putere care fie nu abordeaz\u0103 problemele, fie adopt\u0103 o viziune pe termen scurt care favorizeaz\u0103 puterea \u0219i controlul temporar \u00een detrimentul g\u0103sirii de solu\u021bii. Este, de asemenea, modul \u00een care prea mul\u021bi politicieni se \u00eembog\u0103\u021besc \u00een timp ce, aparent, servesc publicul.<\/p>\n<ul>\n<li>Imigra\u021bia<\/li>\n<li>Responsabilitatea guvernului<\/li>\n<li>Persoanele f\u0103r\u0103 ad\u0103post<\/li>\n<li>Drogurile<\/li>\n<li>Pozi\u021bia Americii \u00een lume<\/li>\n<li>Educa\u021bia<\/li>\n<li>S\u0103n\u0103tatea<\/li>\n<li>Accesibilitatea<\/li>\n<\/ul>\n<p>S-ar putea s\u0103 v\u0103 \u00eentreba\u021bi de ce, \u0219i a\u021bi avea dreptate s\u0103 o face\u021bi. Este esen\u021bial s\u0103 \u00een\u021belegem c\u00e2t de mare a devenit guvernul la toate nivelurile \u0219i sumele uria\u0219e de bani pentru care nimeni nu poate da socoteal\u0103. \u00cen timp ce scriu aceste r\u00e2nduri, \u00een Newark, New Jersey, lipse\u0219te suma nesemnificativ\u0103 (pentru guvern) de 287 de milioane de dolari \u0219i, deloc surprinz\u0103tor, nimeni nu pare s\u0103 \u0219tie ce s-a \u00eent\u00e2mplat cu ace\u0219ti <a href=\"https:\/\/www.shorenewsnetwork.com\/newark-school-funding-scandal-grows-as-state-leaders-ask-for-federal-investigation-into-287-million-covid-relief-spending\/\">bani destina\u021bi ajutorului pentru COVID-19<\/a>! \u00cenmul\u021bi\u021bi acest lucru cu sute de scandaluri similare \u0219i dou\u0103 lucruri devin evidente: Cu siguran\u021b\u0103, p\u00e2n\u0103 acum, este evident c\u0103 suntem pe cont propriu; nimeni nu vine s\u0103 ne salveze, nici guvernul, nici vreun grup, nici chiar Dumnezeu \u00eensu\u0219i. Sarcina de a salva cultura, societatea \u0219i \u021bara noastr\u0103 ne revine nou\u0103, \u021bie \u0219i mie. Fiecare dintre noi trebuie s\u0103-\u0219i fac\u0103 o prioritate absolut\u0103 s\u0103 spun\u0103: \u201eAici se opre\u0219te totul.\u201d Eu voi sta \u00een calea distrug\u0103torilor. Organizarea a zece milioane de oameni care s\u0103 inunde str\u0103zile cer\u00e2nd capetele unora dintre ace\u0219ti oameni r\u0103i ar fi un bun \u00eenceput.<\/p>\n<ul>\n<li>Vorbim despre sume uria\u0219e de bani. At\u00e2t de mul\u021bi bani \u00eenc\u00e2t \u00eencep s\u0103-\u0219i piard\u0103 relevan\u021ba \u00een mintea multora care v\u0103d cifrele ca fiind abstracte \u0219i greu de \u00een\u021beles<\/li>\n<li>Nimeni, mai ales cei afla\u021bi \u00een pozi\u021bii \u00eenalte de putere, nu va fi tras la r\u0103spundere. Urm\u0103ririle penale \u0219i condamn\u0103rile sunt prea rare, iar adesea cei care se prezint\u0103 \u00een fa\u021ba juriului sunt subalternii, nu cei care au creat condi\u021biile pentru comiterea infrac\u021biunii.<\/li>\n<\/ul>\n<p>Dac\u0103 un num\u0103r suficient dintre noi lu\u0103m aceast\u0103 decizie de a \u00eenfrunta r\u0103ul, vom \u00eenvinge.<\/p>\n<\/div>\n<\/div>\n<\/div>\n<div class=\"e-shared-sec entry-sec\">\n<div class=\"e-shared-header h4\"><span>Distribuie<\/span><\/div>\n<div class=\"rbbsl tooltips-n effect-fadeout is-bg\"><a class=\"share-action share-trigger icon-facebook\" aria-label=\"Share on Facebook\" href=\"https:\/\/www.facebook.com\/sharer.php?u=https%3A%2F%2Fortodoxinfo.ro%2F2026%2F04%2F05%2Fvidul-moral-al-occidentului-societatea-noastra-are-nevoie-de-o-reinnoire-daca-vrea-sa-supravietuiasca%2F\" data-title=\"Facebook\" rel=\"nofollow\"><span>Facebook<\/span><\/a><a class=\"share-action share-trigger icon-twitter\" aria-label=\"Share on X\" href=\"https:\/\/twitter.com\/intent\/tweet?text=Vidul+moral+al+Occidentului.+Societatea+noastr%C4%83+are+nevoie+de+o+re%C3%AEnnoire+dac%C4%83+vrea+s%C4%83+supravie%C8%9Buiasc%C4%83&amp;url=https%3A%2F%2Fortodoxinfo.ro%2F2026%2F04%2F05%2Fvidul-moral-al-occidentului-societatea-noastra-are-nevoie-de-o-reinnoire-daca-vrea-sa-supravietuiasca%2F&amp;via=ortodoxinforo\" data-title=\"X\" rel=\"nofollow\"><span>X<\/span><\/a><a class=\"share-action icon-whatsapp is-web\" aria-label=\"Share on Whatsapp\" href=\"https:\/\/web.whatsapp.com\/send?text=Vidul+moral+al+Occidentului.+Societatea+noastr%C4%83+are+nevoie+de+o+re%C3%AEnnoire+dac%C4%83+vrea+s%C4%83+supravie%C8%9Buiasc%C4%83%20%E2%98%9E%20https%3A%2F%2Fortodoxinfo.ro%2F2026%2F04%2F05%2Fvidul-moral-al-occidentului-societatea-noastra-are-nevoie-de-o-reinnoire-daca-vrea-sa-supravietuiasca%2F\" target=\"_blank\" data-title=\"WhatsApp\" rel=\"nofollow\"><span>Whatsapp<\/span><\/a><a class=\"share-action icon-whatsapp is-mobile\" aria-label=\"Share on Whatsapp\" href=\"\/\/send?text=Vidul+moral+al+Occidentului.+Societatea+noastr%C4%83+are+nevoie+de+o+re%C3%AEnnoire+dac%C4%83+vrea+s%C4%83+supravie%C8%9Buiasc%C4%83%20%E2%98%9E%20https%3A%2F%2Fortodoxinfo.ro%2F2026%2F04%2F05%2Fvidul-moral-al-occidentului-societatea-noastra-are-nevoie-de-o-reinnoire-daca-vrea-sa-supravietuiasca%2F\" target=\"_blank\" data-title=\"WhatsApp\" rel=\"nofollow\"><span>Whatsapp<\/span><\/a><a class=\"share-action share-trigger icon-telegram\" aria-label=\"Share on Telegram\" href=\"https:\/\/t.me\/share\/?url=https%3A%2F%2Fortodoxinfo.ro%2F2026%2F04%2F05%2Fvidul-moral-al-occidentului-societatea-noastra-are-nevoie-de-o-reinnoire-daca-vrea-sa-supravietuiasca%2F&amp;text=Vidul+moral+al+Occidentului.+Societatea+noastr%C4%83+are+nevoie+de+o+re%C3%AEnnoire+dac%C4%83+vrea+s%C4%83+supravie%C8%9Buiasc%C4%83\" data-title=\"Telegram\" rel=\"nofollow\"><span>Telegram<\/span><\/a><a class=\"share-action icon-copy copy-trigger\" aria-label=\"Copy Link\" href=\"https:\/\/ortodoxinfo.ro\/2026\/04\/05\/vidul-moral-al-occidentului-societatea-noastra-are-nevoie-de-o-reinnoire-daca-vrea-sa-supravietuiasca\/\" data-copied=\"Copied!\" data-link=\"https:\/\/ortodoxinfo.ro\/2026\/04\/05\/vidul-moral-al-occidentului-societatea-noastra-are-nevoie-de-o-reinnoire-daca-vrea-sa-supravietuiasca\/\" rel=\"nofollow\" data-copy=\"Copy Link\"><span>Copy Link<\/span><\/a><a class=\"share-action icon-print\" aria-label=\"Print\" rel=\"nofollow\" data-title=\"Print\"><span>Print<\/span><\/a><\/div>\n<\/div>\n<\/div>\n<div id=\"tabs\" class=\"dntplgn_form_wrapper\"><span><\/p>\n<h2>\u0218tirile sunt sub cenzur\u0103! Sprijini\u021bi OrtodoxINFO!<\/h2>\n<p>Guvernul nu dore\u0219te aflarea adev\u0103rului despre lovitura de stat \u0219i \u00eengenuncherea Rom\u00e2niei. \u00cencerc\u0103m s\u0103 men\u021binem viu acest site \u0219i s\u0103 v\u0103 punem la dispozi\u021bie informa\u021bii care s\u0103 fac\u0103 lumin\u0103 \u00een cea mai mare provocare pe care o tr\u0103im. Jurnalismul independent al portalului OrtodoxINFO func\u021bioneaz\u0103 strict cu ajutorul cititorilor.<br \/>\nNe pute\u021bi sprijini printr-o <b><a href=\"https:\/\/ortodoxinfo.ro\/donatii\/\">dona\u021bie bancar\u0103<\/a> sau prin PayPal, complet\u00e2nd formularul de mai jos.<\/b><\/span><\/p>\n<ul>\n<li><a href=\"https:\/\/ortodoxinfo.ro\/2026\/04\/05\/vidul-moral-al-occidentului-societatea-noastra-are-nevoie-de-o-reinnoire-daca-vrea-sa-supravietuiasca\/#tabs-1\">Dona\u021bie lunar\u0103<\/a><\/li>\n<li><a href=\"https:\/\/ortodoxinfo.ro\/2026\/04\/05\/vidul-moral-al-occidentului-societatea-noastra-are-nevoie-de-o-reinnoire-daca-vrea-sa-supravietuiasca\/#tabs-2\">Doar acum<\/a><\/li>\n<\/ul>\n<div id=\"tabs-1\"><img loading=\"lazy\" decoding=\"async\" alt border=\"0\" src=\"https:\/\/www.paypalobjects.com\/en_US\/i\/scr\/pixel.gif\" width=\"1\" height=\"1\"><\/div>\n<div id=\"tabs-2\">\n<p>\t\t     \u20ac<\/p>\n<p>\t\t    <img loading=\"lazy\" decoding=\"async\" alt border=\"0\" src=\"https:\/\/www.paypalobjects.com\/en_US\/i\/scr\/pixel.gif\" width=\"1\" height=\"1\"><\/div>\n<p>Mul\u021bumim celor care ne-au ajutat p\u00e2n\u0103 acum!\n\t<\/p><\/div>\n<div class=\"comment-box-wrap entry-sec\">\n<div class=\"comment-box-header\"><span class=\"h3\">2 comentarii<\/span><\/div>\n<div class=\"comment-holder\">\n<div id=\"comments\" class=\"comments-area\">\n<div class=\"rb-section\">\n<ul class=\"comment-list entry\">\n<li id=\"comment-246350\" class=\"comment even thread-even depth-1\">\n<article id=\"div-comment-246350\" class=\"comment-body\">\n<footer class=\"comment-meta\">\n<div class=\"comment-author vcard\"><img loading=\"lazy\" decoding=\"async\" alt src=\"https:\/\/secure.gravatar.com\/avatar\/132fd989bad4ee2d55aa9692aa73d0475d12ca598eaa976fcddf813d6586cb5e?s=100&amp;r=g\" class=\"avatar avatar-100 photo\" height=\"100\" width=\"100\"><b class=\"fn\">Magda<\/b><span class=\"says\">spune:<\/span><\/div>\n<div class=\"comment-metadata\"><a href=\"https:\/\/ortodoxinfo.ro\/2026\/04\/05\/vidul-moral-al-occidentului-societatea-noastra-are-nevoie-de-o-reinnoire-daca-vrea-sa-supravietuiasca\/#comment-246350\"><time datetime=\"2026-04-05T16:46:08+03:00\">5 aprilie 2026 la 16:46<\/time><\/a><\/div>\n<\/footer>\n<div class=\"comment-content\">\n<p>Satanism, luciferianism, noua ordine mondial\u0103. Asta e lumea \u00een care tr\u0103im, satanic\u0103, f\u0103cut\u0103 dup\u0103 chipul \u0219i asem\u0103narea conduc\u0103torilor ei masoni, lumea din care guvernarea cre\u0219tin\u0103 \u0219i statul cre\u0219tin au fost scoase \u00een afara legii, mai \u00eent\u00e2i \u00een Anglia, dup\u0103 distrugerea monarhiei britanice absolute \u0219i crearea monarhiei constitu\u021bionale \u0219i a comenwealth-ului  apoi \u00een Europa, dup\u0103 distrugerea bisericii catolice \u0219i a monarhiei franceze, \u00een Fran\u021ba, apoi \u00een Rusia, dup\u0103 distrugerea familiei imperiale ruse \u0219i a statului rus cre\u0219tin, prin revolu\u021bia bol\u0219evica din 1917, apoi \u00een SUA, unde masoneria englez\u0103 a fondat statul american \u0219i constitu\u021bia masonica, iar protestan\u021bii tr\u0103d\u0103tori \u0219i masonii lucreaz\u0103, din greu, pentru implementarea guvernului mondial, al\u0103turi de sionisti, bancherii evrei \u0219i comuni\u0219tii progresisti.<\/p>\n<\/div>\n<div class=\"reply\"><a rel=\"nofollow\" class=\"comment-reply-link\" href=\"https:\/\/ortodoxinfo.ro\/2026\/04\/05\/vidul-moral-al-occidentului-societatea-noastra-are-nevoie-de-o-reinnoire-daca-vrea-sa-supravietuiasca\/?replytocom=246350#respond\" data-commentid=\"246350\" data-postid=\"219126\" data-belowelement=\"div-comment-246350\" data-respondelement=\"respond\" data-replyto=\"R\u0103spunde-i lui Magda\" aria-label=\"R\u0103spunde-i lui Magda\">R\u0103spunde<\/a><\/div>\n<\/article>\n<\/li>\n<li id=\"comment-246352\" class=\"comment odd alt thread-odd thread-alt depth-1\">\n<article id=\"div-comment-246352\" class=\"comment-body\">\n<footer class=\"comment-meta\">\n<div class=\"comment-author vcard\"><img loading=\"lazy\" decoding=\"async\" alt src=\"https:\/\/secure.gravatar.com\/avatar\/af99a26cfedaef559486f3867eafe5c272c88454fab3768b5a52dfd3d497f448?s=100&amp;r=g\" class=\"avatar avatar-100 photo\" height=\"100\" width=\"100\"><b class=\"fn\">vlad tepes<\/b><span class=\"says\">spune:<\/span><\/div>\n<div class=\"comment-metadata\"><a href=\"https:\/\/ortodoxinfo.ro\/2026\/04\/05\/vidul-moral-al-occidentului-societatea-noastra-are-nevoie-de-o-reinnoire-daca-vrea-sa-supravietuiasca\/#comment-246352\"><time datetime=\"2026-04-05T18:58:52+03:00\">5 aprilie 2026 la 18:58<\/time><\/a><\/div>\n<\/footer>\n<div class=\"comment-content\">\n<p>Oamenii de azi au 2 variante: fie Revolu\u021bia victorioasa, fie sclavia total\u0103, la pachet cu o ideologie luciferica!  Cale de mijloc nu mai exist\u0103, orice ar spune unii sau al\u021bii!<\/p>\n<\/div>\n<div class=\"reply\"><a rel=\"nofollow\" class=\"comment-reply-link\" href=\"https:\/\/ortodoxinfo.ro\/2026\/04\/05\/vidul-moral-al-occidentului-societatea-noastra-are-nevoie-de-o-reinnoire-daca-vrea-sa-supravietuiasca\/?replytocom=246352#respond\" data-commentid=\"246352\" data-postid=\"219126\" data-belowelement=\"div-comment-246352\" data-respondelement=\"respond\" data-replyto=\"R\u0103spunde-i lui vlad tepes\" aria-label=\"R\u0103spunde-i lui vlad tepes\">R\u0103spunde<\/a><\/div>\n<\/article>\n<\/li>\n<\/ul>\n<\/div>\n<div id=\"respond\" class=\"comment-respond\">\n<h3 id=\"reply-title\" class=\"comment-reply-title\">Las\u0103 un r\u0103spuns <small><a rel=\"nofollow\" id=\"cancel-comment-reply-link\" href=\"https:\/\/ortodoxinfo.ro\/2026\/04\/05\/vidul-moral-al-occidentului-societatea-noastra-are-nevoie-de-o-reinnoire-daca-vrea-sa-supravietuiasca\/#respond\">Anuleaz\u0103 r\u0103spunsul<\/a><\/small><\/h3>\n<p class=\"comment-notes\"><span id=\"email-notes\">Adresa ta de email nu va fi publicat\u0103.<\/span><span class=\"required-field-message\">C\u00e2mpurile obligatorii sunt marcate cu <span class=\"required\">*<\/span><\/span><\/p>\n<\/div>\n<\/div>\n<\/div>\n<\/div>\n<\/div>\n<div class=\"sidebar-wrap single-sidebar\">\n<div class=\"sidebar-inner clearfix\">\n<div id=\"widget-post-2\" class=\"widget rb-section w-sidebar clearfix widget-post\">\n<div class=\"block-h widget-heading heading-layout-1\">\n<div class=\"heading-inner\">\n<h4 class=\"heading-title\"><span>Articole recente<\/span><\/h4>\n<\/div>\n<\/div>\n<div class=\"widget-p-listing\">\n<div class=\"p-wrap p-small p-list-small-2\" data-pid=\"219202\">\n<div class=\"feat-holder\">\n<div class=\"p-featured ratio-v1\"><a class=\"p-flink\" href=\"https:\/\/ortodoxinfo.ro\/2026\/04\/05\/statul-esuat-condus-de-oligofreni-produce-analfabeti-functionali-o-treime-dintre-elevi-au-picat-simularea-la-matematica-si-romana\/\" title=\"Statul e\u0219uat condus de oligofreni produce analfabe\u021bi func\u021bionali! O treime dintre elevi au picat simularea la matematic\u0103 \u0219i rom\u00e2n\u0103\"><img decoding=\"async\" width=\"150\" height=\"150\" src=\"https:\/\/ortodoxinfo.ro\/wp-content\/uploads\/2026\/04\/elevi-150x150.jpg\" class=\"featured-img wp-post-image\" alt loading=\"lazy\"><\/a><\/div>\n<\/div>\n<div class=\"p-content\">\n<h5 class=\"entry-title\"><a class=\"p-url\" href=\"https:\/\/ortodoxinfo.ro\/2026\/04\/05\/statul-esuat-condus-de-oligofreni-produce-analfabeti-functionali-o-treime-dintre-elevi-au-picat-simularea-la-matematica-si-romana\/\" rel=\"bookmark\">Statul e\u0219uat condus de oligofreni produce analfabe\u021bi func\u021bionali! O treime dintre elevi au picat simularea la matematic\u0103 \u0219i rom\u00e2n\u0103<\/a><\/h5>\n<div class=\"p-meta\">\n<div class=\"meta-inner is-meta\"><span class=\"meta-el meta-date\"><time datetime=\"2026-04-05T18:59:33+03:00\">5 aprilie 2026<\/time><\/span><span class=\"meta-el meta-category meta-bold\"><a class=\"meta-separate category-19885\" href=\"https:\/\/ortodoxinfo.ro\/category\/anti-sistem\/anti-romanism\/asasinii-tarii\/\">Asasinii \u021b\u0103rii<\/a><\/span><span class=\"meta-el meta-view\">3.1k vizualiz\u0103ri\t\t<\/span><\/div>\n<\/div>\n<\/div>\n<\/div>\n<div class=\"p-wrap p-small p-list-small-2\" data-pid=\"83575\">\n<div class=\"feat-holder\">\n<div class=\"p-featured ratio-v1\"><a class=\"p-flink\" href=\"https:\/\/ortodoxinfo.ro\/2026\/04\/05\/intrarea-domnului-in-ierusalim-floriile-sfantul-ignatie-briancianinov-predici-la-duminica-floriilor\/\" title=\"INTRAREA DOMNULUI IN IERUSALIM (Floriile). Sf\u00e2ntul Ignatie Briancianinov \u2013 Predici la Duminica Floriilor\"><img decoding=\"async\" width=\"150\" height=\"150\" src=\"https:\/\/ortodoxinfo.ro\/wp-content\/uploads\/2019\/04\/intrarea_lui_iisus__n_ierusalim-150x150.jpg\" class=\"featured-img wp-post-image\" alt loading=\"lazy\"><\/a><\/div>\n<\/div>\n<div class=\"p-content\">\n<h5 class=\"entry-title\"><a class=\"p-url\" href=\"https:\/\/ortodoxinfo.ro\/2026\/04\/05\/intrarea-domnului-in-ierusalim-floriile-sfantul-ignatie-briancianinov-predici-la-duminica-floriilor\/\" rel=\"bookmark\">INTRAREA DOMNULUI IN IERUSALIM (Floriile). Sf\u00e2ntul Ignatie Briancianinov \u2013 Predici la Duminica Floriilor<\/a><\/h5>\n<div class=\"p-meta\">\n<div class=\"meta-inner is-meta\"><span class=\"meta-el meta-date\"><time datetime=\"2026-04-05T14:14:40+03:00\">5 aprilie 2026<\/time><\/span><span class=\"meta-el meta-category meta-bold\"><a class=\"meta-separate category-1858\" href=\"https:\/\/ortodoxinfo.ro\/category\/credinta-ortodoxa\/sfinti-si-sarbatori\/\">Sfin\u021bi \u0219i s\u0103rb\u0103tori<\/a><\/span><span class=\"meta-el meta-view\">2.6k vizualiz\u0103ri\t\t<\/span><\/div>\n<\/div>\n<\/div>\n<\/div>\n<div class=\"p-wrap p-small p-list-small-2\" data-pid=\"219105\">\n<div class=\"feat-holder\">\n<div class=\"p-featured ratio-v1\"><a class=\"p-flink\" href=\"https:\/\/ortodoxinfo.ro\/2026\/04\/04\/franta-67-dintre-francezi-considera-ca-exista-rasism-anti-alb\/\" title=\"Fran\u021ba: 67% dintre francezi consider\u0103 c\u0103 exist\u0103 rasism anti-alb\"><img decoding=\"async\" width=\"150\" height=\"150\" src=\"https:\/\/ortodoxinfo.ro\/wp-content\/uploads\/2026\/04\/franta-67-dintre-francezi-considera-ca-exista-rasism-anti-alb-82395-150x150.jpg\" class=\"featured-img wp-post-image\" alt loading=\"lazy\"><\/a><\/div>\n<\/div>\n<div class=\"p-content\">\n<h5 class=\"entry-title\"><a class=\"p-url\" href=\"https:\/\/ortodoxinfo.ro\/2026\/04\/04\/franta-67-dintre-francezi-considera-ca-exista-rasism-anti-alb\/\" rel=\"bookmark\">Fran\u021ba: 67% dintre francezi consider\u0103 c\u0103 exist\u0103 rasism anti-alb<\/a><\/h5>\n<div class=\"p-meta\">\n<div class=\"meta-inner is-meta\"><span class=\"meta-el meta-date\"><time datetime=\"2026-04-04T20:53:54+03:00\">4 aprilie 2026<\/time><\/span><span class=\"meta-el meta-category meta-bold\"><a class=\"meta-separate category-1933\" href=\"https:\/\/ortodoxinfo.ro\/category\/anti-sistem\/globalizare\/refugiati\/\">Refugia\u021bi<\/a><\/span><span class=\"meta-el meta-view\">4.6k vizualiz\u0103ri\t\t<\/span><\/div>\n<\/div>\n<\/div>\n<\/div>\n<div class=\"p-wrap p-small p-list-small-2\" data-pid=\"219098\">\n<div class=\"feat-holder\">\n<div class=\"p-featured ratio-v1\"><a class=\"p-flink\" href=\"https:\/\/ortodoxinfo.ro\/2026\/04\/04\/exploziv-cum-a-pregatit-sinistrul-limbut-predoiu-anularea-alegerilor-din-2024\/\" title=\"EXPLOZIV: Cum a preg\u0103tit sinistrul limbut Predoiu ANULAREA ALEGERILOR DIN 2024\"><img decoding=\"async\" width=\"150\" height=\"150\" src=\"https:\/\/ortodoxinfo.ro\/wp-content\/uploads\/2026\/04\/1111aaaa-150x150.jpeg\" class=\"featured-img wp-post-image\" alt loading=\"lazy\"><\/a><\/div>\n<\/div>\n<div class=\"p-content\">\n<h5 class=\"entry-title\"><a class=\"p-url\" href=\"https:\/\/ortodoxinfo.ro\/2026\/04\/04\/exploziv-cum-a-pregatit-sinistrul-limbut-predoiu-anularea-alegerilor-din-2024\/\" rel=\"bookmark\">EXPLOZIV: Cum a preg\u0103tit sinistrul limbut Predoiu ANULAREA ALEGERILOR DIN 2024<\/a><\/h5>\n<div class=\"p-meta\">\n<div class=\"meta-inner is-meta\"><span class=\"meta-el meta-date\"><time datetime=\"2026-04-04T12:29:44+03:00\">4 aprilie 2026<\/time><\/span><span class=\"meta-el meta-category meta-bold\"><a class=\"meta-separate category-1549\" href=\"https:\/\/ortodoxinfo.ro\/category\/anti-sistem\/abuzurile-politiei\/\">Abuzurile poli\u021biei<\/a><\/span><span class=\"meta-el meta-view\">14k vizualiz\u0103ri\t\t<\/span><\/div>\n<\/div>\n<\/div>\n<\/div>\n<\/div>\n<\/div>\n<div id=\"custom_html-2\" class=\"widget_text widget rb-section w-sidebar clearfix widget_custom_html\">\n<div class=\"block-h widget-heading heading-layout-1\">\n<div class=\"heading-inner\">\n<h4 class=\"heading-title\"><span>DONA\u021aII \u00een cont bancar<\/span><\/h4>\n<\/div>\n<\/div>\n<div class=\"textwidget custom-html-widget\">\n<table class=\"donatii\">\n<tbody>\n<tr>\n<th colspan=\"2\"><strong><span>ASMIB<\/span><\/strong><\/th>\n<\/tr>\n<tr>\n<th>Cont LEI<\/th>\n<td>RO67CECEB00030RON2081955<\/td>\n<\/tr>\n<tr>\n<th>Cont EURO<\/th>\n<td>RO33CECEB000C1EUR2081978<\/td>\n<\/tr>\n<tr>\n<th>Cod SWIFT<\/th>\n<td>CECEROBU<\/td>\n<\/tr>\n<tr>\n<th colspan=\"2\"><strong>CEC BANK SA<\/strong><\/th>\n<\/tr>\n<\/tbody>\n<\/table>\n<\/div>\n<\/div>\n<\/div>\n<\/div>\n<\/div>\n<\/article>\n<div class=\"entry-content rbct clearfix is-highlight-shares\">\n<p>Occidentalii au \u00eembr\u0103\u021bi\u0219at imoralitatea \u0219i superficialitatea propriilor birocra\u021bii. Societatea noastr\u0103 are nevoie de o re\u00eennoire dac\u0103 vrea s\u0103 supravie\u021buiasc\u0103, analizeaz\u0103<a href=\"https:\/\/www.americanthinker.com\/articles\/2026\/04\/the_west_s_moral_vacuum.html\" target=\"_blank\" rel=\"noopener\"> American Thinker<\/a>.<\/p>\n<div class=\"inline-single-ad ad_single_index alignfull\">\n<div class=\"ad-wrap ad-script-wrap\">\n<div class=\"ad-script non-adsense edge-padding\">\n<div>\n\u203c\ufe0f\u203c\ufe0f NU recunoa\u0219tem ca pre\u0219edinte al Rom\u00e2niei pe marioneta retard\u0103 Nicu\u0219or Dan! Rom\u00e2ni, boicota\u021bi aceast\u0103 f\u0103c\u0103tur\u0103, care ne face \u021bara de r\u00e2s! NU rom\u00e2nii l-au votat pe Nicusoro\u0219 &#8211; cu unele excep\u021bii de persoane infantile, manipulabile \u0219i chiar idioate &#8211; ci l-au ajutat Maia Soro\u0219, Emanuel Macrou \u0219i tr\u0103d\u0103torii de la B.E.C. \u0219i CCR!<br \/>\n La \u00eenchisoare cu cei care au fraudat alegerile!\n<\/div>\n<\/div>\n<\/div>\n<\/div>\n<p>Putem privi cum valorile noastre se erodeaz\u0103 sub domina\u021bia birocra\u021biei sau putem revendica ceea ce conteaz\u0103 cu adev\u0103rat; viitorul ne apar\u021bine \u0219i \u00eel putem modela noi \u00een\u0219ine. Chiar trebuie s\u0103 asist\u0103m \u00eenc\u0103 o dat\u0103 la c\u00e2t de absurzi am devenit? Se pare c\u0103 da, \u00eentruc\u00e2t \u00eenc\u0103 nu am f\u0103cut fa\u021b\u0103 acestei provoc\u0103ri. A\u021bi citit despre victima violului \u00een grup din Spania care, \u00een durerea ei, a optat pentru sinuciderea sponsorizat\u0103 de stat? V\u0103 scutesc de efortul de a citi detaliile oribile. Pe scurt, imigran\u021bii au violat-o pe Noelia Castillo Ramos. Ea nu a putut face fa\u021b\u0103 traumei psihologice, a s\u0103rit de la etajul cinci al unei cl\u0103diri, a supravie\u021buit, dar nu a mai putut merge. Ea a solicitat eutanasia aprobat\u0103 de stat \u00een 2021. \u00cen cele din urm\u0103, dup\u0103 multiple apeluri legale, i s-a \u00eendeplinit dorin\u021ba chiar luna trecut\u0103, doar pentru a decide \u00een ultimul moment s\u0103 nu mai treac\u0103 prin asta. Sta\u021bi, <a href=\"https:\/\/humanevents.com\/2026\/03\/31\/noelia-castillo-ramos-asked-for-6-more-months-to-reconsider-euthanasia-spain-put-her-to-death-anyway-family-attorney\">lucrurile se \u00eenr\u0103ut\u0103\u021besc<\/a>:<\/p>\n<blockquote>\n<p>O femeie de 25 de ani din <a href=\"https:\/\/humanevents.com\/2026\/03\/28\/we-have-failed-as-a-society-catholic-bishops-blast-spain-for-allowing-gang-rape-victim-noelia-castillo-assisted-suicide\">Spania<\/a> a fost <a href=\"https:\/\/thepostmillennial.com\/canada-nears-100000-assisted-suicides-as-maid-deaths-surpass-every-other-country\">eutanasiat\u0103<\/a> joi dup\u0103 ce autorit\u0103\u021bile i-ar fi respins cererea scris\u0103 de a-\u0219i am\u00e2na moartea cu \u0219ase luni pentru a se putea r\u0103zg\u00e2ndi, a sus\u021binut avocatul familiei. Cererea, depus\u0103 \u00eenainte de sinuciderea asistat\u0103 programat\u0103, nu ar fi fost acceptat\u0103 de administra\u021bie, care a stabilit c\u0103 ea \u0219i-a exprimat \u201edoar \u00eendoieli\u201d, un ra\u021bionament care nu avea nicio valoare juridic\u0103 \u00een procesul decizional, potrivit avocatei tat\u0103lui ei, Polonia Castellanos.<\/p>\n<\/blockquote>\n<p>Procedura nu ar trebui s\u0103 prevaleze niciodat\u0103 asupra unei vie\u021bi omene\u0219ti. Din p\u0103cate, nu a\u0219a g\u00e2nde\u0219te statul \u00eentr-o societate care se vrea iluminat\u0103. Iluminat\u0103? Nu. Se reduce la o crim\u0103 sanc\u021bionat\u0103 de stat, prea asem\u0103n\u0103toare cu \u201eHome Centers\u201d din filmul <a href=\"https:\/\/www.imdb.com\/title\/tt0070723\/plotsummary\/\">Soylent Green<\/a>.<\/p>\n<p>Faptul c\u0103 Noelia locuia \u00een Spania nu face ca acest lucru s\u0103 fie mai pu\u021bin tragic sau mai pu\u021bin u\u0219or de \u00een\u021beles, \u00eentruc\u00e2t am v\u0103zut eutanasia sau sinuciderea asistat\u0103 sponsorizate de stat r\u0103sp\u00e2ndindu-se ca focul peste tot, inclusiv \u00een <a href=\"https:\/\/www.ctvnews.ca\/toronto\/article\/toronto-woman-in-final-stages-of-maid-application-after-nearly-a-decade-long-search-for-housing\/\">Canada<\/a> \u0219i \u00een <a href=\"https:\/\/www.oregon.gov\/oha\/ph\/providerpartnerresources\/evaluationresearch\/deathwithdignityact\/pages\/index.aspx\">Statele Unite<\/a>, adesea din motive care nu pun via\u021ba \u00een pericol sau pur \u0219i simplu din motive de genul \u201enu-mi place via\u021ba mea\u201d. La fel ca \u00een at\u00e2tea cazuri chiar aici, \u00een America, agresorii Noeliei nu au fost niciodat\u0103 acuza\u021bi. Pove\u0219ti ca aceasta sunt mult prea comune ast\u0103zi. Absurditatea a ceea ce societatea \u0219i guvernul nostru valorizeaz\u0103, \u00eencurajeaz\u0103, protejeaz\u0103 \u0219i pedepse\u0219te \u00eei \u00eempinge pe unii la sinucidere, \u00een timp ce al\u021bii se deta\u0219eaz\u0103 mental \u00een num\u0103r mare \u00een fiecare an, totul \u00een beneficiul statului care are nevoie de dependen\u021ba \u0219i supunerea voastr\u0103 \u0219i care dore\u0219te s\u0103 v\u0103 men\u021bin\u0103 \u00eentr-o stare perpetu\u0103 de anxietate, pentru a-\u0219i consolida mai bine controlul asupra noastr\u0103.<\/p>\n<p>Fiind conecta\u021bi la \u0219tiri 24 de ore din 24, 7 zile din 7, nu este greu s\u0103 devenim insensibili, chiar \u00eempietri\u021bi, expu\u0219i la o poveste oribil\u0103 dup\u0103 alta. Rapoartele care ar trebui s\u0103 ne \u0219ocheze cu adev\u0103rat con\u0219tiin\u021ba ne alunec\u0103 prea u\u0219or. Lista crimelor violente cu adev\u0103rat uimitoare comise, lipsa consecin\u021belor \u0219i realitatea c\u0103 societatea continu\u0103 s\u0103 treac\u0103 cu vederea \u00een loc s\u0103 se ridice \u0219i s\u0103 cear\u0103 m\u0103suri este \u0219ocant\u0103 \u0219i deprimant\u0103, duc\u00e2nd la un num\u0103r uria\u0219 de oameni care <a href=\"https:\/\/www.psychologytoday.com\/us\/blog\/talking-about-trauma\/202408\/the-more-news-headlines-we-see-the-less-we-care\">se deta\u0219eaz\u0103<\/a> \u0219i nu mai particip\u0103 serios la g\u0103sirea de solu\u021bii.<\/p>\n<p>Publicitate<\/p>\n<p>Fie c\u0103 discut\u0103m despre moravurile sociale \u0219i consecin\u021bele lor, a\u0219a cum am f\u0103cut mai sus, fie despre activit\u0103\u021bi criminale \u00een toat\u0103 regula, a\u0219a cum vom vedea mai jos, efectul net ne las\u0103 s\u0103 ne \u00eenv\u00e2rtim \u00een cerc. Ar fi bine s\u0103 ne reg\u0103sim rapid echilibrul pentru a opri declinul nostru. Prea multe pove\u0219ti precum cea a lucr\u0103torilor din Genera\u021bia Z <a href=\"https:\/\/nypost.com\/2026\/03\/31\/lifestyle\/gen-z-loses-it-nyc-workers-flee-9-to-5-for-cry-rooms-and-nap-pods\/\">care dorm \u0219i pl\u00e2ng<\/a> la pr\u00e2nz, lament\u00e2ndu-se c\u0103 trebuie s\u0103 munceasc\u0103 pentru a-\u0219i c\u00e2\u0219tiga existen\u021ba\u2026 Este at\u00e2t de stresant! Serios?<\/p>\n<p>\u00centreaga noastr\u0103 societate are nevoie de o repornire! Valorile noastre, a\u0219tept\u0103rile noastre \u0219i, cel mai important, lipsa noastr\u0103 de autonomie se r\u0103sp\u00e2ndesc ca un cancer care ne va aduce inevitabil pieirea dac\u0103 nu este inversat. Trebuie s\u0103 \u00een\u021belegem c\u0103 ceea ce se \u00eent\u00e2mpl\u0103, vizibil pentru oricine prive\u0219te, nu este o \u00eent\u00e2mplare. Face parte dintr-un plan pe care \u00eel vedem desf\u0103\u0219ur\u00e2ndu-se peste tot, sus\u021binut de democra\u021bi \u0219i sus\u021bin\u0103torii lor anti-americani.<\/p>\n<p>Nu m\u0103 crede\u021bi pe riscul vostru. Guvernul, la toate nivelurile, are un interes direct \u00een pasivitatea voastr\u0103 \u0219i \u00een faptul c\u0103 privi\u021bi tot ce se \u00eent\u00e2mpl\u0103 ca fiind imposibil de rezolvat pentru orice individ care ar vrea s\u0103 intervin\u0103 \u0219i s\u0103 fac\u0103 o diferen\u021b\u0103. Privi\u021bi to\u021bi acei oameni care \u00eenregistreaz\u0103 infrac\u021biuni cu telefoanele lor mobile \u2013 sunt reporteri cet\u0103\u021beni sau doar spectatori?<\/p>\n<p>Av\u00e2nd \u00een vedere c\u0103 legiuitorii nu sunt dispu\u0219i s\u0103 elaboreze legi dure, nici m\u0103car legi rezonabile, \u0219i apoi s\u0103 le pun\u0103 efectiv \u00een aplicare pentru a-i scoate de pe str\u0103zi pe cei mai r\u0103i infractori, fie c\u0103 sunt imigran\u021bi ilegali cu zeci de acuza\u021bii sau condamn\u0103ri la activ, fie c\u0103 sunt infractori autohtoni care privesc sistemul nostru de justi\u021bie penal\u0103 ca pe o u\u0219\u0103 rotativ\u0103, sistemul ne dezam\u0103ge\u0219te. \u00cen sine, asta e destul de grav, dar efectul net al faptului c\u0103 le permitem infractorilor s\u0103 stabileasc\u0103 agenda pentru noi to\u021bi este intolerabil, dar nu trebuie s\u0103 fie a\u0219a. Oamenii sensibili vor o cale diferit\u0103 de cea existent\u0103 ast\u0103zi, care s\u0103 ofere valorile tradi\u021bionale ale micilor ora\u0219e americane, pace \u0219i prosperitate prin intermediul guvernului pe care l-au ales, dar care s-a \u00eentors vizibil \u00eempotriva lor, favoriz\u00e2nd politici progresiste, protej\u00e2ndu-se pe sine, totul \u00een timp ce cre\u0219te mai repede \u0219i se pl\u0103te\u0219te mai bine dec\u00e2t sectorul privat.<\/p>\n<p><b><em><strong>Guvernul \u0219i prea mul\u021bi cet\u0103\u021beni tolereaz\u0103 r\u0103ul din societatea noastr\u0103<\/strong><\/em><\/b><\/p>\n<p><i>Noi, poporul,<\/i> am putea s\u0103-l oprim oric\u00e2nd dorim. Marea \u00eentrebare este de ce suport\u0103m politici \u0219i ac\u021biuni care nu numai c\u0103 sunt gre\u0219ite \u0219i reprezint\u0103 o amenin\u021bare la adresa stabilit\u0103\u021bii societ\u0103\u021bii noastre, dar care, de asemenea, vor duce inevitabil la pieirea noastr\u0103. Prea mul\u021bi dintre noi cred c\u0103 problemele \u0219i chestiunile cu care ne confrunt\u0103m sunt prea mari pentru a fi rezolvate. Probleme precum: Punctul comun care le leag\u0103 pe toate este c\u0103 nu sunt de nerezolvat. \u00cen ciuda acestui fapt, ele sunt, de asemenea, o caracteristic\u0103, nu un defect, a modului \u00een care func\u021bioneaz\u0103 guvernul nostru ast\u0103zi. Exist\u0103 mul\u021bi dintre a\u0219a-numi\u021bii no\u0219tri lideri \u00een pozi\u021bii de putere care fie nu abordeaz\u0103 problemele, fie adopt\u0103 o viziune pe termen scurt care favorizeaz\u0103 puterea \u0219i controlul temporar \u00een detrimentul g\u0103sirii de solu\u021bii. Este, de asemenea, modul \u00een care prea mul\u021bi politicieni se \u00eembog\u0103\u021besc \u00een timp ce, aparent, servesc publicul.<\/p>\n<ul>\n<li>Imigra\u021bia<\/li>\n<li>Responsabilitatea guvernului<\/li>\n<li>Persoanele f\u0103r\u0103 ad\u0103post<\/li>\n<li>Drogurile<\/li>\n<li>Pozi\u021bia Americii \u00een lume<\/li>\n<li>Educa\u021bia<\/li>\n<li>S\u0103n\u0103tatea<\/li>\n<li>Accesibilitatea<\/li>\n<\/ul>\n<p>S-ar putea s\u0103 v\u0103 \u00eentreba\u021bi de ce, \u0219i a\u021bi avea dreptate s\u0103 o face\u021bi. Este esen\u021bial s\u0103 \u00een\u021belegem c\u00e2t de mare a devenit guvernul la toate nivelurile \u0219i sumele uria\u0219e de bani pentru care nimeni nu poate da socoteal\u0103. \u00cen timp ce scriu aceste r\u00e2nduri, \u00een Newark, New Jersey, lipse\u0219te suma nesemnificativ\u0103 (pentru guvern) de 287 de milioane de dolari \u0219i, deloc surprinz\u0103tor, nimeni nu pare s\u0103 \u0219tie ce s-a \u00eent\u00e2mplat cu ace\u0219ti <a href=\"https:\/\/www.shorenewsnetwork.com\/newark-school-funding-scandal-grows-as-state-leaders-ask-for-federal-investigation-into-287-million-covid-relief-spending\/\">bani destina\u021bi ajutorului pentru COVID-19<\/a>! \u00cenmul\u021bi\u021bi acest lucru cu sute de scandaluri similare \u0219i dou\u0103 lucruri devin evidente: Cu siguran\u021b\u0103, p\u00e2n\u0103 acum, este evident c\u0103 suntem pe cont propriu; nimeni nu vine s\u0103 ne salveze, nici guvernul, nici vreun grup, nici chiar Dumnezeu \u00eensu\u0219i. Sarcina de a salva cultura, societatea \u0219i \u021bara noastr\u0103 ne revine nou\u0103, \u021bie \u0219i mie. Fiecare dintre noi trebuie s\u0103-\u0219i fac\u0103 o prioritate absolut\u0103 s\u0103 spun\u0103: \u201eAici se opre\u0219te totul.\u201d Eu voi sta \u00een calea distrug\u0103torilor. Organizarea a zece milioane de oameni care s\u0103 inunde str\u0103zile cer\u00e2nd capetele unora dintre ace\u0219ti oameni r\u0103i ar fi un bun \u00eenceput.<\/p>\n<ul>\n<li>Vorbim despre sume uria\u0219e de bani. At\u00e2t de mul\u021bi bani \u00eenc\u00e2t \u00eencep s\u0103-\u0219i piard\u0103 relevan\u021ba \u00een mintea multora care v\u0103d cifrele ca fiind abstracte \u0219i greu de \u00een\u021beles<\/li>\n<li>Nimeni, mai ales cei afla\u021bi \u00een pozi\u021bii \u00eenalte de putere, nu va fi tras la r\u0103spundere. Urm\u0103ririle penale \u0219i condamn\u0103rile sunt prea rare, iar adesea cei care se prezint\u0103 \u00een fa\u021ba juriului sunt subalternii, nu cei care au creat condi\u021biile pentru comiterea infrac\u021biunii.<\/li>\n<\/ul>\n<p>Dac\u0103 un num\u0103r suficient dintre noi lu\u0103m aceast\u0103 decizie de a \u00eenfrunta r\u0103ul, vom \u00eenvinge.<\/p>\n<\/div>\n<p>[analyse_source url=&#8221;https:\/\/ortodoxinfo.ro\/2026\/04\/05\/vidul-moral-al-occidentului-societatea-noastra-are-nevoie-de-o-reinnoire-daca-vrea-sa-supravietuiasca\/&#8221;]<\/p>\n","protected":false},"excerpt":{"rendered":"<p>[analyse_image type=&#8221;featured&#8221; src=&#8221;https:\/\/ortodoxinfo.ro\/wp-content\/uploads\/2026\/04\/vidul-moral-al-occidentului-societatea-noastra-are-nevoie-de-o-reinnoire-daca-vrea-sa-supravietuiasc.png&#8221;] Vidul moral al Occidentului. Societatea noastr\u0103 are nevoie de o re\u00eennoire dac\u0103 vrea s\u0103 supravie\u021buiasc\u0103 5 aprilie 2026Suveranism4.8k vizualiz\u0103ri 2 comentarii Share 10 Min Read SHARE Occidentalii au \u00eembr\u0103\u021bi\u0219at imoralitatea \u0219i superficialitatea propriilor birocra\u021bii. Societatea noastr\u0103 are nevoie de o re\u00eennoire dac\u0103 vrea s\u0103 supravie\u021buiasc\u0103, analizeaz\u0103 American Thinker. \u203c\ufe0f\u203c\ufe0f NU recunoa\u0219tem ca [&hellip;]<\/p>\n","protected":false},"author":1,"featured_media":0,"comment_status":"open","ping_status":"","sticky":false,"template":"","format":"standard","meta":{"footnotes":""},"categories":[89],"tags":[226,94],"class_list":["post-1867340","post","type-post","status-publish","format-standard","hentry","category-romania","tag-crawlmanager","tag-ortodoxinfo-ro"],"_links":{"self":[{"href":"https:\/\/analyse.optim.biz\/index.php?rest_route=\/wp\/v2\/posts\/1867340","targetHints":{"allow":["GET"]}}],"collection":[{"href":"https:\/\/analyse.optim.biz\/index.php?rest_route=\/wp\/v2\/posts"}],"about":[{"href":"https:\/\/analyse.optim.biz\/index.php?rest_route=\/wp\/v2\/types\/post"}],"author":[{"embeddable":true,"href":"https:\/\/analyse.optim.biz\/index.php?rest_route=\/wp\/v2\/users\/1"}],"replies":[{"embeddable":true,"href":"https:\/\/analyse.optim.biz\/index.php?rest_route=%2Fwp%2Fv2%2Fcomments&post=1867340"}],"version-history":[{"count":0,"href":"https:\/\/analyse.optim.biz\/index.php?rest_route=\/wp\/v2\/posts\/1867340\/revisions"}],"wp:attachment":[{"href":"https:\/\/analyse.optim.biz\/index.php?rest_route=%2Fwp%2Fv2%2Fmedia&parent=1867340"}],"wp:term":[{"taxonomy":"category","embeddable":true,"href":"https:\/\/analyse.optim.biz\/index.php?rest_route=%2Fwp%2Fv2%2Fcategories&post=1867340"},{"taxonomy":"post_tag","embeddable":true,"href":"https:\/\/analyse.optim.biz\/index.php?rest_route=%2Fwp%2Fv2%2Ftags&post=1867340"}],"curies":[{"name":"wp","href":"https:\/\/api.w.org\/{rel}","templated":true}]}}