{"id":1867204,"date":"2026-04-03T12:56:12","date_gmt":"2026-04-03T09:56:12","guid":{"rendered":"https:\/\/analyse.optim.biz\/?p=1867204"},"modified":"2026-04-03T12:56:12","modified_gmt":"2026-04-03T09:56:12","slug":"incepe-vacanta-de-paste-pentru-elevi","status":"publish","type":"post","link":"https:\/\/analyse.optim.biz\/?p=1867204","title":{"rendered":"\u00ceNCEPE VACAN\u021aA DE PA\u0218TE PENTRU ELEVI"},"content":{"rendered":"<p>[analyse_image type=&#8221;featured&#8221; src=&#8221;https:\/\/newss.ro\/wp-content\/uploads\/2023\/02\/elevi-vacanta.webp&#8221;]<\/p>\n<div class=\"td-post-content\">\n<div class=\"td-post-featured-image\"><a href=\"https:\/\/newss.ro\/wp-content\/uploads\/2023\/02\/elevi-vacanta.webp\" data-caption><img loading=\"lazy\" decoding=\"async\" width=\"696\" height=\"392\" class=\"entry-thumb td-modal-image\" src=\"https:\/\/newss.ro\/wp-content\/uploads\/2023\/02\/elevi-vacanta-696x392.webp\" alt title=\"elevi vacanta\"><\/a><\/div>\n<p>Elevii intr\u0103 \u00een vacan\u021ba de Pa\u0219te. Conform calendarului \u0219colar, activitatea didactic\u0103 se desf\u0103\u0219oar\u0103 p\u00e2n\u0103 vineri, 3 aprilie, inclusiv, iar din 4 aprilie, elevii intr\u0103 \u00een vacan\u021ba de prim\u0103var\u0103, stabilit\u0103 la nivel na\u021bional. \u00cen anul 2026, Pa\u0219tele ortodox este s\u0103rb\u0103torit pe 12 aprilie, iar organizarea anului de studiu a fost corelat\u0103 cu aceast\u0103 perioad\u0103, astfel \u00eenc\u00e2t zilele libere s\u0103 coincid\u0103 cu s\u0103rb\u0103torile religioase. Vacan\u021ba se \u00eencheie mar\u021bi, 14 aprilie, iar cursurile sunt reluate miercuri, 15 aprilie, odat\u0103 cu debutul ultimului modul de \u00eenv\u0103\u021bare din anul \u0219colar \u00een curs.<\/p>\n<p>\u00cen aprilie 2026, angaja\u021bii din Rom\u00e2nia vor beneficia de mai multe zile libere legale \u00een contextul s\u0103rb\u0103torilor pascale, ceea ce va duce la formarea unui weekend prelungit. Vinerea Mare, prima \u0219i a doua zi de Pa\u0219te sunt stabilite ca nelucr\u0103toare, iar, \u00eempreun\u0103 cu weekendul, formeaz\u0103 un interval de patru zile consecutive libere pentru cei mai mul\u021bi dintre salaria\u021bi.<\/p>\n<p>Pentru angaja\u021bii care lucreaz\u0103 \u00een ture sau \u00een weekend, acordarea zilelor libere depinde de specificul activit\u0103\u021bii \u0219i de prevederile legale aplicabile.<\/p>\n<p>\u00cen cazul sectoarelor esen\u021biale, precum s\u0103n\u0103tatea, ordinea public\u0103, transporturile \u0219i unit\u0103\u021bile de alimenta\u021bie public\u0103, angaja\u021bii pot fi solicita\u021bi s\u0103 lucreze \u0219i \u00een aceste zile. \u00cen astfel de situa\u021bii, legisla\u021bia impune acordarea de timp liber compensatoriu sau plata unor sporuri corespunz\u0103toare, conform contractelor individuale sau colective de munc\u0103.<\/p>\n<p>Dup\u0103 perioada s\u0103rb\u0103torilor pascale, \u00eenceputul lunii mai aduce un nou interval de pauz\u0103 pentru rom\u00e2ni, cu prilejul Zilei Muncii. Data de 1 Mai este stabilit\u0103 prin lege ca zi nelucr\u0103toare, iar \u00een 2026 aceasta este \u00eentr-o zi de vineri. Astfel, al\u0103turi de weekend, se formeaz\u0103 o minivacan\u021b\u0103 de trei zile consecutive. De aceast\u0103 perioad\u0103 vor beneficia at\u00e2t angaja\u021bii, c\u00e2t \u0219i elevii, care nu vor merge la cursuri.<\/p>\n<\/div>\n<div class=\"td-post-content\">\n<div class=\"td-post-featured-image\"><a href=\"https:\/\/newss.ro\/wp-content\/uploads\/2023\/02\/elevi-vacanta.webp\" data-caption><img loading=\"lazy\" decoding=\"async\" width=\"696\" height=\"392\" class=\"entry-thumb td-modal-image\" src=\"https:\/\/newss.ro\/wp-content\/uploads\/2023\/02\/elevi-vacanta-696x392.webp\" alt title=\"elevi vacanta\"><\/a><\/div>\n<p>Elevii intr\u0103 \u00een vacan\u021ba de Pa\u0219te. Conform calendarului \u0219colar, activitatea didactic\u0103 se desf\u0103\u0219oar\u0103 p\u00e2n\u0103 vineri, 3 aprilie, inclusiv, iar din 4 aprilie, elevii intr\u0103 \u00een vacan\u021ba de prim\u0103var\u0103, stabilit\u0103 la nivel na\u021bional. \u00cen anul 2026, Pa\u0219tele ortodox este s\u0103rb\u0103torit pe 12 aprilie, iar organizarea anului de studiu a fost corelat\u0103 cu aceast\u0103 perioad\u0103, astfel \u00eenc\u00e2t zilele libere s\u0103 coincid\u0103 cu s\u0103rb\u0103torile religioase. Vacan\u021ba se \u00eencheie mar\u021bi, 14 aprilie, iar cursurile sunt reluate miercuri, 15 aprilie, odat\u0103 cu debutul ultimului modul de \u00eenv\u0103\u021bare din anul \u0219colar \u00een curs.<\/p>\n<p>\u00cen aprilie 2026, angaja\u021bii din Rom\u00e2nia vor beneficia de mai multe zile libere legale \u00een contextul s\u0103rb\u0103torilor pascale, ceea ce va duce la formarea unui weekend prelungit. Vinerea Mare, prima \u0219i a doua zi de Pa\u0219te sunt stabilite ca nelucr\u0103toare, iar, \u00eempreun\u0103 cu weekendul, formeaz\u0103 un interval de patru zile consecutive libere pentru cei mai mul\u021bi dintre salaria\u021bi.<\/p>\n<p>Pentru angaja\u021bii care lucreaz\u0103 \u00een ture sau \u00een weekend, acordarea zilelor libere depinde de specificul activit\u0103\u021bii \u0219i de prevederile legale aplicabile.<\/p>\n<p>\u00cen cazul sectoarelor esen\u021biale, precum s\u0103n\u0103tatea, ordinea public\u0103, transporturile \u0219i unit\u0103\u021bile de alimenta\u021bie public\u0103, angaja\u021bii pot fi solicita\u021bi s\u0103 lucreze \u0219i \u00een aceste zile. \u00cen astfel de situa\u021bii, legisla\u021bia impune acordarea de timp liber compensatoriu sau plata unor sporuri corespunz\u0103toare, conform contractelor individuale sau colective de munc\u0103.<\/p>\n<p>Dup\u0103 perioada s\u0103rb\u0103torilor pascale, \u00eenceputul lunii mai aduce un nou interval de pauz\u0103 pentru rom\u00e2ni, cu prilejul Zilei Muncii. Data de 1 Mai este stabilit\u0103 prin lege ca zi nelucr\u0103toare, iar \u00een 2026 aceasta este \u00eentr-o zi de vineri. Astfel, al\u0103turi de weekend, se formeaz\u0103 o minivacan\u021b\u0103 de trei zile consecutive. De aceast\u0103 perioad\u0103 vor beneficia at\u00e2t angaja\u021bii, c\u00e2t \u0219i elevii, care nu vor merge la cursuri.<\/p>\n<\/div>\n<p>[analyse_source url=&#8221;https:\/\/newss.ro\/2026\/04\/03\/incepe-vacanta-de-paste-pentru-elevi\/&#8221;]<\/p>\n","protected":false},"excerpt":{"rendered":"<p>[analyse_image type=&#8221;featured&#8221; src=&#8221;https:\/\/newss.ro\/wp-content\/uploads\/2023\/02\/elevi-vacanta.webp&#8221;] Elevii intr\u0103 \u00een vacan\u021ba de Pa\u0219te. Conform calendarului \u0219colar, activitatea didactic\u0103 se desf\u0103\u0219oar\u0103 p\u00e2n\u0103 vineri, 3 aprilie, inclusiv, iar din 4 aprilie, elevii intr\u0103 \u00een vacan\u021ba de prim\u0103var\u0103, stabilit\u0103 la nivel na\u021bional. \u00cen anul 2026, Pa\u0219tele ortodox este s\u0103rb\u0103torit pe 12 aprilie, iar organizarea anului de studiu a fost corelat\u0103 cu aceast\u0103 [&hellip;]<\/p>\n","protected":false},"author":1,"featured_media":0,"comment_status":"open","ping_status":"","sticky":false,"template":"","format":"standard","meta":{"footnotes":""},"categories":[2],"tags":[226,73],"class_list":["post-1867204","post","type-post","status-publish","format-standard","hentry","category-politics","tag-crawlmanager","tag-newss-ro"],"_links":{"self":[{"href":"https:\/\/analyse.optim.biz\/index.php?rest_route=\/wp\/v2\/posts\/1867204","targetHints":{"allow":["GET"]}}],"collection":[{"href":"https:\/\/analyse.optim.biz\/index.php?rest_route=\/wp\/v2\/posts"}],"about":[{"href":"https:\/\/analyse.optim.biz\/index.php?rest_route=\/wp\/v2\/types\/post"}],"author":[{"embeddable":true,"href":"https:\/\/analyse.optim.biz\/index.php?rest_route=\/wp\/v2\/users\/1"}],"replies":[{"embeddable":true,"href":"https:\/\/analyse.optim.biz\/index.php?rest_route=%2Fwp%2Fv2%2Fcomments&post=1867204"}],"version-history":[{"count":0,"href":"https:\/\/analyse.optim.biz\/index.php?rest_route=\/wp\/v2\/posts\/1867204\/revisions"}],"wp:attachment":[{"href":"https:\/\/analyse.optim.biz\/index.php?rest_route=%2Fwp%2Fv2%2Fmedia&parent=1867204"}],"wp:term":[{"taxonomy":"category","embeddable":true,"href":"https:\/\/analyse.optim.biz\/index.php?rest_route=%2Fwp%2Fv2%2Fcategories&post=1867204"},{"taxonomy":"post_tag","embeddable":true,"href":"https:\/\/analyse.optim.biz\/index.php?rest_route=%2Fwp%2Fv2%2Ftags&post=1867204"}],"curies":[{"name":"wp","href":"https:\/\/api.w.org\/{rel}","templated":true}]}}