{"id":186711,"date":"2015-02-09T15:42:37","date_gmt":"2015-02-09T12:42:37","guid":{"rendered":"https:\/\/analyse.optim.biz\/?p=186711"},"modified":"2015-02-09T15:42:37","modified_gmt":"2015-02-09T12:42:37","slug":"ministerul-de-externe-anunta-sanctiuni-dupa-scandalul-de-la-ambasada-romaniei-din-paris","status":"publish","type":"post","link":"https:\/\/analyse.optim.biz\/?p=186711","title":{"rendered":"Ministerul de Externe anun\u0163\u0103 sanc\u0163iuni dup\u0103 scandalul de la Ambasada Rom\u00e2niei din Paris"},"content":{"rendered":"<div class=\"entry data-app-meta data-app-meta-article\" data-embed-base-url-canonical=\"https:\/\/www.digi24.ro\/embed\/stiri\/actualitate\/politica\/ministerul-de-externe-anunta-sanctiuni-dupa-scandalul-de-la-ambasada-romaniei-din-paris-357367\">\n<p data-index=\"1\"><img decoding=\"async\" src=\"https:\/\/analyse.optim.biz\/wp-content\/uploads\/2024\/09\/dz04mdamagfzad02yja1ytk3mgu2njm1nta3mdlkotgxyji5ytc4mdhlyg-thumb_.jpg\" data-skip-htmlfix=\"1\" title=\"dz04mdamagfzad02yja1ytk3mgu2njm1nta3mdlkotgxyji5ytc4mdhlyg-thumb_\"><\/p>\n<p data-index=\"2\"><em><span>Ambasadorul Rom\u00e2niei la Paris, Bogdan Mazuru,\u00a0i-a transmis scuze jurnalistului la care a ajuns documentul de uz intern al Ambasadei<\/span><\/em><\/p>\n<p data-index=\"3\">Ambasada Rom\u00e2niei la Paris a trimis un raport referitor la incidentul de s\u0103pt\u0103m\u00e2na trecut\u0103, c\u00e2nd un diplomat a transmis,\u00a0ata\u015fat unui email, \u015fi un document de uz intern ce con\u0163inea aprecieri precum &#8220;indezirabil&#8221; sau sc\u00e2rbos&#8221; la adresa unor persoane. Ambasadorul i-a transmis scuze jurnalistului c\u0103ruia \u00eei era adresat mailul.<\/p>\n<p data-index=\"4\"><strong>Diplomatul care a trimis mesajul a fost chemat de urgen\u0163\u0103 la Bucure\u015fti pentru explica\u0163ii.\u00a0De asemenea, \u015feful Institutului Cultural Rom\u00e2n <span lang=\"en-US\">(<\/span>ICR<span lang=\"en-US\">)<\/span> din Fran\u0163a a fost sanc\u0163ionat cu avertisment.<\/strong><\/p>\n<p data-index=\"5\"><strong><br \/><\/strong><\/p>\n<p data-index=\"6\"><span lang=\"en-US\">M<\/span>inisterul de Externe a revenit, luni, cu preciz\u0103ri referitoare &#8220;la situa\u0163ia inadmisibil\u0103 \u015fi profund regretabil\u0103 creat\u0103 la Paris prin transmiterea unor invita\u0163ii \u00eenso\u0163ite de un fi\u015fier de uz intern al Ambasadei Rom\u00e2niei&#8221;.<\/p>\n<p data-index=\"7\">Potrivit unui comunicat <span lang=\"en-US\">citat de Mediafax<\/span>, <strong>MAE precizeaz\u0103 c\u0103 a solicitat Ambasadei Rom\u00e2niei la Paris, imediat dup\u0103 aflarea incidentului, &#8220;s\u0103 dispun\u0103 o analiz\u0103 urgent\u0103 a situa\u0163iei create \u015fi s\u0103 avanseze, pe baza acesteia, propunerile de m\u0103suri pe care le consider\u0103 necesare&#8221;.<\/strong> \u00cen urma acestor instruc\u0163iuni, Ambasada Rom\u00e2niei la Paris a transmis un raport asupra incidentului produs.<\/p>\n<p data-index=\"8\">\u00cen raport se arat\u0103 c\u0103 ambasadorul Rom\u00e2niei \u00een Fran\u0163a, Bogdan Mazuru, a trimis &#8220;o scrisoare de prezentare de scuze&#8221; lui Radu Portocal\u0103, scriitorul care a primit o invita\u0163ie \u00eenso\u0163it\u0103 de un fi\u015fier intern cu aprecieri nepotrivite la adresa unor persoane.<\/p>\n<p data-index=\"9\"><strong>MAE a dispus, ca prim\u0103 m\u0103sur\u0103 sanc\u0163ionatorie, aplicabil\u0103 imediat, emiterea, conform Regulamentului de Organizare \u015fi Func\u0163ionare a institu\u0163iei, unui avertisment la adresa diplomatului din cadrul Ambasadei Rom\u00e2niei la Paris care a redactat fi\u015fierul.<\/strong> MAE precizeaz\u0103 c\u0103 sanc\u0163iunea cu avertisment este &#8220;singura m\u0103sura disciplinar\u0103 care se poate dispune imediat, p\u00e2n\u0103 la finalizarea unei investiga\u0163ii de c\u0103tre Corpul de Control \u015fi Evaluare Diplomatic\u0103 (CCED)&#8221;.<\/p>\n<hr>\n<p data-index=\"10\">Scriitorul \u015fi jurnalistul Radu Portocal\u0103, unul dintre invita\u0163ii la \u00eent\u00e2lnirea comunit\u0103\u0163ii rom\u00e2ne\u015fti cu pre\u015fedintele Klaus Iohannis, care urmeaz\u0103 s\u0103 aib\u0103 loc \u00een 10 februarie la Paris, a primit, recent, o invita\u0163ie de la ICR Paris care avea ata\u015fat \u015fi un document de uz intern ce con\u0163inea aprecieri precum &#8220;indezirabil&#8221; sau sc\u00e2rbos&#8221; la adresa unor persoane.<\/p>\n<\/div>\n<p> Source URL: https:\/\/www.digi24.ro\/stiri\/actualitate\/politica\/ministerul-de-externe-anunta-sanctiuni-dupa-scandalul-de-la-ambasada-romaniei-din-paris-357367<\/p>\n","protected":false},"excerpt":{"rendered":"<p>Ambasadorul Rom\u00e2niei la Paris, Bogdan Mazuru,\u00a0i-a transmis scuze jurnalistului la care a ajuns documentul de uz intern al Ambasadei Ambasada Rom\u00e2niei la Paris a trimis un raport referitor la incidentul de s\u0103pt\u0103m\u00e2na trecut\u0103, c\u00e2nd un diplomat a transmis,\u00a0ata\u015fat unui email, \u015fi un document de uz intern ce con\u0163inea aprecieri precum &#8220;indezirabil&#8221; sau sc\u00e2rbos&#8221; la adresa [&hellip;]<\/p>\n","protected":false},"author":1,"featured_media":186712,"comment_status":"open","ping_status":"","sticky":false,"template":"","format":"standard","meta":{"footnotes":""},"categories":[2],"tags":[11],"class_list":["post-186711","post","type-post","status-publish","format-standard","has-post-thumbnail","hentry","category-politics","tag-digi24"],"_links":{"self":[{"href":"https:\/\/analyse.optim.biz\/index.php?rest_route=\/wp\/v2\/posts\/186711","targetHints":{"allow":["GET"]}}],"collection":[{"href":"https:\/\/analyse.optim.biz\/index.php?rest_route=\/wp\/v2\/posts"}],"about":[{"href":"https:\/\/analyse.optim.biz\/index.php?rest_route=\/wp\/v2\/types\/post"}],"author":[{"embeddable":true,"href":"https:\/\/analyse.optim.biz\/index.php?rest_route=\/wp\/v2\/users\/1"}],"replies":[{"embeddable":true,"href":"https:\/\/analyse.optim.biz\/index.php?rest_route=%2Fwp%2Fv2%2Fcomments&post=186711"}],"version-history":[{"count":0,"href":"https:\/\/analyse.optim.biz\/index.php?rest_route=\/wp\/v2\/posts\/186711\/revisions"}],"wp:featuredmedia":[{"embeddable":true,"href":"https:\/\/analyse.optim.biz\/index.php?rest_route=\/wp\/v2\/media\/186712"}],"wp:attachment":[{"href":"https:\/\/analyse.optim.biz\/index.php?rest_route=%2Fwp%2Fv2%2Fmedia&parent=186711"}],"wp:term":[{"taxonomy":"category","embeddable":true,"href":"https:\/\/analyse.optim.biz\/index.php?rest_route=%2Fwp%2Fv2%2Fcategories&post=186711"},{"taxonomy":"post_tag","embeddable":true,"href":"https:\/\/analyse.optim.biz\/index.php?rest_route=%2Fwp%2Fv2%2Ftags&post=186711"}],"curies":[{"name":"wp","href":"https:\/\/api.w.org\/{rel}","templated":true}]}}