{"id":1867060,"date":"2026-04-02T19:57:12","date_gmt":"2026-04-02T16:57:12","guid":{"rendered":"https:\/\/analyse.optim.biz\/?p=1867060"},"modified":"2026-04-02T19:57:12","modified_gmt":"2026-04-02T16:57:12","slug":"ziua-prefecturii-cu-o-veste-buna-si-una-mai-putin-buna","status":"publish","type":"post","link":"https:\/\/analyse.optim.biz\/?p=1867060","title":{"rendered":"Ziua Prefecturii cu o veste bun\u0103 \u015fi una mai pu\u0163in bun\u0103"},"content":{"rendered":"<p>[analyse_image type=&#8221;featured&#8221; src=&#8221;https:\/\/www.tvbuzau.ro\/wp-content\/uploads\/2026\/04\/sddefault-2.jpghttps:\/\/www.tvbuzau.ro\/wp-content\/uploads\/2026\/04\/sddefault-2.jpg&#8221;]<\/p>\n<div class=\"td-ss-main-content\">\n<article id=\"post-118620\" class=\"post-118620 post type-post status-publish format-video has-post-thumbnail hentry category-actualitate post_format-post-format-video\">\n<div class=\"td-post-header\">\n<ul class=\"td-category\">\n<li class=\"entry-category\"><a href=\"https:\/\/www.tvbuzau.ro\/category\/actualitate\/\">Actualitate<\/a><\/li>\n<\/ul>\n<header class=\"td-post-title\">\n<h1 class=\"entry-title\">Ziua Prefecturii cu o veste bun\u0103 \u015fi una mai pu\u0163in bun\u0103<\/h1>\n<div class=\"td-module-meta-info\">\n<div class=\"td-post-author-name\">De c\u0103tre <a href=\"https:\/\/www.tvbuzau.ro\/author\/mihai-vasilescu\/\">TV Buz\u0103u<\/a> &#8211; <\/div>\n<p><span class=\"td-post-date\"><time class=\"entry-date updated td-module-date\" datetime=\"2026-04-02T19:57:12+00:00\">aprilie 2, 2026<\/time><\/span><\/p>\n<div class=\"td-post-comments\"><a href=\"https:\/\/www.tvbuzau.ro\/ziua-prefecturii-cu-o-veste-buna-si-una-mai-putin-buna\/#respond\">0<\/a><\/div>\n<div class=\"td-post-views\"><span class=\"td-nr-views-118620\">19<\/span><\/div>\n<\/div>\n<\/header>\n<\/div>\n<div class=\"td-post-sharing td-post-sharing-top td-with-like\">\n<div class=\"td-default-sharing\"><a class=\"td-social-sharing-buttons td-social-facebook\" href=\"http:\/\/www.facebook.com\/sharer.php?u=https%3A%2F%2Fwww.tvbuzau.ro%2Fziua-prefecturii-cu-o-veste-buna-si-una-mai-putin-buna%2F\"><\/p>\n<div class=\"td-social-but-text\">Distribui\u021bi pe Facebook<\/div>\n<p><\/a><a class=\"td-social-sharing-buttons td-social-twitter\" href=\"https:\/\/twitter.com\/intent\/tweet?text=Ziua+Prefecturii+cu+o+veste+bun%C4%83+%C5%9Fi+una+mai+pu%C5%A3in+bun%C4%83&amp;url=https%3A%2F%2Fwww.tvbuzau.ro%2Fziua-prefecturii-cu-o-veste-buna-si-una-mai-putin-buna%2F&amp;via=TV+Buz%C4%83u\"><\/p>\n<div class=\"td-social-but-text\">Distribui\u021bi pe Twitter<\/div>\n<p><\/a><\/div>\n<div class=\"td-classic-sharing\">\n<ul>\n<li class=\"td-classic-facebook\"><iframe frameborder src=\"https:\/\/www.facebook.com\/plugins\/like.php?href=https:\/\/www.tvbuzau.ro\/ziua-prefecturii-cu-o-veste-buna-si-una-mai-putin-buna\/&amp;layout=button_count&amp;show_faces=false&amp;width=105&amp;action=like&amp;colorscheme=light&amp;height=21\"><\/iframe><\/li>\n<li class=\"td-classic-twitter\"><a href=\"https:\/\/twitter.com\/share\" class=\"twitter-share-button\" data-url=\"https:\/\/www.tvbuzau.ro\/ziua-prefecturii-cu-o-veste-buna-si-una-mai-putin-buna\/\" data-text=\"Ziua Prefecturii cu o veste bun\u0103 \u015fi una mai pu\u0163in bun\u0103\" data-via data-lang=\"en\">tweet<\/a><\/li>\n<\/ul>\n<\/div>\n<\/div>\n<div class=\"td-post-content\">\n<div class=\"td-featured-image-rec\">\n<div class=\"wpb_video_wrapper\">\n                    <iframe loading=\"lazy\" id=\"td_youtube_player\" width=\"600\" height=\"560\" src=\"https:\/\/www.youtube.com\/embed\/m_SeKSCVwRc?enablejsapi=1&amp;feature=oembed&amp;wmode=opaque&amp;vq=hd720\" frameborder allowfullscreen><\/iframe><\/p><\/div>\n<\/div>\n<p>O inaugurare \u015fi un anun\u0163 de disponibilizare<br \/>\nDe Ziua Institu\u0163iei Prefectului a fost inaugurat sediul Casei Albe dup\u0103 amplele lucr\u0103ri de reabilitare. Proiectul, demarat \u00een 2022, a fost finan\u021bat prin Planul Na\u021bional de Redresare \u0219i Rezilien\u021b\u0103 (PNRR), av\u00e2nd o valoare total\u0103 aprobat\u0103 de aproximativ 4 milioane de euro. Ridicat\u0103 \u00eentre anii 1968 \u0219i 1970, cl\u0103direa Palatului Administrativ a fost, de-a lungul timpului, martorul multor etape din istoria recent\u0103 a Buz\u0103ului \u0219i spa\u021biul \u00een care au func\u021bionat numeroase institu\u021bii publice importante. De la construirea sa \u0219i p\u00e2n\u0103 \u00een 2022, aceast\u0103 cl\u0103dire nu a beneficiat de o reabilitare major\u0103, \u00een primul r\u00e2nd din cauza costurilor \u00eensemnate pe care le presupunea aceasta.<br \/>\nPotrivit Prefecturii Buz\u0103u, obiectivul reabilitat are un scor tehnic excelent, situ\u00e2ndu-se \u00een clasa A+ de eficien\u021b\u0103 energetic\u0103. Consumul anual specific estimat de energie final\u0103 pentru \u00eenc\u0103lzire s-a diminuat dramatic, cu peste 80% fa\u021b\u0103 de valorile ini\u021biale, iar nivelul anual estimat al gazelor cu efect de ser\u0103 a sc\u0103zut, \u00een medie, cu 80%. Cl\u0103direa folose\u0219te surse alternative de energie: au fost instalate 103 panouri fotovoltaice \u0219i 3 panouri solare; \u00eenc\u0103lzirea \u0219i r\u0103cirea se realizeaz\u0103 prin intermediul unor pompe de c\u0103ldur\u0103 de mare capacitate, conectate la un sistem complex de ventiloconvectoare, recuperatoare de c\u0103ldur\u0103 \u0219i management automatizat al parametrilor de func\u021bionare. Sistemul de iluminat a fost ref\u0103cut cu componente noi, cu consum redus de energie. Obiectivul respect\u0103 cerin\u021bele de securitate la incendiu, ofer\u0103 facilit\u0103\u021bi pentru persoanele cu handicap \u0219i reprezint\u0103 un exemplu de succes pentru respectarea obiectivelor UE privind schimb\u0103rile climatice. \u00cen interior, toate u\u0219ile \u0219i ferestrele au fost schimbate, pardoseala a fost \u00eenlocuit\u0103, \u00een propor\u021bie de peste 95%, cu granit \u0219i parchet laminat (fiind p\u0103strat\u0103 doar marmura de la parter \u0219i de la etajul 1 al cl\u0103dirii). Instala\u021biile electrice, termice \u0219i sanitare existente au fost reproiectate \u0219i ref\u0103cute de la zero.<br \/>\n\u00cen contextul Zilei Institu\u0163iei Prefectului, reprezetantul Guverului \u00een teritoriu a anun\u0163at c\u0103 9 persoane vor urma s\u0103 plece din institu\u0163ie, \u00een baza prevederilor ordonan\u0163ei de urgen\u0163\u0103 privind adoptarea unor m\u0103suri pentru cre\u015fterea capacit\u0103\u0163ii financiare a unit\u0103\u0163ilor administrativ-teritoriale. Documentul prevede, printre altele, ca num\u0103rul total de posturi din institu\u0163iile prefectului s\u0103 se reduc\u0103 cu 25%.<br \/>\n\u00centre persoanele care vor fi restructurate se num\u0103r\u0103 \u015fi \u015foferii Prefecturii Buz\u0103u. \u00cen acest context pentru se deplasa la eventuale urgen\u0163e, prefectul ar putea solicit sprijinul unor colegi care pot s\u0103 conduc\u0103 autovehicului Prefecturii.<\/p>\n<div class=\"post-views post-118620 entry-meta\"><span class=\"post-views-label\">Post Views: <\/span><span class=\"post-views-count\">284<\/span><\/div>\n<\/div>\n<footer>\n<div class=\"td-post-sharing td-post-sharing-bottom td-with-like\"><span class=\"td-post-share-title\">DISTRIBUI\u021aI<\/span><\/p>\n<div class=\"td-default-sharing\"><a class=\"td-social-sharing-buttons td-social-facebook\" href=\"http:\/\/www.facebook.com\/sharer.php?u=https%3A%2F%2Fwww.tvbuzau.ro%2Fziua-prefecturii-cu-o-veste-buna-si-una-mai-putin-buna%2F\"><\/p>\n<div class=\"td-social-but-text\">Facebook<\/div>\n<p><\/a><a class=\"td-social-sharing-buttons td-social-twitter\" href=\"https:\/\/twitter.com\/intent\/tweet?text=Ziua+Prefecturii+cu+o+veste+bun%C4%83+%C5%9Fi+una+mai+pu%C5%A3in+bun%C4%83&amp;url=https%3A%2F%2Fwww.tvbuzau.ro%2Fziua-prefecturii-cu-o-veste-buna-si-una-mai-putin-buna%2F&amp;via=TV+Buz%C4%83u\"><\/p>\n<div class=\"td-social-but-text\">Twitter<\/div>\n<p><\/a><\/div>\n<div class=\"td-classic-sharing\">\n<ul>\n<li class=\"td-classic-facebook\"><iframe frameborder src=\"https:\/\/www.facebook.com\/plugins\/like.php?href=https:\/\/www.tvbuzau.ro\/ziua-prefecturii-cu-o-veste-buna-si-una-mai-putin-buna\/&amp;layout=button_count&amp;show_faces=false&amp;width=105&amp;action=like&amp;colorscheme=light&amp;height=21\"><\/iframe><\/li>\n<li class=\"td-classic-twitter\"><a href=\"https:\/\/twitter.com\/share\" class=\"twitter-share-button\" data-url=\"https:\/\/www.tvbuzau.ro\/ziua-prefecturii-cu-o-veste-buna-si-una-mai-putin-buna\/\" data-text=\"Ziua Prefecturii cu o veste bun\u0103 \u015fi una mai pu\u0163in bun\u0103\" data-via data-lang=\"en\">tweet<\/a><\/li>\n<\/ul>\n<\/div>\n<\/div>\n<div class=\"td-author-name vcard author\"><span class=\"fn\"><a href=\"https:\/\/www.tvbuzau.ro\/author\/mihai-vasilescu\/\">TV Buz\u0103u<\/a><\/span><\/div>\n<p><span><\/span><span><span><\/span><\/span><span><\/span><\/footer>\n<\/article>\n<div class=\"td_block_wrap td_block_related_posts td_uid_1_69d2bbc023026_rand td_with_ajax_pagination td-pb-border-top\" data-td-block-uid=\"td_uid_1_69d2bbc023026\">\n<h4 class=\"td-related-title\"><a id=\"td_uid_2_69d2bbc028d66\" class=\"td-related-left td-cur-simple-item\" data-td_filter_value data-td_block_id=\"td_uid_1_69d2bbc023026\" href=\"https:\/\/www.tvbuzau.ro\/ziua-prefecturii-cu-o-veste-buna-si-una-mai-putin-buna\/\">ARTICOLE SIMILARE<\/a><a id=\"td_uid_3_69d2bbc028da1\" class=\"td-related-right\" data-td_filter_value=\"td_related_more_from_author\" data-td_block_id=\"td_uid_1_69d2bbc023026\" href=\"https:\/\/www.tvbuzau.ro\/ziua-prefecturii-cu-o-veste-buna-si-una-mai-putin-buna\/\">DE LA ACELA\u0218I AUTOR<\/a><\/h4>\n<div id=\"td_uid_1_69d2bbc023026\" class=\"td_block_inner\">\n<div class=\"td-related-row\">\n<div class=\"td-related-span4\">\n<div class=\"td_module_related_posts td-animation-stack td_mod_related_posts\">\n<div class=\"td-module-image\">\n<div class=\"td-module-thumb\"><a href=\"https:\/\/www.tvbuzau.ro\/peste-200-de-politistii-la-datorie-in-weekendul-floriilor\/\" rel=\"bookmark\" title=\"Peste 200 de politistii la datorie in weekendul Floriilor\"><img loading=\"lazy\" decoding=\"async\" width=\"218\" height=\"150\" class=\"entry-thumb\" src=\"https:\/\/www.tvbuzau.ro\/wp-content\/uploads\/2026\/04\/hqdefault-11-218x150.jpg\" alt title=\"Peste 200 de politistii la datorie in weekendul Floriilor\"><span class=\"td-video-play-ico\"><img loading=\"lazy\" decoding=\"async\" width=\"40\" height=\"40\" class=\"td-retina\" src=\"https:\/\/www.tvbuzau.ro\/wp-content\/themes\/Newspaper\/images\/icons\/ico-video-large.png\" alt=\"video\"><\/span><\/a><\/div>\n<p><a href=\"https:\/\/www.tvbuzau.ro\/category\/actualitate\/\" class=\"td-post-category\">Actualitate<\/a><\/div>\n<div class=\"item-details\">\n<h3 class=\"entry-title td-module-title\"><a href=\"https:\/\/www.tvbuzau.ro\/peste-200-de-politistii-la-datorie-in-weekendul-floriilor\/\" rel=\"bookmark\" title=\"Peste 200 de politistii la datorie in weekendul Floriilor\">Peste 200 de politistii la datorie in weekendul Floriilor<\/a><\/h3>\n<\/div>\n<\/div>\n<\/div>\n<div class=\"td-related-span4\">\n<div class=\"td_module_related_posts td-animation-stack td_mod_related_posts\">\n<div class=\"td-module-image\">\n<div class=\"td-module-thumb\"><a href=\"https:\/\/www.tvbuzau.ro\/constantin-toma-prezent-in-suedia\/\" rel=\"bookmark\" title=\"Constantin Toma prezent \u00een Suedia\"><img loading=\"lazy\" decoding=\"async\" width=\"218\" height=\"150\" class=\"entry-thumb\" src=\"https:\/\/www.tvbuzau.ro\/wp-content\/uploads\/2026\/04\/hqdefault-10-218x150.jpg\" alt title=\"Constantin Toma prezent \u00een Suedia\"><span class=\"td-video-play-ico\"><img loading=\"lazy\" decoding=\"async\" width=\"40\" height=\"40\" class=\"td-retina\" src=\"https:\/\/www.tvbuzau.ro\/wp-content\/themes\/Newspaper\/images\/icons\/ico-video-large.png\" alt=\"video\"><\/span><\/a><\/div>\n<p><a href=\"https:\/\/www.tvbuzau.ro\/category\/actualitate\/\" class=\"td-post-category\">Actualitate<\/a><\/div>\n<div class=\"item-details\">\n<h3 class=\"entry-title td-module-title\"><a href=\"https:\/\/www.tvbuzau.ro\/constantin-toma-prezent-in-suedia\/\" rel=\"bookmark\" title=\"Constantin Toma prezent \u00een Suedia\">Constantin Toma prezent \u00een Suedia<\/a><\/h3>\n<\/div>\n<\/div>\n<\/div>\n<div class=\"td-related-span4\">\n<div class=\"td_module_related_posts td-animation-stack td_mod_related_posts\">\n<div class=\"td-module-image\">\n<div class=\"td-module-thumb\"><a href=\"https:\/\/www.tvbuzau.ro\/proiecte-pentru-scoli-verzi-la-nivelul-judetului-buzau\/\" rel=\"bookmark\" title=\"Proiecte pentru \u015fcoli verzi la nivelul jude\u0163ului Buz\u0103u\"><img loading=\"lazy\" decoding=\"async\" width=\"218\" height=\"150\" class=\"entry-thumb\" src=\"https:\/\/www.tvbuzau.ro\/wp-content\/uploads\/2026\/04\/sddefault-5-218x150.jpg\" alt title=\"Proiecte pentru \u015fcoli verzi la nivelul jude\u0163ului Buz\u0103u\"><span class=\"td-video-play-ico\"><img loading=\"lazy\" decoding=\"async\" width=\"40\" height=\"40\" class=\"td-retina\" src=\"https:\/\/www.tvbuzau.ro\/wp-content\/themes\/Newspaper\/images\/icons\/ico-video-large.png\" alt=\"video\"><\/span><\/a><\/div>\n<p><a href=\"https:\/\/www.tvbuzau.ro\/category\/actualitate\/\" class=\"td-post-category\">Actualitate<\/a><\/div>\n<div class=\"item-details\">\n<h3 class=\"entry-title td-module-title\"><a href=\"https:\/\/www.tvbuzau.ro\/proiecte-pentru-scoli-verzi-la-nivelul-judetului-buzau\/\" rel=\"bookmark\" title=\"Proiecte pentru \u015fcoli verzi la nivelul jude\u0163ului Buz\u0103u\">Proiecte pentru \u015fcoli verzi la nivelul jude\u0163ului Buz\u0103u<\/a><\/h3>\n<\/div>\n<\/div>\n<\/div>\n<\/div>\n<div class=\"td-related-row\">\n<div class=\"td-related-span4\">\n<div class=\"td_module_related_posts td-animation-stack td_mod_related_posts\">\n<div class=\"td-module-image\">\n<div class=\"td-module-thumb\"><a href=\"https:\/\/www.tvbuzau.ro\/mesajul-inedit-al-lui-marcel-ciolacu-la-casa-gradinarului\/\" rel=\"bookmark\" title=\"Mesajul inedit al lui Marcel Ciolacu, la ,,Casa Gr\u0103dinarului\u201d\"><img loading=\"lazy\" decoding=\"async\" width=\"218\" height=\"150\" class=\"entry-thumb\" src=\"https:\/\/www.tvbuzau.ro\/wp-content\/uploads\/2026\/04\/hqdefault-9-218x150.jpg\" alt title=\"Mesajul inedit al lui Marcel Ciolacu, la ,,Casa Gr\u0103dinarului\u201d\"><span class=\"td-video-play-ico\"><img loading=\"lazy\" decoding=\"async\" width=\"40\" height=\"40\" class=\"td-retina\" src=\"https:\/\/www.tvbuzau.ro\/wp-content\/themes\/Newspaper\/images\/icons\/ico-video-large.png\" alt=\"video\"><\/span><\/a><\/div>\n<p><a href=\"https:\/\/www.tvbuzau.ro\/category\/actualitate\/\" class=\"td-post-category\">Actualitate<\/a><\/div>\n<div class=\"item-details\">\n<h3 class=\"entry-title td-module-title\"><a href=\"https:\/\/www.tvbuzau.ro\/mesajul-inedit-al-lui-marcel-ciolacu-la-casa-gradinarului\/\" rel=\"bookmark\" title=\"Mesajul inedit al lui Marcel Ciolacu, la ,,Casa Gr\u0103dinarului\u201d\">Mesajul inedit al lui Marcel Ciolacu, la ,,Casa Gr\u0103dinarului\u201d<\/a><\/h3>\n<\/div>\n<\/div>\n<\/div>\n<div class=\"td-related-span4\">\n<div class=\"td_module_related_posts td-animation-stack td_mod_related_posts\">\n<div class=\"td-module-image\">\n<div class=\"td-module-thumb\"><a href=\"https:\/\/www.tvbuzau.ro\/inovatie-pentru-un-pamant-sustenabil\/\" rel=\"bookmark\" title=\",,Inova\u021bie pentru un P\u0103m\u00e2nt Sustenabil\u2019\u2019\"><img loading=\"lazy\" decoding=\"async\" width=\"218\" height=\"150\" class=\"entry-thumb\" src=\"https:\/\/www.tvbuzau.ro\/wp-content\/uploads\/2026\/04\/sddefault-4-218x150.jpg\" alt title=\",,Inova\u021bie pentru un P\u0103m\u00e2nt Sustenabil\u2019\u2019\"><span class=\"td-video-play-ico\"><img loading=\"lazy\" decoding=\"async\" width=\"40\" height=\"40\" class=\"td-retina\" src=\"https:\/\/www.tvbuzau.ro\/wp-content\/themes\/Newspaper\/images\/icons\/ico-video-large.png\" alt=\"video\"><\/span><\/a><\/div>\n<p><a href=\"https:\/\/www.tvbuzau.ro\/category\/actualitate\/\" class=\"td-post-category\">Actualitate<\/a><\/div>\n<div class=\"item-details\">\n<h3 class=\"entry-title td-module-title\"><a href=\"https:\/\/www.tvbuzau.ro\/inovatie-pentru-un-pamant-sustenabil\/\" rel=\"bookmark\" title=\",,Inova\u021bie pentru un P\u0103m\u00e2nt Sustenabil\u2019\u2019\">,,Inova\u021bie pentru un P\u0103m\u00e2nt Sustenabil\u2019\u2019<\/a><\/h3>\n<\/div>\n<\/div>\n<\/div>\n<div class=\"td-related-span4\">\n<div class=\"td_module_related_posts td-animation-stack td_mod_related_posts\">\n<div class=\"td-module-image\">\n<div class=\"td-module-thumb\"><a href=\"https:\/\/www.tvbuzau.ro\/consiliul-judetean-preia-taberele-poiana-pinului-si-arbanasi\/\" rel=\"bookmark\" title=\"Consiliul Jude\u0163ean preia taberele Poiana Pinului \u015fi Arb\u0103na\u015fi\"><img loading=\"lazy\" decoding=\"async\" width=\"218\" height=\"150\" class=\"entry-thumb\" src=\"https:\/\/www.tvbuzau.ro\/wp-content\/uploads\/2026\/04\/hqdefault-8-218x150.jpg\" alt title=\"Consiliul Jude\u0163ean preia taberele Poiana Pinului \u015fi Arb\u0103na\u015fi\"><span class=\"td-video-play-ico\"><img loading=\"lazy\" decoding=\"async\" width=\"40\" height=\"40\" class=\"td-retina\" src=\"https:\/\/www.tvbuzau.ro\/wp-content\/themes\/Newspaper\/images\/icons\/ico-video-large.png\" alt=\"video\"><\/span><\/a><\/div>\n<p><a href=\"https:\/\/www.tvbuzau.ro\/category\/actualitate\/\" class=\"td-post-category\">Actualitate<\/a><\/div>\n<div class=\"item-details\">\n<h3 class=\"entry-title td-module-title\"><a href=\"https:\/\/www.tvbuzau.ro\/consiliul-judetean-preia-taberele-poiana-pinului-si-arbanasi\/\" rel=\"bookmark\" title=\"Consiliul Jude\u0163ean preia taberele Poiana Pinului \u015fi Arb\u0103na\u015fi\">Consiliul Jude\u0163ean preia taberele Poiana Pinului \u015fi Arb\u0103na\u015fi<\/a><\/h3>\n<\/div>\n<\/div>\n<\/div>\n<\/div>\n<\/div>\n<\/div>\n<div class=\"comments\" id=\"comments\">\n<div id=\"respond\" class=\"comment-respond\">\n<h3 id=\"reply-title\" class=\"comment-reply-title\">L\u0102SA\u021aI UN MESAJ <small><a rel=\"nofollow\" id=\"cancel-comment-reply-link\" href=\"https:\/\/www.tvbuzau.ro\/ziua-prefecturii-cu-o-veste-buna-si-una-mai-putin-buna\/#respond\">Renun\u021ba\u021bi la r\u0103spuns<\/a><\/small><\/h3>\n<\/div>\n<\/div>\n<\/div>\n<div class=\"td-post-content\">\n<div class=\"td-featured-image-rec\">\n<div class=\"wpb_video_wrapper\">\n                    <iframe loading=\"lazy\" id=\"td_youtube_player\" width=\"600\" height=\"560\" src=\"https:\/\/www.youtube.com\/embed\/m_SeKSCVwRc?enablejsapi=1&amp;feature=oembed&amp;wmode=opaque&amp;vq=hd720\" frameborder allowfullscreen><\/iframe><\/p><\/div>\n<\/div>\n<p>O inaugurare \u015fi un anun\u0163 de disponibilizare<br \/>\nDe Ziua Institu\u0163iei Prefectului a fost inaugurat sediul Casei Albe dup\u0103 amplele lucr\u0103ri de reabilitare. Proiectul, demarat \u00een 2022, a fost finan\u021bat prin Planul Na\u021bional de Redresare \u0219i Rezilien\u021b\u0103 (PNRR), av\u00e2nd o valoare total\u0103 aprobat\u0103 de aproximativ 4 milioane de euro. Ridicat\u0103 \u00eentre anii 1968 \u0219i 1970, cl\u0103direa Palatului Administrativ a fost, de-a lungul timpului, martorul multor etape din istoria recent\u0103 a Buz\u0103ului \u0219i spa\u021biul \u00een care au func\u021bionat numeroase institu\u021bii publice importante. De la construirea sa \u0219i p\u00e2n\u0103 \u00een 2022, aceast\u0103 cl\u0103dire nu a beneficiat de o reabilitare major\u0103, \u00een primul r\u00e2nd din cauza costurilor \u00eensemnate pe care le presupunea aceasta.<br \/>\nPotrivit Prefecturii Buz\u0103u, obiectivul reabilitat are un scor tehnic excelent, situ\u00e2ndu-se \u00een clasa A+ de eficien\u021b\u0103 energetic\u0103. Consumul anual specific estimat de energie final\u0103 pentru \u00eenc\u0103lzire s-a diminuat dramatic, cu peste 80% fa\u021b\u0103 de valorile ini\u021biale, iar nivelul anual estimat al gazelor cu efect de ser\u0103 a sc\u0103zut, \u00een medie, cu 80%. Cl\u0103direa folose\u0219te surse alternative de energie: au fost instalate 103 panouri fotovoltaice \u0219i 3 panouri solare; \u00eenc\u0103lzirea \u0219i r\u0103cirea se realizeaz\u0103 prin intermediul unor pompe de c\u0103ldur\u0103 de mare capacitate, conectate la un sistem complex de ventiloconvectoare, recuperatoare de c\u0103ldur\u0103 \u0219i management automatizat al parametrilor de func\u021bionare. Sistemul de iluminat a fost ref\u0103cut cu componente noi, cu consum redus de energie. Obiectivul respect\u0103 cerin\u021bele de securitate la incendiu, ofer\u0103 facilit\u0103\u021bi pentru persoanele cu handicap \u0219i reprezint\u0103 un exemplu de succes pentru respectarea obiectivelor UE privind schimb\u0103rile climatice. \u00cen interior, toate u\u0219ile \u0219i ferestrele au fost schimbate, pardoseala a fost \u00eenlocuit\u0103, \u00een propor\u021bie de peste 95%, cu granit \u0219i parchet laminat (fiind p\u0103strat\u0103 doar marmura de la parter \u0219i de la etajul 1 al cl\u0103dirii). Instala\u021biile electrice, termice \u0219i sanitare existente au fost reproiectate \u0219i ref\u0103cute de la zero.<br \/>\n\u00cen contextul Zilei Institu\u0163iei Prefectului, reprezetantul Guverului \u00een teritoriu a anun\u0163at c\u0103 9 persoane vor urma s\u0103 plece din institu\u0163ie, \u00een baza prevederilor ordonan\u0163ei de urgen\u0163\u0103 privind adoptarea unor m\u0103suri pentru cre\u015fterea capacit\u0103\u0163ii financiare a unit\u0103\u0163ilor administrativ-teritoriale. Documentul prevede, printre altele, ca num\u0103rul total de posturi din institu\u0163iile prefectului s\u0103 se reduc\u0103 cu 25%.<br \/>\n\u00centre persoanele care vor fi restructurate se num\u0103r\u0103 \u015fi \u015foferii Prefecturii Buz\u0103u. \u00cen acest context pentru se deplasa la eventuale urgen\u0163e, prefectul ar putea solicit sprijinul unor colegi care pot s\u0103 conduc\u0103 autovehicului Prefecturii.<\/p>\n<div class=\"post-views post-118620 entry-meta\"><span class=\"post-views-label\">Post Views: <\/span><span class=\"post-views-count\">284<\/span><\/div>\n<\/div>\n<p>[analyse_source url=&#8221;https:\/\/www.tvbuzau.ro\/ziua-prefecturii-cu-o-veste-buna-si-una-mai-putin-buna\/&#8221;]<\/p>\n","protected":false},"excerpt":{"rendered":"<p>[analyse_image type=&#8221;featured&#8221; src=&#8221;https:\/\/www.tvbuzau.ro\/wp-content\/uploads\/2026\/04\/sddefault-2.jpghttps:\/\/www.tvbuzau.ro\/wp-content\/uploads\/2026\/04\/sddefault-2.jpg&#8221;] Actualitate Ziua Prefecturii cu o veste bun\u0103 \u015fi una mai pu\u0163in bun\u0103 De c\u0103tre TV Buz\u0103u &#8211; aprilie 2, 2026 0 19 Distribui\u021bi pe Facebook Distribui\u021bi pe Twitter tweet O inaugurare \u015fi un anun\u0163 de disponibilizare De Ziua Institu\u0163iei Prefectului a fost inaugurat sediul Casei Albe dup\u0103 amplele lucr\u0103ri de reabilitare. Proiectul, [&hellip;]<\/p>\n","protected":false},"author":1,"featured_media":0,"comment_status":"open","ping_status":"","sticky":false,"template":"","format":"standard","meta":{"footnotes":""},"categories":[2],"tags":[226,116],"class_list":["post-1867060","post","type-post","status-publish","format-standard","hentry","category-politics","tag-crawlmanager","tag-tvbuzau-ro"],"_links":{"self":[{"href":"https:\/\/analyse.optim.biz\/index.php?rest_route=\/wp\/v2\/posts\/1867060","targetHints":{"allow":["GET"]}}],"collection":[{"href":"https:\/\/analyse.optim.biz\/index.php?rest_route=\/wp\/v2\/posts"}],"about":[{"href":"https:\/\/analyse.optim.biz\/index.php?rest_route=\/wp\/v2\/types\/post"}],"author":[{"embeddable":true,"href":"https:\/\/analyse.optim.biz\/index.php?rest_route=\/wp\/v2\/users\/1"}],"replies":[{"embeddable":true,"href":"https:\/\/analyse.optim.biz\/index.php?rest_route=%2Fwp%2Fv2%2Fcomments&post=1867060"}],"version-history":[{"count":0,"href":"https:\/\/analyse.optim.biz\/index.php?rest_route=\/wp\/v2\/posts\/1867060\/revisions"}],"wp:attachment":[{"href":"https:\/\/analyse.optim.biz\/index.php?rest_route=%2Fwp%2Fv2%2Fmedia&parent=1867060"}],"wp:term":[{"taxonomy":"category","embeddable":true,"href":"https:\/\/analyse.optim.biz\/index.php?rest_route=%2Fwp%2Fv2%2Fcategories&post=1867060"},{"taxonomy":"post_tag","embeddable":true,"href":"https:\/\/analyse.optim.biz\/index.php?rest_route=%2Fwp%2Fv2%2Ftags&post=1867060"}],"curies":[{"name":"wp","href":"https:\/\/api.w.org\/{rel}","templated":true}]}}