{"id":1866896,"date":"2026-04-03T09:41:01","date_gmt":"2026-04-03T06:41:01","guid":{"rendered":"https:\/\/analyse.optim.biz\/?p=1866896"},"modified":"2026-04-03T09:41:01","modified_gmt":"2026-04-03T06:41:01","slug":"program-prelungit-la-biblioteca","status":"publish","type":"post","link":"https:\/\/analyse.optim.biz\/?p=1866896","title":{"rendered":"PROGRAM PRELUNGIT LA BIBLIOTEC\u0102"},"content":{"rendered":"<p>[analyse_image type=&#8221;featured&#8221; src=&#8221;https:\/\/newss.ro\/wp-content\/uploads\/2021\/01\/Biblioteca-Municipala-Corneliu-Coposu-din-Ramnicu-Sarat.jpg&#8221;]<\/p>\n<div class=\"td-post-content\">\n<div class=\"td-post-featured-image\"><a href=\"https:\/\/newss.ro\/wp-content\/uploads\/2021\/01\/Biblioteca-Municipala-Corneliu-Coposu-din-Ramnicu-Sarat.jpg\" data-caption><img loading=\"lazy\" decoding=\"async\" width=\"696\" height=\"424\" class=\"entry-thumb td-modal-image\" src=\"https:\/\/newss.ro\/wp-content\/uploads\/2021\/01\/Biblioteca-Municipala-Corneliu-Coposu-din-Ramnicu-Sarat-696x424.jpg\" alt title=\"Biblioteca Municipal\u0103 Corneliu Coposu din R\u00e2mnicu S\u0103rat\"><\/a><\/div>\n<p>Biblioteca Municipal\u0103 \u201dCorneliu Coposu\u201d din R\u00e2mnicu S\u0103rat va avea un program extins. \u00cencep\u00e2nd din aceast\u0103 lun\u0103, cititorii vor putea vizita biblioteca de luni p\u00e2n\u0103 vineri, \u00eentre orele 08.00- 18.00.\u00a0\u00a0Decizia a fost luat\u0103 pentru a facilita accesul publicului la colec\u021biile bibliotecii, dar \u0219i la evenimentele organizate \u00een cadrul acesteia.<\/p>\n<p>Biblioteca va organiza, zilele viitoare, un eveniment dedicat Sfintelor S\u0103rb\u0103tori de Pa\u0219ti. De asemenea, pe parcursul anului, institu\u021bia va continua colabor\u0103rile cu ceilal\u021bi parteneri culturali.<\/p>\n<p>La Biblioteca Municipal\u0103 \u201dCorneliu Coposu\u201d din R\u00e2mnicu S\u0103rat, utilizatorii pot\u00a0\u00eemprumuta c\u0103r\u021bi, pot consulta opere la sal\u0103 de lectur\u0103, dar pot participa \u0219i la activit\u0103\u021bile dedicate promov\u0103rii lecturii \u0219i a altor evenimente culturale.<\/p>\n<\/div>\n<div class=\"td-post-content\">\n<div class=\"td-post-featured-image\"><a href=\"https:\/\/newss.ro\/wp-content\/uploads\/2021\/01\/Biblioteca-Municipala-Corneliu-Coposu-din-Ramnicu-Sarat.jpg\" data-caption><img loading=\"lazy\" decoding=\"async\" width=\"696\" height=\"424\" class=\"entry-thumb td-modal-image\" src=\"https:\/\/newss.ro\/wp-content\/uploads\/2021\/01\/Biblioteca-Municipala-Corneliu-Coposu-din-Ramnicu-Sarat-696x424.jpg\" alt title=\"Biblioteca Municipal\u0103 Corneliu Coposu din R\u00e2mnicu S\u0103rat\"><\/a><\/div>\n<p>Biblioteca Municipal\u0103 \u201dCorneliu Coposu\u201d din R\u00e2mnicu S\u0103rat va avea un program extins. \u00cencep\u00e2nd din aceast\u0103 lun\u0103, cititorii vor putea vizita biblioteca de luni p\u00e2n\u0103 vineri, \u00eentre orele 08.00- 18.00.\u00a0\u00a0Decizia a fost luat\u0103 pentru a facilita accesul publicului la colec\u021biile bibliotecii, dar \u0219i la evenimentele organizate \u00een cadrul acesteia.<\/p>\n<p>Biblioteca va organiza, zilele viitoare, un eveniment dedicat Sfintelor S\u0103rb\u0103tori de Pa\u0219ti. De asemenea, pe parcursul anului, institu\u021bia va continua colabor\u0103rile cu ceilal\u021bi parteneri culturali.<\/p>\n<p>La Biblioteca Municipal\u0103 \u201dCorneliu Coposu\u201d din R\u00e2mnicu S\u0103rat, utilizatorii pot\u00a0\u00eemprumuta c\u0103r\u021bi, pot consulta opere la sal\u0103 de lectur\u0103, dar pot participa \u0219i la activit\u0103\u021bile dedicate promov\u0103rii lecturii \u0219i a altor evenimente culturale.<\/p>\n<\/div>\n<p>[analyse_source url=&#8221;https:\/\/newss.ro\/2026\/04\/03\/program-prelungit-la-biblioteca\/&#8221;]<\/p>\n","protected":false},"excerpt":{"rendered":"<p>[analyse_image type=&#8221;featured&#8221; src=&#8221;https:\/\/newss.ro\/wp-content\/uploads\/2021\/01\/Biblioteca-Municipala-Corneliu-Coposu-din-Ramnicu-Sarat.jpg&#8221;] Biblioteca Municipal\u0103 \u201dCorneliu Coposu\u201d din R\u00e2mnicu S\u0103rat va avea un program extins. \u00cencep\u00e2nd din aceast\u0103 lun\u0103, cititorii vor putea vizita biblioteca de luni p\u00e2n\u0103 vineri, \u00eentre orele 08.00- 18.00.\u00a0\u00a0Decizia a fost luat\u0103 pentru a facilita accesul publicului la colec\u021biile bibliotecii, dar \u0219i la evenimentele organizate \u00een cadrul acesteia. Biblioteca va organiza, zilele [&hellip;]<\/p>\n","protected":false},"author":1,"featured_media":0,"comment_status":"open","ping_status":"","sticky":false,"template":"","format":"standard","meta":{"footnotes":""},"categories":[2],"tags":[226,73],"class_list":["post-1866896","post","type-post","status-publish","format-standard","hentry","category-politics","tag-crawlmanager","tag-newss-ro"],"_links":{"self":[{"href":"https:\/\/analyse.optim.biz\/index.php?rest_route=\/wp\/v2\/posts\/1866896","targetHints":{"allow":["GET"]}}],"collection":[{"href":"https:\/\/analyse.optim.biz\/index.php?rest_route=\/wp\/v2\/posts"}],"about":[{"href":"https:\/\/analyse.optim.biz\/index.php?rest_route=\/wp\/v2\/types\/post"}],"author":[{"embeddable":true,"href":"https:\/\/analyse.optim.biz\/index.php?rest_route=\/wp\/v2\/users\/1"}],"replies":[{"embeddable":true,"href":"https:\/\/analyse.optim.biz\/index.php?rest_route=%2Fwp%2Fv2%2Fcomments&post=1866896"}],"version-history":[{"count":0,"href":"https:\/\/analyse.optim.biz\/index.php?rest_route=\/wp\/v2\/posts\/1866896\/revisions"}],"wp:attachment":[{"href":"https:\/\/analyse.optim.biz\/index.php?rest_route=%2Fwp%2Fv2%2Fmedia&parent=1866896"}],"wp:term":[{"taxonomy":"category","embeddable":true,"href":"https:\/\/analyse.optim.biz\/index.php?rest_route=%2Fwp%2Fv2%2Fcategories&post=1866896"},{"taxonomy":"post_tag","embeddable":true,"href":"https:\/\/analyse.optim.biz\/index.php?rest_route=%2Fwp%2Fv2%2Ftags&post=1866896"}],"curies":[{"name":"wp","href":"https:\/\/api.w.org\/{rel}","templated":true}]}}