{"id":1866895,"date":"2026-04-01T12:08:55","date_gmt":"2026-04-01T09:08:55","guid":{"rendered":"https:\/\/analyse.optim.biz\/?p=1866895"},"modified":"2026-04-01T12:08:55","modified_gmt":"2026-04-01T09:08:55","slug":"museum-bus-tras-pe-dreapta","status":"publish","type":"post","link":"https:\/\/analyse.optim.biz\/?p=1866895","title":{"rendered":"MUSEUM BUS, TRAS PE DREAPTA"},"content":{"rendered":"<p>[analyse_image type=&#8221;featured&#8221; src=&#8221;https:\/\/newss.ro\/wp-content\/uploads\/2023\/08\/museum-bus-festival-rock.jpg&#8221;]<\/p>\n<div class=\"td-post-content\">\n<div class=\"td-post-featured-image\"><a href=\"https:\/\/newss.ro\/wp-content\/uploads\/2023\/08\/museum-bus-festival-rock.jpg\" data-caption><img loading=\"lazy\" decoding=\"async\" width=\"696\" height=\"522\" class=\"entry-thumb td-modal-image\" src=\"https:\/\/newss.ro\/wp-content\/uploads\/2023\/08\/museum-bus-festival-rock-696x522.jpg\" alt title=\"museum bus festival rock\"><\/a><\/div>\n<p>Muzeul Jude\u0163ean Buz\u0103u ar putea sista temporar func\u0163ionarea programului Museum Bus sau ar putea diminua deplas\u0103rile microbuzului, din cauza cre\u015fterii semnificative a pre\u0163urilor la carburan\u0163i. Potrivit reprezentan\u021bilor institu\u0163iei, r\u0103zboiul din Iran, care a generat o criz\u0103 pe pia\u0163a combustibililor, are efecte \u015fi asupra Muzeului Mobil, proiect prin care mii de elevi din zone mai pu\u0163in accesibile au avut \u015fansa de a accesa parte din colec\u0163iile \u015fi expozi\u0163iile cu profil istoric \u015fi arheologic. Cum aceste scumpiri nu au fost anticipate la creionarea bugetului pe acest an, deplas\u0103rile cu muzeul mobil vor fi reduse sau chiar sistate pe o perioad\u0103 nedeterminat\u0103, p\u00e2n\u0103 c\u00e2nd situa\u021bia va reveni la normal.<\/p>\n<p>Proiectul muzeului pe ro\u021bi, lansat \u00een 2019, a fost creat pentru a duce mesajul cultural \u015fi \u015ftiin\u0163ific al muzeului \u00een unit\u0103\u0163i de \u00eenv\u0103\u0163\u00e2m\u00e2nt din mediul rural, acolo unde 97 la sut\u0103 dintre copii nu au vizitat niciodat\u0103 un muzeu.<\/p>\n<p>Museum Bus este dedicat elevilor din mediul rural \u0219i se viziteaz\u0103 gratuit, fiind un proiect finan\u0163at integral de c\u0103tre Consiliul Jude\u0163ean Buz\u0103u.<\/p>\n<\/div>\n<div class=\"td-post-content\">\n<div class=\"td-post-featured-image\"><a href=\"https:\/\/newss.ro\/wp-content\/uploads\/2023\/08\/museum-bus-festival-rock.jpg\" data-caption><img loading=\"lazy\" decoding=\"async\" width=\"696\" height=\"522\" class=\"entry-thumb td-modal-image\" src=\"https:\/\/newss.ro\/wp-content\/uploads\/2023\/08\/museum-bus-festival-rock-696x522.jpg\" alt title=\"museum bus festival rock\"><\/a><\/div>\n<p>Muzeul Jude\u0163ean Buz\u0103u ar putea sista temporar func\u0163ionarea programului Museum Bus sau ar putea diminua deplas\u0103rile microbuzului, din cauza cre\u015fterii semnificative a pre\u0163urilor la carburan\u0163i. Potrivit reprezentan\u021bilor institu\u0163iei, r\u0103zboiul din Iran, care a generat o criz\u0103 pe pia\u0163a combustibililor, are efecte \u015fi asupra Muzeului Mobil, proiect prin care mii de elevi din zone mai pu\u0163in accesibile au avut \u015fansa de a accesa parte din colec\u0163iile \u015fi expozi\u0163iile cu profil istoric \u015fi arheologic. Cum aceste scumpiri nu au fost anticipate la creionarea bugetului pe acest an, deplas\u0103rile cu muzeul mobil vor fi reduse sau chiar sistate pe o perioad\u0103 nedeterminat\u0103, p\u00e2n\u0103 c\u00e2nd situa\u021bia va reveni la normal.<\/p>\n<p>Proiectul muzeului pe ro\u021bi, lansat \u00een 2019, a fost creat pentru a duce mesajul cultural \u015fi \u015ftiin\u0163ific al muzeului \u00een unit\u0103\u0163i de \u00eenv\u0103\u0163\u00e2m\u00e2nt din mediul rural, acolo unde 97 la sut\u0103 dintre copii nu au vizitat niciodat\u0103 un muzeu.<\/p>\n<p>Museum Bus este dedicat elevilor din mediul rural \u0219i se viziteaz\u0103 gratuit, fiind un proiect finan\u0163at integral de c\u0103tre Consiliul Jude\u0163ean Buz\u0103u.<\/p>\n<\/div>\n<p>[analyse_source url=&#8221;https:\/\/newss.ro\/2026\/04\/01\/museum-bus-tras-pe-dreapta\/&#8221;]<\/p>\n","protected":false},"excerpt":{"rendered":"<p>[analyse_image type=&#8221;featured&#8221; src=&#8221;https:\/\/newss.ro\/wp-content\/uploads\/2023\/08\/museum-bus-festival-rock.jpg&#8221;] Muzeul Jude\u0163ean Buz\u0103u ar putea sista temporar func\u0163ionarea programului Museum Bus sau ar putea diminua deplas\u0103rile microbuzului, din cauza cre\u015fterii semnificative a pre\u0163urilor la carburan\u0163i. Potrivit reprezentan\u021bilor institu\u0163iei, r\u0103zboiul din Iran, care a generat o criz\u0103 pe pia\u0163a combustibililor, are efecte \u015fi asupra Muzeului Mobil, proiect prin care mii de elevi din [&hellip;]<\/p>\n","protected":false},"author":1,"featured_media":0,"comment_status":"open","ping_status":"","sticky":false,"template":"","format":"standard","meta":{"footnotes":""},"categories":[2],"tags":[226,73],"class_list":["post-1866895","post","type-post","status-publish","format-standard","hentry","category-politics","tag-crawlmanager","tag-newss-ro"],"_links":{"self":[{"href":"https:\/\/analyse.optim.biz\/index.php?rest_route=\/wp\/v2\/posts\/1866895","targetHints":{"allow":["GET"]}}],"collection":[{"href":"https:\/\/analyse.optim.biz\/index.php?rest_route=\/wp\/v2\/posts"}],"about":[{"href":"https:\/\/analyse.optim.biz\/index.php?rest_route=\/wp\/v2\/types\/post"}],"author":[{"embeddable":true,"href":"https:\/\/analyse.optim.biz\/index.php?rest_route=\/wp\/v2\/users\/1"}],"replies":[{"embeddable":true,"href":"https:\/\/analyse.optim.biz\/index.php?rest_route=%2Fwp%2Fv2%2Fcomments&post=1866895"}],"version-history":[{"count":0,"href":"https:\/\/analyse.optim.biz\/index.php?rest_route=\/wp\/v2\/posts\/1866895\/revisions"}],"wp:attachment":[{"href":"https:\/\/analyse.optim.biz\/index.php?rest_route=%2Fwp%2Fv2%2Fmedia&parent=1866895"}],"wp:term":[{"taxonomy":"category","embeddable":true,"href":"https:\/\/analyse.optim.biz\/index.php?rest_route=%2Fwp%2Fv2%2Fcategories&post=1866895"},{"taxonomy":"post_tag","embeddable":true,"href":"https:\/\/analyse.optim.biz\/index.php?rest_route=%2Fwp%2Fv2%2Ftags&post=1866895"}],"curies":[{"name":"wp","href":"https:\/\/api.w.org\/{rel}","templated":true}]}}