{"id":1866669,"date":"2026-04-05T09:26:08","date_gmt":"2026-04-05T06:26:08","guid":{"rendered":"https:\/\/analyse.optim.biz\/?p=1866669"},"modified":"2026-04-05T09:26:08","modified_gmt":"2026-04-05T06:26:08","slug":"sarbatoare-mare-pentru-crestinii-ortodocsi-astazi-este-duminica-floriilor-ce-semnificatii-are","status":"publish","type":"post","link":"https:\/\/analyse.optim.biz\/?p=1866669","title":{"rendered":"S\u0103rb\u0103toare mare pentru cre\u0219tinii ortodoc\u0219i! Ast\u0103zi este Duminica Floriilor! Ce semnifica\u021bii are?"},"content":{"rendered":"<p>[analyse_image type=&#8221;featured&#8221; src=&#8221;https:\/\/www.sursadevest.ro\/wp-content\/uploads\/2025\/04\/catedrala-florii.jpg&#8221;]<\/p>\n<p><main id=\"tm-main\"><\/p>\n<div class=\"uk-section-default uk-section\">\n<div class=\"uk-grid-margin uk-container uk-container-xsmall\">\n<div class=\"uk-grid tm-grid-expand uk-child-width-1-1\">\n<div class=\"uk-width-1-1\">\n<h1 class=\"uk-h2 uk-margin uk-text-center\">        S\u0103rb\u0103toare mare pentru cre\u0219tinii ortodoc\u0219i! Ast\u0103zi este Duminica Floriilor! Ce semnifica\u021bii are?    <\/h1>\n<div class=\"uk-panel uk-margin uk-text-center\"><time datetime=\"2026-04-05T11:26:08+02:00\">5 aprilie, 2026<\/time> | <a href=\"https:\/\/www.sursadevest.ro\/author\/petronela\/\">Sursa de Vest<\/a> | <a href=\"https:\/\/www.sursadevest.ro\/categorie\/stiri\/eveniment\/\" rel=\"tag\">Eveniment<\/a>, <a href=\"https:\/\/www.sursadevest.ro\/categorie\/stiri\/social\/\" rel=\"tag\">Social<\/a>, <a href=\"https:\/\/www.sursadevest.ro\/categorie\/stiri\/\" rel=\"tag\">\u0218tiri<\/a> | <a href=\"https:\/\/www.sursadevest.ro\/sarbatoare-mare-pentru-crestinii-ortodocsi-astazi-este-duminica-floriilor-ce-semnificatii-are-3\/#respond\">Niciun comentariu<span class=\"screen-reader-text\"> la S\u0103rb\u0103toare mare pentru cre\u0219tinii ortodoc\u0219i! Ast\u0103zi este Duminica Floriilor! Ce semnifica\u021bii are?<\/span><\/a><\/div>\n<\/div>\n<\/div>\n<\/div>\n<div class=\"uk-margin-large uk-container\">\n<div class=\"uk-grid tm-grid-expand uk-grid-column-large\">\n<div class=\"uk-width-2-3@m\">\n<nav aria-label=\"Breadcrumb\" class=\"uk-margin-small\">\n<ul class=\"uk-breadcrumb uk-margin-remove-bottom\">\n<li><\/li>\n<li><a href=\"https:\/\/www.sursadevest.ro\/categorie\/stiri\/\"><span>\u0218tiri<\/span><\/a><\/li>\n<li><a href=\"https:\/\/www.sursadevest.ro\/categorie\/stiri\/eveniment\/\"><span>Eveniment<\/span><\/a><\/li>\n<\/ul>\n<\/nav>\n<div class=\"uk-margin\">\n<source type=\"image\/webp\" srcset=\"\/wp-content\/themes\/yootheme\/cache\/5e\/catedrala-florii-5e4aed12.webp 768w, \/wp-content\/themes\/yootheme\/cache\/6b\/catedrala-florii-6b44218f.webp 1024w, \/wp-content\/themes\/yootheme\/cache\/8f\/catedrala-florii-8fe7c67f.webp 1257w\" sizes=\"(min-width: 1257px) 1257px\" \/><\/div>\n<div class=\"uk-margin-remove-vertical uk-hidden@m\">\n<div class=\"uk-grid uk-child-width-1-1 uk-child-width-1-2@s uk-grid-small uk-grid-match\">\n<div>\n<div class=\"el-item uk-panel\"><a href=\"https:\/\/xpilatesspa.ro\" target=\"_blank\"><\/p>\n<div class=\"uk-inline-clip uk-transition-toggle\">\n<source type=\"image\/webp\" srcset=\"\/wp-content\/themes\/yootheme\/cache\/1c\/WhatsApp-Image-2025-07-16-at-153218_b2c81b10-1ca7cccd.webp 768w, \/wp-content\/themes\/yootheme\/cache\/1d\/WhatsApp-Image-2025-07-16-at-153218_b2c81b10-1daa2a1f.webp 1024w, \/wp-content\/themes\/yootheme\/cache\/ff\/WhatsApp-Image-2025-07-16-at-153218_b2c81b10-ff5994c5.webp 1366w, \/wp-content\/themes\/yootheme\/cache\/4b\/WhatsApp-Image-2025-07-16-at-153218_b2c81b10-4b0246ed.webp 1600w\" sizes=\"(min-width: 1600px) 1600px\" \/><\/div>\n<p><\/a><\/p>\n<div class=\"uk-padding-small uk-margin-remove-first-child\">\n<div class=\"el-meta uk-text-meta uk-margin-small-top\">XPilates &amp; Spa<\/div>\n<div class=\"uk-margin-small-top\"><a href=\"https:\/\/xpilatesspa.ro\" target=\"_blank\" class=\"el-link uk-button uk-button-text\">Vezi detalii<\/a><\/div>\n<\/div>\n<\/div>\n<\/div>\n<\/div>\n<\/div>\n<div class=\"uk-panel uk-margin-medium uk-margin-remove-top\">\n<p>Cre\u015ftinii ortodoc\u0219i pr\u0103znuiesc, ast\u0103zi, Floriile, cea mai important\u0103 s\u0103rb\u0103toare care veste\u015fte Pa\u015ftele.<\/p>\n<p>La Timi\u0219oara mii de oameni au ajuns \u00eenc\u0103 de diminea\u021b\u0103 la Catedral\u0103, unde slujba a fost oficiat\u0103 de \u00eensu\u0219i Mitropolitul Banatului, Ioan Selejan.<\/p>\n<p>S\u0103rb\u0103toarea Floriilor rememoreaz\u0103 intrarea triumfal\u0103 a lui Iisus \u00een Ierusalim \u015fi \u00eei s\u0103rb\u0103tore\u0219te pe cei cu nume de flori.<\/p>\n<p>Duminica Floriilor este una dintre cele 12 s\u0103rb\u0103tori \u00eemp\u0103r\u0103te\u015fti din cursul anului bisericesc. Prima men\u0163ionare a Duminicii Floriilor dateaz\u0103 din secolul al IV-lea, iar prima celebrare a avut loc la Ierusalim. S\u0103rb\u0103toarea a cuprins, \u00een scurt timp, \u00eentreaga lume cre\u015ftin\u0103, fiind celebrat\u0103 cu mare fast. Aceast\u0103 duminic\u0103 \u00eei preg\u0103te\u015fte pe credincio\u015fi pentru bucuria pe care o aduce biruin\u0163a lui Hristos asupra mor\u0163ii din duminica urm\u0103toare, cea a \u00cenvierii.<\/p>\n<p>Totodat\u0103 Floriile deschid s\u0103pt\u0103m\u00e2na cea mai important\u0103 pentru preg\u0103tirile de Pa\u015fti, cunoscut\u0103 sub numele de \u201eS\u0103pt\u0103m\u00e2na Mare\u201d, dup\u0103 cele 40 de zile de post. Din punct de vedere liturgic, din aceasta zi \u00eencepe S\u0103pt\u0103m\u00e2na Patimilor, \u00een amintirea c\u0103rora \u00een biserici se oficiaz\u0103 \u00een fiecare sear\u0103 Deniile, slujbe prin care credincio\u015fii \u00eel \u201epetrec\u201d pe Hristos pe drumul Crucii, p\u00e2n\u0103 la moarte \u015fi \u00cenviere.<\/p>\n<p>Totodat\u0103, ast\u0103zi, aproape 1,5 milioane de rom\u00e2ni \u00ee\u015fi s\u0103rb\u0103toresc onomastica, iar Biserica a r\u00e2nduit ca \u00een Duminica Floriilor s\u0103 fie dezlegare la pe\u015fte, a doua dup\u0103 cea din ziua Bunei Vestiri.<\/p>\n<\/div>\n<nav class=\"uk-text-center\">\n<ul class=\"uk-pagination uk-margin-remove-bottom uk-flex-center\">\n<li><a href=\"https:\/\/www.sursadevest.ro\/barbat-gasit-carbonizat-intr-un-imobil-cuprins-de-flacari-politistii-au-deschis-dosar-penal\/\"> Anterior<\/a><\/li>\n<\/ul>\n<\/nav>\n<h3 class=\"uk-h5\">        Distribuie pe re\u021bele de socializare    <\/h3>\n<div class=\"uk-margin\">\n<div id=\"respond\" class=\"comment-respond\">\n<h2 id=\"reply-title\" class=\"el-title uk-h3 uk-heading-bullet\">Las\u0103 un r\u0103spuns <small><a rel=\"nofollow\" id=\"cancel-comment-reply-link\" class=\"uk-link-muted\" href=\"https:\/\/www.sursadevest.ro\/sarbatoare-mare-pentru-crestinii-ortodocsi-astazi-este-duminica-floriilor-ce-semnificatii-are-3\/?fbclid=IwZXh0bgNhZW0CMTEAc3J0YwZhcHBfaWQMMjU2MjgxMDQwNTU4AAEec3loU4AwONruv-yQqkJTN35dhBNiWalfpROQKFfolTai6A3s_6s_vfxL78Q_aem_NSkuBp1E1BroxQhBKcfLjA#respond\">Anuleaz\u0103 r\u0103spunsul<\/a><\/small><\/h2>\n<p class=\"comment-notes\">Adresa ta de email nu va fi publicat\u0103. C\u00e2mpurile obligatorii sunt marcate cu <span class=\"required\">*<\/span><\/p>\n<div class=\"gglcptch gglcptch_v3\"><\/p>\n<div class=\"gglcptch_error_text\">Perioada de verificare reCAPTCHA a expirat. V\u0103 rug\u0103m s\u0103 re\u00eenc\u0103rca\u021bi pagina.<\/div>\n<\/div>\n<\/div>\n<\/div>\n<hr class=\"uk-margin-large\">\n<h2 class=\"uk-h3 uk-text-left@m uk-text-center\">        Alte articole    <\/h2>\n<div id=\"template-OEvUe7Lh#0\" class=\"uk-margin\">\n<div class=\"uk-grid uk-child-width-1-1 uk-child-width-1-2@s uk-grid-column-medium uk-grid-match\">\n<div>\n<div class=\"el-item uk-panel uk-margin-remove-first-child\"><a href=\"https:\/\/www.sursadevest.ro\/sarbatoare-mare-pentru-crestinii-ortodocsi-astazi-este-duminica-floriilor-ce-semnificatii-are-3\/\"><br \/>\n<source type=\"image\/webp\" srcset=\"\/wp-content\/themes\/yootheme\/cache\/74\/catedrala-florii-74ef4a9c.webp 610w, \/wp-content\/themes\/yootheme\/cache\/c3\/catedrala-florii-c3450c64.webp 768w, \/wp-content\/themes\/yootheme\/cache\/f6\/catedrala-florii-f64bc0f9.webp 1024w, \/wp-content\/themes\/yootheme\/cache\/45\/catedrala-florii-457381ca.webp 1220w\" sizes=\"(min-width: 610px) 610px\" \/><\/a><\/p>\n<div class=\"el-meta uk-h6 uk-text-primary uk-margin-top uk-margin-remove-bottom\"><time datetime=\"2026-04-05T11:26:08+02:00\">5 aprilie, 2026<\/time> | <a href=\"https:\/\/www.sursadevest.ro\/author\/petronela\/\">Sursa de Vest<\/a> | <a href=\"https:\/\/www.sursadevest.ro\/categorie\/stiri\/eveniment\/\" rel=\"tag\">Eveniment<\/a>, <a href=\"https:\/\/www.sursadevest.ro\/categorie\/stiri\/social\/\" rel=\"tag\">Social<\/a>, <a href=\"https:\/\/www.sursadevest.ro\/categorie\/stiri\/\" rel=\"tag\">\u0218tiri<\/a> | <a href=\"https:\/\/www.sursadevest.ro\/sarbatoare-mare-pentru-crestinii-ortodocsi-astazi-este-duminica-floriilor-ce-semnificatii-are-3\/#respond\">Niciun comentariu<span class=\"screen-reader-text\"> la S\u0103rb\u0103toare mare pentru cre\u0219tinii ortodoc\u0219i! Ast\u0103zi este Duminica Floriilor! Ce semnifica\u021bii are?<\/span><\/a><\/div>\n<h3 class=\"el-title uk-h4 uk-link-reset uk-margin-small-top uk-margin-remove-bottom\"><a href=\"https:\/\/www.sursadevest.ro\/sarbatoare-mare-pentru-crestinii-ortodocsi-astazi-este-duminica-floriilor-ce-semnificatii-are-3\/\">S\u0103rb\u0103toare mare pentru cre\u0219tinii ortodoc\u0219i! Ast\u0103zi este Duminica Floriilor! Ce semnifica\u021bii are?<\/a><\/h3>\n<div class=\"el-content uk-panel uk-margin-small-top\">Cre\u015ftinii ortodoc\u0219i pr\u0103znuiesc, ast\u0103zi, Floriile, cea mai important\u0103 s\u0103rb\u0103toare care veste\u015fte Pa\u015ftele. La Timi\u0219oara mii de oameni au ajuns \u00eenc\u0103 de diminea\u021b\u0103 la Catedral\u0103, unde slujba a fost oficiat\u0103 de \u00eensu\u0219i Mitropolitul Banatului, Ioan Selejan. S\u0103rb\u0103toarea Floriilor rememoreaz\u0103 intrarea triumfal\u0103 a lui Iisus \u00een Ierusalim \u015fi \u00eei s\u0103rb\u0103tore\u0219te pe cei cu nume de flori. Duminica [\u2026]<\/div>\n<div class=\"uk-margin-top\"><a href=\"https:\/\/www.sursadevest.ro\/sarbatoare-mare-pentru-crestinii-ortodocsi-astazi-este-duminica-floriilor-ce-semnificatii-are-3\/\" class=\"el-link uk-button uk-button-text\">Vezi detalii<\/a><\/div>\n<\/div>\n<\/div>\n<div>\n<div class=\"el-item uk-panel uk-margin-remove-first-child\"><a href=\"https:\/\/www.sursadevest.ro\/barbat-gasit-carbonizat-intr-un-imobil-cuprins-de-flacari-politistii-au-deschis-dosar-penal\/\"><br \/>\n<source type=\"image\/webp\" srcset=\"\/wp-content\/themes\/yootheme\/cache\/b0\/incendiu-b0aa53e7.webp 610w, \/wp-content\/themes\/yootheme\/cache\/a3\/incendiu-a31d5da9.webp 768w, \/wp-content\/themes\/yootheme\/cache\/93\/incendiu-933f88c7.webp 1024w, \/wp-content\/themes\/yootheme\/cache\/cf\/incendiu-cf227994.webp 1189w, \/wp-content\/themes\/yootheme\/cache\/e0\/incendiu-e0c3e121.webp 1190w\" sizes=\"(min-width: 610px) 610px\" \/><\/a><\/p>\n<div class=\"el-meta uk-h6 uk-text-primary uk-margin-top uk-margin-remove-bottom\"><time datetime=\"2026-04-05T11:13:11+02:00\">5 aprilie, 2026<\/time> | <a href=\"https:\/\/www.sursadevest.ro\/author\/petronela\/\">Sursa de Vest<\/a> | <a href=\"https:\/\/www.sursadevest.ro\/categorie\/stiri\/eveniment\/\" rel=\"tag\">Eveniment<\/a>, <a href=\"https:\/\/www.sursadevest.ro\/categorie\/stiri\/\" rel=\"tag\">\u0218tiri<\/a> | <a href=\"https:\/\/www.sursadevest.ro\/barbat-gasit-carbonizat-intr-un-imobil-cuprins-de-flacari-politistii-au-deschis-dosar-penal\/#respond\">Niciun comentariu<span class=\"screen-reader-text\"> la B\u0103rbat g\u0103sit carbonizat \u00eentr-un imobil cuprins de fl\u0103c\u0103ri! Poli\u021bi\u0219tii au deschis dosar penal<\/span><\/a><\/div>\n<h3 class=\"el-title uk-h4 uk-link-reset uk-margin-small-top uk-margin-remove-bottom\"><a href=\"https:\/\/www.sursadevest.ro\/barbat-gasit-carbonizat-intr-un-imobil-cuprins-de-flacari-politistii-au-deschis-dosar-penal\/\">B\u0103rbat g\u0103sit carbonizat \u00eentr-un imobil cuprins de fl\u0103c\u0103ri! Poli\u021bi\u0219tii au deschis dosar penal<\/a><\/h3>\n<div class=\"el-content uk-panel uk-margin-small-top\">Un b\u0103rbat de 47 de ani a fost g\u0103sit decedat, \u00een noaptea de 3 spre 4 aprilie, \u00een urma unui incendiu izbucnit la un imobil din municipiul Re\u0219i\u021ba. Sursa de Vest See Full Bio<\/div>\n<div class=\"uk-margin-top\"><a href=\"https:\/\/www.sursadevest.ro\/barbat-gasit-carbonizat-intr-un-imobil-cuprins-de-flacari-politistii-au-deschis-dosar-penal\/\" class=\"el-link uk-button uk-button-text\">Vezi detalii<\/a><\/div>\n<\/div>\n<\/div>\n<div>\n<div class=\"el-item uk-panel uk-margin-remove-first-child\"><a href=\"https:\/\/www.sursadevest.ro\/explozie-de-turisti-romani-in-caraibe-ce-spun-reprezentantii-marilor-hoteluri-despre-interesul-urias-pentru-aceasta-destinatie\/\"><br \/>\n<source type=\"image\/webp\" srcset=\"\/wp-content\/themes\/yootheme\/cache\/fe\/caraibe-fe227aa6.webp 610w, \/wp-content\/themes\/yootheme\/cache\/13\/caraibe-13554c98.webp 768w, \/wp-content\/themes\/yootheme\/cache\/32\/caraibe-329e38f1.webp 1024w, \/wp-content\/themes\/yootheme\/cache\/b9\/caraibe-b930a32a.webp 1219w, \/wp-content\/themes\/yootheme\/cache\/e2\/caraibe-e2653d6e.webp 1220w\" sizes=\"(min-width: 610px) 610px\" \/><\/a><\/p>\n<div class=\"el-meta uk-h6 uk-text-primary uk-margin-top uk-margin-remove-bottom\"><time datetime=\"2026-04-05T10:28:43+02:00\">5 aprilie, 2026<\/time> | <a href=\"https:\/\/www.sursadevest.ro\/author\/petronela\/\">Sursa de Vest<\/a> | <a href=\"https:\/\/www.sursadevest.ro\/categorie\/stiri\/eveniment\/\" rel=\"tag\">Eveniment<\/a>, <a href=\"https:\/\/www.sursadevest.ro\/categorie\/stiri\/social\/\" rel=\"tag\">Social<\/a>, <a href=\"https:\/\/www.sursadevest.ro\/categorie\/stiri\/\" rel=\"tag\">\u0218tiri<\/a> | <a href=\"https:\/\/www.sursadevest.ro\/explozie-de-turisti-romani-in-caraibe-ce-spun-reprezentantii-marilor-hoteluri-despre-interesul-urias-pentru-aceasta-destinatie\/#respond\">Niciun comentariu<span class=\"screen-reader-text\"> la Explozie de turi\u0219ti rom\u00e2ni \u00een Caraibe! Ce spun reprezentan\u021bii marilor hoteluri despre interesul uria\u0219 pentru aceast\u0103 destina\u021bie?<\/span><\/a><\/div>\n<h3 class=\"el-title uk-h4 uk-link-reset uk-margin-small-top uk-margin-remove-bottom\"><a href=\"https:\/\/www.sursadevest.ro\/explozie-de-turisti-romani-in-caraibe-ce-spun-reprezentantii-marilor-hoteluri-despre-interesul-urias-pentru-aceasta-destinatie\/\">Explozie de turi\u0219ti rom\u00e2ni \u00een Caraibe! Ce spun reprezentan\u021bii marilor hoteluri despre interesul uria\u0219 pentru aceast\u0103 destina\u021bie?<\/a><\/h3>\n<div class=\"el-content uk-panel uk-margin-small-top\">Industria turismului trece printr-o perioad\u0103 de transform\u0103ri accelerate, iar preferin\u021bele c\u0103l\u0103torilor evolueaz\u0103 constant, inclusiv \u00een Rom\u00e2nia, una dintre cele mai dinamice pie\u021be din Europa de Est. Sursa de Vest See Full Bio<\/div>\n<div class=\"uk-margin-top\"><a href=\"https:\/\/www.sursadevest.ro\/explozie-de-turisti-romani-in-caraibe-ce-spun-reprezentantii-marilor-hoteluri-despre-interesul-urias-pentru-aceasta-destinatie\/\" class=\"el-link uk-button uk-button-text\">Vezi detalii<\/a><\/div>\n<\/div>\n<\/div>\n<div>\n<div class=\"el-item uk-panel uk-margin-remove-first-child\"><a href=\"https:\/\/www.sursadevest.ro\/mesajul-de-paste-al-excelentei-sale-iosif-csaba-pal-episcop-diecezan-de-timisoara\/\"><br \/>\n<source type=\"image\/webp\" srcset=\"\/wp-content\/themes\/yootheme\/cache\/5f\/iosif-csaba-pal-5f8c1908.webp 610w, \/wp-content\/themes\/yootheme\/cache\/ba\/iosif-csaba-pal-ba9c9d50.webp 646w\" sizes=\"(min-width: 610px) 610px\" \/><\/a><\/p>\n<div class=\"el-meta uk-h6 uk-text-primary uk-margin-top uk-margin-remove-bottom\"><time datetime=\"2026-04-05T07:56:00+02:00\">5 aprilie, 2026<\/time> | <a href=\"https:\/\/www.sursadevest.ro\/author\/petronela\/\">Sursa de Vest<\/a> | <a href=\"https:\/\/www.sursadevest.ro\/categorie\/stiri\/eveniment\/\" rel=\"tag\">Eveniment<\/a>, <a href=\"https:\/\/www.sursadevest.ro\/categorie\/stiri\/\" rel=\"tag\">\u0218tiri<\/a> | <a href=\"https:\/\/www.sursadevest.ro\/mesajul-de-paste-al-excelentei-sale-iosif-csaba-pal-episcop-diecezan-de-timisoara\/#respond\">Niciun comentariu<span class=\"screen-reader-text\"> la Mesajul de Pa\u0219te al Excelen\u021bei Sale Iosif Csaba P\u00e1l, episcop diecezan de Timi\u0219oara!<\/span><\/a><\/div>\n<h3 class=\"el-title uk-h4 uk-link-reset uk-margin-small-top uk-margin-remove-bottom\"><a href=\"https:\/\/www.sursadevest.ro\/mesajul-de-paste-al-excelentei-sale-iosif-csaba-pal-episcop-diecezan-de-timisoara\/\">Mesajul de Pa\u0219te al Excelen\u021bei Sale Iosif Csaba P\u00e1l, episcop diecezan de Timi\u0219oara!<\/a><\/h3>\n<div class=\"el-content uk-panel uk-margin-small-top\">Cre\u015ftinii catolici s\u0103rb\u0103toresc ast\u0103zi \u00cenvierea Domnului, cea mai veche s\u0103rb\u0103toare a cre\u0219tin\u0103t\u0103\u021bii! Sursa de Vest See Full Bio<\/div>\n<div class=\"uk-margin-top\"><a href=\"https:\/\/www.sursadevest.ro\/mesajul-de-paste-al-excelentei-sale-iosif-csaba-pal-episcop-diecezan-de-timisoara\/\" class=\"el-link uk-button uk-button-text\">Vezi detalii<\/a><\/div>\n<\/div>\n<\/div>\n<div>\n<div class=\"el-item uk-panel uk-margin-remove-first-child\"><a href=\"https:\/\/www.sursadevest.ro\/trei-persoane-ranite-in-urma-unui-accident-rutier-victimele-au-ajuns-la-spital\/\"><br \/>\n<source type=\"image\/webp\" srcset=\"\/wp-content\/themes\/yootheme\/cache\/56\/accident-hd-56acf111.webp 610w, \/wp-content\/themes\/yootheme\/cache\/ff\/accident-hd-ffa43842.webp 768w, \/wp-content\/themes\/yootheme\/cache\/ac\/accident-hd-ac09544c.webp 1024w, \/wp-content\/themes\/yootheme\/cache\/ac\/accident-hd-acff8fdc.webp 1082w\" sizes=\"(min-width: 610px) 610px\" \/><\/a><\/p>\n<div class=\"el-meta uk-h6 uk-text-primary uk-margin-top uk-margin-remove-bottom\"><time datetime=\"2026-04-04T13:08:20+02:00\">4 aprilie, 2026<\/time> | <a href=\"https:\/\/www.sursadevest.ro\/author\/petronela\/\">Sursa de Vest<\/a> | <a href=\"https:\/\/www.sursadevest.ro\/categorie\/stiri\/eveniment\/\" rel=\"tag\">Eveniment<\/a>, <a href=\"https:\/\/www.sursadevest.ro\/categorie\/stiri\/\" rel=\"tag\">\u0218tiri<\/a> | <a href=\"https:\/\/www.sursadevest.ro\/trei-persoane-ranite-in-urma-unui-accident-rutier-victimele-au-ajuns-la-spital\/#respond\">Niciun comentariu<span class=\"screen-reader-text\"> la Trei persoane r\u0103nite \u00een urma unui accident rutier! Victimele au ajuns la spital<\/span><\/a><\/div>\n<h3 class=\"el-title uk-h4 uk-link-reset uk-margin-small-top uk-margin-remove-bottom\"><a href=\"https:\/\/www.sursadevest.ro\/trei-persoane-ranite-in-urma-unui-accident-rutier-victimele-au-ajuns-la-spital\/\">Trei persoane r\u0103nite \u00een urma unui accident rutier! Victimele au ajuns la spital<\/a><\/h3>\n<div class=\"el-content uk-panel uk-margin-small-top\">Trei persoane au fost r\u0103nite ast\u0103zi \u00eentr-un accident rutier, dup\u0103 ce un autoturism a p\u0103r\u0103sit partea carosabil\u0103. Sursa de Vest See Full Bio<\/div>\n<div class=\"uk-margin-top\"><a href=\"https:\/\/www.sursadevest.ro\/trei-persoane-ranite-in-urma-unui-accident-rutier-victimele-au-ajuns-la-spital\/\" class=\"el-link uk-button uk-button-text\">Vezi detalii<\/a><\/div>\n<\/div>\n<\/div>\n<div>\n<div class=\"el-item uk-panel uk-margin-remove-first-child\"><a href=\"https:\/\/www.sursadevest.ro\/tanar-retinut-dupa-atacul-asupra-rangerilor-din-parcul-natural-lunca-muresului-este-acuzat-de-ultraj-si-distrugere\/\"><br \/>\n<source type=\"image\/webp\" srcset=\"\/wp-content\/themes\/yootheme\/cache\/db\/scandal-rangeri-db45f60f.webp 610w, \/wp-content\/themes\/yootheme\/cache\/49\/scandal-rangeri-49366101.webp 768w, \/wp-content\/themes\/yootheme\/cache\/b9\/scandal-rangeri-b96005b9.webp 900w\" sizes=\"(min-width: 610px) 610px\" \/><\/a><\/p>\n<div class=\"el-meta uk-h6 uk-text-primary uk-margin-top uk-margin-remove-bottom\"><time datetime=\"2026-04-04T12:58:07+02:00\">4 aprilie, 2026<\/time> | <a href=\"https:\/\/www.sursadevest.ro\/author\/petronela\/\">Sursa de Vest<\/a> | <a href=\"https:\/\/www.sursadevest.ro\/categorie\/stiri\/eveniment\/\" rel=\"tag\">Eveniment<\/a>, <a href=\"https:\/\/www.sursadevest.ro\/categorie\/stiri\/\" rel=\"tag\">\u0218tiri<\/a> | <a href=\"https:\/\/www.sursadevest.ro\/tanar-retinut-dupa-atacul-asupra-rangerilor-din-parcul-natural-lunca-muresului-este-acuzat-de-ultraj-si-distrugere\/#respond\">Niciun comentariu<span class=\"screen-reader-text\"> la T\u00e2n\u0103r re\u021binut dup\u0103 atacul asupra rangerilor din Parcul Natural Lunca Mure\u0219ului! Este acuzat de ultraj \u0219i distrugere<\/span><\/a><\/div>\n<h3 class=\"el-title uk-h4 uk-link-reset uk-margin-small-top uk-margin-remove-bottom\"><a href=\"https:\/\/www.sursadevest.ro\/tanar-retinut-dupa-atacul-asupra-rangerilor-din-parcul-natural-lunca-muresului-este-acuzat-de-ultraj-si-distrugere\/\">T\u00e2n\u0103r re\u021binut dup\u0103 atacul asupra rangerilor din Parcul Natural Lunca Mure\u0219ului! Este acuzat de ultraj \u0219i distrugere<\/a><\/h3>\n<div class=\"el-content uk-panel uk-margin-small-top\">Un t\u00e2n\u0103r de 25 de ani a fost re\u021binut de poli\u021bi\u0219ti pentru ultraj asupra personalului silvic \u0219i distrugere, \u00een urma incidentului violent din Parcul Natural Lunca Mure\u0219ului, petrecut joi sear\u0103. Sursa de Vest See Full Bio<\/div>\n<div class=\"uk-margin-top\"><a href=\"https:\/\/www.sursadevest.ro\/tanar-retinut-dupa-atacul-asupra-rangerilor-din-parcul-natural-lunca-muresului-este-acuzat-de-ultraj-si-distrugere\/\" class=\"el-link uk-button uk-button-text\">Vezi detalii<\/a><\/div>\n<\/div>\n<\/div>\n<div>\n<div class=\"el-item uk-panel uk-margin-remove-first-child\"><a href=\"https:\/\/www.sursadevest.ro\/panica-pentru-unii-oportunitate-pentru-altii-ce-se-intampla-acum-pe-piata-imobiliara-din-dubai-interviu-exclusiv-cu-proprietara-unei-agentii-imobiliare-din-eau\/\"><img decoding=\"async\" src=\"https:\/\/www.sursadevest.ro\/wp-content\/uploads\/2026\/04\/dubai.gif\" width=\"610\" height=\"339\" alt loading=\"lazy\" class=\"el-image uk-border-rounded\"><\/a><\/p>\n<div class=\"el-meta uk-h6 uk-text-primary uk-margin-top uk-margin-remove-bottom\"><time datetime=\"2026-04-04T12:49:32+02:00\">4 aprilie, 2026<\/time> | <a href=\"https:\/\/www.sursadevest.ro\/author\/petronela\/\">Sursa de Vest<\/a> | <a href=\"https:\/\/www.sursadevest.ro\/categorie\/stiri\/economic\/\" rel=\"tag\">Economic<\/a>, <a href=\"https:\/\/www.sursadevest.ro\/categorie\/stiri\/eveniment\/\" rel=\"tag\">Eveniment<\/a>, <a href=\"https:\/\/www.sursadevest.ro\/categorie\/stiri\/\" rel=\"tag\">\u0218tiri<\/a> | <a href=\"https:\/\/www.sursadevest.ro\/panica-pentru-unii-oportunitate-pentru-altii-ce-se-intampla-acum-pe-piata-imobiliara-din-dubai-interviu-exclusiv-cu-proprietara-unei-agentii-imobiliare-din-eau\/#respond\">Niciun comentariu<span class=\"screen-reader-text\"> la Panic\u0103 pentru unii, oportunitate pentru al\u021bii! Ce se \u00eent\u00e2mpl\u0103 acum, pe pia\u021ba imobiliar\u0103 din Dubai? Interviu exclusiv cu proprietara unei agen\u021bii imobiliare din EAU<\/span><\/a><\/div>\n<h3 class=\"el-title uk-h4 uk-link-reset uk-margin-small-top uk-margin-remove-bottom\"><a href=\"https:\/\/www.sursadevest.ro\/panica-pentru-unii-oportunitate-pentru-altii-ce-se-intampla-acum-pe-piata-imobiliara-din-dubai-interviu-exclusiv-cu-proprietara-unei-agentii-imobiliare-din-eau\/\">Panic\u0103 pentru unii, oportunitate pentru al\u021bii! Ce se \u00eent\u00e2mpl\u0103 acum, pe pia\u021ba imobiliar\u0103 din Dubai? Interviu exclusiv cu proprietara unei agen\u021bii imobiliare din EAU<\/a><\/h3>\n<div class=\"el-content uk-panel uk-margin-small-top\">\u00cen timp ce o mare parte din lume se confrunt\u0103 cu incertitudine economic\u0103 \u0219i instabilitate, exist\u0103 un loc unde banii continu\u0103 s\u0103 curg\u0103 \u00eentr-un ritm accelerat: Dubai. Sursa de Vest See Full Bio<\/div>\n<div class=\"uk-margin-top\"><a href=\"https:\/\/www.sursadevest.ro\/panica-pentru-unii-oportunitate-pentru-altii-ce-se-intampla-acum-pe-piata-imobiliara-din-dubai-interviu-exclusiv-cu-proprietara-unei-agentii-imobiliare-din-eau\/\" class=\"el-link uk-button uk-button-text\">Vezi detalii<\/a><\/div>\n<\/div>\n<\/div>\n<div>\n<div class=\"el-item uk-panel uk-margin-remove-first-child\"><a href=\"https:\/\/www.sursadevest.ro\/doi-cetateni-georgieni-retinuti-dupa-o-serie-de-furturi-din-autoturisme-erau-vizati-de-anchete-in-mai-multe-state-europene\/\"><br \/>\n<source type=\"image\/webp\" srcset=\"\/wp-content\/themes\/yootheme\/cache\/7a\/hoti-masini-7a613d5f.webp 610w, \/wp-content\/themes\/yootheme\/cache\/fe\/hoti-masini-fed3c4cb.webp 768w, \/wp-content\/themes\/yootheme\/cache\/bf\/hoti-masini-bf359c58.webp 861w\" sizes=\"(min-width: 610px) 610px\" \/><\/a><\/p>\n<div class=\"el-meta uk-h6 uk-text-primary uk-margin-top uk-margin-remove-bottom\"><time datetime=\"2026-04-04T11:06:45+02:00\">4 aprilie, 2026<\/time> | <a href=\"https:\/\/www.sursadevest.ro\/author\/petronela\/\">Sursa de Vest<\/a> | <a href=\"https:\/\/www.sursadevest.ro\/categorie\/stiri\/eveniment\/\" rel=\"tag\">Eveniment<\/a>, <a href=\"https:\/\/www.sursadevest.ro\/categorie\/stiri\/\" rel=\"tag\">\u0218tiri<\/a> | <a href=\"https:\/\/www.sursadevest.ro\/doi-cetateni-georgieni-retinuti-dupa-o-serie-de-furturi-din-autoturisme-erau-vizati-de-anchete-in-mai-multe-state-europene\/#respond\">Niciun comentariu<span class=\"screen-reader-text\"> la Doi cet\u0103\u021beni georgieni, re\u021binu\u021bi dup\u0103 o serie de furturi din autoturisme! Erau viza\u021bi de anchete \u00een mai multe state europene<\/span><\/a><\/div>\n<h3 class=\"el-title uk-h4 uk-link-reset uk-margin-small-top uk-margin-remove-bottom\"><a href=\"https:\/\/www.sursadevest.ro\/doi-cetateni-georgieni-retinuti-dupa-o-serie-de-furturi-din-autoturisme-erau-vizati-de-anchete-in-mai-multe-state-europene\/\">Doi cet\u0103\u021beni georgieni, re\u021binu\u021bi dup\u0103 o serie de furturi din autoturisme! Erau viza\u021bi de anchete \u00een mai multe state europene<\/a><\/h3>\n<div class=\"el-content uk-panel uk-margin-small-top\">Doi b\u0103rba\u021bi, \u00een v\u00e2rst\u0103 de 40 \u0219i 47 de ani, au fost re\u021binu\u021bi de poli\u021bi\u0219ti dup\u0103 ce au fost prin\u0219i \u00een trafic, fiind suspecta\u021bi de comiterea mai multor furturi din autoturisme. Sursa de Vest See Full Bio<\/div>\n<div class=\"uk-margin-top\"><a href=\"https:\/\/www.sursadevest.ro\/doi-cetateni-georgieni-retinuti-dupa-o-serie-de-furturi-din-autoturisme-erau-vizati-de-anchete-in-mai-multe-state-europene\/\" class=\"el-link uk-button uk-button-text\">Vezi detalii<\/a><\/div>\n<\/div>\n<\/div>\n<div>\n<div class=\"el-item uk-panel uk-margin-remove-first-child\"><a href=\"https:\/\/www.sursadevest.ro\/mii-de-timisoreni-astaptati-sa-participe-la-pelerinajul-de-florii-restrictii-de-trafic-in-zona-centrala\/\"><br \/>\n<source type=\"image\/webp\" srcset=\"\/wp-content\/themes\/yootheme\/cache\/14\/pelerinaj-florii-144514c3.webp 610w, \/wp-content\/themes\/yootheme\/cache\/87\/pelerinaj-florii-87c341dd.webp 768w, \/wp-content\/themes\/yootheme\/cache\/74\/pelerinaj-florii-74018c8f.webp 947w\" sizes=\"(min-width: 610px) 610px\" \/><\/a><\/p>\n<div class=\"el-meta uk-h6 uk-text-primary uk-margin-top uk-margin-remove-bottom\"><time datetime=\"2026-04-04T10:49:42+02:00\">4 aprilie, 2026<\/time> | <a href=\"https:\/\/www.sursadevest.ro\/author\/petronela\/\">Sursa de Vest<\/a> | <a href=\"https:\/\/www.sursadevest.ro\/categorie\/stiri\/eveniment\/\" rel=\"tag\">Eveniment<\/a>, <a href=\"https:\/\/www.sursadevest.ro\/categorie\/stiri\/\" rel=\"tag\">\u0218tiri<\/a> | <a href=\"https:\/\/www.sursadevest.ro\/mii-de-timisoreni-astaptati-sa-participe-la-pelerinajul-de-florii-restrictii-de-trafic-in-zona-centrala\/#respond\">Niciun comentariu<span class=\"screen-reader-text\"> la Mii de timi\u0219oreni, a\u0219tapta\u021bi s\u0103 participe la Pelerinajul de Florii! Restric\u021bii de trafic \u00een zona central\u0103<\/span><\/a><\/div>\n<h3 class=\"el-title uk-h4 uk-link-reset uk-margin-small-top uk-margin-remove-bottom\"><a href=\"https:\/\/www.sursadevest.ro\/mii-de-timisoreni-astaptati-sa-participe-la-pelerinajul-de-florii-restrictii-de-trafic-in-zona-centrala\/\">Mii de timi\u0219oreni, a\u0219tapta\u021bi s\u0103 participe la Pelerinajul de Florii! Restric\u021bii de trafic \u00een zona central\u0103<\/a><\/h3>\n<div class=\"el-content uk-panel uk-margin-small-top\">Arhiepiscopia Timi\u0219oarei organizeaz\u0103 ast\u0103zi, tradi\u021bionalul pelerinaj de Florii, eveniment religios care precede s\u0103rb\u0103toarea Intr\u0103rii Domnului \u00een Ierusalim. Sursa de Vest See Full Bio<\/div>\n<div class=\"uk-margin-top\"><a href=\"https:\/\/www.sursadevest.ro\/mii-de-timisoreni-astaptati-sa-participe-la-pelerinajul-de-florii-restrictii-de-trafic-in-zona-centrala\/\" class=\"el-link uk-button uk-button-text\">Vezi detalii<\/a><\/div>\n<\/div>\n<\/div>\n<div>\n<div class=\"el-item uk-panel uk-margin-remove-first-child\"><a href=\"https:\/\/www.sursadevest.ro\/timisoara-devine-capitala-roboticii-va-gazdui-robotec-o-competitie-internationala-pentru-studenti-si-liceeni\/\"><img decoding=\"async\" src=\"https:\/\/www.sursadevest.ro\/wp-content\/uploads\/2026\/04\/robot-robotech.gif\" width=\"610\" height=\"381\" alt loading=\"lazy\" class=\"el-image uk-border-rounded\"><\/a><\/p>\n<div class=\"el-meta uk-h6 uk-text-primary uk-margin-top uk-margin-remove-bottom\"><time datetime=\"2026-04-04T09:45:00+02:00\">4 aprilie, 2026<\/time> | <a href=\"https:\/\/www.sursadevest.ro\/author\/petronela\/\">Sursa de Vest<\/a> | <a href=\"https:\/\/www.sursadevest.ro\/categorie\/stiri\/educatie\/\" rel=\"tag\">Educa\u021bie<\/a>, <a href=\"https:\/\/www.sursadevest.ro\/categorie\/stiri\/eveniment\/\" rel=\"tag\">Eveniment<\/a>, <a href=\"https:\/\/www.sursadevest.ro\/categorie\/stiri\/\" rel=\"tag\">\u0218tiri<\/a> | <a href=\"https:\/\/www.sursadevest.ro\/timisoara-devine-capitala-roboticii-va-gazdui-robotec-o-competitie-internationala-pentru-studenti-si-liceeni\/#respond\">Niciun comentariu<span class=\"screen-reader-text\"> la Timi\u0219oara devine capitala roboticii! Va g\u0103zdui \u201eRoboTEC\u201d, o competi\u021bie interna\u021bional\u0103 pentru studen\u021bi \u0219i liceeni<\/span><\/a><\/div>\n<h3 class=\"el-title uk-h4 uk-link-reset uk-margin-small-top uk-margin-remove-bottom\"><a href=\"https:\/\/www.sursadevest.ro\/timisoara-devine-capitala-roboticii-va-gazdui-robotec-o-competitie-internationala-pentru-studenti-si-liceeni\/\">Timi\u0219oara devine capitala roboticii! Va g\u0103zdui \u201eRoboTEC\u201d, o competi\u021bie interna\u021bional\u0103 pentru studen\u021bi \u0219i liceeni<\/a><\/h3>\n<div class=\"el-content uk-panel uk-margin-small-top\">Liga Studen\u021bilor din cadrul Facult\u0103\u021bii de Automatic\u0103 \u0219i Calculatoare anun\u021b\u0103 cea de-a opta edi\u021bie a competi\u021biei interna\u021bionale RoboTEC (Robot Engineering Contest). Sursa de Vest See Full Bio<\/div>\n<div class=\"uk-margin-top\"><a href=\"https:\/\/www.sursadevest.ro\/timisoara-devine-capitala-roboticii-va-gazdui-robotec-o-competitie-internationala-pentru-studenti-si-liceeni\/\" class=\"el-link uk-button uk-button-text\">Vezi detalii<\/a><\/div>\n<\/div>\n<\/div>\n<div>\n<div class=\"el-item uk-panel uk-margin-remove-first-child\"><a href=\"https:\/\/www.sursadevest.ro\/elevii-intra-de-astazi-in-vacanta-de-paste-cand-revin-la-cursuri\/\"><br \/>\n<source type=\"image\/webp\" srcset=\"\/wp-content\/themes\/yootheme\/cache\/8a\/elevi-picioare-8a82456a.webp 610w, \/wp-content\/themes\/yootheme\/cache\/67\/elevi-picioare-670a44e8.webp 768w, \/wp-content\/themes\/yootheme\/cache\/97\/elevi-picioare-975c2050.webp 900w\" sizes=\"(min-width: 610px) 610px\" \/><\/a><\/p>\n<div class=\"el-meta uk-h6 uk-text-primary uk-margin-top uk-margin-remove-bottom\"><time datetime=\"2026-04-04T09:37:38+02:00\">4 aprilie, 2026<\/time> | <a href=\"https:\/\/www.sursadevest.ro\/author\/petronela\/\">Sursa de Vest<\/a> | <a href=\"https:\/\/www.sursadevest.ro\/categorie\/stiri\/educatie\/\" rel=\"tag\">Educa\u021bie<\/a>, <a href=\"https:\/\/www.sursadevest.ro\/categorie\/stiri\/eveniment\/\" rel=\"tag\">Eveniment<\/a>, <a href=\"https:\/\/www.sursadevest.ro\/categorie\/stiri\/\" rel=\"tag\">\u0218tiri<\/a> | <a href=\"https:\/\/www.sursadevest.ro\/elevii-intra-de-astazi-in-vacanta-de-paste-cand-revin-la-cursuri\/#respond\">Niciun comentariu<span class=\"screen-reader-text\"> la A \u00eenceput vacan\u021ba de Pa\u0219te pentru elevi! C\u00e2nd revin la cursuri?<\/span><\/a><\/div>\n<h3 class=\"el-title uk-h4 uk-link-reset uk-margin-small-top uk-margin-remove-bottom\"><a href=\"https:\/\/www.sursadevest.ro\/elevii-intra-de-astazi-in-vacanta-de-paste-cand-revin-la-cursuri\/\">A \u00eenceput vacan\u021ba de Pa\u0219te pentru elevi! C\u00e2nd revin la cursuri?<\/a><\/h3>\n<div class=\"el-content uk-panel uk-margin-small-top\">Elevii din Rom\u00e2nia intr\u0103, \u00eencep\u00e2nd de ast\u0103zi, \u00een vacan\u021ba prilejuit\u0103 de s\u0103rb\u0103torile pascale. Sursa de Vest See Full Bio<\/div>\n<div class=\"uk-margin-top\"><a href=\"https:\/\/www.sursadevest.ro\/elevii-intra-de-astazi-in-vacanta-de-paste-cand-revin-la-cursuri\/\" class=\"el-link uk-button uk-button-text\">Vezi detalii<\/a><\/div>\n<\/div>\n<\/div>\n<div>\n<div class=\"el-item uk-panel uk-margin-remove-first-child\"><a href=\"https:\/\/www.sursadevest.ro\/scene-violente-in-judetul-timis-doi-padurari-batuti-de-hotii-de-lemne-au-fost-loviti-cu-parul\/\"><br \/>\n<source type=\"image\/webp\" srcset=\"\/wp-content\/themes\/yootheme\/cache\/44\/ranger-agresati-4419aefc.webp 610w, \/wp-content\/themes\/yootheme\/cache\/d8\/ranger-agresati-d8058c9e.webp 768w, \/wp-content\/themes\/yootheme\/cache\/28\/ranger-agresati-2853e826.webp 900w\" sizes=\"(min-width: 610px) 610px\" \/><\/a><\/p>\n<div class=\"el-meta uk-h6 uk-text-primary uk-margin-top uk-margin-remove-bottom\"><time datetime=\"2026-04-03T20:34:50+02:00\">3 aprilie, 2026<\/time> | <a href=\"https:\/\/www.sursadevest.ro\/author\/petronela\/\">Sursa de Vest<\/a> | <a href=\"https:\/\/www.sursadevest.ro\/categorie\/stiri\/eveniment\/\" rel=\"tag\">Eveniment<\/a>, <a href=\"https:\/\/www.sursadevest.ro\/categorie\/stiri\/\" rel=\"tag\">\u0218tiri<\/a> | <a href=\"https:\/\/www.sursadevest.ro\/scene-violente-in-judetul-timis-doi-padurari-batuti-de-hotii-de-lemne-au-fost-loviti-cu-parul\/#respond\">Niciun comentariu<span class=\"screen-reader-text\"> la Scene violente, \u00een jude\u021bul Timi\u0219! Doi p\u0103durari, b\u0103tu\u021bi de ho\u021bii de lemne! Au fost lovi\u021bi cu parul<\/span><\/a><\/div>\n<h3 class=\"el-title uk-h4 uk-link-reset uk-margin-small-top uk-margin-remove-bottom\"><a href=\"https:\/\/www.sursadevest.ro\/scene-violente-in-judetul-timis-doi-padurari-batuti-de-hotii-de-lemne-au-fost-loviti-cu-parul\/\">Scene violente, \u00een jude\u021bul Timi\u0219! Doi p\u0103durari, b\u0103tu\u021bi de ho\u021bii de lemne! Au fost lovi\u021bi cu parul<\/a><\/h3>\n<div class=\"el-content uk-panel uk-margin-small-top\">Scandal uria\u0219, \u00eentr-o arie natural\u0103 protejat\u0103 din vestul \u021b\u0103rii, unde doi rangeri ai Administra\u021biei Parcul Natural Lunca Mure\u0219ului au fost agresa\u021bi \u0219i amenin\u021ba\u021bi cu moartea, dup\u0103 ce au surprins mai multe persoane la furat de lemne. Sursa de Vest See Full Bio<\/div>\n<div class=\"uk-margin-top\"><a href=\"https:\/\/www.sursadevest.ro\/scene-violente-in-judetul-timis-doi-padurari-batuti-de-hotii-de-lemne-au-fost-loviti-cu-parul\/\" class=\"el-link uk-button uk-button-text\">Vezi detalii<\/a><\/div>\n<\/div>\n<\/div>\n<div>\n<div class=\"el-item uk-panel uk-margin-remove-first-child\"><a href=\"https:\/\/www.sursadevest.ro\/managerul-teatrului-national-din-timisoara-aplaudat-la-scena-deschisa-dupa-doua-decenii-de-activitate-ada-hausvater-preia-conducerea-tnb\/\"><br \/>\n<source type=\"image\/webp\" srcset=\"\/wp-content\/themes\/yootheme\/cache\/59\/ada-lupu-hausvater-5924fc79.webp 610w, \/wp-content\/themes\/yootheme\/cache\/ca\/ada-lupu-hausvater-caad5e5e.webp 768w, \/wp-content\/themes\/yootheme\/cache\/51\/ada-lupu-hausvater-51ef9513.webp 1024w, \/wp-content\/themes\/yootheme\/cache\/c6\/ada-lupu-hausvater-c679d55d.webp 1220w\" sizes=\"(min-width: 610px) 610px\" \/><\/a><\/p>\n<div class=\"el-meta uk-h6 uk-text-primary uk-margin-top uk-margin-remove-bottom\"><time datetime=\"2026-04-03T19:22:00+02:00\">3 aprilie, 2026<\/time> | <a href=\"https:\/\/www.sursadevest.ro\/author\/petronela\/\">Sursa de Vest<\/a> | <a href=\"https:\/\/www.sursadevest.ro\/categorie\/stiri\/cultura\/\" rel=\"tag\">Cultur\u0103<\/a>, <a href=\"https:\/\/www.sursadevest.ro\/categorie\/stiri\/eveniment\/\" rel=\"tag\">Eveniment<\/a>, <a href=\"https:\/\/www.sursadevest.ro\/categorie\/stiri\/\" rel=\"tag\">\u0218tiri<\/a> | <a href=\"https:\/\/www.sursadevest.ro\/managerul-teatrului-national-din-timisoara-aplaudat-la-scena-deschisa-dupa-doua-decenii-de-activitate-ada-hausvater-preia-conducerea-tnb\/#respond\">Niciun comentariu<span class=\"screen-reader-text\"> la Managerul Teatrului Na\u021bional din Timi\u0219oara, aplaudat la scen\u0103 deschis\u0103 dup\u0103 dou\u0103 decenii de activitate! Ada Hausvater preia conducerea TNB<\/span><\/a><\/div>\n<h3 class=\"el-title uk-h4 uk-link-reset uk-margin-small-top uk-margin-remove-bottom\"><a href=\"https:\/\/www.sursadevest.ro\/managerul-teatrului-national-din-timisoara-aplaudat-la-scena-deschisa-dupa-doua-decenii-de-activitate-ada-hausvater-preia-conducerea-tnb\/\">Managerul Teatrului Na\u021bional din Timi\u0219oara, aplaudat la scen\u0103 deschis\u0103 dup\u0103 dou\u0103 decenii de activitate! Ada Hausvater preia conducerea TNB<\/a><\/h3>\n<div class=\"el-content uk-panel uk-margin-small-top\">Momente emo\u021bionante, \u00een aceast\u0103 diminea\u021b\u0103, la Teatrul Na\u021bional din Timi\u0219oara, unde echipa institu\u021biei \u0219i-a aplaudat \u00een picioare managerul, Ada Hausvater, la finalul unui parcurs de aproape 21 de ani \u00een fruntea teatrului. Sursa de Vest See Full Bio<\/div>\n<div class=\"uk-margin-top\"><a href=\"https:\/\/www.sursadevest.ro\/managerul-teatrului-national-din-timisoara-aplaudat-la-scena-deschisa-dupa-doua-decenii-de-activitate-ada-hausvater-preia-conducerea-tnb\/\" class=\"el-link uk-button uk-button-text\">Vezi detalii<\/a><\/div>\n<\/div>\n<\/div>\n<div>\n<div class=\"el-item uk-panel uk-margin-remove-first-child\"><a href=\"https:\/\/www.sursadevest.ro\/video-masina-rasturnata-in-mijlocul-strazii-intervin-pompierii-de-la-descarcerare\/\"><br \/>\n<source type=\"image\/webp\" srcset=\"\/wp-content\/themes\/yootheme\/cache\/52\/accident-525630da.webp 610w, \/wp-content\/themes\/yootheme\/cache\/a2\/accident-a2245cf3.webp 768w, \/wp-content\/themes\/yootheme\/cache\/b0\/accident-b0872c1d.webp 851w\" sizes=\"(min-width: 610px) 610px\" \/><\/a><\/p>\n<div class=\"el-meta uk-h6 uk-text-primary uk-margin-top uk-margin-remove-bottom\"><time datetime=\"2026-04-03T14:21:59+02:00\">3 aprilie, 2026<\/time> | <a href=\"https:\/\/www.sursadevest.ro\/author\/petronela\/\">Sursa de Vest<\/a> | <a href=\"https:\/\/www.sursadevest.ro\/categorie\/stiri\/eveniment\/\" rel=\"tag\">Eveniment<\/a>, <a href=\"https:\/\/www.sursadevest.ro\/categorie\/stiri\/\" rel=\"tag\">\u0218tiri<\/a> | <a href=\"https:\/\/www.sursadevest.ro\/video-masina-rasturnata-in-mijlocul-strazii-intervin-pompierii-de-la-descarcerare\/#respond\">Niciun comentariu<span class=\"screen-reader-text\"> la VIDEO Ma\u0219in\u0103 r\u0103sturnat\u0103 \u00een mijlocul str\u0103zii! Intervin pompierii de la descarcerare<\/span><\/a><\/div>\n<h3 class=\"el-title uk-h4 uk-link-reset uk-margin-small-top uk-margin-remove-bottom\"><a href=\"https:\/\/www.sursadevest.ro\/video-masina-rasturnata-in-mijlocul-strazii-intervin-pompierii-de-la-descarcerare\/\">VIDEO Ma\u0219in\u0103 r\u0103sturnat\u0103 \u00een mijlocul str\u0103zii! Intervin pompierii de la descarcerare<\/a><\/h3>\n<div class=\"el-content uk-panel uk-margin-small-top\">Accident grav pe Bulevardul Revolu\u021biei din Arad, \u00een zona Ziridava. O ma\u0219in\u0103 s-a r\u0103sturnat pe carosabil. Sursa de Vest See Full Bio<\/div>\n<div class=\"uk-margin-top\"><a href=\"https:\/\/www.sursadevest.ro\/video-masina-rasturnata-in-mijlocul-strazii-intervin-pompierii-de-la-descarcerare\/\" class=\"el-link uk-button uk-button-text\">Vezi detalii<\/a><\/div>\n<\/div>\n<\/div>\n<div>\n<div class=\"el-item uk-panel uk-margin-remove-first-child\"><a href=\"https:\/\/www.sursadevest.ro\/bugetul-consiliului-judetean-timis-desaga-fara-fund-simonis-vrea-sa-dea-bani-primarilor-care-scot-jocurile-de-noroc-din-localitate\/\"><br \/>\n<source type=\"image\/webp\" srcset=\"\/wp-content\/themes\/yootheme\/cache\/69\/jocuri-de-noroc-6975a332.webp 610w, \/wp-content\/themes\/yootheme\/cache\/ae\/jocuri-de-noroc-ae248903.webp 768w, \/wp-content\/themes\/yootheme\/cache\/5e\/jocuri-de-noroc-5e72edbb.webp 900w\" sizes=\"(min-width: 610px) 610px\" \/><\/a><\/p>\n<div class=\"el-meta uk-h6 uk-text-primary uk-margin-top uk-margin-remove-bottom\"><time datetime=\"2026-04-03T14:09:36+02:00\">3 aprilie, 2026<\/time> | <a href=\"https:\/\/www.sursadevest.ro\/author\/petronela\/\">Sursa de Vest<\/a> | <a href=\"https:\/\/www.sursadevest.ro\/categorie\/stiri\/eveniment\/\" rel=\"tag\">Eveniment<\/a>, <a href=\"https:\/\/www.sursadevest.ro\/categorie\/stiri\/\" rel=\"tag\">\u0218tiri<\/a> | <a href=\"https:\/\/www.sursadevest.ro\/bugetul-consiliului-judetean-timis-desaga-fara-fund-simonis-vrea-sa-dea-bani-primarilor-care-scot-jocurile-de-noroc-din-localitate\/#respond\">Niciun comentariu<span class=\"screen-reader-text\"> la Bugetul Consiliului Jude\u021bean Timi\u0219, desag\u0103 f\u0103r\u0103 fund! Simonis vrea s\u0103 dea bani primarilor care scot jocurile de noroc din localitate<\/span><\/a><\/div>\n<h3 class=\"el-title uk-h4 uk-link-reset uk-margin-small-top uk-margin-remove-bottom\"><a href=\"https:\/\/www.sursadevest.ro\/bugetul-consiliului-judetean-timis-desaga-fara-fund-simonis-vrea-sa-dea-bani-primarilor-care-scot-jocurile-de-noroc-din-localitate\/\">Bugetul Consiliului Jude\u021bean Timi\u0219, desag\u0103 f\u0103r\u0103 fund! Simonis vrea s\u0103 dea bani primarilor care scot jocurile de noroc din localitate<\/a><\/h3>\n<div class=\"el-content uk-panel uk-margin-small-top\">Pre\u0219edintele Consiliului Jude\u021bean Timi\u0219, Alfred Simonis, revine \u00een postura unui deschiz\u0103tor de drumuri \u0219i anun\u021b\u0103 stimulente financiare pentru prim\u0103riile care vor scoate din localitate p\u0103c\u0103nelele. Sursa de Vest See Full Bio<\/div>\n<div class=\"uk-margin-top\"><a href=\"https:\/\/www.sursadevest.ro\/bugetul-consiliului-judetean-timis-desaga-fara-fund-simonis-vrea-sa-dea-bani-primarilor-care-scot-jocurile-de-noroc-din-localitate\/\" class=\"el-link uk-button uk-button-text\">Vezi detalii<\/a><\/div>\n<\/div>\n<\/div>\n<div>\n<div class=\"el-item uk-panel uk-margin-remove-first-child\"><a href=\"https:\/\/www.sursadevest.ro\/pietele-din-timisoara-s-au-umplut-de-verdeturi-de-sezon-cat-costa-salata-ridichile-sau-spanacul\/\"><img decoding=\"async\" src=\"https:\/\/www.sursadevest.ro\/wp-content\/uploads\/2026\/04\/legume-piata6.gif\" width=\"610\" height=\"381\" alt loading=\"lazy\" class=\"el-image uk-border-rounded\"><\/a><\/p>\n<div class=\"el-meta uk-h6 uk-text-primary uk-margin-top uk-margin-remove-bottom\"><time datetime=\"2026-04-03T13:34:51+02:00\">3 aprilie, 2026<\/time> | <a href=\"https:\/\/www.sursadevest.ro\/author\/petronela\/\">Sursa de Vest<\/a> | <a href=\"https:\/\/www.sursadevest.ro\/categorie\/stiri\/eveniment\/\" rel=\"tag\">Eveniment<\/a>, <a href=\"https:\/\/www.sursadevest.ro\/categorie\/stiri\/\" rel=\"tag\">\u0218tiri<\/a> | <a href=\"https:\/\/www.sursadevest.ro\/pietele-din-timisoara-s-au-umplut-de-verdeturi-de-sezon-cat-costa-salata-ridichile-sau-spanacul\/#respond\">Niciun comentariu<span class=\"screen-reader-text\"> la Pie\u021bele din Timi\u0219oara s-au umplut de verde\u021buri de sezon. C\u00e2t cost\u0103 salata, ridichile sau spanacul?<\/span><\/a><\/div>\n<h3 class=\"el-title uk-h4 uk-link-reset uk-margin-small-top uk-margin-remove-bottom\"><a href=\"https:\/\/www.sursadevest.ro\/pietele-din-timisoara-s-au-umplut-de-verdeturi-de-sezon-cat-costa-salata-ridichile-sau-spanacul\/\">Pie\u021bele din Timi\u0219oara s-au umplut de verde\u021buri de sezon. C\u00e2t cost\u0103 salata, ridichile sau spanacul?<\/a><\/h3>\n<div class=\"el-content uk-panel uk-margin-small-top\">Tarabele pie\u021belor din Timi\u0219oara s-au umplut, \u00een aceast\u0103 perioad\u0103, de verde\u021buri proaspete, semn c\u0103 sezonul de prim\u0103var\u0103 s-a instalat \u00een for\u021b\u0103. Sursa de Vest See Full Bio<\/div>\n<div class=\"uk-margin-top\"><a href=\"https:\/\/www.sursadevest.ro\/pietele-din-timisoara-s-au-umplut-de-verdeturi-de-sezon-cat-costa-salata-ridichile-sau-spanacul\/\" class=\"el-link uk-button uk-button-text\">Vezi detalii<\/a><\/div>\n<\/div>\n<\/div>\n<div>\n<div class=\"el-item uk-panel uk-margin-remove-first-child\"><a href=\"https:\/\/www.sursadevest.ro\/atentie-soferi-urmeaza-noi-restrictii-de-circulatie-la-timisoara-2\/\"><br \/>\n<source type=\"image\/webp\" srcset=\"\/wp-content\/themes\/yootheme\/cache\/8b\/restrictii-circulatie-8b8f8058.webp 610w, \/wp-content\/themes\/yootheme\/cache\/e7\/restrictii-circulatie-e7cef01e.webp 768w, \/wp-content\/themes\/yootheme\/cache\/3d\/restrictii-circulatie-3d604f53.webp 960w\" sizes=\"(min-width: 610px) 610px\" \/><\/a><\/p>\n<div class=\"el-meta uk-h6 uk-text-primary uk-margin-top uk-margin-remove-bottom\"><time datetime=\"2026-04-03T12:38:36+02:00\">3 aprilie, 2026<\/time> | <a href=\"https:\/\/www.sursadevest.ro\/author\/petronela\/\">Sursa de Vest<\/a> | <a href=\"https:\/\/www.sursadevest.ro\/categorie\/stiri\/eveniment\/\" rel=\"tag\">Eveniment<\/a>, <a href=\"https:\/\/www.sursadevest.ro\/categorie\/stiri\/\" rel=\"tag\">\u0218tiri<\/a> | <a href=\"https:\/\/www.sursadevest.ro\/atentie-soferi-urmeaza-noi-restrictii-de-circulatie-la-timisoara-2\/#respond\">Niciun comentariu<span class=\"screen-reader-text\"> la Aten\u021bie, \u0219oferi! Urmeaz\u0103 noi restric\u021bii de circula\u021bie, la Timi\u0219oara<\/span><\/a><\/div>\n<h3 class=\"el-title uk-h4 uk-link-reset uk-margin-small-top uk-margin-remove-bottom\"><a href=\"https:\/\/www.sursadevest.ro\/atentie-soferi-urmeaza-noi-restrictii-de-circulatie-la-timisoara-2\/\">Aten\u021bie, \u0219oferi! Urmeaz\u0103 noi restric\u021bii de circula\u021bie, la Timi\u0219oara<\/a><\/h3>\n<div class=\"el-content uk-panel uk-margin-small-top\">La solicitarea Aquatim \u0219i Del Gaz, comisia de circula\u021bie din cadrul Prim\u0103riei Timi\u0219oara a avizat restric\u021bionarea traficului rutier \u00een mai multe zone din ora\u0219, \u00een vederea continu\u0103rii lucr\u0103rilor la infrastructura de gaz \u0219i canalizare a ora\u0219ului. Sursa de Vest See Full Bio<\/div>\n<div class=\"uk-margin-top\"><a href=\"https:\/\/www.sursadevest.ro\/atentie-soferi-urmeaza-noi-restrictii-de-circulatie-la-timisoara-2\/\" class=\"el-link uk-button uk-button-text\">Vezi detalii<\/a><\/div>\n<\/div>\n<\/div>\n<div>\n<div class=\"el-item uk-panel uk-margin-remove-first-child\"><a href=\"https:\/\/www.sursadevest.ro\/primaria-timisoara-primeste-bani-europeni-pentru-extinderea-unei-scoli-dar-pierde-fondurile-pentru-reabilitarea-alteia\/\"><br \/>\n<source type=\"image\/webp\" srcset=\"\/wp-content\/themes\/yootheme\/cache\/42\/scoala-gimnaziala-7-42f23f3f.webp 610w, \/wp-content\/themes\/yootheme\/cache\/39\/scoala-gimnaziala-7-3975bfd7.webp 768w, \/wp-content\/themes\/yootheme\/cache\/de\/scoala-gimnaziala-7-de12bd40.webp 852w\" sizes=\"(min-width: 610px) 610px\" \/><\/a><\/p>\n<div class=\"el-meta uk-h6 uk-text-primary uk-margin-top uk-margin-remove-bottom\"><time datetime=\"2026-04-03T12:26:24+02:00\">3 aprilie, 2026<\/time> | <a href=\"https:\/\/www.sursadevest.ro\/author\/petronela\/\">Sursa de Vest<\/a> | <a href=\"https:\/\/www.sursadevest.ro\/categorie\/stiri\/eveniment\/\" rel=\"tag\">Eveniment<\/a>, <a href=\"https:\/\/www.sursadevest.ro\/categorie\/stiri\/\" rel=\"tag\">\u0218tiri<\/a> | <a href=\"https:\/\/www.sursadevest.ro\/primaria-timisoara-primeste-bani-europeni-pentru-extinderea-unei-scoli-dar-pierde-fondurile-pentru-reabilitarea-alteia\/#respond\">Niciun comentariu<span class=\"screen-reader-text\"> la Prim\u0103ria Timi\u0219oara prime\u0219te bani europeni pentru extinderea unei \u0219coli, dar pierde fondurile pentru reabilitarea alteia<\/span><\/a><\/div>\n<h3 class=\"el-title uk-h4 uk-link-reset uk-margin-small-top uk-margin-remove-bottom\"><a href=\"https:\/\/www.sursadevest.ro\/primaria-timisoara-primeste-bani-europeni-pentru-extinderea-unei-scoli-dar-pierde-fondurile-pentru-reabilitarea-alteia\/\">Prim\u0103ria Timi\u0219oara prime\u0219te bani europeni pentru extinderea unei \u0219coli, dar pierde fondurile pentru reabilitarea alteia<\/a><\/h3>\n<div class=\"el-content uk-panel uk-margin-small-top\">Prim\u0103ria Timi\u0219oara asigur\u0103 finan\u021barea din bugetul local pentru dou\u0103 proiecte de investi\u021bii \u00een infrastructura \u0219colar\u0103. Sursa de Vest See Full Bio<\/div>\n<div class=\"uk-margin-top\"><a href=\"https:\/\/www.sursadevest.ro\/primaria-timisoara-primeste-bani-europeni-pentru-extinderea-unei-scoli-dar-pierde-fondurile-pentru-reabilitarea-alteia\/\" class=\"el-link uk-button uk-button-text\">Vezi detalii<\/a><\/div>\n<\/div>\n<\/div>\n<\/div>\n<\/div>\n<\/div>\n<div class=\"uk-width-1-3@m\">\n<h2 class=\"uk-h4\">        Alte articole    <\/h2>\n<div class=\"uk-margin\">\n<div class=\"uk-grid uk-child-width-1-1 uk-child-width-1-2@s uk-child-width-1-1@m uk-grid-small uk-grid-divider uk-grid-match\">\n<div>\n<div class=\"el-item uk-panel\">\n<div class=\"uk-grid-column-small\">\n<div class=\"uk-width-auto\"><a href=\"https:\/\/www.sursadevest.ro\/sarbatoare-mare-pentru-crestinii-ortodocsi-astazi-este-duminica-floriilor-ce-semnificatii-are-3\/\"><br \/>\n<source type=\"image\/webp\" srcset=\"\/wp-content\/themes\/yootheme\/cache\/4c\/catedrala-florii-4c7412c9.webp 75w, \/wp-content\/themes\/yootheme\/cache\/14\/catedrala-florii-14378574.webp 150w\" sizes=\"(min-width: 75px) 75px\" \/><\/a><\/div>\n<div class=\"uk-width-expand uk-margin-remove-first-child\">\n<div class=\"el-meta uk-h6 uk-text-primary uk-margin-top uk-margin-remove-bottom\">5 aprilie, 2026<\/div>\n<h3 class=\"el-title uk-h5 uk-link-reset uk-margin-remove-top uk-margin-remove-bottom\"><a href=\"https:\/\/www.sursadevest.ro\/sarbatoare-mare-pentru-crestinii-ortodocsi-astazi-este-duminica-floriilor-ce-semnificatii-are-3\/\">S\u0103rb\u0103toare mare pentru cre\u0219tinii ortodoc\u0219i! Ast\u0103zi este Duminica Floriilor! Ce semnifica\u021bii are?<\/a><\/h3>\n<div class=\"uk-margin-small-top\"><a href=\"https:\/\/www.sursadevest.ro\/sarbatoare-mare-pentru-crestinii-ortodocsi-astazi-este-duminica-floriilor-ce-semnificatii-are-3\/\" class=\"el-link uk-button uk-button-text\">Vezi detalii<\/a><\/div>\n<\/div>\n<\/div>\n<\/div>\n<\/div>\n<div>\n<div class=\"el-item uk-panel\">\n<div class=\"uk-grid-column-small\">\n<div class=\"uk-width-auto\"><a href=\"https:\/\/www.sursadevest.ro\/barbat-gasit-carbonizat-intr-un-imobil-cuprins-de-flacari-politistii-au-deschis-dosar-penal\/\"><br \/>\n<source type=\"image\/webp\" srcset=\"\/wp-content\/themes\/yootheme\/cache\/78\/incendiu-7883d8e8.webp 75w, \/wp-content\/themes\/yootheme\/cache\/f4\/incendiu-f400836e.webp 150w\" sizes=\"(min-width: 75px) 75px\" \/><\/a><\/div>\n<div class=\"uk-width-expand uk-margin-remove-first-child\">\n<div class=\"el-meta uk-h6 uk-text-primary uk-margin-top uk-margin-remove-bottom\">5 aprilie, 2026<\/div>\n<h3 class=\"el-title uk-h5 uk-link-reset uk-margin-remove-top uk-margin-remove-bottom\"><a href=\"https:\/\/www.sursadevest.ro\/barbat-gasit-carbonizat-intr-un-imobil-cuprins-de-flacari-politistii-au-deschis-dosar-penal\/\">B\u0103rbat g\u0103sit carbonizat \u00eentr-un imobil cuprins de fl\u0103c\u0103ri! Poli\u021bi\u0219tii au deschis dosar penal<\/a><\/h3>\n<div class=\"uk-margin-small-top\"><a href=\"https:\/\/www.sursadevest.ro\/barbat-gasit-carbonizat-intr-un-imobil-cuprins-de-flacari-politistii-au-deschis-dosar-penal\/\" class=\"el-link uk-button uk-button-text\">Vezi detalii<\/a><\/div>\n<\/div>\n<\/div>\n<\/div>\n<\/div>\n<div>\n<div class=\"el-item uk-panel\">\n<div class=\"uk-grid-column-small\">\n<div class=\"uk-width-auto\"><a href=\"https:\/\/www.sursadevest.ro\/explozie-de-turisti-romani-in-caraibe-ce-spun-reprezentantii-marilor-hoteluri-despre-interesul-urias-pentru-aceasta-destinatie\/\"><br \/>\n<source type=\"image\/webp\" srcset=\"\/wp-content\/themes\/yootheme\/cache\/e0\/caraibe-e0b35a4d.webp 75w, \/wp-content\/themes\/yootheme\/cache\/b0\/caraibe-b0970531.webp 150w\" sizes=\"(min-width: 75px) 75px\" \/><\/a><\/div>\n<div class=\"uk-width-expand uk-margin-remove-first-child\">\n<div class=\"el-meta uk-h6 uk-text-primary uk-margin-top uk-margin-remove-bottom\">5 aprilie, 2026<\/div>\n<h3 class=\"el-title uk-h5 uk-link-reset uk-margin-remove-top uk-margin-remove-bottom\"><a href=\"https:\/\/www.sursadevest.ro\/explozie-de-turisti-romani-in-caraibe-ce-spun-reprezentantii-marilor-hoteluri-despre-interesul-urias-pentru-aceasta-destinatie\/\">Explozie de turi\u0219ti rom\u00e2ni \u00een Caraibe! Ce spun reprezentan\u021bii marilor hoteluri despre interesul uria\u0219 pentru aceast\u0103 destina\u021bie?<\/a><\/h3>\n<div class=\"uk-margin-small-top\"><a href=\"https:\/\/www.sursadevest.ro\/explozie-de-turisti-romani-in-caraibe-ce-spun-reprezentantii-marilor-hoteluri-despre-interesul-urias-pentru-aceasta-destinatie\/\" class=\"el-link uk-button uk-button-text\">Vezi detalii<\/a><\/div>\n<\/div>\n<\/div>\n<\/div>\n<\/div>\n<div>\n<div class=\"el-item uk-panel\">\n<div class=\"uk-grid-column-small\">\n<div class=\"uk-width-auto\"><a href=\"https:\/\/www.sursadevest.ro\/mesajul-de-paste-al-excelentei-sale-iosif-csaba-pal-episcop-diecezan-de-timisoara\/\"><br \/>\n<source type=\"image\/webp\" srcset=\"\/wp-content\/themes\/yootheme\/cache\/2e\/iosif-csaba-pal-2ea38a55.webp 75w, \/wp-content\/themes\/yootheme\/cache\/bc\/iosif-csaba-pal-bc1df995.webp 150w\" sizes=\"(min-width: 75px) 75px\" \/><\/a><\/div>\n<div class=\"uk-width-expand uk-margin-remove-first-child\">\n<div class=\"el-meta uk-h6 uk-text-primary uk-margin-top uk-margin-remove-bottom\">5 aprilie, 2026<\/div>\n<h3 class=\"el-title uk-h5 uk-link-reset uk-margin-remove-top uk-margin-remove-bottom\"><a href=\"https:\/\/www.sursadevest.ro\/mesajul-de-paste-al-excelentei-sale-iosif-csaba-pal-episcop-diecezan-de-timisoara\/\">Mesajul de Pa\u0219te al Excelen\u021bei Sale Iosif Csaba P\u00e1l, episcop diecezan de Timi\u0219oara!<\/a><\/h3>\n<div class=\"uk-margin-small-top\"><a href=\"https:\/\/www.sursadevest.ro\/mesajul-de-paste-al-excelentei-sale-iosif-csaba-pal-episcop-diecezan-de-timisoara\/\" class=\"el-link uk-button uk-button-text\">Vezi detalii<\/a><\/div>\n<\/div>\n<\/div>\n<\/div>\n<\/div>\n<\/div>\n<\/div>\n<div class=\"uk-margin-remove-vertical\">\n<div class=\"uk-grid uk-child-width-1-1 uk-grid-small uk-grid-divider uk-grid-match\">\n<div>\n<div class=\"el-item uk-panel\"><a href=\"https:\/\/xpilatesspa.ro\" target=\"_blank\"><\/p>\n<div class=\"uk-inline-clip uk-transition-toggle\">\n<source type=\"image\/webp\" srcset=\"\/wp-content\/themes\/yootheme\/cache\/1c\/WhatsApp-Image-2025-07-16-at-153218_b2c81b10-1ca7cccd.webp 768w, \/wp-content\/themes\/yootheme\/cache\/1d\/WhatsApp-Image-2025-07-16-at-153218_b2c81b10-1daa2a1f.webp 1024w, \/wp-content\/themes\/yootheme\/cache\/ff\/WhatsApp-Image-2025-07-16-at-153218_b2c81b10-ff5994c5.webp 1366w, \/wp-content\/themes\/yootheme\/cache\/4b\/WhatsApp-Image-2025-07-16-at-153218_b2c81b10-4b0246ed.webp 1600w\" sizes=\"(min-width: 1600px) 1600px\" \/><\/div>\n<p><\/a><\/p>\n<div class=\"uk-padding-small uk-margin-remove-first-child\">\n<div class=\"el-meta uk-text-meta uk-margin-small-top\">XPilates &amp; Spa<\/div>\n<div class=\"uk-margin-small-top\"><a href=\"https:\/\/xpilatesspa.ro\" target=\"_blank\" class=\"el-link uk-button uk-button-text\">Vezi detalii<\/a><\/div>\n<\/div>\n<\/div>\n<\/div>\n<div>\n<div class=\"el-item uk-panel\"><a href=\"https:\/\/retim.ro\/utile-timis\/abonamentul-verde\/\" target=\"_blank\"><\/p>\n<div class=\"uk-inline-clip uk-transition-toggle\"><img fetchpriority=\"high\" decoding=\"async\" src=\"https:\/\/www.sursadevest.ro\/wp-content\/uploads\/2024\/10\/ReTIM-Abonamentul-Verde-Google-Ads-300x250px.gif\" width=\"300\" height=\"250\" alt loading=\"eager\" class=\"el-image uk-transition-scale-down uk-transition-opaque\"><\/div>\n<p><\/a><\/p>\n<div class=\"uk-padding-small uk-margin-remove-first-child\">\n<div class=\"el-meta uk-text-meta uk-margin-small-top\">Retim Ecologic Service<\/div>\n<div class=\"uk-margin-small-top\"><a href=\"https:\/\/retim.ro\/utile-timis\/abonamentul-verde\/\" target=\"_blank\" class=\"el-link uk-button uk-button-text\">Vezi detalii<\/a><\/div>\n<\/div>\n<\/div>\n<\/div>\n<div>\n<div class=\"el-item uk-panel\"><a href=\"https:\/\/rmnimagisticas.ro\/\" target=\"_blank\"><\/p>\n<div class=\"uk-inline-clip uk-transition-toggle\">\n<source type=\"image\/webp\" srcset=\"\/wp-content\/themes\/yootheme\/cache\/60\/RMN-Imagistica-602f462a.webp 450w\" sizes=\"(min-width: 450px) 450px\" \/><\/div>\n<p><\/a><\/p>\n<div class=\"uk-padding-small uk-margin-remove-first-child\">\n<div class=\"el-meta uk-text-meta uk-margin-small-top\">RMN ImagisticAS<\/div>\n<div class=\"uk-margin-small-top\"><a href=\"https:\/\/rmnimagisticas.ro\/\" target=\"_blank\" class=\"el-link uk-button uk-button-text\">Vezi detalii<\/a><\/div>\n<\/div>\n<\/div>\n<\/div>\n<div>\n<div class=\"el-item uk-panel\"><a href=\"https:\/\/ro.san-marco.com\/\" target=\"_blank\"><\/p>\n<div class=\"uk-inline-clip uk-transition-toggle\">\n<source type=\"image\/webp\" srcset=\"\/wp-content\/themes\/yootheme\/cache\/dc\/sanmarco-dc386b49.webp 450w\" sizes=\"(min-width: 450px) 450px\" \/><\/div>\n<p><\/a><\/p>\n<div class=\"uk-padding-small uk-margin-remove-first-child\">\n<div class=\"el-meta uk-text-meta uk-margin-small-top\">San Marco<\/div>\n<div class=\"uk-margin-small-top\"><a href=\"https:\/\/ro.san-marco.com\/\" target=\"_blank\" class=\"el-link uk-button uk-button-text\">Vezi detalii<\/a><\/div>\n<\/div>\n<\/div>\n<\/div>\n<div>\n<div class=\"el-item uk-panel\"><a href=\"https:\/\/afiom.ro\/doneaza\" target=\"_blank\"><\/p>\n<div class=\"uk-inline-clip uk-transition-toggle\"><img decoding=\"async\" src=\"https:\/\/www.sursadevest.ro\/wp-content\/uploads\/2024\/12\/AfiOM_Sites_350x350_Mamici.gif\" width=\"350\" height=\"350\" alt loading=\"eager\" class=\"el-image uk-transition-scale-down uk-transition-opaque\"><\/div>\n<p><\/a><\/p>\n<div class=\"uk-padding-small uk-margin-remove-first-child\">\n<div class=\"el-meta uk-text-meta uk-margin-small-top\">A fi om!<\/div>\n<div class=\"uk-margin-small-top\"><a href=\"https:\/\/afiom.ro\/doneaza\" target=\"_blank\" class=\"el-link uk-button uk-button-text\">Vezi detalii<\/a><\/div>\n<\/div>\n<\/div>\n<\/div>\n<div>\n<div class=\"el-item uk-panel\"><a href=\"https:\/\/afiom.ro\/doneaza\" target=\"_blank\"><\/p>\n<div class=\"uk-inline-clip uk-transition-toggle\"><img decoding=\"async\" src=\"https:\/\/www.sursadevest.ro\/wp-content\/uploads\/2024\/12\/AfiOM_Sites_350x350_Sport.gif\" width=\"350\" height=\"350\" alt loading=\"eager\" class=\"el-image uk-transition-scale-down uk-transition-opaque\"><\/div>\n<p><\/a><\/p>\n<div class=\"uk-padding-small uk-margin-remove-first-child\">\n<div class=\"el-meta uk-text-meta uk-margin-small-top\">A fi om!<\/div>\n<div class=\"uk-margin-small-top\"><a href=\"https:\/\/afiom.ro\/doneaza\" target=\"_blank\" class=\"el-link uk-button uk-button-text\">Vezi detalii<\/a><\/div>\n<\/div>\n<\/div>\n<\/div>\n<div>\n<div class=\"el-item uk-panel uk-margin-remove-first-child\">\n<div class=\"el-meta uk-text-meta uk-margin-small-top\">For\u021ba Dreptei<\/div>\n<\/div>\n<\/div>\n<div>\n<div class=\"el-item uk-panel\"><a href=\"https:\/\/www.igard.ro\" target=\"_blank\"><\/p>\n<div class=\"uk-inline-clip uk-transition-toggle\">\n<source type=\"image\/webp\" srcset=\"\/wp-content\/themes\/yootheme\/cache\/c1\/iGard-0124-02-c1683a27.webp 768w, \/wp-content\/themes\/yootheme\/cache\/d2\/iGard-0124-02-d2eb5fb4.webp 1024w, \/wp-content\/themes\/yootheme\/cache\/e7\/iGard-0124-02-e7cc7cce.webp 1080w\" sizes=\"(min-width: 1080px) 1080px\" \/><\/div>\n<p><\/a><\/p>\n<div class=\"uk-padding-small uk-margin-remove-first-child\">\n<div class=\"el-meta uk-text-meta uk-margin-small-top\">iGard panouri de gard \u2013 www.igard.ro<\/div>\n<div class=\"uk-margin-small-top\"><a href=\"https:\/\/www.igard.ro\" target=\"_blank\" class=\"el-link uk-button uk-button-text\">Vezi detalii<\/a><\/div>\n<\/div>\n<\/div>\n<\/div>\n<div>\n<div class=\"el-item uk-panel\">\n<div class=\"uk-inline-clip uk-transition-toggle\">\n<source type=\"image\/webp\" srcset=\"\/wp-content\/themes\/yootheme\/cache\/d7\/atc-small-d7cb9ab8.webp 600w\" sizes=\"(min-width: 600px) 600px\" \/><\/div>\n<div class=\"uk-padding-small uk-margin-remove-first-child\">\n<div class=\"el-meta uk-text-meta uk-margin-small-top\">ATC BAUDESIGN<\/div>\n<\/div>\n<\/div>\n<\/div>\n<\/div>\n<\/div>\n<\/div>\n<\/div>\n<\/div>\n<\/div>\n<div class=\"aioseo-author-bio-compact\">\n<div class=\"aioseo-author-bio-compact-left\"><img decoding=\"async\" class=\"aioseo-author-bio-compact-image\" src=\"https:\/\/secure.gravatar.com\/avatar\/501cbb41fb946fd7475cb910bea8645fcd5f3c573a38078115f3b3b589fd7a2a?s=300&amp;d=mm&amp;r=g\" alt=\"author avatar\"><\/div>\n<div class=\"aioseo-author-bio-compact-right\">\n<div class=\"aioseo-author-bio-compact-header\"><span class=\"author-name\">Sursa de Vest<\/span><\/div>\n<div class=\"aioseo-author-bio-compact-main\">\n<div class=\"author-bio-link\"><a href=\"https:\/\/www.sursadevest.ro\/author\/petronela\/\">See Full Bio<\/a><\/div>\n<\/div>\n<\/div>\n<\/div>\n<p><\/main><\/p>\n<p>[analyse_source url=&#8221;https:\/\/www.sursadevest.ro\/sarbatoare-mare-pentru-crestinii-ortodocsi-astazi-este-duminica-floriilor-ce-semnificatii-are-3\/&#8221;]<\/p>\n","protected":false},"excerpt":{"rendered":"<p>[analyse_image type=&#8221;featured&#8221; src=&#8221;https:\/\/www.sursadevest.ro\/wp-content\/uploads\/2025\/04\/catedrala-florii.jpg&#8221;] S\u0103rb\u0103toare mare pentru cre\u0219tinii ortodoc\u0219i! Ast\u0103zi este Duminica Floriilor! Ce semnifica\u021bii are? 5 aprilie, 2026 | Sursa de Vest | Eveniment, Social, \u0218tiri | Niciun comentariu la S\u0103rb\u0103toare mare pentru cre\u0219tinii ortodoc\u0219i! Ast\u0103zi este Duminica Floriilor! Ce semnifica\u021bii are? \u0218tiri Eveniment XPilates &amp; Spa Vezi detalii Cre\u015ftinii ortodoc\u0219i pr\u0103znuiesc, ast\u0103zi, Floriile, cea [&hellip;]<\/p>\n","protected":false},"author":1,"featured_media":0,"comment_status":"open","ping_status":"","sticky":false,"template":"","format":"standard","meta":{"footnotes":""},"categories":[89],"tags":[226,200],"class_list":["post-1866669","post","type-post","status-publish","format-standard","hentry","category-romania","tag-crawlmanager","tag-sursadevest-ro"],"_links":{"self":[{"href":"https:\/\/analyse.optim.biz\/index.php?rest_route=\/wp\/v2\/posts\/1866669","targetHints":{"allow":["GET"]}}],"collection":[{"href":"https:\/\/analyse.optim.biz\/index.php?rest_route=\/wp\/v2\/posts"}],"about":[{"href":"https:\/\/analyse.optim.biz\/index.php?rest_route=\/wp\/v2\/types\/post"}],"author":[{"embeddable":true,"href":"https:\/\/analyse.optim.biz\/index.php?rest_route=\/wp\/v2\/users\/1"}],"replies":[{"embeddable":true,"href":"https:\/\/analyse.optim.biz\/index.php?rest_route=%2Fwp%2Fv2%2Fcomments&post=1866669"}],"version-history":[{"count":0,"href":"https:\/\/analyse.optim.biz\/index.php?rest_route=\/wp\/v2\/posts\/1866669\/revisions"}],"wp:attachment":[{"href":"https:\/\/analyse.optim.biz\/index.php?rest_route=%2Fwp%2Fv2%2Fmedia&parent=1866669"}],"wp:term":[{"taxonomy":"category","embeddable":true,"href":"https:\/\/analyse.optim.biz\/index.php?rest_route=%2Fwp%2Fv2%2Fcategories&post=1866669"},{"taxonomy":"post_tag","embeddable":true,"href":"https:\/\/analyse.optim.biz\/index.php?rest_route=%2Fwp%2Fv2%2Ftags&post=1866669"}],"curies":[{"name":"wp","href":"https:\/\/api.w.org\/{rel}","templated":true}]}}