{"id":1866425,"date":"2026-03-31T06:35:12","date_gmt":"2026-03-31T03:35:12","guid":{"rendered":"https:\/\/analyse.optim.biz\/?p=1866425"},"modified":"2026-03-31T06:35:12","modified_gmt":"2026-03-31T03:35:12","slug":"darius-dobre-sau-olimpicul-care-a-demonstrat-ca-dorinta-insotita-de-efort-devine-realitate","status":"publish","type":"post","link":"https:\/\/analyse.optim.biz\/?p=1866425","title":{"rendered":"Darius Dobre, sau olimpicul care a demonstrat ca dorin\u021ba \u00eenso\u021bit\u0103 de efort devine realitate"},"content":{"rendered":"<p>[analyse_image type=&#8221;featured&#8221; src=&#8221;https:\/\/www.curierul.ro\/wp-content\/uploads\/2026\/03\/Colegiu-Matei-Basarab-e1774875125690.jpghttps:\/\/i0.wp.com\/www.curierul.ro\/wp-content\/uploads\/2026\/03\/Colegiu-Matei-Basarab-e1774875125690.jpg?fit=751%2C440&amp;ssl=1&#8243;]<\/p>\n<article id=\"196803\" class=\"post-196803 post type-post status-publish format-standard has-post-thumbnail hentry category-headlines category-invatamant category-social tag-a-demonstrat tag-darius-dobre tag-dorinta-2 tag-olimpic tag-realitate\">\n<header class=\"post-header\">\n<ul class=\"breadcrumbs\">\n<li><a href=\"https:\/\/www.curierul.ro\">Home<\/a><\/li>\n<li class=\"breadcrumbs-active .category-headlines\"><a href=\"https:\/\/www.curierul.ro\/index.php?cat=19\">Headlines<\/a><\/li>\n<li class=\"breadcrumbs-active .category-headlines\">Darius Dobre, sau olimpicul care a demonstrat ca dorin\u021ba \u00eenso\u021bit\u0103 de efort devine realitate<\/li>\n<\/ul>\n<div class=\"featured-photo\"><img loading=\"lazy\" decoding=\"async\" width=\"751\" height=\"440\" src=\"https:\/\/i0.wp.com\/www.curierul.ro\/wp-content\/uploads\/2026\/03\/Colegiu-Matei-Basarab-e1774875125690.jpg?fit=300%2C176&amp;ssl=1\" class=\"attachment-single size-single wp-post-image\" alt><\/div>\n<h1 class=\"headline\">Darius Dobre, sau olimpicul care a demonstrat ca dorin\u021ba \u00eenso\u021bit\u0103 de efort devine realitate<\/h1>\n<p class=\"byline\">\n\t\tScris de<a href=\"https:\/\/www.curierul.ro\/author\/alin\/\">Alin Emilian Tudoroiu<\/a>, \t\t31 martie 2026\t\t\t\t<\/p>\n<hr>\n<\/header>\n<figure class=\"wp-block-pullquote\">\n<blockquote>\n<p>\u2013 <strong>t\u00e2n\u0103rul olimpic de la CNI Matei Basarab a reu\u0219it calificarea simultan\u0103 la patru etape na\u021bionale de elit\u0103<\/strong><br \/>\u2013 <strong>ieri s-a \u00eencheiat etapa na\u021bional\u0103 la informatic\u0103 desf\u0103\u0219urat\u0103 la Pite\u0219ti, unde Darius a ob\u021binut medalia de argint.<\/strong><\/p>\n<\/blockquote>\n<\/figure>\n<p>Dobre Darius Adrian este elev \u00een clasa a XII-a la Colegiul Na\u021bional de Informatic\u0103 \u201eMatei Basarab\u201d. Anul acesta a reu\u0219it calificarea simultan\u0103 la patru etape na\u021bionale de elit\u0103. Astfel,\u00a0 acesta va reprezenta jude\u021bul V\u00e2lcea la etapele na\u021bionale de Informatic\u0103, Informatic\u0103 Aplicat\u0103, Inteligen\u021b\u0103 Artificial\u0103 \u0219i la ROAI (concursul de selec\u021bie pentru lotul interna\u021bional de IA). Datorit\u0103 premiului ob\u021binut la etapa final\u0103 a concursului Acadnet \u00een clasa a IX-a, acesta a fost deja admis ca student la Universitatea Politehnic\u0103 din Bucure\u0219ti, Facultatea de Automatic\u0103 \u0219i Calculatoare (sec\u021bia CTI)<\/p>\n<p><img loading=\"lazy\" decoding=\"async\" class=\"aligncenter wp-image-196798 size-full\" src=\"https:\/\/i0.wp.com\/www.curierul.ro\/wp-content\/uploads\/2026\/03\/Darius-e1774938792873.jpeg?fit=265%2C300&amp;ssl=1\" alt width=\"1126\" height=\"1276\"><\/p>\n<p>\u00a0<\/p>\n<p><strong>Primii pa\u0219i: \u00eenv\u0103\u021b\u0103toarea \u0219i diriginta<\/strong><\/p>\n<p>Dar cum toate au un \u00eenceput, acesta se reg\u0103se\u0219te de cele mai multe ori \u00een omul care, cum se spunea \u00eenainte, i-a pus condeiul \u00een m\u00e2n\u0103. A\u0219adar, sub \u00eendrumarea doamnei \u00eenv\u0103\u021b\u0103toare Carmen St\u0103nculescu, Darius a \u00eenv\u0103\u021bat c\u0103 dorin\u021ba f\u0103r\u0103 efort r\u0103m\u00e2ne doar un vis. \u00cen perioada gimnaziului a performat \u00een paralel la matematic\u0103 \u0219i informatic\u0103. Ulterior, sub coordonarea doamnei profesor \u0219i diriginte Violeta Grecea, pasiunea pentru matematic\u0103 s-a transformat \u00eentr-o carier\u0103 str\u0103lucit\u0103 \u00een informatic\u0103, fiind membru al lotului l\u0103rgit al Rom\u00e2niei \u00een clasa a VIII-a.<\/p>\n<p><strong>Minte s\u0103n\u0103toas\u0103 \u00een corp s\u0103n\u0103tos, nu?<\/strong><\/p>\n<p>De la v\u00e2rsta de 6 ani Darius se antreneaz\u0103 sub supravegherea lui Alin Pufu (\u201eDomnu\u2019 Alin\u201d), antrenorul care i-a modelat caracterul pe terenul de fotbal. De\u0219i exceleaz\u0103 \u00een domenii tehnice de ultim\u0103 or\u0103, precum Inteligen\u021ba Artificial\u0103, Darius \u00ee\u0219i extrage inspira\u021bia din idoli precum Lionel Messi (fiind un fan devotat al echipei FC Barcelona) \u0219i Lewis Hamilton. Urmeaz\u0103 o perioad\u0103 intens\u0103 de deplas\u0103ri \u00eentre centrele de concurs din Pite\u0219ti, Bucure\u0219ti \u0219i C\u0103l\u0103ra\u0219i. Sper\u0103 s\u0103 reu\u0219easc\u0103 s\u0103 poat\u0103 reprezenta Rom\u00e2nia la nivel interna\u021bional. La var\u0103 va sus\u021bine examenul de Bacalaureat \u0219i \u00ee\u0219i dore\u0219te s\u0103 urmeze cursurile Facult\u0103\u021bii de matematic\u0103 din cadrul Universit\u0103\u021bii din Bucure\u0219ti.<\/p>\n<p><strong>\u00abA\u0219chia\u00bb nu sare departe de \u00abtrunchi\u00bb<\/strong><\/p>\n<p>P\u0103rin\u021bii t\u00e2n\u0103rului olimpic de la CNI Matei Basarab sunt profesori de matematic\u0103 (tat\u0103l), iar mama -profesoar\u0103 de educa\u021bie fizic\u0103, am\u00e2ndoi la CNI Matei Basarab. Darius mai are un frate cu 10 ani mai mare, \u0218tefan,\u00a0 care, la fel, a terminat \u0219i el la CNI Matei Basarab, iar ulterior a absolvit Facultatea de de Cibernetic\u0103 din cadrul ASE Bucure\u0219ti.<\/p>\n<p><strong>CNI Matei Basarab, a XII-a C, o clas\u0103 de elit\u0103<\/strong><\/p>\n<p>Clasa \u00een care activeaz\u0103 Darius, a XII-a C, profil mate-info, intensiv informatic\u0103 este una de elit\u0103, mai sunt mul\u021bi colegi de-ai lui extrem de buni, cu performan\u021be remarcabile \u00een domenii diverse, mul\u021bi deja admi\u0219i ca viitori studen\u021bi la Universitatea Bucure\u0219ti, Politehnica din Bucure\u0219ti, Babes Bolyai Cluj, Facultatea de arhitectur\u0103 Barcelona, precum \u0219i la universit\u0103\u021bi din Olanda, SUA. Cu to\u021bii merit\u0103 aprecierile comunit\u0103\u021bii locale, \u00eent\u0103rind \u00eenc\u0103 o dat\u0103 ideea c\u0103, p\u00e2n\u0103 la urm\u0103, viitorul sun\u0103 bine.<\/p>\n<div class=\"sharedaddy sd-sharing-enabled\">\n<div class=\"robots-nocontent sd-block sd-social sd-social-official sd-sharing\">\n<h3 class=\"sd-title\">Distribuie pe:<\/h3>\n<div class=\"sd-content\">\n<ul>\n<li class=\"share-facebook\">\n<li class=\"share-twitter\"><a href=\"https:\/\/twitter.com\/share\" class=\"twitter-share-button\" data-url=\"https:\/\/www.curierul.ro\/darius-dobre-sau-olimpicul-care-a-demonstrat-ca-dorinta-insotita-de-efort-devine-realitate\/\" data-text=\"Darius Dobre, sau olimpicul care a demonstrat ca dorin\u021ba \u00eenso\u021bit\u0103 de efort devine realitate\" data-via=\"curierulvl\">Tweet<\/a><\/li>\n<li class=\"share-jetpack-whatsapp\"><a rel=\"nofollow noopener noreferrer\" data-shared=\"sharing-whatsapp-196803\" class=\"share-jetpack-whatsapp sd-button\" href=\"https:\/\/www.curierul.ro\/darius-dobre-sau-olimpicul-care-a-demonstrat-ca-dorinta-insotita-de-efort-devine-realitate\/?share=jetpack-whatsapp\" target=\"_blank\" aria-labelledby=\"sharing-whatsapp-196803\"><span id=\"sharing-whatsapp-196803\" hidden>Partajeaz\u0103 prin WhatsApp(Se deschide \u00eentr-o fereastr\u0103 nou\u0103)<\/span><span>WhatsApp<\/span><\/a><\/li>\n<li><a href=\"https:\/\/www.curierul.ro\/darius-dobre-sau-olimpicul-care-a-demonstrat-ca-dorinta-insotita-de-efort-devine-realitate\/\" class=\"sharing-anchor sd-button share-more\"><span>Mai mult<\/span><\/a><\/li>\n<li class=\"share-end\"><\/ul>\n<div class=\"sharing-hidden\">\n<div class=\"inner\">\n<ul>\n<li class=\"share-email\"><a rel=\"nofollow noopener noreferrer\" data-shared=\"sharing-email-196803\" class=\"share-email sd-button\" href=\"mailto:?subject=%5BArticol%20partajat%5D%20Darius%20Dobre%2C%20sau%20olimpicul%20care%20a%20demonstrat%20ca%20dorin%C8%9Ba%20%C3%AEnso%C8%9Bit%C4%83%20de%20efort%20devine%20realitate&amp;body=https%3A%2F%2Fwww.curierul.ro%2Fdarius-dobre-sau-olimpicul-care-a-demonstrat-ca-dorinta-insotita-de-efort-devine-realitate%2F&amp;share=email\" target=\"_blank\" aria-labelledby=\"sharing-email-196803\" data-email-share-error-title=\"\u021ai-ai configurat emailul?\" data-email-share-error-text=\"Dac\u0103 ai probleme la partajarea prin email, probabil nu ai configurat emailul pentru navigator. Poate trebuie s\u0103 creezi singur un email nou.\" data-email-share-nonce=\"1c8588a31c\" data-email-share-track-url=\"https:\/\/www.curierul.ro\/darius-dobre-sau-olimpicul-care-a-demonstrat-ca-dorinta-insotita-de-efort-devine-realitate\/?share=email\"><span id=\"sharing-email-196803\" hidden>Trimite unui prieten un email cu o leg\u0103tur\u0103(Se deschide \u00eentr-o fereastr\u0103 nou\u0103)<\/span><span>Email<\/span><\/a><\/li>\n<li class=\"share-print\"><a rel=\"nofollow noopener noreferrer\" data-shared=\"sharing-print-196803\" class=\"share-print sd-button\" href=\"https:\/\/www.curierul.ro\/darius-dobre-sau-olimpicul-care-a-demonstrat-ca-dorinta-insotita-de-efort-devine-realitate\/#print?share=print\" target=\"_blank\" aria-labelledby=\"sharing-print-196803\"><span id=\"sharing-print-196803\" hidden>Imprimare(Se deschide \u00eentr-o fereastr\u0103 nou\u0103)<\/span><span>Imprimare<\/span><\/a><\/li>\n<li class=\"share-end\"><\/ul>\n<\/div>\n<\/div>\n<\/div>\n<\/div>\n<\/div>\n<div id=\"jp-relatedposts\" class=\"jp-relatedposts\">\n<h3 class=\"jp-relatedposts-headline\"><em>Similare<\/em><\/h3>\n<\/div>\n<footer class=\"post-footer\">\n<p class=\"tags\"><strong>Tags: <\/strong><a href=\"https:\/\/www.curierul.ro\/tag\/a-demonstrat\/\" rel=\"tag\">a demonstrat<\/a>, <a href=\"https:\/\/www.curierul.ro\/tag\/darius-dobre\/\" rel=\"tag\">Darius Dobre<\/a>, <a href=\"https:\/\/www.curierul.ro\/tag\/dorinta-2\/\" rel=\"tag\">dorin\u021ba<\/a>, <a href=\"https:\/\/www.curierul.ro\/tag\/olimpic\/\" rel=\"tag\">olimpic<\/a>, <a href=\"https:\/\/www.curierul.ro\/tag\/realitate\/\" rel=\"tag\">realitate<\/a><\/p>\n<div class=\"post-navigation clearfix\">\n<div class=\"previous-post\">\n<div class=\"featured-photo\"><img decoding=\"async\" width=\"530\" height=\"213\" src=\"https:\/\/i0.wp.com\/www.curierul.ro\/wp-content\/uploads\/2022\/08\/MARIUS-CARBUNESCU.jpg?fit=300%2C121&amp;ssl=1\" class=\"attachment-post-thumbnail size-post-thumbnail wp-post-image\" alt loading=\"lazy\"><\/div>\n<p class=\"paginate-title\">\u00ab\u00ab <a href=\"https:\/\/www.curierul.ro\/chibitul-din-culisele-razboiului\/\" rel=\"prev\">Chibi\u021bul din culisele r\u0103zboiului<\/a><\/p>\n<\/div>\n<div class=\"next-post\">\n<div class=\"featured-photo\"><img decoding=\"async\" width=\"1080\" height=\"1132\" src=\"https:\/\/i0.wp.com\/www.curierul.ro\/wp-content\/uploads\/2026\/03\/copil-bolnav-e1774939678509.png?fit=286%2C300&amp;ssl=1\" class=\"attachment-post-thumbnail size-post-thumbnail wp-post-image\" alt loading=\"lazy\"><\/div>\n<p class=\"paginate-title\"><a href=\"https:\/\/www.curierul.ro\/s-a-nascut-sanatos-dupa-5-zile-viata-lui-s-a-schimbat-pentru-totdeauna-bogdan-traieste-intr-un-corp-care-nu-il-asculta\/\" rel=\"next\">S-a n\u0103scut s\u0103n\u0103tos. Dup\u0103 5 zile, via\u021ba lui s-a schimbat pentru totdeauna\u2026Bogdan tr\u0103ie\u0219te \u00eentr-un corp care nu \u00eel ascult\u0103<\/a> \u00bb\u00bb<\/p>\n<\/div>\n<\/div>\n<div id=\"comments\" class=\"comments-area\">\n<div id=\"respond\" class=\"comment-respond\">\n<h3 id=\"reply-title\" class=\"comment-reply-title\">Po\u021bi comenta aici<small><a rel=\"nofollow\" id=\"cancel-comment-reply-link\" href=\"https:\/\/www.curierul.ro\/darius-dobre-sau-olimpicul-care-a-demonstrat-ca-dorinta-insotita-de-efort-devine-realitate\/#respond\">Anuleaz\u0103 r\u0103spunsul<\/a><\/small><\/h3>\n<\/div>\n<p class=\"akismet_comment_form_privacy_notice\">Acest site folose\u0219te Akismet pentru a reduce spamul. <a href=\"https:\/\/akismet.com\/privacy\/\" target=\"_blank\" rel=\"nofollow noopener\">Afl\u0103 cum sunt procesate datele comentariilor tale<\/a>.<\/p>\n<\/div>\n<section class=\"latest-category clearfix\">\n<h2 class=\"title\">More Stories From Headlines<\/h2>\n<div class=\"stories-container\">\n<article id=\"related-196843\" class=\"story post-196843 post type-post status-publish format-standard has-post-thumbnail hentry category-handbal category-headlines category-sport\">\n<div class=\"photo\"><img decoding=\"async\" width=\"735\" height=\"440\" src=\"https:\/\/i0.wp.com\/www.curierul.ro\/wp-content\/uploads\/2026\/04\/IMG-20260404-WA0008.jpg?fit=300%2C167&amp;ssl=1\" class=\"attachment-giornalismo-single size-giornalismo-single wp-post-image\" alt loading=\"lazy\"><\/div>\n<p class=\"headline\"><a href=\"https:\/\/www.curierul.ro\/en-fanfare-scm-ramnicu-valcea-castiga-la-baia-mare-33-25-ce-spune-antrenorul-florentin-pera\/\">EN FANFARE! SCM R\u00c2MNICU V\u00c2LCEA C\u00c2\u0218TIG\u0102 LA BAIA MARE, 33-25. CE SPUNE ANTRENORUL FLORENTIN PERA<\/a><\/p>\n<\/article>\n<article id=\"related-196838\" class=\"story post-196838 post type-post status-publish format-standard has-post-thumbnail hentry category-fotbal category-headlines category-sport\">\n<div class=\"photo\"><img decoding=\"async\" width=\"735\" height=\"440\" src=\"https:\/\/i0.wp.com\/www.curierul.ro\/wp-content\/uploads\/2026\/04\/SCM-Ramnicu-Valcea-fotbal.jpeg?fit=300%2C235&amp;ssl=1\" class=\"attachment-giornalismo-single size-giornalismo-single wp-post-image\" alt loading=\"lazy\"><\/div>\n<p class=\"headline\"><a href=\"https:\/\/www.curierul.ro\/sa-fie-play-off-si-valcea-in-liga-2\/\">S\u0102 FIE PLAY-OFF! \u0218I V\u00c2LCEA \u00ceN LIGA 2!<\/a><\/p>\n<\/article>\n<article id=\"related-196832\" class=\"story post-196832 post type-post status-publish format-standard has-post-thumbnail hentry category-actualitate category-headlines category-impact category-politica tag-arr tag-gheorghe-bobocea tag-psd\">\n<div class=\"photo\"><img decoding=\"async\" width=\"735\" height=\"440\" src=\"https:\/\/i0.wp.com\/www.curierul.ro\/wp-content\/uploads\/2026\/04\/Gheorghe-Bobocea.jpg?fit=300%2C300&amp;ssl=1\" class=\"attachment-giornalismo-single size-giornalismo-single wp-post-image\" alt loading=\"lazy\"><\/div>\n<p class=\"headline\"><a href=\"https:\/\/www.curierul.ro\/gheorghe-bobocea-actual-consilier-judetean-si-pensionarsunt-vinovat-pentru-ce-face-fiul-unui-partener-de-afaceri-de-acum-13-ani\/\"><i><u>Gheorghe Bobocea, actual consilier jude\u021bean \u0219i pensionar:<\/u><\/i><br \/><b>Sunt vinovat pentru ce face fiul unui partener de afaceri de acum 13 ani? <\/b><\/a><\/p>\n<\/article>\n<\/div>\n<\/section>\n<section class=\"author-bio clearfix\">\n<div class=\"mug-shot\"><img decoding=\"async\" alt src=\"https:\/\/secure.gravatar.com\/avatar\/ae634844e12be63a4f063a6c7bef885da670fd420e0dedd39ed80eacd6e6979c?s=96&amp;d=mm&amp;r=g\" class=\"avatar avatar-96 photo\" height=\"96\" width=\"96\" loading=\"lazy\"><\/div>\n<div class=\"author-info\">\n<p class=\"title\">About Alin Emilian Tudoroiu, <\/p>\n<div class=\"author-social-area\"><a href=\"mailto:alintudoroiu@curierul.ro\"><span class=\"fal fa-envelope\"><span class=\"screen-reader-text\">Email the Author<\/span><\/span><\/a><\/div>\n<\/div>\n<\/section>\n<\/footer>\n<\/article>\n<article id=\"196803\" class=\"post-196803 post type-post status-publish format-standard has-post-thumbnail hentry category-headlines category-invatamant category-social tag-a-demonstrat tag-darius-dobre tag-dorinta-2 tag-olimpic tag-realitate\">\n<header class=\"post-header\">\n<ul class=\"breadcrumbs\">\n<li><a href=\"https:\/\/www.curierul.ro\">Home<\/a><\/li>\n<li class=\"breadcrumbs-active .category-headlines\"><a href=\"https:\/\/www.curierul.ro\/index.php?cat=19\">Headlines<\/a><\/li>\n<li class=\"breadcrumbs-active .category-headlines\">Darius Dobre, sau olimpicul care a demonstrat ca dorin\u021ba \u00eenso\u021bit\u0103 de efort devine realitate<\/li>\n<\/ul>\n<div class=\"featured-photo\"><img loading=\"lazy\" decoding=\"async\" width=\"751\" height=\"440\" src=\"https:\/\/i0.wp.com\/www.curierul.ro\/wp-content\/uploads\/2026\/03\/Colegiu-Matei-Basarab-e1774875125690.jpg?fit=300%2C176&amp;ssl=1\" class=\"attachment-single size-single wp-post-image\" alt><\/div>\n<h1 class=\"headline\">Darius Dobre, sau olimpicul care a demonstrat ca dorin\u021ba \u00eenso\u021bit\u0103 de efort devine realitate<\/h1>\n<p class=\"byline\">\n\t\tScris de<a href=\"https:\/\/www.curierul.ro\/author\/alin\/\">Alin Emilian Tudoroiu<\/a>, \t\t31 martie 2026\t\t\t\t<\/p>\n<hr>\n<\/header>\n<figure class=\"wp-block-pullquote\">\n<blockquote>\n<p>\u2013 <strong>t\u00e2n\u0103rul olimpic de la CNI Matei Basarab a reu\u0219it calificarea simultan\u0103 la patru etape na\u021bionale de elit\u0103<\/strong><br \/>\u2013 <strong>ieri s-a \u00eencheiat etapa na\u021bional\u0103 la informatic\u0103 desf\u0103\u0219urat\u0103 la Pite\u0219ti, unde Darius a ob\u021binut medalia de argint.<\/strong><\/p>\n<\/blockquote>\n<\/figure>\n<p>Dobre Darius Adrian este elev \u00een clasa a XII-a la Colegiul Na\u021bional de Informatic\u0103 \u201eMatei Basarab\u201d. Anul acesta a reu\u0219it calificarea simultan\u0103 la patru etape na\u021bionale de elit\u0103. Astfel,\u00a0 acesta va reprezenta jude\u021bul V\u00e2lcea la etapele na\u021bionale de Informatic\u0103, Informatic\u0103 Aplicat\u0103, Inteligen\u021b\u0103 Artificial\u0103 \u0219i la ROAI (concursul de selec\u021bie pentru lotul interna\u021bional de IA). Datorit\u0103 premiului ob\u021binut la etapa final\u0103 a concursului Acadnet \u00een clasa a IX-a, acesta a fost deja admis ca student la Universitatea Politehnic\u0103 din Bucure\u0219ti, Facultatea de Automatic\u0103 \u0219i Calculatoare (sec\u021bia CTI)<\/p>\n<p><img loading=\"lazy\" decoding=\"async\" class=\"aligncenter wp-image-196798 size-full\" src=\"https:\/\/i0.wp.com\/www.curierul.ro\/wp-content\/uploads\/2026\/03\/Darius-e1774938792873.jpeg?fit=265%2C300&amp;ssl=1\" alt width=\"1126\" height=\"1276\"><\/p>\n<p>\u00a0<\/p>\n<p><strong>Primii pa\u0219i: \u00eenv\u0103\u021b\u0103toarea \u0219i diriginta<\/strong><\/p>\n<p>Dar cum toate au un \u00eenceput, acesta se reg\u0103se\u0219te de cele mai multe ori \u00een omul care, cum se spunea \u00eenainte, i-a pus condeiul \u00een m\u00e2n\u0103. A\u0219adar, sub \u00eendrumarea doamnei \u00eenv\u0103\u021b\u0103toare Carmen St\u0103nculescu, Darius a \u00eenv\u0103\u021bat c\u0103 dorin\u021ba f\u0103r\u0103 efort r\u0103m\u00e2ne doar un vis. \u00cen perioada gimnaziului a performat \u00een paralel la matematic\u0103 \u0219i informatic\u0103. Ulterior, sub coordonarea doamnei profesor \u0219i diriginte Violeta Grecea, pasiunea pentru matematic\u0103 s-a transformat \u00eentr-o carier\u0103 str\u0103lucit\u0103 \u00een informatic\u0103, fiind membru al lotului l\u0103rgit al Rom\u00e2niei \u00een clasa a VIII-a.<\/p>\n<p><strong>Minte s\u0103n\u0103toas\u0103 \u00een corp s\u0103n\u0103tos, nu?<\/strong><\/p>\n<p>De la v\u00e2rsta de 6 ani Darius se antreneaz\u0103 sub supravegherea lui Alin Pufu (\u201eDomnu\u2019 Alin\u201d), antrenorul care i-a modelat caracterul pe terenul de fotbal. De\u0219i exceleaz\u0103 \u00een domenii tehnice de ultim\u0103 or\u0103, precum Inteligen\u021ba Artificial\u0103, Darius \u00ee\u0219i extrage inspira\u021bia din idoli precum Lionel Messi (fiind un fan devotat al echipei FC Barcelona) \u0219i Lewis Hamilton. Urmeaz\u0103 o perioad\u0103 intens\u0103 de deplas\u0103ri \u00eentre centrele de concurs din Pite\u0219ti, Bucure\u0219ti \u0219i C\u0103l\u0103ra\u0219i. Sper\u0103 s\u0103 reu\u0219easc\u0103 s\u0103 poat\u0103 reprezenta Rom\u00e2nia la nivel interna\u021bional. La var\u0103 va sus\u021bine examenul de Bacalaureat \u0219i \u00ee\u0219i dore\u0219te s\u0103 urmeze cursurile Facult\u0103\u021bii de matematic\u0103 din cadrul Universit\u0103\u021bii din Bucure\u0219ti.<\/p>\n<p><strong>\u00abA\u0219chia\u00bb nu sare departe de \u00abtrunchi\u00bb<\/strong><\/p>\n<p>P\u0103rin\u021bii t\u00e2n\u0103rului olimpic de la CNI Matei Basarab sunt profesori de matematic\u0103 (tat\u0103l), iar mama -profesoar\u0103 de educa\u021bie fizic\u0103, am\u00e2ndoi la CNI Matei Basarab. Darius mai are un frate cu 10 ani mai mare, \u0218tefan,\u00a0 care, la fel, a terminat \u0219i el la CNI Matei Basarab, iar ulterior a absolvit Facultatea de de Cibernetic\u0103 din cadrul ASE Bucure\u0219ti.<\/p>\n<p><strong>CNI Matei Basarab, a XII-a C, o clas\u0103 de elit\u0103<\/strong><\/p>\n<p>Clasa \u00een care activeaz\u0103 Darius, a XII-a C, profil mate-info, intensiv informatic\u0103 este una de elit\u0103, mai sunt mul\u021bi colegi de-ai lui extrem de buni, cu performan\u021be remarcabile \u00een domenii diverse, mul\u021bi deja admi\u0219i ca viitori studen\u021bi la Universitatea Bucure\u0219ti, Politehnica din Bucure\u0219ti, Babes Bolyai Cluj, Facultatea de arhitectur\u0103 Barcelona, precum \u0219i la universit\u0103\u021bi din Olanda, SUA. Cu to\u021bii merit\u0103 aprecierile comunit\u0103\u021bii locale, \u00eent\u0103rind \u00eenc\u0103 o dat\u0103 ideea c\u0103, p\u00e2n\u0103 la urm\u0103, viitorul sun\u0103 bine.<\/p>\n<div class=\"sharedaddy sd-sharing-enabled\">\n<div class=\"robots-nocontent sd-block sd-social sd-social-official sd-sharing\">\n<h3 class=\"sd-title\">Distribuie pe:<\/h3>\n<div class=\"sd-content\">\n<ul>\n<li class=\"share-facebook\">\n<li class=\"share-twitter\"><a href=\"https:\/\/twitter.com\/share\" class=\"twitter-share-button\" data-url=\"https:\/\/www.curierul.ro\/darius-dobre-sau-olimpicul-care-a-demonstrat-ca-dorinta-insotita-de-efort-devine-realitate\/\" data-text=\"Darius Dobre, sau olimpicul care a demonstrat ca dorin\u021ba \u00eenso\u021bit\u0103 de efort devine realitate\" data-via=\"curierulvl\">Tweet<\/a><\/li>\n<li class=\"share-jetpack-whatsapp\"><a rel=\"nofollow noopener noreferrer\" data-shared=\"sharing-whatsapp-196803\" class=\"share-jetpack-whatsapp sd-button\" href=\"https:\/\/www.curierul.ro\/darius-dobre-sau-olimpicul-care-a-demonstrat-ca-dorinta-insotita-de-efort-devine-realitate\/?share=jetpack-whatsapp\" target=\"_blank\" aria-labelledby=\"sharing-whatsapp-196803\"><span id=\"sharing-whatsapp-196803\" hidden>Partajeaz\u0103 prin WhatsApp(Se deschide \u00eentr-o fereastr\u0103 nou\u0103)<\/span><span>WhatsApp<\/span><\/a><\/li>\n<li><a href=\"https:\/\/www.curierul.ro\/darius-dobre-sau-olimpicul-care-a-demonstrat-ca-dorinta-insotita-de-efort-devine-realitate\/\" class=\"sharing-anchor sd-button share-more\"><span>Mai mult<\/span><\/a><\/li>\n<li class=\"share-end\"><\/ul>\n<div class=\"sharing-hidden\">\n<div class=\"inner\">\n<ul>\n<li class=\"share-email\"><a rel=\"nofollow noopener noreferrer\" data-shared=\"sharing-email-196803\" class=\"share-email sd-button\" href=\"mailto:?subject=%5BArticol%20partajat%5D%20Darius%20Dobre%2C%20sau%20olimpicul%20care%20a%20demonstrat%20ca%20dorin%C8%9Ba%20%C3%AEnso%C8%9Bit%C4%83%20de%20efort%20devine%20realitate&amp;body=https%3A%2F%2Fwww.curierul.ro%2Fdarius-dobre-sau-olimpicul-care-a-demonstrat-ca-dorinta-insotita-de-efort-devine-realitate%2F&amp;share=email\" target=\"_blank\" aria-labelledby=\"sharing-email-196803\" data-email-share-error-title=\"\u021ai-ai configurat emailul?\" data-email-share-error-text=\"Dac\u0103 ai probleme la partajarea prin email, probabil nu ai configurat emailul pentru navigator. Poate trebuie s\u0103 creezi singur un email nou.\" data-email-share-nonce=\"1c8588a31c\" data-email-share-track-url=\"https:\/\/www.curierul.ro\/darius-dobre-sau-olimpicul-care-a-demonstrat-ca-dorinta-insotita-de-efort-devine-realitate\/?share=email\"><span id=\"sharing-email-196803\" hidden>Trimite unui prieten un email cu o leg\u0103tur\u0103(Se deschide \u00eentr-o fereastr\u0103 nou\u0103)<\/span><span>Email<\/span><\/a><\/li>\n<li class=\"share-print\"><a rel=\"nofollow noopener noreferrer\" data-shared=\"sharing-print-196803\" class=\"share-print sd-button\" href=\"https:\/\/www.curierul.ro\/darius-dobre-sau-olimpicul-care-a-demonstrat-ca-dorinta-insotita-de-efort-devine-realitate\/#print?share=print\" target=\"_blank\" aria-labelledby=\"sharing-print-196803\"><span id=\"sharing-print-196803\" hidden>Imprimare(Se deschide \u00eentr-o fereastr\u0103 nou\u0103)<\/span><span>Imprimare<\/span><\/a><\/li>\n<li class=\"share-end\"><\/ul>\n<\/div>\n<\/div>\n<\/div>\n<\/div>\n<\/div>\n<div id=\"jp-relatedposts\" class=\"jp-relatedposts\">\n<h3 class=\"jp-relatedposts-headline\"><em>Similare<\/em><\/h3>\n<\/div>\n<footer class=\"post-footer\">\n<p class=\"tags\"><strong>Tags: <\/strong><a href=\"https:\/\/www.curierul.ro\/tag\/a-demonstrat\/\" rel=\"tag\">a demonstrat<\/a>, <a href=\"https:\/\/www.curierul.ro\/tag\/darius-dobre\/\" rel=\"tag\">Darius Dobre<\/a>, <a href=\"https:\/\/www.curierul.ro\/tag\/dorinta-2\/\" rel=\"tag\">dorin\u021ba<\/a>, <a href=\"https:\/\/www.curierul.ro\/tag\/olimpic\/\" rel=\"tag\">olimpic<\/a>, <a href=\"https:\/\/www.curierul.ro\/tag\/realitate\/\" rel=\"tag\">realitate<\/a><\/p>\n<div class=\"post-navigation clearfix\">\n<div class=\"previous-post\">\n<div class=\"featured-photo\"><img decoding=\"async\" width=\"530\" height=\"213\" src=\"https:\/\/i0.wp.com\/www.curierul.ro\/wp-content\/uploads\/2022\/08\/MARIUS-CARBUNESCU.jpg?fit=300%2C121&amp;ssl=1\" class=\"attachment-post-thumbnail size-post-thumbnail wp-post-image\" alt loading=\"lazy\"><\/div>\n<p class=\"paginate-title\">\u00ab\u00ab <a href=\"https:\/\/www.curierul.ro\/chibitul-din-culisele-razboiului\/\" rel=\"prev\">Chibi\u021bul din culisele r\u0103zboiului<\/a><\/p>\n<\/div>\n<div class=\"next-post\">\n<div class=\"featured-photo\"><img decoding=\"async\" width=\"1080\" height=\"1132\" src=\"https:\/\/i0.wp.com\/www.curierul.ro\/wp-content\/uploads\/2026\/03\/copil-bolnav-e1774939678509.png?fit=286%2C300&amp;ssl=1\" class=\"attachment-post-thumbnail size-post-thumbnail wp-post-image\" alt loading=\"lazy\"><\/div>\n<p class=\"paginate-title\"><a href=\"https:\/\/www.curierul.ro\/s-a-nascut-sanatos-dupa-5-zile-viata-lui-s-a-schimbat-pentru-totdeauna-bogdan-traieste-intr-un-corp-care-nu-il-asculta\/\" rel=\"next\">S-a n\u0103scut s\u0103n\u0103tos. Dup\u0103 5 zile, via\u021ba lui s-a schimbat pentru totdeauna\u2026Bogdan tr\u0103ie\u0219te \u00eentr-un corp care nu \u00eel ascult\u0103<\/a> \u00bb\u00bb<\/p>\n<\/div>\n<\/div>\n<div id=\"comments\" class=\"comments-area\">\n<div id=\"respond\" class=\"comment-respond\">\n<h3 id=\"reply-title\" class=\"comment-reply-title\">Po\u021bi comenta aici<small><a rel=\"nofollow\" id=\"cancel-comment-reply-link\" href=\"https:\/\/www.curierul.ro\/darius-dobre-sau-olimpicul-care-a-demonstrat-ca-dorinta-insotita-de-efort-devine-realitate\/#respond\">Anuleaz\u0103 r\u0103spunsul<\/a><\/small><\/h3>\n<\/div>\n<p class=\"akismet_comment_form_privacy_notice\">Acest site folose\u0219te Akismet pentru a reduce spamul. <a href=\"https:\/\/akismet.com\/privacy\/\" target=\"_blank\" rel=\"nofollow noopener\">Afl\u0103 cum sunt procesate datele comentariilor tale<\/a>.<\/p>\n<\/div>\n<section class=\"latest-category clearfix\">\n<h2 class=\"title\">More Stories From Headlines<\/h2>\n<div class=\"stories-container\">\n<article id=\"related-196843\" class=\"story post-196843 post type-post status-publish format-standard has-post-thumbnail hentry category-handbal category-headlines category-sport\">\n<div class=\"photo\"><img decoding=\"async\" width=\"735\" height=\"440\" src=\"https:\/\/i0.wp.com\/www.curierul.ro\/wp-content\/uploads\/2026\/04\/IMG-20260404-WA0008.jpg?fit=300%2C167&amp;ssl=1\" class=\"attachment-giornalismo-single size-giornalismo-single wp-post-image\" alt loading=\"lazy\"><\/div>\n<p class=\"headline\"><a href=\"https:\/\/www.curierul.ro\/en-fanfare-scm-ramnicu-valcea-castiga-la-baia-mare-33-25-ce-spune-antrenorul-florentin-pera\/\">EN FANFARE! SCM R\u00c2MNICU V\u00c2LCEA C\u00c2\u0218TIG\u0102 LA BAIA MARE, 33-25. CE SPUNE ANTRENORUL FLORENTIN PERA<\/a><\/p>\n<\/article>\n<article id=\"related-196838\" class=\"story post-196838 post type-post status-publish format-standard has-post-thumbnail hentry category-fotbal category-headlines category-sport\">\n<div class=\"photo\"><img decoding=\"async\" width=\"735\" height=\"440\" src=\"https:\/\/i0.wp.com\/www.curierul.ro\/wp-content\/uploads\/2026\/04\/SCM-Ramnicu-Valcea-fotbal.jpeg?fit=300%2C235&amp;ssl=1\" class=\"attachment-giornalismo-single size-giornalismo-single wp-post-image\" alt loading=\"lazy\"><\/div>\n<p class=\"headline\"><a href=\"https:\/\/www.curierul.ro\/sa-fie-play-off-si-valcea-in-liga-2\/\">S\u0102 FIE PLAY-OFF! \u0218I V\u00c2LCEA \u00ceN LIGA 2!<\/a><\/p>\n<\/article>\n<article id=\"related-196832\" class=\"story post-196832 post type-post status-publish format-standard has-post-thumbnail hentry category-actualitate category-headlines category-impact category-politica tag-arr tag-gheorghe-bobocea tag-psd\">\n<div class=\"photo\"><img decoding=\"async\" width=\"735\" height=\"440\" src=\"https:\/\/i0.wp.com\/www.curierul.ro\/wp-content\/uploads\/2026\/04\/Gheorghe-Bobocea.jpg?fit=300%2C300&amp;ssl=1\" class=\"attachment-giornalismo-single size-giornalismo-single wp-post-image\" alt loading=\"lazy\"><\/div>\n<p class=\"headline\"><a href=\"https:\/\/www.curierul.ro\/gheorghe-bobocea-actual-consilier-judetean-si-pensionarsunt-vinovat-pentru-ce-face-fiul-unui-partener-de-afaceri-de-acum-13-ani\/\"><i><u>Gheorghe Bobocea, actual consilier jude\u021bean \u0219i pensionar:<\/u><\/i><br \/><b>Sunt vinovat pentru ce face fiul unui partener de afaceri de acum 13 ani? <\/b><\/a><\/p>\n<\/article>\n<\/div>\n<\/section>\n<section class=\"author-bio clearfix\">\n<div class=\"mug-shot\"><img decoding=\"async\" alt src=\"https:\/\/secure.gravatar.com\/avatar\/ae634844e12be63a4f063a6c7bef885da670fd420e0dedd39ed80eacd6e6979c?s=96&amp;d=mm&amp;r=g\" class=\"avatar avatar-96 photo\" height=\"96\" width=\"96\" loading=\"lazy\"><\/div>\n<div class=\"author-info\">\n<p class=\"title\">About Alin Emilian Tudoroiu, <\/p>\n<div class=\"author-social-area\"><a href=\"mailto:alintudoroiu@curierul.ro\"><span class=\"fal fa-envelope\"><span class=\"screen-reader-text\">Email the Author<\/span><\/span><\/a><\/div>\n<\/div>\n<\/section>\n<\/footer>\n<\/article>\n<article id=\"related-196843\" class=\"story post-196843 post type-post status-publish format-standard has-post-thumbnail hentry category-handbal category-headlines category-sport\">\n<div class=\"photo\"><img decoding=\"async\" width=\"735\" height=\"440\" src=\"https:\/\/i0.wp.com\/www.curierul.ro\/wp-content\/uploads\/2026\/04\/IMG-20260404-WA0008.jpg?fit=300%2C167&amp;ssl=1\" class=\"attachment-giornalismo-single size-giornalismo-single wp-post-image\" alt loading=\"lazy\"><\/div>\n<p class=\"headline\"><a href=\"https:\/\/www.curierul.ro\/en-fanfare-scm-ramnicu-valcea-castiga-la-baia-mare-33-25-ce-spune-antrenorul-florentin-pera\/\">EN FANFARE! SCM R\u00c2MNICU V\u00c2LCEA C\u00c2\u0218TIG\u0102 LA BAIA MARE, 33-25. CE SPUNE ANTRENORUL FLORENTIN PERA<\/a><\/p>\n<\/article>\n<article id=\"related-196838\" class=\"story post-196838 post type-post status-publish format-standard has-post-thumbnail hentry category-fotbal category-headlines category-sport\">\n<div class=\"photo\"><img decoding=\"async\" width=\"735\" height=\"440\" src=\"https:\/\/i0.wp.com\/www.curierul.ro\/wp-content\/uploads\/2026\/04\/SCM-Ramnicu-Valcea-fotbal.jpeg?fit=300%2C235&amp;ssl=1\" class=\"attachment-giornalismo-single size-giornalismo-single wp-post-image\" alt loading=\"lazy\"><\/div>\n<p class=\"headline\"><a href=\"https:\/\/www.curierul.ro\/sa-fie-play-off-si-valcea-in-liga-2\/\">S\u0102 FIE PLAY-OFF! \u0218I V\u00c2LCEA \u00ceN LIGA 2!<\/a><\/p>\n<\/article>\n<article id=\"related-196832\" class=\"story post-196832 post type-post status-publish format-standard has-post-thumbnail hentry category-actualitate category-headlines category-impact category-politica tag-arr tag-gheorghe-bobocea tag-psd\">\n<div class=\"photo\"><img decoding=\"async\" width=\"735\" height=\"440\" src=\"https:\/\/i0.wp.com\/www.curierul.ro\/wp-content\/uploads\/2026\/04\/Gheorghe-Bobocea.jpg?fit=300%2C300&amp;ssl=1\" class=\"attachment-giornalismo-single size-giornalismo-single wp-post-image\" alt loading=\"lazy\"><\/div>\n<p class=\"headline\"><a href=\"https:\/\/www.curierul.ro\/gheorghe-bobocea-actual-consilier-judetean-si-pensionarsunt-vinovat-pentru-ce-face-fiul-unui-partener-de-afaceri-de-acum-13-ani\/\"><i><u>Gheorghe Bobocea, actual consilier jude\u021bean \u0219i pensionar:<\/u><\/i><br \/><b>Sunt vinovat pentru ce face fiul unui partener de afaceri de acum 13 ani? <\/b><\/a><\/p>\n<\/article>\n<p>[analyse_source url=&#8221;https:\/\/www.curierul.ro\/darius-dobre-sau-olimpicul-care-a-demonstrat-ca-dorinta-insotita-de-efort-devine-realitate\/&#8221;]<\/p>\n","protected":false},"excerpt":{"rendered":"<p>[analyse_image type=&#8221;featured&#8221; src=&#8221;https:\/\/www.curierul.ro\/wp-content\/uploads\/2026\/03\/Colegiu-Matei-Basarab-e1774875125690.jpghttps:\/\/i0.wp.com\/www.curierul.ro\/wp-content\/uploads\/2026\/03\/Colegiu-Matei-Basarab-e1774875125690.jpg?fit=751%2C440&amp;ssl=1&#8243;] Home Headlines Darius Dobre, sau olimpicul care a demonstrat ca dorin\u021ba \u00eenso\u021bit\u0103 de efort devine realitate Darius Dobre, sau olimpicul care a demonstrat ca dorin\u021ba \u00eenso\u021bit\u0103 de efort devine realitate Scris deAlin Emilian Tudoroiu, 31 martie 2026 \u2013 t\u00e2n\u0103rul olimpic de la CNI Matei Basarab a reu\u0219it calificarea simultan\u0103 la patru etape [&hellip;]<\/p>\n","protected":false},"author":1,"featured_media":0,"comment_status":"open","ping_status":"","sticky":false,"template":"","format":"standard","meta":{"footnotes":""},"categories":[89],"tags":[226,213],"class_list":["post-1866425","post","type-post","status-publish","format-standard","hentry","category-romania","tag-crawlmanager","tag-curierul-ro"],"_links":{"self":[{"href":"https:\/\/analyse.optim.biz\/index.php?rest_route=\/wp\/v2\/posts\/1866425","targetHints":{"allow":["GET"]}}],"collection":[{"href":"https:\/\/analyse.optim.biz\/index.php?rest_route=\/wp\/v2\/posts"}],"about":[{"href":"https:\/\/analyse.optim.biz\/index.php?rest_route=\/wp\/v2\/types\/post"}],"author":[{"embeddable":true,"href":"https:\/\/analyse.optim.biz\/index.php?rest_route=\/wp\/v2\/users\/1"}],"replies":[{"embeddable":true,"href":"https:\/\/analyse.optim.biz\/index.php?rest_route=%2Fwp%2Fv2%2Fcomments&post=1866425"}],"version-history":[{"count":0,"href":"https:\/\/analyse.optim.biz\/index.php?rest_route=\/wp\/v2\/posts\/1866425\/revisions"}],"wp:attachment":[{"href":"https:\/\/analyse.optim.biz\/index.php?rest_route=%2Fwp%2Fv2%2Fmedia&parent=1866425"}],"wp:term":[{"taxonomy":"category","embeddable":true,"href":"https:\/\/analyse.optim.biz\/index.php?rest_route=%2Fwp%2Fv2%2Fcategories&post=1866425"},{"taxonomy":"post_tag","embeddable":true,"href":"https:\/\/analyse.optim.biz\/index.php?rest_route=%2Fwp%2Fv2%2Ftags&post=1866425"}],"curies":[{"name":"wp","href":"https:\/\/api.w.org\/{rel}","templated":true}]}}