{"id":1866419,"date":"2026-04-04T10:49:32","date_gmt":"2026-04-04T07:49:32","guid":{"rendered":"https:\/\/analyse.optim.biz\/?p=1866419"},"modified":"2026-04-04T10:49:32","modified_gmt":"2026-04-04T07:49:32","slug":"panica-pentru-unii-oportunitate-pentru-altii-ce-se-intampla-acum-pe-piata-imobiliara-din-dubai-interviu-exclusiv-cu-proprietara-unei-agentii-imobiliare-din-eau","status":"publish","type":"post","link":"https:\/\/analyse.optim.biz\/?p=1866419","title":{"rendered":"Panic\u0103 pentru unii, oportunitate pentru al\u021bii! Ce se \u00eent\u00e2mpl\u0103 acum, pe pia\u021ba imobiliar\u0103 din Dubai? Interviu exclusiv cu proprietara unei agen\u021bii imobiliare din EAU"},"content":{"rendered":"<p>[analyse_image type=&#8221;featured&#8221; src=&#8221;https:\/\/www.sursadevest.ro\/wp-content\/uploads\/2026\/04\/dubai.gif&#8221;]<\/p>\n<p><main id=\"tm-main\"><\/p>\n<div class=\"uk-section-default uk-section\">\n<div class=\"uk-grid-margin uk-container uk-container-xsmall\">\n<div class=\"uk-grid tm-grid-expand uk-child-width-1-1\">\n<div class=\"uk-width-1-1\">\n<h1 class=\"uk-h2 uk-margin uk-text-center\">        Panic\u0103 pentru unii, oportunitate pentru al\u021bii! Ce se \u00eent\u00e2mpl\u0103 acum, pe pia\u021ba imobiliar\u0103 din Dubai? Interviu exclusiv cu proprietara unei agen\u021bii imobiliare din EAU    <\/h1>\n<div class=\"uk-panel uk-margin uk-text-center\"><time datetime=\"2026-04-04T12:49:32+02:00\">4 aprilie, 2026<\/time> | <a href=\"https:\/\/www.sursadevest.ro\/author\/petronela\/\">Sursa de Vest<\/a> | <a href=\"https:\/\/www.sursadevest.ro\/categorie\/stiri\/economic\/\" rel=\"tag\">Economic<\/a>, <a href=\"https:\/\/www.sursadevest.ro\/categorie\/stiri\/eveniment\/\" rel=\"tag\">Eveniment<\/a>, <a href=\"https:\/\/www.sursadevest.ro\/categorie\/stiri\/\" rel=\"tag\">\u0218tiri<\/a> | <a href=\"https:\/\/www.sursadevest.ro\/panica-pentru-unii-oportunitate-pentru-altii-ce-se-intampla-acum-pe-piata-imobiliara-din-dubai-interviu-exclusiv-cu-proprietara-unei-agentii-imobiliare-din-eau\/#respond\">Niciun comentariu<span class=\"screen-reader-text\"> la Panic\u0103 pentru unii, oportunitate pentru al\u021bii! Ce se \u00eent\u00e2mpl\u0103 acum, pe pia\u021ba imobiliar\u0103 din Dubai? Interviu exclusiv cu proprietara unei agen\u021bii imobiliare din EAU<\/span><\/a><\/div>\n<\/div>\n<\/div>\n<\/div>\n<div class=\"uk-margin-large uk-container\">\n<div class=\"uk-grid tm-grid-expand uk-grid-column-large\">\n<div class=\"uk-width-2-3@m\">\n<nav aria-label=\"Breadcrumb\" class=\"uk-margin-small\">\n<ul class=\"uk-breadcrumb uk-margin-remove-bottom\">\n<li><\/li>\n<li><a href=\"https:\/\/www.sursadevest.ro\/categorie\/stiri\/\"><span>\u0218tiri<\/span><\/a><\/li>\n<li><a href=\"https:\/\/www.sursadevest.ro\/categorie\/stiri\/economic\/\"><span>Economic<\/span><\/a><\/li>\n<\/ul>\n<\/nav>\n<div class=\"uk-margin\"><img decoding=\"async\" src=\"https:\/\/www.sursadevest.ro\/wp-content\/uploads\/2026\/04\/dubai.gif\" width=\"900\" height=\"500\" class=\"el-image\" alt loading=\"lazy\"><\/div>\n<div class=\"uk-margin-remove-vertical uk-hidden@m\">\n<div class=\"uk-grid uk-child-width-1-1 uk-child-width-1-2@s uk-grid-small uk-grid-match\">\n<div>\n<div class=\"el-item uk-panel\"><a href=\"https:\/\/xpilatesspa.ro\" target=\"_blank\"><\/p>\n<div class=\"uk-inline-clip uk-transition-toggle\">\n<source type=\"image\/webp\" srcset=\"\/wp-content\/themes\/yootheme\/cache\/1c\/WhatsApp-Image-2025-07-16-at-153218_b2c81b10-1ca7cccd.webp 768w, \/wp-content\/themes\/yootheme\/cache\/1d\/WhatsApp-Image-2025-07-16-at-153218_b2c81b10-1daa2a1f.webp 1024w, \/wp-content\/themes\/yootheme\/cache\/ff\/WhatsApp-Image-2025-07-16-at-153218_b2c81b10-ff5994c5.webp 1366w, \/wp-content\/themes\/yootheme\/cache\/4b\/WhatsApp-Image-2025-07-16-at-153218_b2c81b10-4b0246ed.webp 1600w\" sizes=\"(min-width: 1600px) 1600px\" \/><\/div>\n<p><\/a><\/p>\n<div class=\"uk-padding-small uk-margin-remove-first-child\">\n<div class=\"el-meta uk-text-meta uk-margin-small-top\">XPilates &amp; Spa<\/div>\n<div class=\"uk-margin-small-top\"><a href=\"https:\/\/xpilatesspa.ro\" target=\"_blank\" class=\"el-link uk-button uk-button-text\">Vezi detalii<\/a><\/div>\n<\/div>\n<\/div>\n<\/div>\n<\/div>\n<\/div>\n<div class=\"uk-panel uk-margin-medium uk-margin-remove-top\">\n<p>\u00cen timp ce o mare parte din lume se confrunt\u0103 cu incertitudine economic\u0103 \u0219i instabilitate, exist\u0103 un loc unde banii continu\u0103 s\u0103 curg\u0103 \u00eentr-un ritm accelerat: Dubai.<\/p>\n<p>Care este realitatea din teren \u0219i cum se pozi\u021bioneaz\u0103 investitorii rom\u00e2ni \u00een acest context? R\u0103spunsurile vin de la Cristina Stoian, proprietara agen\u021biei \u201eSimple Choices\u201d, \u00eentr-un interviu exclusiv despre bani, risc \u0219i oportunitate.<\/p>\n<h4 class=\"wp-block-heading\"><strong>Cum a fost influen\u021bat\u0103 pia\u021ba imobiliar\u0103 din Dubai de tensiunile recente din Orientul Mijlociu?<\/strong><\/h4>\n<ol class=\"wp-block-list\">\n<li><\/ol>\n<p><em>Contrar opiniei publice, la ora actual\u0103 capitalul mare se mut\u0103 \u00een Emiratele Arabe Unite. Motivul este foarte simplu: \u00een timp ce Europa pierde bani \u0219i infla\u021bia cre\u0219te, \u00een America costul benzinei a ajuns la 9 dolari, \u00een Australia oamenii caut\u0103 s\u0103 se mute \u00een alte \u021b\u0103ri, iar \u00een Canada pia\u021ba imobiliar\u0103 pare c\u0103 a colapsat deja. \u00cen acest context, fluxul de capital se \u00eendreapt\u0103 cu prec\u0103dere spre Emiratele Arabe Unite.<\/em><\/p>\n<h4 class=\"wp-block-heading\">Cum au reactionat investitorii rom\u00e2ni \u00een contextul situa\u021biei ap\u0103rute \u00een Dubai \u0219i Emirate \u0219i pe fondul atacurilor iraniene?<\/h4>\n<figure class=\"wp-block-image size-full is-resized\"><img loading=\"lazy\" decoding=\"async\" title=\"image - Sursa de Vest\" width=\"672\" height=\"718\" src=\"https:\/\/www.sursadevest.ro\/wp-content\/uploads\/2026\/04\/image-4.png\" alt class=\"wp-image-125109\"><\/figure>\n<p><em>Reac\u021bia ini\u021bial\u0103 a cona\u021bionalilor no\u0219tri a fost de panic\u0103 moderat\u0103 La \u00eenceput, investitorii rom\u00e2ni au fost surprin\u0219i de tensiunile regionale \u0219i au vrut s\u0103 \u0219tie dac\u0103 propriet\u0103\u021bile lor sunt \u00een siguran\u021b\u0103. Aceast\u0103 panic\u0103 nu a fost extrem\u0103 \u0219i nu i-a determinat s\u0103 v\u00e2nd\u0103 propriet\u0103\u021bile. Rom\u00e2nii s-au interesat dac\u0103 pia\u021ba imobiliar\u0103 este afectat\u0103 direct. Mul\u021bi \u0219i-au confirmat situa\u021bia prin contacte personale \u00een Emirate (prieteni, rude), ceea ce le-a consolidat \u00eencrederea. Investitorii mici, sau cei care cump\u0103r\u0103 pentru prima dat\u0103, sunt mai precau\u021bi \u0219i a\u0219teapt\u0103 evolu\u021bia conflictului. Ei urm\u0103resc mult informa\u021biile din social media \u0219i sunt mai susceptibili la \u0219tiri alarmiste. \u00cen ciuda temerii, interesul pentru propriet\u0103\u021bi r\u0103m\u00e2ne, mai ales pentru cei care pot ac\u021biona rapid dac\u0103 apar oportunit\u0103\u021bi. Investitorii rom\u00e2ni, ca \u0219i al\u021bii interna\u021bionali, caut\u0103 ocazii sub pre\u021bul pie\u021bei. Concluzia este c\u0103 \u00a0investitorii rom\u00e2ni sunt precau\u021bi \u0219i orienta\u021bi spre siguran\u021b\u0103, dar nu \u0219i-au pierdut interesul pentru Dubai, cei mai mari continu\u0103 s\u0103 investeasc\u0103, \u00een timp ce cei mici a\u0219teapt\u0103 oportunit\u0103\u021bi.<\/em><\/p>\n<h4 class=\"wp-block-heading\">Ce anume face ca Emiratele s\u0103 fie at\u00e2t de atractive \u00een aceast\u0103 perioad\u0103, paradoxal de altfel?<\/h4>\n<p><em>Emiratele Arabe Unite sunt al \u0219aselea produc\u0103tor de petrol din lume, cu o produc\u021bie de 92 de miliarde de galoane. Nu depindem de Str\u00e2mtoarea Hurmuz, comparativ cu multe din \u021b\u0103rile din zon\u0103, din Asia sau chiard in Europa. \u00cen plus, stocurile de alimente \u0219i ap\u0103 sunt suficiente pentru luni de zile, iar economia r\u0103m\u00e2ne stabil\u0103 chiar \u0219i \u00een timpul acestui conflict.<\/em><\/p>\n<h4 class=\"wp-block-heading\">Cum se reflect\u0103 acest lucru \u00een pia\u021ba imobiliar\u0103 \u0219i \u00een comportamentul investitorilor?<\/h4>\n<p><em>Investitorii mici sunt tem\u0103tori \u0219i a\u0219teapt\u0103, urm\u0103rind situa\u021bia pe social media. \u00cen schimb, investitorii mari \u0219i corporate \u0219tiu c\u0103 Emiratele Arabe Unite \u00a0nu depind de conflict, de turism sau de infla\u021bie \u0219i investesc masiv. De exemplu, propriet\u0103\u021bile de lux au atras recent 4 miliarde de dolari \u00een doar o s\u0103pt\u0103m\u00e2n\u0103. De asemenea, ac\u021biunile la dezvoltatorii mari au crescut cu peste 19% \u00een ultimele cinci zile.<\/em><\/p>\n<h4 class=\"wp-block-heading\">\u00cen contextul securit\u0103\u021bii \u0219i infrastructurii, cum a gestionat \u021bara aceste tensiuni?<\/h4>\n<p><em>Dubai \u0219i Emiratele Arabe Unite (EAU) sunt extraordinar de bine preg\u0103tite: 1900 de drone interceptate, peste 400 de rachete Shahed neutralizate, doar 8 victime \u0219i 150 de r\u0103ni\u021bi u\u0219or. Activitatea economic\u0103 \u0219i social\u0103 continu\u0103 normal: restaurantele sunt pline, traficul \u0219i via\u021ba de zi cu zi sunt neschimbate. Infla\u021bia este practic inexistent\u0103, datoria \u021b\u0103rii este doar 30%, iar 72% din cump\u0103r\u0103torii de propriet\u0103\u021bi achit\u0103 cash, ceea ce confer\u0103 o lichiditate extraordinar\u0103.<\/em><\/p>\n<h4 class=\"wp-block-heading\">Cum percep investitorii interna\u021bionali aceast\u0103 stabilitate?<\/h4>\n<p><em>Ei \u00een\u021beleg c\u0103 EAU r\u0103m\u00e2n o zon\u0103 sigur\u0103. Investitorii mari, fondurile de investi\u021bii \u0219i managerii de private equity aduc capital aici, 260 de milioane de dolari intr\u00e2nd doar peste weekend \u00een Dubai Financial Centre. Practic, la finalul acestui conflict, Emiratele vor fi printre pu\u021binele \u021b\u0103ri din lume care r\u0103m\u00e2n extrem de solvanile, al\u0103turi de Singapore<\/em><\/p>\n<h4 class=\"wp-block-heading\">Ce ne pute\u021bi spune despre compania dumneavoastra?<\/h4>\n<p><em>Simple Choices este o agentie imobiliar\u0103 \u00eenfiin\u021bat\u0103 \u00een urma cu 19 ani al c\u0103rui domeniu de activitate este axat pe zona de constructii \u0219i property management. Agen\u021bia a intermediat v\u00e2nz\u0103ri, renov\u0103ri, management de propriet\u0103\u021bi pentru apx.3000 de tranzac\u021bii gestionate. Sediul din Dubai a fost lansat \u00een 2022, domeniul principal este reprezentat de tranzac\u021bii imobiliare, dar \u0219i rent to rent management, fiind recunoscut\u0103 guvernamental \u0219i autorizat\u0103 de RERA (Real Estate Regulatory Agency), autoritatea care reglementeaz\u0103 activitatea agen\u021biilor imobiliare din EAU. \u00cen 2025, Simple Choices a avut 21 de angaja\u021bi \u0219i o cifra de afaceri de 15 milioane de USD.<\/em><\/p>\n<\/div>\n<nav class=\"uk-text-center\">\n<ul class=\"uk-pagination uk-margin-remove-bottom uk-flex-center\">\n<li><a href=\"https:\/\/www.sursadevest.ro\/doi-cetateni-georgieni-retinuti-dupa-o-serie-de-furturi-din-autoturisme-erau-vizati-de-anchete-in-mai-multe-state-europene\/\"> Anterior<\/a><\/li>\n<li><a href=\"https:\/\/www.sursadevest.ro\/tanar-retinut-dupa-atacul-asupra-rangerilor-din-parcul-natural-lunca-muresului-este-acuzat-de-ultraj-si-distrugere\/\">Urm\u0103tor <\/a><\/li>\n<\/ul>\n<\/nav>\n<h3 class=\"uk-h5\">        Distribuie pe re\u021bele de socializare    <\/h3>\n<div class=\"uk-margin\">\n<div id=\"respond\" class=\"comment-respond\">\n<h2 id=\"reply-title\" class=\"el-title uk-h3 uk-heading-bullet\">Las\u0103 un r\u0103spuns <small><a rel=\"nofollow\" id=\"cancel-comment-reply-link\" class=\"uk-link-muted\" href=\"https:\/\/www.sursadevest.ro\/panica-pentru-unii-oportunitate-pentru-altii-ce-se-intampla-acum-pe-piata-imobiliara-din-dubai-interviu-exclusiv-cu-proprietara-unei-agentii-imobiliare-din-eau\/?fbclid=IwZXh0bgNhZW0CMTEAc3J0YwZhcHBfaWQMMjU2MjgxMDQwNTU4AAEe2BokN3g6heAoTEYtcr20Fmb1Kb4rlKrUG9Dd0d-aMNrNzZ_7s4QqpBZdOJU_aem_YC2__fVtWdNJYm9bl6G6Xg#respond\">Anuleaz\u0103 r\u0103spunsul<\/a><\/small><\/h2>\n<p class=\"comment-notes\">Adresa ta de email nu va fi publicat\u0103. C\u00e2mpurile obligatorii sunt marcate cu <span class=\"required\">*<\/span><\/p>\n<div class=\"gglcptch gglcptch_v3\"><\/p>\n<div class=\"gglcptch_error_text\">Perioada de verificare reCAPTCHA a expirat. V\u0103 rug\u0103m s\u0103 re\u00eenc\u0103rca\u021bi pagina.<\/div>\n<\/div>\n<\/div>\n<\/div>\n<hr class=\"uk-margin-large\">\n<h2 class=\"uk-h3 uk-text-left@m uk-text-center\">        Alte articole    <\/h2>\n<div id=\"template-OEvUe7Lh#0\" class=\"uk-margin\">\n<div class=\"uk-grid uk-child-width-1-1 uk-child-width-1-2@s uk-grid-column-medium uk-grid-match\">\n<div>\n<div class=\"el-item uk-panel uk-margin-remove-first-child\"><a href=\"https:\/\/www.sursadevest.ro\/trei-persoane-ranite-in-urma-unui-accident-rutier-victimele-au-ajuns-la-spital\/\"><br \/>\n<source type=\"image\/webp\" srcset=\"\/wp-content\/themes\/yootheme\/cache\/56\/accident-hd-56acf111.webp 610w, \/wp-content\/themes\/yootheme\/cache\/ff\/accident-hd-ffa43842.webp 768w, \/wp-content\/themes\/yootheme\/cache\/ac\/accident-hd-ac09544c.webp 1024w, \/wp-content\/themes\/yootheme\/cache\/ac\/accident-hd-acff8fdc.webp 1082w\" sizes=\"(min-width: 610px) 610px\" \/><\/a><\/p>\n<div class=\"el-meta uk-h6 uk-text-primary uk-margin-top uk-margin-remove-bottom\"><time datetime=\"2026-04-04T13:08:20+02:00\">4 aprilie, 2026<\/time> | <a href=\"https:\/\/www.sursadevest.ro\/author\/petronela\/\">Sursa de Vest<\/a> | <a href=\"https:\/\/www.sursadevest.ro\/categorie\/stiri\/eveniment\/\" rel=\"tag\">Eveniment<\/a>, <a href=\"https:\/\/www.sursadevest.ro\/categorie\/stiri\/\" rel=\"tag\">\u0218tiri<\/a> | <a href=\"https:\/\/www.sursadevest.ro\/trei-persoane-ranite-in-urma-unui-accident-rutier-victimele-au-ajuns-la-spital\/#respond\">Niciun comentariu<span class=\"screen-reader-text\"> la Trei persoane r\u0103nite \u00een urma unui accident rutier! Victimele au ajuns la spital<\/span><\/a><\/div>\n<h3 class=\"el-title uk-h4 uk-link-reset uk-margin-small-top uk-margin-remove-bottom\"><a href=\"https:\/\/www.sursadevest.ro\/trei-persoane-ranite-in-urma-unui-accident-rutier-victimele-au-ajuns-la-spital\/\">Trei persoane r\u0103nite \u00een urma unui accident rutier! Victimele au ajuns la spital<\/a><\/h3>\n<div class=\"el-content uk-panel uk-margin-small-top\">Trei persoane au fost r\u0103nite ast\u0103zi \u00eentr-un accident rutier, dup\u0103 ce un autoturism a p\u0103r\u0103sit partea carosabil\u0103. Sursa de Vest See Full Bio<\/div>\n<div class=\"uk-margin-top\"><a href=\"https:\/\/www.sursadevest.ro\/trei-persoane-ranite-in-urma-unui-accident-rutier-victimele-au-ajuns-la-spital\/\" class=\"el-link uk-button uk-button-text\">Vezi detalii<\/a><\/div>\n<\/div>\n<\/div>\n<div>\n<div class=\"el-item uk-panel uk-margin-remove-first-child\"><a href=\"https:\/\/www.sursadevest.ro\/tanar-retinut-dupa-atacul-asupra-rangerilor-din-parcul-natural-lunca-muresului-este-acuzat-de-ultraj-si-distrugere\/\"><br \/>\n<source type=\"image\/webp\" srcset=\"\/wp-content\/themes\/yootheme\/cache\/db\/scandal-rangeri-db45f60f.webp 610w, \/wp-content\/themes\/yootheme\/cache\/49\/scandal-rangeri-49366101.webp 768w, \/wp-content\/themes\/yootheme\/cache\/b9\/scandal-rangeri-b96005b9.webp 900w\" sizes=\"(min-width: 610px) 610px\" \/><\/a><\/p>\n<div class=\"el-meta uk-h6 uk-text-primary uk-margin-top uk-margin-remove-bottom\"><time datetime=\"2026-04-04T12:58:07+02:00\">4 aprilie, 2026<\/time> | <a href=\"https:\/\/www.sursadevest.ro\/author\/petronela\/\">Sursa de Vest<\/a> | <a href=\"https:\/\/www.sursadevest.ro\/categorie\/stiri\/eveniment\/\" rel=\"tag\">Eveniment<\/a>, <a href=\"https:\/\/www.sursadevest.ro\/categorie\/stiri\/\" rel=\"tag\">\u0218tiri<\/a> | <a href=\"https:\/\/www.sursadevest.ro\/tanar-retinut-dupa-atacul-asupra-rangerilor-din-parcul-natural-lunca-muresului-este-acuzat-de-ultraj-si-distrugere\/#respond\">Niciun comentariu<span class=\"screen-reader-text\"> la T\u00e2n\u0103r re\u021binut dup\u0103 atacul asupra rangerilor din Parcul Natural Lunca Mure\u0219ului! Este acuzat de ultraj \u0219i distrugere<\/span><\/a><\/div>\n<h3 class=\"el-title uk-h4 uk-link-reset uk-margin-small-top uk-margin-remove-bottom\"><a href=\"https:\/\/www.sursadevest.ro\/tanar-retinut-dupa-atacul-asupra-rangerilor-din-parcul-natural-lunca-muresului-este-acuzat-de-ultraj-si-distrugere\/\">T\u00e2n\u0103r re\u021binut dup\u0103 atacul asupra rangerilor din Parcul Natural Lunca Mure\u0219ului! Este acuzat de ultraj \u0219i distrugere<\/a><\/h3>\n<div class=\"el-content uk-panel uk-margin-small-top\">Un t\u00e2n\u0103r de 25 de ani a fost re\u021binut de poli\u021bi\u0219ti pentru ultraj asupra personalului silvic \u0219i distrugere, \u00een urma incidentului violent din Parcul Natural Lunca Mure\u0219ului, petrecut joi sear\u0103. Sursa de Vest See Full Bio<\/div>\n<div class=\"uk-margin-top\"><a href=\"https:\/\/www.sursadevest.ro\/tanar-retinut-dupa-atacul-asupra-rangerilor-din-parcul-natural-lunca-muresului-este-acuzat-de-ultraj-si-distrugere\/\" class=\"el-link uk-button uk-button-text\">Vezi detalii<\/a><\/div>\n<\/div>\n<\/div>\n<div>\n<div class=\"el-item uk-panel uk-margin-remove-first-child\"><a href=\"https:\/\/www.sursadevest.ro\/panica-pentru-unii-oportunitate-pentru-altii-ce-se-intampla-acum-pe-piata-imobiliara-din-dubai-interviu-exclusiv-cu-proprietara-unei-agentii-imobiliare-din-eau\/\"><img decoding=\"async\" src=\"https:\/\/www.sursadevest.ro\/wp-content\/uploads\/2026\/04\/dubai.gif\" width=\"610\" height=\"339\" alt loading=\"lazy\" class=\"el-image uk-border-rounded\"><\/a><\/p>\n<div class=\"el-meta uk-h6 uk-text-primary uk-margin-top uk-margin-remove-bottom\"><time datetime=\"2026-04-04T12:49:32+02:00\">4 aprilie, 2026<\/time> | <a href=\"https:\/\/www.sursadevest.ro\/author\/petronela\/\">Sursa de Vest<\/a> | <a href=\"https:\/\/www.sursadevest.ro\/categorie\/stiri\/economic\/\" rel=\"tag\">Economic<\/a>, <a href=\"https:\/\/www.sursadevest.ro\/categorie\/stiri\/eveniment\/\" rel=\"tag\">Eveniment<\/a>, <a href=\"https:\/\/www.sursadevest.ro\/categorie\/stiri\/\" rel=\"tag\">\u0218tiri<\/a> | <a href=\"https:\/\/www.sursadevest.ro\/panica-pentru-unii-oportunitate-pentru-altii-ce-se-intampla-acum-pe-piata-imobiliara-din-dubai-interviu-exclusiv-cu-proprietara-unei-agentii-imobiliare-din-eau\/#respond\">Niciun comentariu<span class=\"screen-reader-text\"> la Panic\u0103 pentru unii, oportunitate pentru al\u021bii! Ce se \u00eent\u00e2mpl\u0103 acum, pe pia\u021ba imobiliar\u0103 din Dubai? Interviu exclusiv cu proprietara unei agen\u021bii imobiliare din EAU<\/span><\/a><\/div>\n<h3 class=\"el-title uk-h4 uk-link-reset uk-margin-small-top uk-margin-remove-bottom\"><a href=\"https:\/\/www.sursadevest.ro\/panica-pentru-unii-oportunitate-pentru-altii-ce-se-intampla-acum-pe-piata-imobiliara-din-dubai-interviu-exclusiv-cu-proprietara-unei-agentii-imobiliare-din-eau\/\">Panic\u0103 pentru unii, oportunitate pentru al\u021bii! Ce se \u00eent\u00e2mpl\u0103 acum, pe pia\u021ba imobiliar\u0103 din Dubai? Interviu exclusiv cu proprietara unei agen\u021bii imobiliare din EAU<\/a><\/h3>\n<div class=\"el-content uk-panel uk-margin-small-top\">\u00cen timp ce o mare parte din lume se confrunt\u0103 cu incertitudine economic\u0103 \u0219i instabilitate, exist\u0103 un loc unde banii continu\u0103 s\u0103 curg\u0103 \u00eentr-un ritm accelerat: Dubai. Care este realitatea din teren \u0219i cum se pozi\u021bioneaz\u0103 investitorii rom\u00e2ni \u00een acest context? R\u0103spunsurile vin de la Cristina Stoian, proprietara agen\u021biei \u201eSimple Choices\u201d, \u00eentr-un interviu exclusiv despre [\u2026]<\/div>\n<div class=\"uk-margin-top\"><a href=\"https:\/\/www.sursadevest.ro\/panica-pentru-unii-oportunitate-pentru-altii-ce-se-intampla-acum-pe-piata-imobiliara-din-dubai-interviu-exclusiv-cu-proprietara-unei-agentii-imobiliare-din-eau\/\" class=\"el-link uk-button uk-button-text\">Vezi detalii<\/a><\/div>\n<\/div>\n<\/div>\n<div>\n<div class=\"el-item uk-panel uk-margin-remove-first-child\"><a href=\"https:\/\/www.sursadevest.ro\/doi-cetateni-georgieni-retinuti-dupa-o-serie-de-furturi-din-autoturisme-erau-vizati-de-anchete-in-mai-multe-state-europene\/\"><br \/>\n<source type=\"image\/webp\" srcset=\"\/wp-content\/themes\/yootheme\/cache\/7a\/hoti-masini-7a613d5f.webp 610w, \/wp-content\/themes\/yootheme\/cache\/fe\/hoti-masini-fed3c4cb.webp 768w, \/wp-content\/themes\/yootheme\/cache\/bf\/hoti-masini-bf359c58.webp 861w\" sizes=\"(min-width: 610px) 610px\" \/><\/a><\/p>\n<div class=\"el-meta uk-h6 uk-text-primary uk-margin-top uk-margin-remove-bottom\"><time datetime=\"2026-04-04T11:06:45+02:00\">4 aprilie, 2026<\/time> | <a href=\"https:\/\/www.sursadevest.ro\/author\/petronela\/\">Sursa de Vest<\/a> | <a href=\"https:\/\/www.sursadevest.ro\/categorie\/stiri\/eveniment\/\" rel=\"tag\">Eveniment<\/a>, <a href=\"https:\/\/www.sursadevest.ro\/categorie\/stiri\/\" rel=\"tag\">\u0218tiri<\/a> | <a href=\"https:\/\/www.sursadevest.ro\/doi-cetateni-georgieni-retinuti-dupa-o-serie-de-furturi-din-autoturisme-erau-vizati-de-anchete-in-mai-multe-state-europene\/#respond\">Niciun comentariu<span class=\"screen-reader-text\"> la Doi cet\u0103\u021beni georgieni, re\u021binu\u021bi dup\u0103 o serie de furturi din autoturisme! Erau viza\u021bi de anchete \u00een mai multe state europene<\/span><\/a><\/div>\n<h3 class=\"el-title uk-h4 uk-link-reset uk-margin-small-top uk-margin-remove-bottom\"><a href=\"https:\/\/www.sursadevest.ro\/doi-cetateni-georgieni-retinuti-dupa-o-serie-de-furturi-din-autoturisme-erau-vizati-de-anchete-in-mai-multe-state-europene\/\">Doi cet\u0103\u021beni georgieni, re\u021binu\u021bi dup\u0103 o serie de furturi din autoturisme! Erau viza\u021bi de anchete \u00een mai multe state europene<\/a><\/h3>\n<div class=\"el-content uk-panel uk-margin-small-top\">Doi b\u0103rba\u021bi, \u00een v\u00e2rst\u0103 de 40 \u0219i 47 de ani, au fost re\u021binu\u021bi de poli\u021bi\u0219ti dup\u0103 ce au fost prin\u0219i \u00een trafic, fiind suspecta\u021bi de comiterea mai multor furturi din autoturisme. Sursa de Vest See Full Bio<\/div>\n<div class=\"uk-margin-top\"><a href=\"https:\/\/www.sursadevest.ro\/doi-cetateni-georgieni-retinuti-dupa-o-serie-de-furturi-din-autoturisme-erau-vizati-de-anchete-in-mai-multe-state-europene\/\" class=\"el-link uk-button uk-button-text\">Vezi detalii<\/a><\/div>\n<\/div>\n<\/div>\n<div>\n<div class=\"el-item uk-panel uk-margin-remove-first-child\"><a href=\"https:\/\/www.sursadevest.ro\/mii-de-timisoreni-astaptati-sa-participe-la-pelerinajul-de-florii-restrictii-de-trafic-in-zona-centrala\/\"><br \/>\n<source type=\"image\/webp\" srcset=\"\/wp-content\/themes\/yootheme\/cache\/14\/pelerinaj-florii-144514c3.webp 610w, \/wp-content\/themes\/yootheme\/cache\/87\/pelerinaj-florii-87c341dd.webp 768w, \/wp-content\/themes\/yootheme\/cache\/74\/pelerinaj-florii-74018c8f.webp 947w\" sizes=\"(min-width: 610px) 610px\" \/><\/a><\/p>\n<div class=\"el-meta uk-h6 uk-text-primary uk-margin-top uk-margin-remove-bottom\"><time datetime=\"2026-04-04T10:49:42+02:00\">4 aprilie, 2026<\/time> | <a href=\"https:\/\/www.sursadevest.ro\/author\/petronela\/\">Sursa de Vest<\/a> | <a href=\"https:\/\/www.sursadevest.ro\/categorie\/stiri\/eveniment\/\" rel=\"tag\">Eveniment<\/a>, <a href=\"https:\/\/www.sursadevest.ro\/categorie\/stiri\/\" rel=\"tag\">\u0218tiri<\/a> | <a href=\"https:\/\/www.sursadevest.ro\/mii-de-timisoreni-astaptati-sa-participe-la-pelerinajul-de-florii-restrictii-de-trafic-in-zona-centrala\/#respond\">Niciun comentariu<span class=\"screen-reader-text\"> la Mii de timi\u0219oreni, a\u0219tapta\u021bi s\u0103 participe la Pelerinajul de Florii! Restric\u021bii de trafic \u00een zona central\u0103<\/span><\/a><\/div>\n<h3 class=\"el-title uk-h4 uk-link-reset uk-margin-small-top uk-margin-remove-bottom\"><a href=\"https:\/\/www.sursadevest.ro\/mii-de-timisoreni-astaptati-sa-participe-la-pelerinajul-de-florii-restrictii-de-trafic-in-zona-centrala\/\">Mii de timi\u0219oreni, a\u0219tapta\u021bi s\u0103 participe la Pelerinajul de Florii! Restric\u021bii de trafic \u00een zona central\u0103<\/a><\/h3>\n<div class=\"el-content uk-panel uk-margin-small-top\">Arhiepiscopia Timi\u0219oarei organizeaz\u0103 ast\u0103zi, tradi\u021bionalul pelerinaj de Florii, eveniment religios care precede s\u0103rb\u0103toarea Intr\u0103rii Domnului \u00een Ierusalim. Sursa de Vest See Full Bio<\/div>\n<div class=\"uk-margin-top\"><a href=\"https:\/\/www.sursadevest.ro\/mii-de-timisoreni-astaptati-sa-participe-la-pelerinajul-de-florii-restrictii-de-trafic-in-zona-centrala\/\" class=\"el-link uk-button uk-button-text\">Vezi detalii<\/a><\/div>\n<\/div>\n<\/div>\n<div>\n<div class=\"el-item uk-panel uk-margin-remove-first-child\"><a href=\"https:\/\/www.sursadevest.ro\/timisoara-devine-capitala-roboticii-va-gazdui-robotec-o-competitie-internationala-pentru-studenti-si-liceeni\/\"><img decoding=\"async\" src=\"https:\/\/www.sursadevest.ro\/wp-content\/uploads\/2026\/04\/robot-robotech.gif\" width=\"610\" height=\"381\" alt loading=\"lazy\" class=\"el-image uk-border-rounded\"><\/a><\/p>\n<div class=\"el-meta uk-h6 uk-text-primary uk-margin-top uk-margin-remove-bottom\"><time datetime=\"2026-04-04T09:45:00+02:00\">4 aprilie, 2026<\/time> | <a href=\"https:\/\/www.sursadevest.ro\/author\/petronela\/\">Sursa de Vest<\/a> | <a href=\"https:\/\/www.sursadevest.ro\/categorie\/stiri\/educatie\/\" rel=\"tag\">Educa\u021bie<\/a>, <a href=\"https:\/\/www.sursadevest.ro\/categorie\/stiri\/eveniment\/\" rel=\"tag\">Eveniment<\/a>, <a href=\"https:\/\/www.sursadevest.ro\/categorie\/stiri\/\" rel=\"tag\">\u0218tiri<\/a> | <a href=\"https:\/\/www.sursadevest.ro\/timisoara-devine-capitala-roboticii-va-gazdui-robotec-o-competitie-internationala-pentru-studenti-si-liceeni\/#respond\">Niciun comentariu<span class=\"screen-reader-text\"> la Timi\u0219oara devine capitala roboticii! Va g\u0103zdui \u201eRoboTEC\u201d, o competi\u021bie interna\u021bional\u0103 pentru studen\u021bi \u0219i liceeni<\/span><\/a><\/div>\n<h3 class=\"el-title uk-h4 uk-link-reset uk-margin-small-top uk-margin-remove-bottom\"><a href=\"https:\/\/www.sursadevest.ro\/timisoara-devine-capitala-roboticii-va-gazdui-robotec-o-competitie-internationala-pentru-studenti-si-liceeni\/\">Timi\u0219oara devine capitala roboticii! Va g\u0103zdui \u201eRoboTEC\u201d, o competi\u021bie interna\u021bional\u0103 pentru studen\u021bi \u0219i liceeni<\/a><\/h3>\n<div class=\"el-content uk-panel uk-margin-small-top\">Liga Studen\u021bilor din cadrul Facult\u0103\u021bii de Automatic\u0103 \u0219i Calculatoare anun\u021b\u0103 cea de-a opta edi\u021bie a competi\u021biei interna\u021bionale RoboTEC (Robot Engineering Contest). Sursa de Vest See Full Bio<\/div>\n<div class=\"uk-margin-top\"><a href=\"https:\/\/www.sursadevest.ro\/timisoara-devine-capitala-roboticii-va-gazdui-robotec-o-competitie-internationala-pentru-studenti-si-liceeni\/\" class=\"el-link uk-button uk-button-text\">Vezi detalii<\/a><\/div>\n<\/div>\n<\/div>\n<div>\n<div class=\"el-item uk-panel uk-margin-remove-first-child\"><a href=\"https:\/\/www.sursadevest.ro\/elevii-intra-de-astazi-in-vacanta-de-paste-cand-revin-la-cursuri\/\"><br \/>\n<source type=\"image\/webp\" srcset=\"\/wp-content\/themes\/yootheme\/cache\/8a\/elevi-picioare-8a82456a.webp 610w, \/wp-content\/themes\/yootheme\/cache\/67\/elevi-picioare-670a44e8.webp 768w, \/wp-content\/themes\/yootheme\/cache\/97\/elevi-picioare-975c2050.webp 900w\" sizes=\"(min-width: 610px) 610px\" \/><\/a><\/p>\n<div class=\"el-meta uk-h6 uk-text-primary uk-margin-top uk-margin-remove-bottom\"><time datetime=\"2026-04-04T09:37:38+02:00\">4 aprilie, 2026<\/time> | <a href=\"https:\/\/www.sursadevest.ro\/author\/petronela\/\">Sursa de Vest<\/a> | <a href=\"https:\/\/www.sursadevest.ro\/categorie\/stiri\/educatie\/\" rel=\"tag\">Educa\u021bie<\/a>, <a href=\"https:\/\/www.sursadevest.ro\/categorie\/stiri\/eveniment\/\" rel=\"tag\">Eveniment<\/a>, <a href=\"https:\/\/www.sursadevest.ro\/categorie\/stiri\/\" rel=\"tag\">\u0218tiri<\/a> | <a href=\"https:\/\/www.sursadevest.ro\/elevii-intra-de-astazi-in-vacanta-de-paste-cand-revin-la-cursuri\/#respond\">Niciun comentariu<span class=\"screen-reader-text\"> la A \u00eenceput vacan\u021ba de Pa\u0219te pentru elevi! C\u00e2nd revin la cursuri?<\/span><\/a><\/div>\n<h3 class=\"el-title uk-h4 uk-link-reset uk-margin-small-top uk-margin-remove-bottom\"><a href=\"https:\/\/www.sursadevest.ro\/elevii-intra-de-astazi-in-vacanta-de-paste-cand-revin-la-cursuri\/\">A \u00eenceput vacan\u021ba de Pa\u0219te pentru elevi! C\u00e2nd revin la cursuri?<\/a><\/h3>\n<div class=\"el-content uk-panel uk-margin-small-top\">Elevii din Rom\u00e2nia intr\u0103, \u00eencep\u00e2nd de ast\u0103zi, \u00een vacan\u021ba prilejuit\u0103 de s\u0103rb\u0103torile pascale. Sursa de Vest See Full Bio<\/div>\n<div class=\"uk-margin-top\"><a href=\"https:\/\/www.sursadevest.ro\/elevii-intra-de-astazi-in-vacanta-de-paste-cand-revin-la-cursuri\/\" class=\"el-link uk-button uk-button-text\">Vezi detalii<\/a><\/div>\n<\/div>\n<\/div>\n<div>\n<div class=\"el-item uk-panel uk-margin-remove-first-child\"><a href=\"https:\/\/www.sursadevest.ro\/scene-violente-in-judetul-timis-doi-padurari-batuti-de-hotii-de-lemne-au-fost-loviti-cu-parul\/\"><br \/>\n<source type=\"image\/webp\" srcset=\"\/wp-content\/themes\/yootheme\/cache\/44\/ranger-agresati-4419aefc.webp 610w, \/wp-content\/themes\/yootheme\/cache\/d8\/ranger-agresati-d8058c9e.webp 768w, \/wp-content\/themes\/yootheme\/cache\/28\/ranger-agresati-2853e826.webp 900w\" sizes=\"(min-width: 610px) 610px\" \/><\/a><\/p>\n<div class=\"el-meta uk-h6 uk-text-primary uk-margin-top uk-margin-remove-bottom\"><time datetime=\"2026-04-03T20:34:50+02:00\">3 aprilie, 2026<\/time> | <a href=\"https:\/\/www.sursadevest.ro\/author\/petronela\/\">Sursa de Vest<\/a> | <a href=\"https:\/\/www.sursadevest.ro\/categorie\/stiri\/eveniment\/\" rel=\"tag\">Eveniment<\/a>, <a href=\"https:\/\/www.sursadevest.ro\/categorie\/stiri\/\" rel=\"tag\">\u0218tiri<\/a> | <a href=\"https:\/\/www.sursadevest.ro\/scene-violente-in-judetul-timis-doi-padurari-batuti-de-hotii-de-lemne-au-fost-loviti-cu-parul\/#respond\">Niciun comentariu<span class=\"screen-reader-text\"> la Scene violente, \u00een jude\u021bul Timi\u0219! Doi p\u0103durari, b\u0103tu\u021bi de ho\u021bii de lemne! Au fost lovi\u021bi cu parul<\/span><\/a><\/div>\n<h3 class=\"el-title uk-h4 uk-link-reset uk-margin-small-top uk-margin-remove-bottom\"><a href=\"https:\/\/www.sursadevest.ro\/scene-violente-in-judetul-timis-doi-padurari-batuti-de-hotii-de-lemne-au-fost-loviti-cu-parul\/\">Scene violente, \u00een jude\u021bul Timi\u0219! Doi p\u0103durari, b\u0103tu\u021bi de ho\u021bii de lemne! Au fost lovi\u021bi cu parul<\/a><\/h3>\n<div class=\"el-content uk-panel uk-margin-small-top\">Scandal uria\u0219, \u00eentr-o arie natural\u0103 protejat\u0103 din vestul \u021b\u0103rii, unde doi rangeri ai Administra\u021biei Parcul Natural Lunca Mure\u0219ului au fost agresa\u021bi \u0219i amenin\u021ba\u021bi cu moartea, dup\u0103 ce au surprins mai multe persoane la furat de lemne. Sursa de Vest See Full Bio<\/div>\n<div class=\"uk-margin-top\"><a href=\"https:\/\/www.sursadevest.ro\/scene-violente-in-judetul-timis-doi-padurari-batuti-de-hotii-de-lemne-au-fost-loviti-cu-parul\/\" class=\"el-link uk-button uk-button-text\">Vezi detalii<\/a><\/div>\n<\/div>\n<\/div>\n<div>\n<div class=\"el-item uk-panel uk-margin-remove-first-child\"><a href=\"https:\/\/www.sursadevest.ro\/managerul-teatrului-national-din-timisoara-aplaudat-la-scena-deschisa-dupa-doua-decenii-de-activitate-ada-hausvater-preia-conducerea-tnb\/\"><br \/>\n<source type=\"image\/webp\" srcset=\"\/wp-content\/themes\/yootheme\/cache\/59\/ada-lupu-hausvater-5924fc79.webp 610w, \/wp-content\/themes\/yootheme\/cache\/ca\/ada-lupu-hausvater-caad5e5e.webp 768w, \/wp-content\/themes\/yootheme\/cache\/51\/ada-lupu-hausvater-51ef9513.webp 1024w, \/wp-content\/themes\/yootheme\/cache\/c6\/ada-lupu-hausvater-c679d55d.webp 1220w\" sizes=\"(min-width: 610px) 610px\" \/><\/a><\/p>\n<div class=\"el-meta uk-h6 uk-text-primary uk-margin-top uk-margin-remove-bottom\"><time datetime=\"2026-04-03T19:22:00+02:00\">3 aprilie, 2026<\/time> | <a href=\"https:\/\/www.sursadevest.ro\/author\/petronela\/\">Sursa de Vest<\/a> | <a href=\"https:\/\/www.sursadevest.ro\/categorie\/stiri\/cultura\/\" rel=\"tag\">Cultur\u0103<\/a>, <a href=\"https:\/\/www.sursadevest.ro\/categorie\/stiri\/eveniment\/\" rel=\"tag\">Eveniment<\/a>, <a href=\"https:\/\/www.sursadevest.ro\/categorie\/stiri\/\" rel=\"tag\">\u0218tiri<\/a> | <a href=\"https:\/\/www.sursadevest.ro\/managerul-teatrului-national-din-timisoara-aplaudat-la-scena-deschisa-dupa-doua-decenii-de-activitate-ada-hausvater-preia-conducerea-tnb\/#respond\">Niciun comentariu<span class=\"screen-reader-text\"> la Managerul Teatrului Na\u021bional din Timi\u0219oara, aplaudat la scen\u0103 deschis\u0103 dup\u0103 dou\u0103 decenii de activitate! Ada Hausvater preia conducerea TNB<\/span><\/a><\/div>\n<h3 class=\"el-title uk-h4 uk-link-reset uk-margin-small-top uk-margin-remove-bottom\"><a href=\"https:\/\/www.sursadevest.ro\/managerul-teatrului-national-din-timisoara-aplaudat-la-scena-deschisa-dupa-doua-decenii-de-activitate-ada-hausvater-preia-conducerea-tnb\/\">Managerul Teatrului Na\u021bional din Timi\u0219oara, aplaudat la scen\u0103 deschis\u0103 dup\u0103 dou\u0103 decenii de activitate! Ada Hausvater preia conducerea TNB<\/a><\/h3>\n<div class=\"el-content uk-panel uk-margin-small-top\">Momente emo\u021bionante, \u00een aceast\u0103 diminea\u021b\u0103, la Teatrul Na\u021bional din Timi\u0219oara, unde echipa institu\u021biei \u0219i-a aplaudat \u00een picioare managerul, Ada Hausvater, la finalul unui parcurs de aproape 21 de ani \u00een fruntea teatrului. Sursa de Vest See Full Bio<\/div>\n<div class=\"uk-margin-top\"><a href=\"https:\/\/www.sursadevest.ro\/managerul-teatrului-national-din-timisoara-aplaudat-la-scena-deschisa-dupa-doua-decenii-de-activitate-ada-hausvater-preia-conducerea-tnb\/\" class=\"el-link uk-button uk-button-text\">Vezi detalii<\/a><\/div>\n<\/div>\n<\/div>\n<div>\n<div class=\"el-item uk-panel uk-margin-remove-first-child\"><a href=\"https:\/\/www.sursadevest.ro\/video-masina-rasturnata-in-mijlocul-strazii-intervin-pompierii-de-la-descarcerare\/\"><br \/>\n<source type=\"image\/webp\" srcset=\"\/wp-content\/themes\/yootheme\/cache\/52\/accident-525630da.webp 610w, \/wp-content\/themes\/yootheme\/cache\/a2\/accident-a2245cf3.webp 768w, \/wp-content\/themes\/yootheme\/cache\/b0\/accident-b0872c1d.webp 851w\" sizes=\"(min-width: 610px) 610px\" \/><\/a><\/p>\n<div class=\"el-meta uk-h6 uk-text-primary uk-margin-top uk-margin-remove-bottom\"><time datetime=\"2026-04-03T14:21:59+02:00\">3 aprilie, 2026<\/time> | <a href=\"https:\/\/www.sursadevest.ro\/author\/petronela\/\">Sursa de Vest<\/a> | <a href=\"https:\/\/www.sursadevest.ro\/categorie\/stiri\/eveniment\/\" rel=\"tag\">Eveniment<\/a>, <a href=\"https:\/\/www.sursadevest.ro\/categorie\/stiri\/\" rel=\"tag\">\u0218tiri<\/a> | <a href=\"https:\/\/www.sursadevest.ro\/video-masina-rasturnata-in-mijlocul-strazii-intervin-pompierii-de-la-descarcerare\/#respond\">Niciun comentariu<span class=\"screen-reader-text\"> la VIDEO Ma\u0219in\u0103 r\u0103sturnat\u0103 \u00een mijlocul str\u0103zii! Intervin pompierii de la descarcerare<\/span><\/a><\/div>\n<h3 class=\"el-title uk-h4 uk-link-reset uk-margin-small-top uk-margin-remove-bottom\"><a href=\"https:\/\/www.sursadevest.ro\/video-masina-rasturnata-in-mijlocul-strazii-intervin-pompierii-de-la-descarcerare\/\">VIDEO Ma\u0219in\u0103 r\u0103sturnat\u0103 \u00een mijlocul str\u0103zii! Intervin pompierii de la descarcerare<\/a><\/h3>\n<div class=\"el-content uk-panel uk-margin-small-top\">Accident grav pe Bulevardul Revolu\u021biei din Arad, \u00een zona Ziridava. O ma\u0219in\u0103 s-a r\u0103sturnat pe carosabil. Sursa de Vest See Full Bio<\/div>\n<div class=\"uk-margin-top\"><a href=\"https:\/\/www.sursadevest.ro\/video-masina-rasturnata-in-mijlocul-strazii-intervin-pompierii-de-la-descarcerare\/\" class=\"el-link uk-button uk-button-text\">Vezi detalii<\/a><\/div>\n<\/div>\n<\/div>\n<div>\n<div class=\"el-item uk-panel uk-margin-remove-first-child\"><a href=\"https:\/\/www.sursadevest.ro\/bugetul-consiliului-judetean-timis-desaga-fara-fund-simonis-vrea-sa-dea-bani-primarilor-care-scot-jocurile-de-noroc-din-localitate\/\"><br \/>\n<source type=\"image\/webp\" srcset=\"\/wp-content\/themes\/yootheme\/cache\/69\/jocuri-de-noroc-6975a332.webp 610w, \/wp-content\/themes\/yootheme\/cache\/ae\/jocuri-de-noroc-ae248903.webp 768w, \/wp-content\/themes\/yootheme\/cache\/5e\/jocuri-de-noroc-5e72edbb.webp 900w\" sizes=\"(min-width: 610px) 610px\" \/><\/a><\/p>\n<div class=\"el-meta uk-h6 uk-text-primary uk-margin-top uk-margin-remove-bottom\"><time datetime=\"2026-04-03T14:09:36+02:00\">3 aprilie, 2026<\/time> | <a href=\"https:\/\/www.sursadevest.ro\/author\/petronela\/\">Sursa de Vest<\/a> | <a href=\"https:\/\/www.sursadevest.ro\/categorie\/stiri\/eveniment\/\" rel=\"tag\">Eveniment<\/a>, <a href=\"https:\/\/www.sursadevest.ro\/categorie\/stiri\/\" rel=\"tag\">\u0218tiri<\/a> | <a href=\"https:\/\/www.sursadevest.ro\/bugetul-consiliului-judetean-timis-desaga-fara-fund-simonis-vrea-sa-dea-bani-primarilor-care-scot-jocurile-de-noroc-din-localitate\/#respond\">Niciun comentariu<span class=\"screen-reader-text\"> la Bugetul Consiliului Jude\u021bean Timi\u0219, desag\u0103 f\u0103r\u0103 fund! Simonis vrea s\u0103 dea bani primarilor care scot jocurile de noroc din localitate<\/span><\/a><\/div>\n<h3 class=\"el-title uk-h4 uk-link-reset uk-margin-small-top uk-margin-remove-bottom\"><a href=\"https:\/\/www.sursadevest.ro\/bugetul-consiliului-judetean-timis-desaga-fara-fund-simonis-vrea-sa-dea-bani-primarilor-care-scot-jocurile-de-noroc-din-localitate\/\">Bugetul Consiliului Jude\u021bean Timi\u0219, desag\u0103 f\u0103r\u0103 fund! Simonis vrea s\u0103 dea bani primarilor care scot jocurile de noroc din localitate<\/a><\/h3>\n<div class=\"el-content uk-panel uk-margin-small-top\">Pre\u0219edintele Consiliului Jude\u021bean Timi\u0219, Alfred Simonis, revine \u00een postura unui deschiz\u0103tor de drumuri \u0219i anun\u021b\u0103 stimulente financiare pentru prim\u0103riile care vor scoate din localitate p\u0103c\u0103nelele. Sursa de Vest See Full Bio<\/div>\n<div class=\"uk-margin-top\"><a href=\"https:\/\/www.sursadevest.ro\/bugetul-consiliului-judetean-timis-desaga-fara-fund-simonis-vrea-sa-dea-bani-primarilor-care-scot-jocurile-de-noroc-din-localitate\/\" class=\"el-link uk-button uk-button-text\">Vezi detalii<\/a><\/div>\n<\/div>\n<\/div>\n<div>\n<div class=\"el-item uk-panel uk-margin-remove-first-child\"><a href=\"https:\/\/www.sursadevest.ro\/pietele-din-timisoara-s-au-umplut-de-verdeturi-de-sezon-cat-costa-salata-ridichile-sau-spanacul\/\"><img decoding=\"async\" src=\"https:\/\/www.sursadevest.ro\/wp-content\/uploads\/2026\/04\/legume-piata6.gif\" width=\"610\" height=\"381\" alt loading=\"lazy\" class=\"el-image uk-border-rounded\"><\/a><\/p>\n<div class=\"el-meta uk-h6 uk-text-primary uk-margin-top uk-margin-remove-bottom\"><time datetime=\"2026-04-03T13:34:51+02:00\">3 aprilie, 2026<\/time> | <a href=\"https:\/\/www.sursadevest.ro\/author\/petronela\/\">Sursa de Vest<\/a> | <a href=\"https:\/\/www.sursadevest.ro\/categorie\/stiri\/eveniment\/\" rel=\"tag\">Eveniment<\/a>, <a href=\"https:\/\/www.sursadevest.ro\/categorie\/stiri\/\" rel=\"tag\">\u0218tiri<\/a> | <a href=\"https:\/\/www.sursadevest.ro\/pietele-din-timisoara-s-au-umplut-de-verdeturi-de-sezon-cat-costa-salata-ridichile-sau-spanacul\/#respond\">Niciun comentariu<span class=\"screen-reader-text\"> la Pie\u021bele din Timi\u0219oara s-au umplut de verde\u021buri de sezon. C\u00e2t cost\u0103 salata, ridichile sau spanacul?<\/span><\/a><\/div>\n<h3 class=\"el-title uk-h4 uk-link-reset uk-margin-small-top uk-margin-remove-bottom\"><a href=\"https:\/\/www.sursadevest.ro\/pietele-din-timisoara-s-au-umplut-de-verdeturi-de-sezon-cat-costa-salata-ridichile-sau-spanacul\/\">Pie\u021bele din Timi\u0219oara s-au umplut de verde\u021buri de sezon. C\u00e2t cost\u0103 salata, ridichile sau spanacul?<\/a><\/h3>\n<div class=\"el-content uk-panel uk-margin-small-top\">Tarabele pie\u021belor din Timi\u0219oara s-au umplut, \u00een aceast\u0103 perioad\u0103, de verde\u021buri proaspete, semn c\u0103 sezonul de prim\u0103var\u0103 s-a instalat \u00een for\u021b\u0103. Sursa de Vest See Full Bio<\/div>\n<div class=\"uk-margin-top\"><a href=\"https:\/\/www.sursadevest.ro\/pietele-din-timisoara-s-au-umplut-de-verdeturi-de-sezon-cat-costa-salata-ridichile-sau-spanacul\/\" class=\"el-link uk-button uk-button-text\">Vezi detalii<\/a><\/div>\n<\/div>\n<\/div>\n<div>\n<div class=\"el-item uk-panel uk-margin-remove-first-child\"><a href=\"https:\/\/www.sursadevest.ro\/atentie-soferi-urmeaza-noi-restrictii-de-circulatie-la-timisoara-2\/\"><br \/>\n<source type=\"image\/webp\" srcset=\"\/wp-content\/themes\/yootheme\/cache\/8b\/restrictii-circulatie-8b8f8058.webp 610w, \/wp-content\/themes\/yootheme\/cache\/e7\/restrictii-circulatie-e7cef01e.webp 768w, \/wp-content\/themes\/yootheme\/cache\/3d\/restrictii-circulatie-3d604f53.webp 960w\" sizes=\"(min-width: 610px) 610px\" \/><\/a><\/p>\n<div class=\"el-meta uk-h6 uk-text-primary uk-margin-top uk-margin-remove-bottom\"><time datetime=\"2026-04-03T12:38:36+02:00\">3 aprilie, 2026<\/time> | <a href=\"https:\/\/www.sursadevest.ro\/author\/petronela\/\">Sursa de Vest<\/a> | <a href=\"https:\/\/www.sursadevest.ro\/categorie\/stiri\/eveniment\/\" rel=\"tag\">Eveniment<\/a>, <a href=\"https:\/\/www.sursadevest.ro\/categorie\/stiri\/\" rel=\"tag\">\u0218tiri<\/a> | <a href=\"https:\/\/www.sursadevest.ro\/atentie-soferi-urmeaza-noi-restrictii-de-circulatie-la-timisoara-2\/#respond\">Niciun comentariu<span class=\"screen-reader-text\"> la Aten\u021bie, \u0219oferi! Urmeaz\u0103 noi restric\u021bii de circula\u021bie, la Timi\u0219oara<\/span><\/a><\/div>\n<h3 class=\"el-title uk-h4 uk-link-reset uk-margin-small-top uk-margin-remove-bottom\"><a href=\"https:\/\/www.sursadevest.ro\/atentie-soferi-urmeaza-noi-restrictii-de-circulatie-la-timisoara-2\/\">Aten\u021bie, \u0219oferi! Urmeaz\u0103 noi restric\u021bii de circula\u021bie, la Timi\u0219oara<\/a><\/h3>\n<div class=\"el-content uk-panel uk-margin-small-top\">La solicitarea Aquatim \u0219i Del Gaz, comisia de circula\u021bie din cadrul Prim\u0103riei Timi\u0219oara a avizat restric\u021bionarea traficului rutier \u00een mai multe zone din ora\u0219, \u00een vederea continu\u0103rii lucr\u0103rilor la infrastructura de gaz \u0219i canalizare a ora\u0219ului. Sursa de Vest See Full Bio<\/div>\n<div class=\"uk-margin-top\"><a href=\"https:\/\/www.sursadevest.ro\/atentie-soferi-urmeaza-noi-restrictii-de-circulatie-la-timisoara-2\/\" class=\"el-link uk-button uk-button-text\">Vezi detalii<\/a><\/div>\n<\/div>\n<\/div>\n<div>\n<div class=\"el-item uk-panel uk-margin-remove-first-child\"><a href=\"https:\/\/www.sursadevest.ro\/primaria-timisoara-primeste-bani-europeni-pentru-extinderea-unei-scoli-dar-pierde-fondurile-pentru-reabilitarea-alteia\/\"><br \/>\n<source type=\"image\/webp\" srcset=\"\/wp-content\/themes\/yootheme\/cache\/42\/scoala-gimnaziala-7-42f23f3f.webp 610w, \/wp-content\/themes\/yootheme\/cache\/39\/scoala-gimnaziala-7-3975bfd7.webp 768w, \/wp-content\/themes\/yootheme\/cache\/de\/scoala-gimnaziala-7-de12bd40.webp 852w\" sizes=\"(min-width: 610px) 610px\" \/><\/a><\/p>\n<div class=\"el-meta uk-h6 uk-text-primary uk-margin-top uk-margin-remove-bottom\"><time datetime=\"2026-04-03T12:26:24+02:00\">3 aprilie, 2026<\/time> | <a href=\"https:\/\/www.sursadevest.ro\/author\/petronela\/\">Sursa de Vest<\/a> | <a href=\"https:\/\/www.sursadevest.ro\/categorie\/stiri\/eveniment\/\" rel=\"tag\">Eveniment<\/a>, <a href=\"https:\/\/www.sursadevest.ro\/categorie\/stiri\/\" rel=\"tag\">\u0218tiri<\/a> | <a href=\"https:\/\/www.sursadevest.ro\/primaria-timisoara-primeste-bani-europeni-pentru-extinderea-unei-scoli-dar-pierde-fondurile-pentru-reabilitarea-alteia\/#respond\">Niciun comentariu<span class=\"screen-reader-text\"> la Prim\u0103ria Timi\u0219oara prime\u0219te bani europeni pentru extinderea unei \u0219coli, dar pierde fondurile pentru reabilitarea alteia<\/span><\/a><\/div>\n<h3 class=\"el-title uk-h4 uk-link-reset uk-margin-small-top uk-margin-remove-bottom\"><a href=\"https:\/\/www.sursadevest.ro\/primaria-timisoara-primeste-bani-europeni-pentru-extinderea-unei-scoli-dar-pierde-fondurile-pentru-reabilitarea-alteia\/\">Prim\u0103ria Timi\u0219oara prime\u0219te bani europeni pentru extinderea unei \u0219coli, dar pierde fondurile pentru reabilitarea alteia<\/a><\/h3>\n<div class=\"el-content uk-panel uk-margin-small-top\">Prim\u0103ria Timi\u0219oara asigur\u0103 finan\u021barea din bugetul local pentru dou\u0103 proiecte de investi\u021bii \u00een infrastructura \u0219colar\u0103. Sursa de Vest See Full Bio<\/div>\n<div class=\"uk-margin-top\"><a href=\"https:\/\/www.sursadevest.ro\/primaria-timisoara-primeste-bani-europeni-pentru-extinderea-unei-scoli-dar-pierde-fondurile-pentru-reabilitarea-alteia\/\" class=\"el-link uk-button uk-button-text\">Vezi detalii<\/a><\/div>\n<\/div>\n<\/div>\n<div>\n<div class=\"el-item uk-panel uk-margin-remove-first-child\"><a href=\"https:\/\/www.sursadevest.ro\/fritz-ii-intinde-mana-lui-simonis-dupa-ce-a-fost-acuzat-ca-lasa-in-paragina-cladirile-din-timisoara-schimba-strategia-orasului-ca-sa-poata-investi-in-trei-obiective\/\"><br \/>\n<source type=\"image\/webp\" srcset=\"\/wp-content\/themes\/yootheme\/cache\/7f\/fritz-si-simonis-7f7e6a0b.webp 610w, \/wp-content\/themes\/yootheme\/cache\/4c\/fritz-si-simonis-4cedfa5e.webp 768w, \/wp-content\/themes\/yootheme\/cache\/bc\/fritz-si-simonis-bcbb9ee6.webp 900w\" sizes=\"(min-width: 610px) 610px\" \/><\/a><\/p>\n<div class=\"el-meta uk-h6 uk-text-primary uk-margin-top uk-margin-remove-bottom\"><time datetime=\"2026-04-03T10:45:57+02:00\">3 aprilie, 2026<\/time> | <a href=\"https:\/\/www.sursadevest.ro\/author\/petronela\/\">Sursa de Vest<\/a> | <a href=\"https:\/\/www.sursadevest.ro\/categorie\/stiri\/administratie\/\" rel=\"tag\">Administra\u021bie<\/a>, <a href=\"https:\/\/www.sursadevest.ro\/categorie\/stiri\/eveniment\/\" rel=\"tag\">Eveniment<\/a>, <a href=\"https:\/\/www.sursadevest.ro\/categorie\/stiri\/\" rel=\"tag\">\u0218tiri<\/a> | <a href=\"https:\/\/www.sursadevest.ro\/fritz-ii-intinde-mana-lui-simonis-dupa-ce-a-fost-acuzat-ca-lasa-in-paragina-cladirile-din-timisoara-schimba-strategia-orasului-ca-sa-poata-investi-in-trei-obiective\/#respond\">Niciun comentariu<span class=\"screen-reader-text\"> la Fritz \u00eei \u00eentinde m\u00e2na lui Simonis, dup\u0103 ce a fost acuzat c\u0103 las\u0103 \u00een paragin\u0103 cl\u0103dirile din Timi\u0219oara! Schimb\u0103 strategia ora\u0219ului ca s\u0103 poat\u0103 investi \u00een trei obiective<\/span><\/a><\/div>\n<h3 class=\"el-title uk-h4 uk-link-reset uk-margin-small-top uk-margin-remove-bottom\"><a href=\"https:\/\/www.sursadevest.ro\/fritz-ii-intinde-mana-lui-simonis-dupa-ce-a-fost-acuzat-ca-lasa-in-paragina-cladirile-din-timisoara-schimba-strategia-orasului-ca-sa-poata-investi-in-trei-obiective\/\">Fritz \u00eei \u00eentinde m\u00e2na lui Simonis, dup\u0103 ce a fost acuzat c\u0103 las\u0103 \u00een paragin\u0103 cl\u0103dirile din Timi\u0219oara! Schimb\u0103 strategia ora\u0219ului ca s\u0103 poat\u0103 investi \u00een trei obiective<\/a><\/h3>\n<div class=\"el-content uk-panel uk-margin-small-top\">Prim\u0103ria Timi\u0219oara vrea s\u0103 actualizeze Strategia Integrat\u0103 de Dezvoltare Urban\u0103 (SIDU) 2021-2027, astfel \u00eenc\u00e2t trei proiecte ale Consiliului Jude\u021bean Timi\u0219 s\u0103 poat\u0103 beneficia de fonduri europene, prin Programul Regional Vest. Sursa de Vest See Full Bio<\/div>\n<div class=\"uk-margin-top\"><a href=\"https:\/\/www.sursadevest.ro\/fritz-ii-intinde-mana-lui-simonis-dupa-ce-a-fost-acuzat-ca-lasa-in-paragina-cladirile-din-timisoara-schimba-strategia-orasului-ca-sa-poata-investi-in-trei-obiective\/\" class=\"el-link uk-button uk-button-text\">Vezi detalii<\/a><\/div>\n<\/div>\n<\/div>\n<div>\n<div class=\"el-item uk-panel uk-margin-remove-first-child\"><a href=\"https:\/\/www.sursadevest.ro\/video-se-lucreaza-pe-mai-multe-fronturi-ale-tronsonului-de-cale-ferata-ronat-triaj-arad-ce-interventii-executa-echipele-de-muncitori\/\"><img decoding=\"async\" src=\"https:\/\/www.sursadevest.ro\/wp-content\/uploads\/2026\/04\/ronat-triaj.gif\" width=\"610\" height=\"381\" alt loading=\"lazy\" class=\"el-image uk-border-rounded\"><\/a><\/p>\n<div class=\"el-meta uk-h6 uk-text-primary uk-margin-top uk-margin-remove-bottom\"><time datetime=\"2026-04-03T10:18:29+02:00\">3 aprilie, 2026<\/time> | <a href=\"https:\/\/www.sursadevest.ro\/author\/petronela\/\">Sursa de Vest<\/a> | <a href=\"https:\/\/www.sursadevest.ro\/categorie\/stiri\/eveniment\/\" rel=\"tag\">Eveniment<\/a>, <a href=\"https:\/\/www.sursadevest.ro\/categorie\/stiri\/\" rel=\"tag\">\u0218tiri<\/a> | <a href=\"https:\/\/www.sursadevest.ro\/video-se-lucreaza-pe-mai-multe-fronturi-ale-tronsonului-de-cale-ferata-ronat-triaj-arad-ce-interventii-executa-echipele-de-muncitori\/#respond\">Niciun comentariu<span class=\"screen-reader-text\"> la VIDEO: Se lucreaz\u0103 pe mai multe fronturi ale tronsonului de cale ferat\u0103 Rona\u021b Triaj-Arad. Ce interven\u021bii execut\u0103 echipele de muncitori?<\/span><\/a><\/div>\n<h3 class=\"el-title uk-h4 uk-link-reset uk-margin-small-top uk-margin-remove-bottom\"><a href=\"https:\/\/www.sursadevest.ro\/video-se-lucreaza-pe-mai-multe-fronturi-ale-tronsonului-de-cale-ferata-ronat-triaj-arad-ce-interventii-executa-echipele-de-muncitori\/\">VIDEO: Se lucreaz\u0103 pe mai multe fronturi ale tronsonului de cale ferat\u0103 Rona\u021b Triaj-Arad. Ce interven\u021bii execut\u0103 echipele de muncitori?<\/a><\/h3>\n<div class=\"el-content uk-panel uk-margin-small-top\">Activitate intens\u0103 pe \u0219antierul lotului 4 din calea ferat\u0103 Caransebe\u0219- Lugoj- Timi\u0219oara-Arad, care se modernizeaz\u0103 cu bani europeni. Sursa de Vest See Full Bio<\/div>\n<div class=\"uk-margin-top\"><a href=\"https:\/\/www.sursadevest.ro\/video-se-lucreaza-pe-mai-multe-fronturi-ale-tronsonului-de-cale-ferata-ronat-triaj-arad-ce-interventii-executa-echipele-de-muncitori\/\" class=\"el-link uk-button uk-button-text\">Vezi detalii<\/a><\/div>\n<\/div>\n<\/div>\n<div>\n<div class=\"el-item uk-panel uk-margin-remove-first-child\"><a href=\"https:\/\/www.sursadevest.ro\/lotul-national-de-robotica-se-pregateste-la-uvt-pentru-participarea-la-campionatul-mondial-first-tech-challenge\/\"><img decoding=\"async\" src=\"https:\/\/www.sursadevest.ro\/wp-content\/uploads\/2026\/04\/uvt-robotica.gif\" width=\"610\" height=\"381\" alt loading=\"lazy\" class=\"el-image uk-border-rounded\"><\/a><\/p>\n<div class=\"el-meta uk-h6 uk-text-primary uk-margin-top uk-margin-remove-bottom\"><time datetime=\"2026-04-03T09:08:06+02:00\">3 aprilie, 2026<\/time> | <a href=\"https:\/\/www.sursadevest.ro\/author\/petronela\/\">Sursa de Vest<\/a> | <a href=\"https:\/\/www.sursadevest.ro\/categorie\/stiri\/educatie\/\" rel=\"tag\">Educa\u021bie<\/a>, <a href=\"https:\/\/www.sursadevest.ro\/categorie\/stiri\/eveniment\/\" rel=\"tag\">Eveniment<\/a>, <a href=\"https:\/\/www.sursadevest.ro\/categorie\/stiri\/\" rel=\"tag\">\u0218tiri<\/a> | <a href=\"https:\/\/www.sursadevest.ro\/lotul-national-de-robotica-se-pregateste-la-uvt-pentru-participarea-la-campionatul-mondial-first-tech-challenge\/#respond\">Niciun comentariu<span class=\"screen-reader-text\"> la Lotul na\u021bional de robotic\u0103 se preg\u0103te\u0219te la UVT pentru participarea la Campionatul Mondial \u201eFIRST Tech Challenge\u201d<\/span><\/a><\/div>\n<h3 class=\"el-title uk-h4 uk-link-reset uk-margin-small-top uk-margin-remove-bottom\"><a href=\"https:\/\/www.sursadevest.ro\/lotul-national-de-robotica-se-pregateste-la-uvt-pentru-participarea-la-campionatul-mondial-first-tech-challenge\/\">Lotul na\u021bional de robotic\u0103 se preg\u0103te\u0219te la UVT pentru participarea la Campionatul Mondial \u201eFIRST Tech Challenge\u201d<\/a><\/h3>\n<div class=\"el-content uk-panel uk-margin-small-top\">Universitatea de Vest din Timi\u0219oara va organiza \u0219i va g\u0103zdui, al\u0103turi de Asocia\u021bia Na\u021bie Prin Educa\u021bie, prima edi\u021bie a evenimentului \u201eLet\u2019s Bootcamp to the Worlds\u201d, un program de preg\u0103tire dedicat celor mai bune opt echipe de robotic\u0103 din Rom\u00e2nia, calificate la etapa mondial\u0103 a competi\u021biei \u201eFIRST Tech Challenge\u201d. Sursa de Vest See Full Bio<\/div>\n<div class=\"uk-margin-top\"><a href=\"https:\/\/www.sursadevest.ro\/lotul-national-de-robotica-se-pregateste-la-uvt-pentru-participarea-la-campionatul-mondial-first-tech-challenge\/\" class=\"el-link uk-button uk-button-text\">Vezi detalii<\/a><\/div>\n<\/div>\n<\/div>\n<div>\n<div class=\"el-item uk-panel uk-margin-remove-first-child\"><a href=\"https:\/\/www.sursadevest.ro\/accident-la-timisoara-un-sofer-caruia-i-s-a-facut-rau-la-volan-a-facut-prapad-in-trafic\/\"><img decoding=\"async\" src=\"https:\/\/www.sursadevest.ro\/wp-content\/uploads\/2026\/04\/accident-1.gif\" width=\"610\" height=\"381\" alt loading=\"lazy\" class=\"el-image uk-border-rounded\"><\/a><\/p>\n<div class=\"el-meta uk-h6 uk-text-primary uk-margin-top uk-margin-remove-bottom\"><time datetime=\"2026-04-03T08:49:17+02:00\">3 aprilie, 2026<\/time> | <a href=\"https:\/\/www.sursadevest.ro\/author\/petronela\/\">Sursa de Vest<\/a> | <a href=\"https:\/\/www.sursadevest.ro\/categorie\/stiri\/eveniment\/\" rel=\"tag\">Eveniment<\/a>, <a href=\"https:\/\/www.sursadevest.ro\/categorie\/stiri\/\" rel=\"tag\">\u0218tiri<\/a> | <a href=\"https:\/\/www.sursadevest.ro\/accident-la-timisoara-un-sofer-caruia-i-s-a-facut-rau-la-volan-a-facut-prapad-in-trafic\/#respond\">Niciun comentariu<span class=\"screen-reader-text\"> la Accident la Timi\u0219oara! Un \u0219ofer c\u0103ruia i s-a f\u0103cut r\u0103u la volan a f\u0103cut pr\u0103p\u0103d \u00een trafic<\/span><\/a><\/div>\n<h3 class=\"el-title uk-h4 uk-link-reset uk-margin-small-top uk-margin-remove-bottom\"><a href=\"https:\/\/www.sursadevest.ro\/accident-la-timisoara-un-sofer-caruia-i-s-a-facut-rau-la-volan-a-facut-prapad-in-trafic\/\">Accident la Timi\u0219oara! Un \u0219ofer c\u0103ruia i s-a f\u0103cut r\u0103u la volan a f\u0103cut pr\u0103p\u0103d \u00een trafic<\/a><\/h3>\n<div class=\"el-content uk-panel uk-margin-small-top\">Un accident grav s-a produs \u00een aceast\u0103 diminea\u021b\u0103, la Timi\u0219oara. Sursa de Vest See Full Bio<\/div>\n<div class=\"uk-margin-top\"><a href=\"https:\/\/www.sursadevest.ro\/accident-la-timisoara-un-sofer-caruia-i-s-a-facut-rau-la-volan-a-facut-prapad-in-trafic\/\" class=\"el-link uk-button uk-button-text\">Vezi detalii<\/a><\/div>\n<\/div>\n<\/div>\n<\/div>\n<\/div>\n<\/div>\n<div class=\"uk-width-1-3@m\">\n<h2 class=\"uk-h4\">        Alte articole    <\/h2>\n<div class=\"uk-margin\">\n<div class=\"uk-grid uk-child-width-1-1 uk-child-width-1-2@s uk-child-width-1-1@m uk-grid-small uk-grid-divider uk-grid-match\">\n<div>\n<div class=\"el-item uk-panel\">\n<div class=\"uk-grid-column-small\">\n<div class=\"uk-width-auto\"><a href=\"https:\/\/www.sursadevest.ro\/trei-persoane-ranite-in-urma-unui-accident-rutier-victimele-au-ajuns-la-spital\/\"><br \/>\n<source type=\"image\/webp\" srcset=\"\/wp-content\/themes\/yootheme\/cache\/74\/accident-hd-741716b9.webp 75w, \/wp-content\/themes\/yootheme\/cache\/15\/accident-hd-158e04d7.webp 150w\" sizes=\"(min-width: 75px) 75px\" \/><\/a><\/div>\n<div class=\"uk-width-expand uk-margin-remove-first-child\">\n<div class=\"el-meta uk-h6 uk-text-primary uk-margin-top uk-margin-remove-bottom\">4 aprilie, 2026<\/div>\n<h3 class=\"el-title uk-h5 uk-link-reset uk-margin-remove-top uk-margin-remove-bottom\"><a href=\"https:\/\/www.sursadevest.ro\/trei-persoane-ranite-in-urma-unui-accident-rutier-victimele-au-ajuns-la-spital\/\">Trei persoane r\u0103nite \u00een urma unui accident rutier! Victimele au ajuns la spital<\/a><\/h3>\n<div class=\"uk-margin-small-top\"><a href=\"https:\/\/www.sursadevest.ro\/trei-persoane-ranite-in-urma-unui-accident-rutier-victimele-au-ajuns-la-spital\/\" class=\"el-link uk-button uk-button-text\">Vezi detalii<\/a><\/div>\n<\/div>\n<\/div>\n<\/div>\n<\/div>\n<div>\n<div class=\"el-item uk-panel\">\n<div class=\"uk-grid-column-small\">\n<div class=\"uk-width-auto\"><a href=\"https:\/\/www.sursadevest.ro\/tanar-retinut-dupa-atacul-asupra-rangerilor-din-parcul-natural-lunca-muresului-este-acuzat-de-ultraj-si-distrugere\/\"><br \/>\n<source type=\"image\/webp\" srcset=\"\/wp-content\/themes\/yootheme\/cache\/13\/scandal-rangeri-137d2a66.webp 75w, \/wp-content\/themes\/yootheme\/cache\/fd\/scandal-rangeri-fd87acbd.webp 150w\" sizes=\"(min-width: 75px) 75px\" \/><\/a><\/div>\n<div class=\"uk-width-expand uk-margin-remove-first-child\">\n<div class=\"el-meta uk-h6 uk-text-primary uk-margin-top uk-margin-remove-bottom\">4 aprilie, 2026<\/div>\n<h3 class=\"el-title uk-h5 uk-link-reset uk-margin-remove-top uk-margin-remove-bottom\"><a href=\"https:\/\/www.sursadevest.ro\/tanar-retinut-dupa-atacul-asupra-rangerilor-din-parcul-natural-lunca-muresului-este-acuzat-de-ultraj-si-distrugere\/\">T\u00e2n\u0103r re\u021binut dup\u0103 atacul asupra rangerilor din Parcul Natural Lunca Mure\u0219ului! Este acuzat de ultraj \u0219i distrugere<\/a><\/h3>\n<div class=\"uk-margin-small-top\"><a href=\"https:\/\/www.sursadevest.ro\/tanar-retinut-dupa-atacul-asupra-rangerilor-din-parcul-natural-lunca-muresului-este-acuzat-de-ultraj-si-distrugere\/\" class=\"el-link uk-button uk-button-text\">Vezi detalii<\/a><\/div>\n<\/div>\n<\/div>\n<\/div>\n<\/div>\n<div>\n<div class=\"el-item uk-panel\">\n<div class=\"uk-grid-column-small\">\n<div class=\"uk-width-auto\"><a href=\"https:\/\/www.sursadevest.ro\/panica-pentru-unii-oportunitate-pentru-altii-ce-se-intampla-acum-pe-piata-imobiliara-din-dubai-interviu-exclusiv-cu-proprietara-unei-agentii-imobiliare-din-eau\/\"><img decoding=\"async\" src=\"https:\/\/www.sursadevest.ro\/wp-content\/uploads\/2026\/04\/dubai.gif\" width=\"75\" height=\"75\" alt loading=\"lazy\" class=\"el-image uk-object-cover\"><\/a><\/div>\n<div class=\"uk-width-expand uk-margin-remove-first-child\">\n<div class=\"el-meta uk-h6 uk-text-primary uk-margin-top uk-margin-remove-bottom\">4 aprilie, 2026<\/div>\n<h3 class=\"el-title uk-h5 uk-link-reset uk-margin-remove-top uk-margin-remove-bottom\"><a href=\"https:\/\/www.sursadevest.ro\/panica-pentru-unii-oportunitate-pentru-altii-ce-se-intampla-acum-pe-piata-imobiliara-din-dubai-interviu-exclusiv-cu-proprietara-unei-agentii-imobiliare-din-eau\/\">Panic\u0103 pentru unii, oportunitate pentru al\u021bii! Ce se \u00eent\u00e2mpl\u0103 acum, pe pia\u021ba imobiliar\u0103 din Dubai? Interviu exclusiv cu proprietara unei agen\u021bii imobiliare din EAU<\/a><\/h3>\n<div class=\"uk-margin-small-top\"><a href=\"https:\/\/www.sursadevest.ro\/panica-pentru-unii-oportunitate-pentru-altii-ce-se-intampla-acum-pe-piata-imobiliara-din-dubai-interviu-exclusiv-cu-proprietara-unei-agentii-imobiliare-din-eau\/\" class=\"el-link uk-button uk-button-text\">Vezi detalii<\/a><\/div>\n<\/div>\n<\/div>\n<\/div>\n<\/div>\n<div>\n<div class=\"el-item uk-panel\">\n<div class=\"uk-grid-column-small\">\n<div class=\"uk-width-auto\"><a href=\"https:\/\/www.sursadevest.ro\/doi-cetateni-georgieni-retinuti-dupa-o-serie-de-furturi-din-autoturisme-erau-vizati-de-anchete-in-mai-multe-state-europene\/\"><br \/>\n<source type=\"image\/webp\" srcset=\"\/wp-content\/themes\/yootheme\/cache\/33\/hoti-masini-339fd1ac.webp 75w, \/wp-content\/themes\/yootheme\/cache\/60\/hoti-masini-604938e7.webp 150w\" sizes=\"(min-width: 75px) 75px\" \/><\/a><\/div>\n<div class=\"uk-width-expand uk-margin-remove-first-child\">\n<div class=\"el-meta uk-h6 uk-text-primary uk-margin-top uk-margin-remove-bottom\">4 aprilie, 2026<\/div>\n<h3 class=\"el-title uk-h5 uk-link-reset uk-margin-remove-top uk-margin-remove-bottom\"><a href=\"https:\/\/www.sursadevest.ro\/doi-cetateni-georgieni-retinuti-dupa-o-serie-de-furturi-din-autoturisme-erau-vizati-de-anchete-in-mai-multe-state-europene\/\">Doi cet\u0103\u021beni georgieni, re\u021binu\u021bi dup\u0103 o serie de furturi din autoturisme! Erau viza\u021bi de anchete \u00een mai multe state europene<\/a><\/h3>\n<div class=\"uk-margin-small-top\"><a href=\"https:\/\/www.sursadevest.ro\/doi-cetateni-georgieni-retinuti-dupa-o-serie-de-furturi-din-autoturisme-erau-vizati-de-anchete-in-mai-multe-state-europene\/\" class=\"el-link uk-button uk-button-text\">Vezi detalii<\/a><\/div>\n<\/div>\n<\/div>\n<\/div>\n<\/div>\n<\/div>\n<\/div>\n<div class=\"uk-margin-remove-vertical\">\n<div class=\"uk-grid uk-child-width-1-1 uk-grid-small uk-grid-divider uk-grid-match\">\n<div>\n<div class=\"el-item uk-panel\"><a href=\"https:\/\/xpilatesspa.ro\" target=\"_blank\"><\/p>\n<div class=\"uk-inline-clip uk-transition-toggle\">\n<source type=\"image\/webp\" srcset=\"\/wp-content\/themes\/yootheme\/cache\/1c\/WhatsApp-Image-2025-07-16-at-153218_b2c81b10-1ca7cccd.webp 768w, \/wp-content\/themes\/yootheme\/cache\/1d\/WhatsApp-Image-2025-07-16-at-153218_b2c81b10-1daa2a1f.webp 1024w, \/wp-content\/themes\/yootheme\/cache\/ff\/WhatsApp-Image-2025-07-16-at-153218_b2c81b10-ff5994c5.webp 1366w, \/wp-content\/themes\/yootheme\/cache\/4b\/WhatsApp-Image-2025-07-16-at-153218_b2c81b10-4b0246ed.webp 1600w\" sizes=\"(min-width: 1600px) 1600px\" \/><\/div>\n<p><\/a><\/p>\n<div class=\"uk-padding-small uk-margin-remove-first-child\">\n<div class=\"el-meta uk-text-meta uk-margin-small-top\">XPilates &amp; Spa<\/div>\n<div class=\"uk-margin-small-top\"><a href=\"https:\/\/xpilatesspa.ro\" target=\"_blank\" class=\"el-link uk-button uk-button-text\">Vezi detalii<\/a><\/div>\n<\/div>\n<\/div>\n<\/div>\n<div>\n<div class=\"el-item uk-panel\"><a href=\"https:\/\/retim.ro\/utile-timis\/abonamentul-verde\/\" target=\"_blank\"><\/p>\n<div class=\"uk-inline-clip uk-transition-toggle\"><img fetchpriority=\"high\" decoding=\"async\" src=\"https:\/\/www.sursadevest.ro\/wp-content\/uploads\/2024\/10\/ReTIM-Abonamentul-Verde-Google-Ads-300x250px.gif\" width=\"300\" height=\"250\" alt loading=\"eager\" class=\"el-image uk-transition-scale-down uk-transition-opaque\"><\/div>\n<p><\/a><\/p>\n<div class=\"uk-padding-small uk-margin-remove-first-child\">\n<div class=\"el-meta uk-text-meta uk-margin-small-top\">Retim Ecologic Service<\/div>\n<div class=\"uk-margin-small-top\"><a href=\"https:\/\/retim.ro\/utile-timis\/abonamentul-verde\/\" target=\"_blank\" class=\"el-link uk-button uk-button-text\">Vezi detalii<\/a><\/div>\n<\/div>\n<\/div>\n<\/div>\n<div>\n<div class=\"el-item uk-panel\"><a href=\"https:\/\/rmnimagisticas.ro\/\" target=\"_blank\"><\/p>\n<div class=\"uk-inline-clip uk-transition-toggle\">\n<source type=\"image\/webp\" srcset=\"\/wp-content\/themes\/yootheme\/cache\/60\/RMN-Imagistica-602f462a.webp 450w\" sizes=\"(min-width: 450px) 450px\" \/><\/div>\n<p><\/a><\/p>\n<div class=\"uk-padding-small uk-margin-remove-first-child\">\n<div class=\"el-meta uk-text-meta uk-margin-small-top\">RMN ImagisticAS<\/div>\n<div class=\"uk-margin-small-top\"><a href=\"https:\/\/rmnimagisticas.ro\/\" target=\"_blank\" class=\"el-link uk-button uk-button-text\">Vezi detalii<\/a><\/div>\n<\/div>\n<\/div>\n<\/div>\n<div>\n<div class=\"el-item uk-panel\"><a href=\"https:\/\/ro.san-marco.com\/\" target=\"_blank\"><\/p>\n<div class=\"uk-inline-clip uk-transition-toggle\">\n<source type=\"image\/webp\" srcset=\"\/wp-content\/themes\/yootheme\/cache\/dc\/sanmarco-dc386b49.webp 450w\" sizes=\"(min-width: 450px) 450px\" \/><\/div>\n<p><\/a><\/p>\n<div class=\"uk-padding-small uk-margin-remove-first-child\">\n<div class=\"el-meta uk-text-meta uk-margin-small-top\">San Marco<\/div>\n<div class=\"uk-margin-small-top\"><a href=\"https:\/\/ro.san-marco.com\/\" target=\"_blank\" class=\"el-link uk-button uk-button-text\">Vezi detalii<\/a><\/div>\n<\/div>\n<\/div>\n<\/div>\n<div>\n<div class=\"el-item uk-panel\"><a href=\"https:\/\/afiom.ro\/doneaza\" target=\"_blank\"><\/p>\n<div class=\"uk-inline-clip uk-transition-toggle\"><img decoding=\"async\" src=\"https:\/\/www.sursadevest.ro\/wp-content\/uploads\/2024\/12\/AfiOM_Sites_350x350_Mamici.gif\" width=\"350\" height=\"350\" alt loading=\"eager\" class=\"el-image uk-transition-scale-down uk-transition-opaque\"><\/div>\n<p><\/a><\/p>\n<div class=\"uk-padding-small uk-margin-remove-first-child\">\n<div class=\"el-meta uk-text-meta uk-margin-small-top\">A fi om!<\/div>\n<div class=\"uk-margin-small-top\"><a href=\"https:\/\/afiom.ro\/doneaza\" target=\"_blank\" class=\"el-link uk-button uk-button-text\">Vezi detalii<\/a><\/div>\n<\/div>\n<\/div>\n<\/div>\n<div>\n<div class=\"el-item uk-panel\"><a href=\"https:\/\/afiom.ro\/doneaza\" target=\"_blank\"><\/p>\n<div class=\"uk-inline-clip uk-transition-toggle\"><img decoding=\"async\" src=\"https:\/\/www.sursadevest.ro\/wp-content\/uploads\/2024\/12\/AfiOM_Sites_350x350_Sport.gif\" width=\"350\" height=\"350\" alt loading=\"eager\" class=\"el-image uk-transition-scale-down uk-transition-opaque\"><\/div>\n<p><\/a><\/p>\n<div class=\"uk-padding-small uk-margin-remove-first-child\">\n<div class=\"el-meta uk-text-meta uk-margin-small-top\">A fi om!<\/div>\n<div class=\"uk-margin-small-top\"><a href=\"https:\/\/afiom.ro\/doneaza\" target=\"_blank\" class=\"el-link uk-button uk-button-text\">Vezi detalii<\/a><\/div>\n<\/div>\n<\/div>\n<\/div>\n<div>\n<div class=\"el-item uk-panel uk-margin-remove-first-child\">\n<div class=\"el-meta uk-text-meta uk-margin-small-top\">For\u021ba Dreptei<\/div>\n<\/div>\n<\/div>\n<div>\n<div class=\"el-item uk-panel\"><a href=\"https:\/\/www.igard.ro\" target=\"_blank\"><\/p>\n<div class=\"uk-inline-clip uk-transition-toggle\">\n<source type=\"image\/webp\" srcset=\"\/wp-content\/themes\/yootheme\/cache\/c1\/iGard-0124-02-c1683a27.webp 768w, \/wp-content\/themes\/yootheme\/cache\/d2\/iGard-0124-02-d2eb5fb4.webp 1024w, \/wp-content\/themes\/yootheme\/cache\/e7\/iGard-0124-02-e7cc7cce.webp 1080w\" sizes=\"(min-width: 1080px) 1080px\" \/><\/div>\n<p><\/a><\/p>\n<div class=\"uk-padding-small uk-margin-remove-first-child\">\n<div class=\"el-meta uk-text-meta uk-margin-small-top\">iGard panouri de gard \u2013 www.igard.ro<\/div>\n<div class=\"uk-margin-small-top\"><a href=\"https:\/\/www.igard.ro\" target=\"_blank\" class=\"el-link uk-button uk-button-text\">Vezi detalii<\/a><\/div>\n<\/div>\n<\/div>\n<\/div>\n<div>\n<div class=\"el-item uk-panel\">\n<div class=\"uk-inline-clip uk-transition-toggle\">\n<source type=\"image\/webp\" srcset=\"\/wp-content\/themes\/yootheme\/cache\/d7\/atc-small-d7cb9ab8.webp 600w\" sizes=\"(min-width: 600px) 600px\" \/><\/div>\n<div class=\"uk-padding-small uk-margin-remove-first-child\">\n<div class=\"el-meta uk-text-meta uk-margin-small-top\">ATC BAUDESIGN<\/div>\n<\/div>\n<\/div>\n<\/div>\n<\/div>\n<\/div>\n<\/div>\n<\/div>\n<\/div>\n<\/div>\n<div class=\"aioseo-author-bio-compact\">\n<div class=\"aioseo-author-bio-compact-left\"><img decoding=\"async\" class=\"aioseo-author-bio-compact-image\" src=\"https:\/\/secure.gravatar.com\/avatar\/501cbb41fb946fd7475cb910bea8645fcd5f3c573a38078115f3b3b589fd7a2a?s=300&amp;d=mm&amp;r=g\" alt=\"author avatar\"><\/div>\n<div class=\"aioseo-author-bio-compact-right\">\n<div class=\"aioseo-author-bio-compact-header\"><span class=\"author-name\">Sursa de Vest<\/span><\/div>\n<div class=\"aioseo-author-bio-compact-main\">\n<div class=\"author-bio-link\"><a href=\"https:\/\/www.sursadevest.ro\/author\/petronela\/\">See Full Bio<\/a><\/div>\n<\/div>\n<\/div>\n<\/div>\n<p><\/main><\/p>\n<p>[analyse_source url=&#8221;https:\/\/www.sursadevest.ro\/panica-pentru-unii-oportunitate-pentru-altii-ce-se-intampla-acum-pe-piata-imobiliara-din-dubai-interviu-exclusiv-cu-proprietara-unei-agentii-imobiliare-din-eau\/&#8221;]<\/p>\n","protected":false},"excerpt":{"rendered":"<p>[analyse_image type=&#8221;featured&#8221; src=&#8221;https:\/\/www.sursadevest.ro\/wp-content\/uploads\/2026\/04\/dubai.gif&#8221;] Panic\u0103 pentru unii, oportunitate pentru al\u021bii! Ce se \u00eent\u00e2mpl\u0103 acum, pe pia\u021ba imobiliar\u0103 din Dubai? Interviu exclusiv cu proprietara unei agen\u021bii imobiliare din EAU 4 aprilie, 2026 | Sursa de Vest | Economic, Eveniment, \u0218tiri | Niciun comentariu la Panic\u0103 pentru unii, oportunitate pentru al\u021bii! Ce se \u00eent\u00e2mpl\u0103 acum, pe pia\u021ba imobiliar\u0103 [&hellip;]<\/p>\n","protected":false},"author":1,"featured_media":0,"comment_status":"open","ping_status":"","sticky":false,"template":"","format":"standard","meta":{"footnotes":""},"categories":[89],"tags":[226,200],"class_list":["post-1866419","post","type-post","status-publish","format-standard","hentry","category-romania","tag-crawlmanager","tag-sursadevest-ro"],"_links":{"self":[{"href":"https:\/\/analyse.optim.biz\/index.php?rest_route=\/wp\/v2\/posts\/1866419","targetHints":{"allow":["GET"]}}],"collection":[{"href":"https:\/\/analyse.optim.biz\/index.php?rest_route=\/wp\/v2\/posts"}],"about":[{"href":"https:\/\/analyse.optim.biz\/index.php?rest_route=\/wp\/v2\/types\/post"}],"author":[{"embeddable":true,"href":"https:\/\/analyse.optim.biz\/index.php?rest_route=\/wp\/v2\/users\/1"}],"replies":[{"embeddable":true,"href":"https:\/\/analyse.optim.biz\/index.php?rest_route=%2Fwp%2Fv2%2Fcomments&post=1866419"}],"version-history":[{"count":0,"href":"https:\/\/analyse.optim.biz\/index.php?rest_route=\/wp\/v2\/posts\/1866419\/revisions"}],"wp:attachment":[{"href":"https:\/\/analyse.optim.biz\/index.php?rest_route=%2Fwp%2Fv2%2Fmedia&parent=1866419"}],"wp:term":[{"taxonomy":"category","embeddable":true,"href":"https:\/\/analyse.optim.biz\/index.php?rest_route=%2Fwp%2Fv2%2Fcategories&post=1866419"},{"taxonomy":"post_tag","embeddable":true,"href":"https:\/\/analyse.optim.biz\/index.php?rest_route=%2Fwp%2Fv2%2Ftags&post=1866419"}],"curies":[{"name":"wp","href":"https:\/\/api.w.org\/{rel}","templated":true}]}}