{"id":1865825,"date":"2026-04-04T12:01:29","date_gmt":"2026-04-04T09:01:29","guid":{"rendered":"https:\/\/analyse.optim.biz\/?p=1865825"},"modified":"2026-04-04T12:01:29","modified_gmt":"2026-04-04T09:01:29","slug":"prefectul-usr-discurs-copy-paste-cu-al-pesedistului-simonis-comunele-sa-se-uneasca-in-consortii-dupa-taierile-lui-bolojan","status":"publish","type":"post","link":"https:\/\/analyse.optim.biz\/?p=1865825","title":{"rendered":"Prefectul USR, discurs copy paste cu al pesedistului Simonis: Comunele s\u0103 se uneasc\u0103 \u00een consor\u021bii, dup\u0103 t\u0103ierile lui Bolojan"},"content":{"rendered":"<p>[analyse_image type=&#8221;featured&#8221; src=&#8221;https:\/\/focustim.ro\/wp-content\/uploads\/2026\/04\/micicoi.jpg&#8221;]<\/p>\n<article id=\"post-39879\" class=\"penci-single-artcontent noloaddisqus post-39879 post type-post status-publish format-standard has-post-thumbnail hentry category-actualitate category-administratie category-featured tag-prefect tag-usr penci-post-item\">\n<header class=\"entry-header penci-entry-header penci-title-\">\n<div class=\"penci-entry-categories\"><span class=\"penci-cat-links\"><a href=\"https:\/\/focustim.ro\/category\/actualitate\/\" rel=\"category tag\">Actualitate<\/a><a href=\"https:\/\/focustim.ro\/category\/administratie\/\" rel=\"category tag\">Administra\u021bie<\/a><a href=\"https:\/\/focustim.ro\/category\/featured\/\" rel=\"category tag\">Featured<\/a><\/span><\/div>\n<h1 class=\"entry-title penci-entry-title penci-title-\">Prefectul USR, discurs copy paste cu al pesedistului Simonis: Comunele s\u0103 se uneasc\u0103 \u00een consor\u021bii, dup\u0103 t\u0103ierile lui Bolojan<\/h1>\n<div class=\"entry-meta penci-entry-meta\"><span class=\"entry-meta-item penci-posted-on\"><time class=\"entry-date published\" datetime=\"2026-04-04T15:01:29+03:00\">04\/04\/2026<\/time><time class=\"updated\" datetime=\"2026-04-04T15:01:35+03:00\">04\/04\/2026<\/time><\/span><span class=\"entry-meta-item penci-comment-count\"><a class=\"penci_pmeta-link\" href=\"https:\/\/focustim.ro\/prefectul-usr-discurs-copy-paste-cu-al-pesedistului-simonis-comunele-sa-se-uneasca-in-consortii-dupa-taierile-lui-bolojan\/#respond\">0<\/a><\/span><\/div>\n<p><span class=\"penci-social-buttons penci-social-share-footer\"><span class=\"penci-social-share-text\">Distribuie<\/span><a href=\"https:\/\/focustim.ro\/prefectul-usr-discurs-copy-paste-cu-al-pesedistului-simonis-comunele-sa-se-uneasca-in-consortii-dupa-taierile-lui-bolojan\/\" class=\"penci-post-like penci_post-meta_item  single-like-button penci-social-item like\" data-post_id=\"39879\" title=\"Like\" data-like=\"Like\" data-unlike=\"Unlike\"><span class=\"penci-share-number\">0<\/span><\/a><\/span><\/header>\n<div class=\"entry-media penci-entry-media\">\n<div class=\"post-format-meta \">\n<div class=\"post-image penci-standard-format\"><img decoding=\"async\" width=\"960\" height=\"960\" src=\"https:\/\/focustim.ro\/wp-content\/uploads\/2026\/04\/micicoi.jpg\" class=\"attachment-penci-thumb-960-auto size-penci-thumb-960-auto wp-post-image\" alt loading=\"lazy\"><\/div>\n<\/div>\n<\/div>\n<div class=\"penci-entry-content entry-content\">\n<p><strong>Prefectul de Timi\u0219 Cornelia Elena Micicoi le recomand\u0103 primarilor s\u0103 accepte s\u0103 uneasc\u0103 unit\u0103\u021bile administrative pe care le conduc \u00een consor\u021bii. \u00cen mod paradoxal, discursul useristei Micicoi este copy paste cu al pesedistului Alfred Simonis, \u0219eful CJ Timi\u0219. <\/strong><\/p>\n<p>\u201cPrim\u0103riile au posibilitatea anul acesta, dac\u0103 nu vor s\u0103 reduc\u0103 num\u0103rul de personal din organigram\u0103, s\u0103 reduc\u0103 anvelopa salarial\u0103.\u00a0 Le-am recomandat un lucru primarilor, \u0219i \u00een \u00eent\u00e2lnirile pe care le-am avut atunci c\u00e2nd am f\u0103cut controlul pe rampe clandestine de gunoi, dar \u0219i \u00een \u00eent\u00e2lnirea referitoare la reducerea de personal. Exist\u0103 un instrument la \u00eendem\u00e2na lor pe care pot s\u0103-l foloseasc\u0103 \u0219i ar fi p\u0103cat s\u0103 nu-l foloseasc\u0103 \u0219i m\u0103 refer la consor\u021biile administrative. Aceste consor\u021bii administrative se creeaz\u0103 din dou\u0103, trei sau mai multe UAT-uri \u0219i primesc finan\u021bare din fonduri europene\u201d,\u00a0spune prefectul de Timi\u0219.<\/p>\n<p>Fonduri europene mai u\u0219or accesibile \u0219i achizi\u021bii la comun<\/p>\n<p>\u201dUn consor\u021biu administrativ se constituie din dou\u0103, trei sau mai multe UAT-uri \u0219i primesc finan\u021bare din fonduri europene. Acceseaz\u0103 un milion de euro \u0219i pot, din acei bani, s\u0103 primeasc\u0103 buget pentru poli\u021bie comunitar\u0103, \u00ee\u0219i pot achizi\u021biona instala\u021bii de compostare, de concasare. \u00cen felul acesta \u00ee\u0219i rezolv\u0103 \u0219i problema cu de\u0219eurile. Nu mai trebuie s\u0103 stea cu m\u00e2na-ntins\u0103 nici la guvern, nici la consiliul jude\u021bean, la nimeni. Ce au dreptul s\u0103 primeasc\u0103 conform legii e ok, dar \u00een rest se gospod\u0103resc singuri.\u201d,\u00a0a mai spun Cornelia Micicoi.<\/p>\n<div class=\"sharedaddy sd-sharing-enabled\">\n<div class=\"robots-nocontent sd-block sd-social sd-social-icon-text sd-sharing\">\n<h3 class=\"sd-title\">Partajeaz\u0103 asta:<\/h3>\n<div class=\"sd-content\">\n<ul>\n<li class=\"share-twitter\"><a rel=\"nofollow noopener noreferrer\" data-shared=\"sharing-twitter-39879\" class=\"share-twitter sd-button share-icon\" href=\"https:\/\/focustim.ro\/prefectul-usr-discurs-copy-paste-cu-al-pesedistului-simonis-comunele-sa-se-uneasca-in-consortii-dupa-taierile-lui-bolojan\/?share=twitter\" target=\"_blank\" title=\"D\u0103 clic pentru a partaja pe Twitter\"><span>Twitter<\/span><\/a><\/li>\n<li class=\"share-facebook\"><a rel=\"nofollow noopener noreferrer\" data-shared=\"sharing-facebook-39879\" class=\"share-facebook sd-button share-icon\" href=\"https:\/\/focustim.ro\/prefectul-usr-discurs-copy-paste-cu-al-pesedistului-simonis-comunele-sa-se-uneasca-in-consortii-dupa-taierile-lui-bolojan\/?share=facebook\" target=\"_blank\" title=\"D\u0103 clic pentru a partaja pe Facebook\"><span>Facebook<\/span><\/a><\/li>\n<li class=\"share-end\"><\/ul>\n<\/div>\n<\/div>\n<\/div>\n<div class=\"sharedaddy sd-block sd-like jetpack-likes-widget-wrapper jetpack-likes-widget-unloaded\" id=\"like-post-wrapper-167025405-39879-69d0fda588cd3\" data-src=\"https:\/\/widgets.wp.com\/likes\/#blog_id=167025405&amp;post_id=39879&amp;origin=focustim.ro&amp;obj_id=167025405-39879-69d0fda588cd3\" data-name=\"like-post-frame-167025405-39879-69d0fda588cd3\" data-title=\"Apreciaz\u0103 sau republic\u0103\">\n<h3 class=\"sd-title\">Apreciaz\u0103:<\/h3>\n<div class=\"likes-widget-placeholder post-likes-widget-placeholder\"><span class=\"button\"><span>Apreciere<\/span><\/span><span class=\"loading\">\u00cencarc&#8230;<\/span><\/div>\n<\/div>\n<\/div>\n<footer class=\"penci-entry-footer\">\n<div class=\"penci-source-via-tags-wrap\"><span class=\"tags-links penci-tags-links\"><a href=\"https:\/\/focustim.ro\/tag\/prefect\/\" rel=\"tag\">prefect<\/a><a href=\"https:\/\/focustim.ro\/tag\/usr\/\" rel=\"tag\">USR<\/a><\/span><\/div>\n<p><span class=\"penci-social-buttons penci-social-share-footer\"><span class=\"penci-social-share-text\">Distribuie<\/span><a href=\"https:\/\/focustim.ro\/prefectul-usr-discurs-copy-paste-cu-al-pesedistului-simonis-comunele-sa-se-uneasca-in-consortii-dupa-taierile-lui-bolojan\/\" class=\"penci-post-like penci_post-meta_item  single-like-button penci-social-item like\" data-post_id=\"39879\" title=\"Like\" data-like=\"Like\" data-unlike=\"Unlike\"><span class=\"penci-share-number\">0<\/span><\/a><\/span><\/footer>\n<\/article>\n<div class=\"penci-entry-content entry-content\">\n<p><strong>Prefectul de Timi\u0219 Cornelia Elena Micicoi le recomand\u0103 primarilor s\u0103 accepte s\u0103 uneasc\u0103 unit\u0103\u021bile administrative pe care le conduc \u00een consor\u021bii. \u00cen mod paradoxal, discursul useristei Micicoi este copy paste cu al pesedistului Alfred Simonis, \u0219eful CJ Timi\u0219. <\/strong><\/p>\n<p>\u201cPrim\u0103riile au posibilitatea anul acesta, dac\u0103 nu vor s\u0103 reduc\u0103 num\u0103rul de personal din organigram\u0103, s\u0103 reduc\u0103 anvelopa salarial\u0103.\u00a0 Le-am recomandat un lucru primarilor, \u0219i \u00een \u00eent\u00e2lnirile pe care le-am avut atunci c\u00e2nd am f\u0103cut controlul pe rampe clandestine de gunoi, dar \u0219i \u00een \u00eent\u00e2lnirea referitoare la reducerea de personal. Exist\u0103 un instrument la \u00eendem\u00e2na lor pe care pot s\u0103-l foloseasc\u0103 \u0219i ar fi p\u0103cat s\u0103 nu-l foloseasc\u0103 \u0219i m\u0103 refer la consor\u021biile administrative. Aceste consor\u021bii administrative se creeaz\u0103 din dou\u0103, trei sau mai multe UAT-uri \u0219i primesc finan\u021bare din fonduri europene\u201d,\u00a0spune prefectul de Timi\u0219.<\/p>\n<p>Fonduri europene mai u\u0219or accesibile \u0219i achizi\u021bii la comun<\/p>\n<p>\u201dUn consor\u021biu administrativ se constituie din dou\u0103, trei sau mai multe UAT-uri \u0219i primesc finan\u021bare din fonduri europene. Acceseaz\u0103 un milion de euro \u0219i pot, din acei bani, s\u0103 primeasc\u0103 buget pentru poli\u021bie comunitar\u0103, \u00ee\u0219i pot achizi\u021biona instala\u021bii de compostare, de concasare. \u00cen felul acesta \u00ee\u0219i rezolv\u0103 \u0219i problema cu de\u0219eurile. Nu mai trebuie s\u0103 stea cu m\u00e2na-ntins\u0103 nici la guvern, nici la consiliul jude\u021bean, la nimeni. Ce au dreptul s\u0103 primeasc\u0103 conform legii e ok, dar \u00een rest se gospod\u0103resc singuri.\u201d,\u00a0a mai spun Cornelia Micicoi.<\/p>\n<div class=\"sharedaddy sd-sharing-enabled\">\n<div class=\"robots-nocontent sd-block sd-social sd-social-icon-text sd-sharing\">\n<h3 class=\"sd-title\">Partajeaz\u0103 asta:<\/h3>\n<div class=\"sd-content\">\n<ul>\n<li class=\"share-twitter\"><a rel=\"nofollow noopener noreferrer\" data-shared=\"sharing-twitter-39879\" class=\"share-twitter sd-button share-icon\" href=\"https:\/\/focustim.ro\/prefectul-usr-discurs-copy-paste-cu-al-pesedistului-simonis-comunele-sa-se-uneasca-in-consortii-dupa-taierile-lui-bolojan\/?share=twitter\" target=\"_blank\" title=\"D\u0103 clic pentru a partaja pe Twitter\"><span>Twitter<\/span><\/a><\/li>\n<li class=\"share-facebook\"><a rel=\"nofollow noopener noreferrer\" data-shared=\"sharing-facebook-39879\" class=\"share-facebook sd-button share-icon\" href=\"https:\/\/focustim.ro\/prefectul-usr-discurs-copy-paste-cu-al-pesedistului-simonis-comunele-sa-se-uneasca-in-consortii-dupa-taierile-lui-bolojan\/?share=facebook\" target=\"_blank\" title=\"D\u0103 clic pentru a partaja pe Facebook\"><span>Facebook<\/span><\/a><\/li>\n<li class=\"share-end\"><\/ul>\n<\/div>\n<\/div>\n<\/div>\n<div class=\"sharedaddy sd-block sd-like jetpack-likes-widget-wrapper jetpack-likes-widget-unloaded\" id=\"like-post-wrapper-167025405-39879-69d0fda588cd3\" data-src=\"https:\/\/widgets.wp.com\/likes\/#blog_id=167025405&amp;post_id=39879&amp;origin=focustim.ro&amp;obj_id=167025405-39879-69d0fda588cd3\" data-name=\"like-post-frame-167025405-39879-69d0fda588cd3\" data-title=\"Apreciaz\u0103 sau republic\u0103\">\n<h3 class=\"sd-title\">Apreciaz\u0103:<\/h3>\n<div class=\"likes-widget-placeholder post-likes-widget-placeholder\"><span class=\"button\"><span>Apreciere<\/span><\/span><span class=\"loading\">\u00cencarc&#8230;<\/span><\/div>\n<\/div>\n<\/div>\n<p>[analyse_source url=&#8221;https:\/\/focustim.ro\/prefectul-usr-discurs-copy-paste-cu-al-pesedistului-simonis-comunele-sa-se-uneasca-in-consortii-dupa-taierile-lui-bolojan\/&#8221;]<\/p>\n","protected":false},"excerpt":{"rendered":"<p>[analyse_image type=&#8221;featured&#8221; src=&#8221;https:\/\/focustim.ro\/wp-content\/uploads\/2026\/04\/micicoi.jpg&#8221;] ActualitateAdministra\u021bieFeatured Prefectul USR, discurs copy paste cu al pesedistului Simonis: Comunele s\u0103 se uneasc\u0103 \u00een consor\u021bii, dup\u0103 t\u0103ierile lui Bolojan 04\/04\/202604\/04\/20260 Distribuie0 Prefectul de Timi\u0219 Cornelia Elena Micicoi le recomand\u0103 primarilor s\u0103 accepte s\u0103 uneasc\u0103 unit\u0103\u021bile administrative pe care le conduc \u00een consor\u021bii. \u00cen mod paradoxal, discursul useristei Micicoi este copy paste [&hellip;]<\/p>\n","protected":false},"author":1,"featured_media":0,"comment_status":"open","ping_status":"","sticky":false,"template":"","format":"standard","meta":{"footnotes":""},"categories":[89],"tags":[226,197],"class_list":["post-1865825","post","type-post","status-publish","format-standard","hentry","category-romania","tag-crawlmanager","tag-focustim-ro"],"_links":{"self":[{"href":"https:\/\/analyse.optim.biz\/index.php?rest_route=\/wp\/v2\/posts\/1865825","targetHints":{"allow":["GET"]}}],"collection":[{"href":"https:\/\/analyse.optim.biz\/index.php?rest_route=\/wp\/v2\/posts"}],"about":[{"href":"https:\/\/analyse.optim.biz\/index.php?rest_route=\/wp\/v2\/types\/post"}],"author":[{"embeddable":true,"href":"https:\/\/analyse.optim.biz\/index.php?rest_route=\/wp\/v2\/users\/1"}],"replies":[{"embeddable":true,"href":"https:\/\/analyse.optim.biz\/index.php?rest_route=%2Fwp%2Fv2%2Fcomments&post=1865825"}],"version-history":[{"count":0,"href":"https:\/\/analyse.optim.biz\/index.php?rest_route=\/wp\/v2\/posts\/1865825\/revisions"}],"wp:attachment":[{"href":"https:\/\/analyse.optim.biz\/index.php?rest_route=%2Fwp%2Fv2%2Fmedia&parent=1865825"}],"wp:term":[{"taxonomy":"category","embeddable":true,"href":"https:\/\/analyse.optim.biz\/index.php?rest_route=%2Fwp%2Fv2%2Fcategories&post=1865825"},{"taxonomy":"post_tag","embeddable":true,"href":"https:\/\/analyse.optim.biz\/index.php?rest_route=%2Fwp%2Fv2%2Ftags&post=1865825"}],"curies":[{"name":"wp","href":"https:\/\/api.w.org\/{rel}","templated":true}]}}