{"id":1865680,"date":"2026-04-04T11:51:23","date_gmt":"2026-04-04T08:51:23","guid":{"rendered":"https:\/\/analyse.optim.biz\/?p=1865680"},"modified":"2026-04-04T11:51:23","modified_gmt":"2026-04-04T08:51:23","slug":"padurari-agresati-in-timis-au-prins-oameni-la-furat-de-lemne","status":"publish","type":"post","link":"https:\/\/analyse.optim.biz\/?p=1865680","title":{"rendered":"P\u0103durari agresa\u021bi \u00een Timi\u0219: Au prins oameni la furat de lemne"},"content":{"rendered":"<p>[analyse_image type=&#8221;featured&#8221; src=&#8221;https:\/\/focustim.ro\/wp-content\/uploads\/2019\/07\/Politia-1.jpg&#8221;]<\/p>\n<article id=\"post-39877\" class=\"penci-single-artcontent noloaddisqus post-39877 post type-post status-publish format-standard has-post-thumbnail hentry category-actualitate category-administratie category-featured tag-furt tag-rangeri penci-post-item\">\n<header class=\"entry-header penci-entry-header penci-title-\">\n<div class=\"penci-entry-categories\"><span class=\"penci-cat-links\"><a href=\"https:\/\/focustim.ro\/category\/actualitate\/\" rel=\"category tag\">Actualitate<\/a><a href=\"https:\/\/focustim.ro\/category\/administratie\/\" rel=\"category tag\">Administra\u021bie<\/a><a href=\"https:\/\/focustim.ro\/category\/featured\/\" rel=\"category tag\">Featured<\/a><\/span><\/div>\n<h1 class=\"entry-title penci-entry-title penci-title-\">P\u0103durari agresa\u021bi \u00een Timi\u0219: Au prins oameni la furat de lemne<\/h1>\n<div class=\"entry-meta penci-entry-meta\"><span class=\"entry-meta-item penci-posted-on\"><time class=\"entry-date published\" datetime=\"2026-04-04T14:51:23+03:00\">04\/04\/2026<\/time><time class=\"updated\" datetime=\"2026-04-04T14:51:29+03:00\">04\/04\/2026<\/time><\/span><span class=\"entry-meta-item penci-comment-count\"><a class=\"penci_pmeta-link\" href=\"https:\/\/focustim.ro\/padurari-agresati-in-timis-au-prins-oameni-la-furat-de-lemne\/#respond\">0<\/a><\/span><\/div>\n<p><span class=\"penci-social-buttons penci-social-share-footer\"><span class=\"penci-social-share-text\">Distribuie<\/span><a href=\"https:\/\/focustim.ro\/padurari-agresati-in-timis-au-prins-oameni-la-furat-de-lemne\/\" class=\"penci-post-like penci_post-meta_item  single-like-button penci-social-item like\" data-post_id=\"39877\" title=\"Like\" data-like=\"Like\" data-unlike=\"Unlike\"><span class=\"penci-share-number\">0<\/span><\/a><\/span><\/header>\n<div class=\"entry-media penci-entry-media\">\n<div class=\"post-format-meta \">\n<div class=\"post-image penci-standard-format\"><img decoding=\"async\" width=\"960\" height=\"639\" src=\"https:\/\/focustim.ro\/wp-content\/uploads\/2019\/07\/Politia-1-960x639.jpg\" class=\"attachment-penci-thumb-960-auto size-penci-thumb-960-auto wp-post-image\" alt loading=\"lazy\"><\/div>\n<\/div>\n<\/div>\n<div class=\"penci-entry-content entry-content\">\n<p>Doi rangeri ai Administra\u021biei Parcului Natural Lunca Mure\u0219ului au fost agresa\u021bi \u0219i amenin\u021ba\u021bi cu moartea, joi seara, de mai multe persoane dup\u0103 ce au urm\u0103rit un autoturism ai c\u0103rui ocupan\u021bi au fost surprin\u0219i la furat de lemne \u00een aria natural\u0103 protejat\u0103.<\/p>\n<p>Afla\u021bi \u00een patrulare pe raza jude\u021bului Timi\u0219, rangerii i-au suprins pe ho\u021bii de lemne, care au fugit cu o ma\u0219in\u0103. F\u0103r\u0103 s\u0103 ezite, cei doi rangeri i-au urm\u0103rit p\u00e2n\u0103 la periferia unei localit\u0103\u021bi, unde \u00een ajutorul f\u0103pta\u0219ilor au s\u0103rit alte aproximativ 20 de in\u0219i, care i-au \u00eenconjurat pe angaja\u021bii parcului. Ace\u0219tia din urm\u0103 au fost lovi\u021bi cu un par chiar de persoana surprins\u0103 la furat. Rangerii au reu\u0219it s\u0103 se refugieze \u00een ma\u0219in\u0103, care a fost la r\u00e2ndul ei avariat\u0103, fiind lovit\u0103 cu obiecte contondente. Ma\u0219ina\u00a0 s-a ales cu oglinda din partea dreapt\u0103 distrus\u0103 \u0219i cu un geam spart, \u00een dreptul \u0219oferului,\u00a0 \u00een \u00eencercarea f\u0103pta\u0219ilor de a-l \u00eempiedica pe acesta s\u0103 porneasc\u0103 autoturismul \u0219i s\u0103 plece de la fa\u021ba locului.\u00a0<\/p>\n<p>P\u00e2n\u0103 la urm\u0103, rangerul aflat la volan a reu\u0219it s\u0103 porneasc\u0103 autoturismul, cu ajutorul c\u0103ruia cei doi angaja\u021bi ai Administra\u021biei Parcului Natural Lunca Mure\u0219ului au sc\u0103pat de furia celor care au s\u0103rit \u00een ap\u0103rarea infractorilor.\u00a0<\/p>\n<p><strong><em>\u201eCazul a intrat \u00een aten\u021bia autorit\u0103\u021bilor competente, Poli\u021bia identific\u00e2ndu-i pe f\u0103pta\u0219i iar Parchetul timi\u0219ean \u00eentocmind un dosar de cercetare penal\u0103 pentru faptele comise de respectivele persoane. Ne bucur\u0103 faptul c\u0103 colegii no\u0219ti au reu\u0219it s\u0103 scape dintr-un eveniment reprobabil care se putea solda cu consecin\u021be mult mai grave\u201d,<\/em><\/strong> a declarat Mihai Pascu, directorul Administra\u021biei Parcului Natural Lunca Mure\u0219ului.\u00a0\u00a0\u00a0\u00a0\u00a0<\/p>\n<div class=\"sharedaddy sd-sharing-enabled\">\n<div class=\"robots-nocontent sd-block sd-social sd-social-icon-text sd-sharing\">\n<h3 class=\"sd-title\">Partajeaz\u0103 asta:<\/h3>\n<div class=\"sd-content\">\n<ul>\n<li class=\"share-twitter\"><a rel=\"nofollow noopener noreferrer\" data-shared=\"sharing-twitter-39877\" class=\"share-twitter sd-button share-icon\" href=\"https:\/\/focustim.ro\/padurari-agresati-in-timis-au-prins-oameni-la-furat-de-lemne\/?share=twitter\" target=\"_blank\" title=\"D\u0103 clic pentru a partaja pe Twitter\"><span>Twitter<\/span><\/a><\/li>\n<li class=\"share-facebook\"><a rel=\"nofollow noopener noreferrer\" data-shared=\"sharing-facebook-39877\" class=\"share-facebook sd-button share-icon\" href=\"https:\/\/focustim.ro\/padurari-agresati-in-timis-au-prins-oameni-la-furat-de-lemne\/?share=facebook\" target=\"_blank\" title=\"D\u0103 clic pentru a partaja pe Facebook\"><span>Facebook<\/span><\/a><\/li>\n<li class=\"share-end\"><\/ul>\n<\/div>\n<\/div>\n<\/div>\n<div class=\"sharedaddy sd-block sd-like jetpack-likes-widget-wrapper jetpack-likes-widget-unloaded\" id=\"like-post-wrapper-167025405-39877-69d0ff16bd3a6\" data-src=\"https:\/\/widgets.wp.com\/likes\/#blog_id=167025405&amp;post_id=39877&amp;origin=focustim.ro&amp;obj_id=167025405-39877-69d0ff16bd3a6\" data-name=\"like-post-frame-167025405-39877-69d0ff16bd3a6\" data-title=\"Apreciaz\u0103 sau republic\u0103\">\n<h3 class=\"sd-title\">Apreciaz\u0103:<\/h3>\n<div class=\"likes-widget-placeholder post-likes-widget-placeholder\"><span class=\"button\"><span>Apreciere<\/span><\/span><span class=\"loading\">\u00cencarc&#8230;<\/span><\/div>\n<\/div>\n<\/div>\n<footer class=\"penci-entry-footer\">\n<div class=\"penci-source-via-tags-wrap\"><span class=\"tags-links penci-tags-links\"><a href=\"https:\/\/focustim.ro\/tag\/furt\/\" rel=\"tag\">furt<\/a><a href=\"https:\/\/focustim.ro\/tag\/rangeri\/\" rel=\"tag\">rangeri<\/a><\/span><\/div>\n<p><span class=\"penci-social-buttons penci-social-share-footer\"><span class=\"penci-social-share-text\">Distribuie<\/span><a href=\"https:\/\/focustim.ro\/padurari-agresati-in-timis-au-prins-oameni-la-furat-de-lemne\/\" class=\"penci-post-like penci_post-meta_item  single-like-button penci-social-item like\" data-post_id=\"39877\" title=\"Like\" data-like=\"Like\" data-unlike=\"Unlike\"><span class=\"penci-share-number\">0<\/span><\/a><\/span><\/footer>\n<\/article>\n<div class=\"penci-entry-content entry-content\">\n<p>Doi rangeri ai Administra\u021biei Parcului Natural Lunca Mure\u0219ului au fost agresa\u021bi \u0219i amenin\u021ba\u021bi cu moartea, joi seara, de mai multe persoane dup\u0103 ce au urm\u0103rit un autoturism ai c\u0103rui ocupan\u021bi au fost surprin\u0219i la furat de lemne \u00een aria natural\u0103 protejat\u0103.<\/p>\n<p>Afla\u021bi \u00een patrulare pe raza jude\u021bului Timi\u0219, rangerii i-au suprins pe ho\u021bii de lemne, care au fugit cu o ma\u0219in\u0103. F\u0103r\u0103 s\u0103 ezite, cei doi rangeri i-au urm\u0103rit p\u00e2n\u0103 la periferia unei localit\u0103\u021bi, unde \u00een ajutorul f\u0103pta\u0219ilor au s\u0103rit alte aproximativ 20 de in\u0219i, care i-au \u00eenconjurat pe angaja\u021bii parcului. Ace\u0219tia din urm\u0103 au fost lovi\u021bi cu un par chiar de persoana surprins\u0103 la furat. Rangerii au reu\u0219it s\u0103 se refugieze \u00een ma\u0219in\u0103, care a fost la r\u00e2ndul ei avariat\u0103, fiind lovit\u0103 cu obiecte contondente. Ma\u0219ina\u00a0 s-a ales cu oglinda din partea dreapt\u0103 distrus\u0103 \u0219i cu un geam spart, \u00een dreptul \u0219oferului,\u00a0 \u00een \u00eencercarea f\u0103pta\u0219ilor de a-l \u00eempiedica pe acesta s\u0103 porneasc\u0103 autoturismul \u0219i s\u0103 plece de la fa\u021ba locului.\u00a0<\/p>\n<p>P\u00e2n\u0103 la urm\u0103, rangerul aflat la volan a reu\u0219it s\u0103 porneasc\u0103 autoturismul, cu ajutorul c\u0103ruia cei doi angaja\u021bi ai Administra\u021biei Parcului Natural Lunca Mure\u0219ului au sc\u0103pat de furia celor care au s\u0103rit \u00een ap\u0103rarea infractorilor.\u00a0<\/p>\n<p><strong><em>\u201eCazul a intrat \u00een aten\u021bia autorit\u0103\u021bilor competente, Poli\u021bia identific\u00e2ndu-i pe f\u0103pta\u0219i iar Parchetul timi\u0219ean \u00eentocmind un dosar de cercetare penal\u0103 pentru faptele comise de respectivele persoane. Ne bucur\u0103 faptul c\u0103 colegii no\u0219ti au reu\u0219it s\u0103 scape dintr-un eveniment reprobabil care se putea solda cu consecin\u021be mult mai grave\u201d,<\/em><\/strong> a declarat Mihai Pascu, directorul Administra\u021biei Parcului Natural Lunca Mure\u0219ului.\u00a0\u00a0\u00a0\u00a0\u00a0<\/p>\n<div class=\"sharedaddy sd-sharing-enabled\">\n<div class=\"robots-nocontent sd-block sd-social sd-social-icon-text sd-sharing\">\n<h3 class=\"sd-title\">Partajeaz\u0103 asta:<\/h3>\n<div class=\"sd-content\">\n<ul>\n<li class=\"share-twitter\"><a rel=\"nofollow noopener noreferrer\" data-shared=\"sharing-twitter-39877\" class=\"share-twitter sd-button share-icon\" href=\"https:\/\/focustim.ro\/padurari-agresati-in-timis-au-prins-oameni-la-furat-de-lemne\/?share=twitter\" target=\"_blank\" title=\"D\u0103 clic pentru a partaja pe Twitter\"><span>Twitter<\/span><\/a><\/li>\n<li class=\"share-facebook\"><a rel=\"nofollow noopener noreferrer\" data-shared=\"sharing-facebook-39877\" class=\"share-facebook sd-button share-icon\" href=\"https:\/\/focustim.ro\/padurari-agresati-in-timis-au-prins-oameni-la-furat-de-lemne\/?share=facebook\" target=\"_blank\" title=\"D\u0103 clic pentru a partaja pe Facebook\"><span>Facebook<\/span><\/a><\/li>\n<li class=\"share-end\"><\/ul>\n<\/div>\n<\/div>\n<\/div>\n<div class=\"sharedaddy sd-block sd-like jetpack-likes-widget-wrapper jetpack-likes-widget-unloaded\" id=\"like-post-wrapper-167025405-39877-69d0ff16bd3a6\" data-src=\"https:\/\/widgets.wp.com\/likes\/#blog_id=167025405&amp;post_id=39877&amp;origin=focustim.ro&amp;obj_id=167025405-39877-69d0ff16bd3a6\" data-name=\"like-post-frame-167025405-39877-69d0ff16bd3a6\" data-title=\"Apreciaz\u0103 sau republic\u0103\">\n<h3 class=\"sd-title\">Apreciaz\u0103:<\/h3>\n<div class=\"likes-widget-placeholder post-likes-widget-placeholder\"><span class=\"button\"><span>Apreciere<\/span><\/span><span class=\"loading\">\u00cencarc&#8230;<\/span><\/div>\n<\/div>\n<\/div>\n<p>[analyse_source url=&#8221;https:\/\/focustim.ro\/padurari-agresati-in-timis-au-prins-oameni-la-furat-de-lemne\/&#8221;]<\/p>\n","protected":false},"excerpt":{"rendered":"<p>[analyse_image type=&#8221;featured&#8221; src=&#8221;https:\/\/focustim.ro\/wp-content\/uploads\/2019\/07\/Politia-1.jpg&#8221;] ActualitateAdministra\u021bieFeatured P\u0103durari agresa\u021bi \u00een Timi\u0219: Au prins oameni la furat de lemne 04\/04\/202604\/04\/20260 Distribuie0 Doi rangeri ai Administra\u021biei Parcului Natural Lunca Mure\u0219ului au fost agresa\u021bi \u0219i amenin\u021ba\u021bi cu moartea, joi seara, de mai multe persoane dup\u0103 ce au urm\u0103rit un autoturism ai c\u0103rui ocupan\u021bi au fost surprin\u0219i la furat de lemne \u00een [&hellip;]<\/p>\n","protected":false},"author":1,"featured_media":0,"comment_status":"open","ping_status":"","sticky":false,"template":"","format":"standard","meta":{"footnotes":""},"categories":[89],"tags":[226,197],"class_list":["post-1865680","post","type-post","status-publish","format-standard","hentry","category-romania","tag-crawlmanager","tag-focustim-ro"],"_links":{"self":[{"href":"https:\/\/analyse.optim.biz\/index.php?rest_route=\/wp\/v2\/posts\/1865680","targetHints":{"allow":["GET"]}}],"collection":[{"href":"https:\/\/analyse.optim.biz\/index.php?rest_route=\/wp\/v2\/posts"}],"about":[{"href":"https:\/\/analyse.optim.biz\/index.php?rest_route=\/wp\/v2\/types\/post"}],"author":[{"embeddable":true,"href":"https:\/\/analyse.optim.biz\/index.php?rest_route=\/wp\/v2\/users\/1"}],"replies":[{"embeddable":true,"href":"https:\/\/analyse.optim.biz\/index.php?rest_route=%2Fwp%2Fv2%2Fcomments&post=1865680"}],"version-history":[{"count":0,"href":"https:\/\/analyse.optim.biz\/index.php?rest_route=\/wp\/v2\/posts\/1865680\/revisions"}],"wp:attachment":[{"href":"https:\/\/analyse.optim.biz\/index.php?rest_route=%2Fwp%2Fv2%2Fmedia&parent=1865680"}],"wp:term":[{"taxonomy":"category","embeddable":true,"href":"https:\/\/analyse.optim.biz\/index.php?rest_route=%2Fwp%2Fv2%2Fcategories&post=1865680"},{"taxonomy":"post_tag","embeddable":true,"href":"https:\/\/analyse.optim.biz\/index.php?rest_route=%2Fwp%2Fv2%2Ftags&post=1865680"}],"curies":[{"name":"wp","href":"https:\/\/api.w.org\/{rel}","templated":true}]}}