{"id":186553,"date":"2015-02-12T16:47:51","date_gmt":"2015-02-12T13:47:51","guid":{"rendered":"https:\/\/analyse.optim.biz\/?p=186553"},"modified":"2015-02-12T16:47:51","modified_gmt":"2015-02-12T13:47:51","slug":"elena-udrea-se-apara-de-dupa-gratii-acuzatii-inchipuite-si-speculatii-fara-temei-ale-procurorilor-continua-sa-curga-garla-impotriva-mea","status":"publish","type":"post","link":"https:\/\/analyse.optim.biz\/?p=186553","title":{"rendered":"Elena Udrea se ap\u0103r\u0103 de dup\u0103 gratii: \u201eAcuza\u0163ii \u00eenchipuite \u015fi specula\u0163ii f\u0103r\u0103 temei ale procurorilor continu\u0103 s\u0103 curg\u0103 g\u00e2rl\u0103 \u00eempotriva mea\u201d\u00a0"},"content":{"rendered":"<div class=\"entry data-app-meta data-app-meta-article\" data-embed-base-url-canonical=\"https:\/\/www.digi24.ro\/embed\/stiri\/actualitate\/politica\/elena-udrea-se-apara-de-dupa-gratii-acuzatii-inchipuite-si-speculatii-fara-temei-ale-procurorilor-continua-sa-curga-garla-impotriva-mea-358883\">\n<p data-index=\"1\"><img decoding=\"async\" src=\"https:\/\/analyse.optim.biz\/wp-content\/uploads\/2024\/09\/cgcmdz04mdamagfzad1mmwy3ngmzowyxzmnlmwe4zdfinzvkn2nmyta4ndc1nw-thumb_.jpg\" data-skip-htmlfix=\"1\" title=\"cgcmdz04mdamagfzad1mmwy3ngmzowyxzmnlmwe4zdfinzvkn2nmyta4ndc1nw-thumb_\"><\/p>\n<p data-index=\"2\">\u201eAcuza\u0163ii \u00eenchipuite \u015fi specula\u0163ii f\u0103r\u0103 temei ale procurorilor continu\u0103 s\u0103 curg\u0103 g\u00e2rl\u0103 \u00eempotriva mea pe toate mass media. E un veritabil delir.<strong> \u00cen Rom\u00e2nia, pare c\u0103 s-a inventat un nou sport na\u0163ional: ce acuza\u0163ii neprobate s\u0103-i mai aducem Elenei Udrea, \u00een speran\u0163a c\u0103, neput\u00e2nd s\u0103 se apere, pentru c\u0103 e \u00een arest, nu va putea s\u0103 r\u0103spund\u0103.\u00a0<\/strong>Adev\u0103rul gol-golu\u0163 este c\u0103, \u00een dosarul Microsoft, acuza\u0163ia care mi se aduce se reduce la faptul<strong> c\u0103 am fost so\u0163ia lui Dorin Coco\u015f \u015fi se presupune c\u0103 a\u015f fi \u015ftiut ce f\u0103cea acesta. Pornind de aici, se fabuleaz\u0103 \u015fi se inventeaz\u0103 pove\u015fti nemuritoare.<\/strong> Dar asta se \u015ftia \u015fi \u00eenainte de 29 ianuarie, c\u00e2nd am fost pus\u0103 sub acuzare, se \u015ftia \u015fi anul trecut, c\u00e2nd s-a deschis dosar \u00eempotriva lui Dorin Coco\u015f. \u00centre timp, nimic nou, nicio prob\u0103 suplimentar\u0103\u201d, a scris Elena Udrea.\u00a0<\/p>\n<p data-index=\"3\">De asemenea, aceasta a precizat c\u0103 \u201eaceast\u0103 isterie a acuza\u0163iilor, rostogolite prin pres\u0103 de procurori DNA, trebuie s\u0103 se opreasc\u0103\u201d. \u00a0<\/p>\n<p data-index=\"4\">\u201e<strong>Pentru c\u0103 ajungem \u00eentr-o fund\u0103tur\u0103 logic\u0103 \u2013 procurorii lanseaz\u0103 acuza\u0163iile<\/strong>, inflameaz\u0103 presa \u015fi, apoi, \u00eempotriva mea se iau m\u0103suri ca urmare a presiunii publice (asta este motiva\u0163ia judec\u0103torilor).<strong> Sunt acuzat\u0103 la televizor, \u00een ziare \u015fi pe site-uri, dar nu pot s\u0103 m\u0103 ap\u0103r sau, dac\u0103 \u00eencerc s\u0103 o fac, sunt sanc\u0163ionat\u0103 pentru asta.<\/strong> Unde e democra\u0163ia dac\u0103 acuzatorii pot spune orice, dar nimeni nu vrea s\u0103 aud\u0103 argumentele ap\u0103r\u0103rii? <strong>Judec\u0103torii, oricine ar fi ei \u015fi orice cauz\u0103 ar judeca, trebuie s\u0103 fie puternici \u015fi curajo\u015fi. Trebuie s\u0103 ia decizii pe lege, fapte \u015fi probe, nu pe ce spune televizorul.<\/strong> \u00cenc\u0103 o dat\u0103 spun: am \u00eencredere c\u0103, la apel, se va ridica m\u0103sura arestului preventiv, pentru c\u0103 nu a ap\u0103rut absolut nimic \u00een dosar de pe 29 ianuarie, c\u00e2nd am fost pus\u0103 sub control judiciar, \u015fi p\u00e2n\u0103 acum\u201d, se mai arat\u0103 \u00een mesaj.\u00a0<\/p>\n<\/div>\n<p> Source URL: https:\/\/www.digi24.ro\/stiri\/actualitate\/politica\/elena-udrea-se-apara-de-dupa-gratii-acuzatii-inchipuite-si-speculatii-fara-temei-ale-procurorilor-continua-sa-curga-garla-impotriva-mea-358883<\/p>\n","protected":false},"excerpt":{"rendered":"<p>\u201eAcuza\u0163ii \u00eenchipuite \u015fi specula\u0163ii f\u0103r\u0103 temei ale procurorilor continu\u0103 s\u0103 curg\u0103 g\u00e2rl\u0103 \u00eempotriva mea pe toate mass media. E un veritabil delir. \u00cen Rom\u00e2nia, pare c\u0103 s-a inventat un nou sport na\u0163ional: ce acuza\u0163ii neprobate s\u0103-i mai aducem Elenei Udrea, \u00een speran\u0163a c\u0103, neput\u00e2nd s\u0103 se apere, pentru c\u0103 e \u00een arest, nu va putea [&hellip;]<\/p>\n","protected":false},"author":1,"featured_media":186554,"comment_status":"open","ping_status":"","sticky":false,"template":"","format":"standard","meta":{"footnotes":""},"categories":[2],"tags":[11],"class_list":["post-186553","post","type-post","status-publish","format-standard","has-post-thumbnail","hentry","category-politics","tag-digi24"],"_links":{"self":[{"href":"https:\/\/analyse.optim.biz\/index.php?rest_route=\/wp\/v2\/posts\/186553","targetHints":{"allow":["GET"]}}],"collection":[{"href":"https:\/\/analyse.optim.biz\/index.php?rest_route=\/wp\/v2\/posts"}],"about":[{"href":"https:\/\/analyse.optim.biz\/index.php?rest_route=\/wp\/v2\/types\/post"}],"author":[{"embeddable":true,"href":"https:\/\/analyse.optim.biz\/index.php?rest_route=\/wp\/v2\/users\/1"}],"replies":[{"embeddable":true,"href":"https:\/\/analyse.optim.biz\/index.php?rest_route=%2Fwp%2Fv2%2Fcomments&post=186553"}],"version-history":[{"count":0,"href":"https:\/\/analyse.optim.biz\/index.php?rest_route=\/wp\/v2\/posts\/186553\/revisions"}],"wp:featuredmedia":[{"embeddable":true,"href":"https:\/\/analyse.optim.biz\/index.php?rest_route=\/wp\/v2\/media\/186554"}],"wp:attachment":[{"href":"https:\/\/analyse.optim.biz\/index.php?rest_route=%2Fwp%2Fv2%2Fmedia&parent=186553"}],"wp:term":[{"taxonomy":"category","embeddable":true,"href":"https:\/\/analyse.optim.biz\/index.php?rest_route=%2Fwp%2Fv2%2Fcategories&post=186553"},{"taxonomy":"post_tag","embeddable":true,"href":"https:\/\/analyse.optim.biz\/index.php?rest_route=%2Fwp%2Fv2%2Ftags&post=186553"}],"curies":[{"name":"wp","href":"https:\/\/api.w.org\/{rel}","templated":true}]}}