{"id":186550,"date":"2015-02-12T20:20:07","date_gmt":"2015-02-12T17:20:07","guid":{"rendered":"https:\/\/analyse.optim.biz\/?p=186550"},"modified":"2015-02-12T20:20:07","modified_gmt":"2015-02-12T17:20:07","slug":"e-udrea-dupa-decizia-in-cazul-lui-v-vosganian-cand-a-fost-vorba-de-mine-au-stat-pana-la-1-noaptea-ca-sa-voteze-de-doua-ori-avizul","status":"publish","type":"post","link":"https:\/\/analyse.optim.biz\/?p=186550","title":{"rendered":"E. Udrea, dup\u0103 decizia \u00een cazul lui V. Vosganian: C\u00e2nd a fost vorba de mine, au stat p\u00e2n\u0103 la 1 noaptea ca s\u0103 voteze de dou\u0103 ori avizul"},"content":{"rendered":"<div class=\"entry data-app-meta data-app-meta-article\" data-embed-base-url-canonical=\"https:\/\/www.digi24.ro\/embed\/stiri\/actualitate\/politica\/e-udrea-dupa-decizia-in-cazul-lui-v-vosganian-cand-a-fost-vorba-de-mine-au-stat-pana-la-1-noaptea-ca-sa-voteze-de-doua-ori-avizul-358979\">\n<p data-index=\"1\"><img decoding=\"async\" src=\"https:\/\/analyse.optim.biz\/wp-content\/uploads\/2024\/09\/ad1hyjdjnju1n2rjmgfhzmnjody1mguxzju2ndnizjqxyw-thumb_.jpg\" data-skip-htmlfix=\"1\" title=\"ad1hyjdjnju1n2rjmgfhzmnjody1mguxzju2ndnizjqxyw-thumb_\"><\/p>\n<p data-index=\"2\">\u201e<strong>Parlamentul Rom\u00e2niei a luat ast\u0103zi decizia de a nu da aviz favorabil \u00eenceperii urm\u0103ririi penale \u00een cazul lui Varujan Vosganian.<\/strong> Acesta era acuzat de constituirea unui grup infrac\u0163ional \u015fi de subminarea economiei na\u0163ionale, fapte care pot fi considerate extraordinar de grave.<strong> C\u00e2nd a fost vorba de mine, au stat p\u00e2n\u0103 la 1 noaptea, ca s\u0103 voteze de dou\u0103 ori avizul privind \u00eenceperea urm\u0103ririi penale \u015fi de trei ori avizul pentru arestare.<\/strong> Spre deosebire de domnul Vosganian, eu am cerut ca justi\u0163ia s\u0103-\u015fi urmeze cursul, a\u015fa cum este firesc \u00eentr-o democra\u0163ie\u201d, a scris Elena Udrea. \u00a0<\/p>\n<p data-index=\"3\"><strong>Dublul standard pe care \u00eel aplic\u0103 parlamentarii PSD \u015fi PNL ast\u0103zi arat\u0103 c\u0103 ace\u015ftia nu g\u00e2ndesc principial, mai spune deputata care precizeaz\u0103 c\u0103 de aici \u201eprovine sl\u0103biciunea legislativului \u015fi ne\u00eencrederea \u00een clasa politic\u0103\u201d.\u00a0<\/strong><\/p>\n<p data-index=\"4\">\u201eEu nu spun c\u0103 Varujan Vosganian este vinovat,<strong> ci doar atrag aten\u0163ia asupra faptului c\u0103 politicienii, cei care ar trebui s\u0103 conduc\u0103 Rom\u00e2nia pentru c\u0103 sunt valida\u0163i prin vot de popor, ac\u0163ioneaz\u0103 \u00een continuare dup\u0103 calcule m\u0103runte, ne\u00eentrez\u0103rind pericolul real care planeaz\u0103 asupra \u0163\u0103rii.<\/strong> Nu-i de mirare c\u0103 puterea este exercitat\u0103 ocult de oameni din umbr\u0103 \u00een fa\u0163a c\u0103rora multora dintre aceia\u015fi oameni politici le tremur\u0103 genunchii\u201d, a mai scris Udrea.\u00a0<\/p>\n<\/div>\n<p> Source URL: https:\/\/www.digi24.ro\/stiri\/actualitate\/politica\/e-udrea-dupa-decizia-in-cazul-lui-v-vosganian-cand-a-fost-vorba-de-mine-au-stat-pana-la-1-noaptea-ca-sa-voteze-de-doua-ori-avizul-358979<\/p>\n","protected":false},"excerpt":{"rendered":"<p>\u201eParlamentul Rom\u00e2niei a luat ast\u0103zi decizia de a nu da aviz favorabil \u00eenceperii urm\u0103ririi penale \u00een cazul lui Varujan Vosganian. Acesta era acuzat de constituirea unui grup infrac\u0163ional \u015fi de subminarea economiei na\u0163ionale, fapte care pot fi considerate extraordinar de grave. C\u00e2nd a fost vorba de mine, au stat p\u00e2n\u0103 la 1 noaptea, ca s\u0103 [&hellip;]<\/p>\n","protected":false},"author":1,"featured_media":186551,"comment_status":"open","ping_status":"","sticky":false,"template":"","format":"standard","meta":{"footnotes":""},"categories":[2],"tags":[11],"class_list":["post-186550","post","type-post","status-publish","format-standard","has-post-thumbnail","hentry","category-politics","tag-digi24"],"_links":{"self":[{"href":"https:\/\/analyse.optim.biz\/index.php?rest_route=\/wp\/v2\/posts\/186550","targetHints":{"allow":["GET"]}}],"collection":[{"href":"https:\/\/analyse.optim.biz\/index.php?rest_route=\/wp\/v2\/posts"}],"about":[{"href":"https:\/\/analyse.optim.biz\/index.php?rest_route=\/wp\/v2\/types\/post"}],"author":[{"embeddable":true,"href":"https:\/\/analyse.optim.biz\/index.php?rest_route=\/wp\/v2\/users\/1"}],"replies":[{"embeddable":true,"href":"https:\/\/analyse.optim.biz\/index.php?rest_route=%2Fwp%2Fv2%2Fcomments&post=186550"}],"version-history":[{"count":0,"href":"https:\/\/analyse.optim.biz\/index.php?rest_route=\/wp\/v2\/posts\/186550\/revisions"}],"wp:featuredmedia":[{"embeddable":true,"href":"https:\/\/analyse.optim.biz\/index.php?rest_route=\/wp\/v2\/media\/186551"}],"wp:attachment":[{"href":"https:\/\/analyse.optim.biz\/index.php?rest_route=%2Fwp%2Fv2%2Fmedia&parent=186550"}],"wp:term":[{"taxonomy":"category","embeddable":true,"href":"https:\/\/analyse.optim.biz\/index.php?rest_route=%2Fwp%2Fv2%2Fcategories&post=186550"},{"taxonomy":"post_tag","embeddable":true,"href":"https:\/\/analyse.optim.biz\/index.php?rest_route=%2Fwp%2Fv2%2Ftags&post=186550"}],"curies":[{"name":"wp","href":"https:\/\/api.w.org\/{rel}","templated":true}]}}