{"id":186536,"date":"2015-02-13T12:03:38","date_gmt":"2015-02-13T09:03:38","guid":{"rendered":"https:\/\/analyse.optim.biz\/?p=186536"},"modified":"2015-02-13T12:03:38","modified_gmt":"2015-02-13T09:03:38","slug":"varujan-vosganian-a-demisionat-din-pnl","status":"publish","type":"post","link":"https:\/\/analyse.optim.biz\/?p=186536","title":{"rendered":"Varujan Vosganian a demisionat din PNL"},"content":{"rendered":"<div class=\"entry data-app-meta data-app-meta-article\" data-embed-base-url-canonical=\"https:\/\/www.digi24.ro\/embed\/stiri\/actualitate\/politica\/varujan-vosganian-a-demisionat-din-pnl-359139\">\n<p data-index=\"1\">\u00a0<img decoding=\"async\" src=\"https:\/\/analyse.optim.biz\/wp-content\/uploads\/2024\/09\/ztuyztzhzgzhnjuwztkwmge0mmixzju4otq-thumb_.jpg\" data-skip-htmlfix=\"1\" title=\"ztuyztzhzgzhnjuwztkwmge0mmixzju4otq-thumb_\"><\/p>\n<p data-index=\"2\"><strong>UPDATE 17.15<\/strong>. \u00centr-un mesaj adresat conducerii PNL, senatorul Varujan Vosganian a scris pe <a href=\"http:\/\/vosganian.ro\/?p=5854\" target=\"_blank\" data-skip-linkfix=\"1\" rel=\"noopener\">blogul s\u0103u<\/a>: \u201eCa un r\u0103spuns colegial la solicit\u0103rile dumneavoastr\u0103, primi\u0163i, prin prezenta, demisia mea din noul PNL\u201d.<\/p>\n<hr>\n<p data-index=\"3\">&#8220;Noi, \u00een Camera Deputa\u021bilor, am \u00eencuviin\u021bat de fiecare dat\u0103, indiferent de persoan\u0103, de partidul din care provine \u0219i de discursul sus\u021binut de la tribun\u0103, ridicarea imunit\u0103\u021bii parlamentarilor \u0219i <strong>mi se pare regretabil c\u0103 acum Senatul are aceast\u0103 abordare \u00een cazul domnului Varujan Vosganian<\/strong>.<\/p>\n<p data-index=\"4\"><strong>Corect fa\u021b\u0103 de PNL \u0219i de atitudinea sa de p\u00e2n\u0103 acum \u00een privin\u021ba solicit\u0103rilor justi\u021biei ar fi, din punctul meu de vedere, ca domnul Varujan Vosganian s\u0103 fac\u0103 un pas \u00een afara PNL.<\/strong> Altfel, to\u021bi parlamentarii liberali \u0219i \u00eentreg partidul vom fi afecta\u021bi de incidentul din Senat, iar <strong>acest lucru nu este corect fa\u021b\u0103 de imaginea PNL&#8221;<\/strong>, a declarat Pocora, citat\u0103 de Mediafax.<\/p>\n<p data-index=\"5\"><a href=\"https:\/\/www.digi24.ro\/Stiri\/Digi24\/Actualitate\/Politica\/VARUJAN+VOSGANIAN+IMUNITATE+MIR+ACATIST+LACRIMI\" target=\"_blank\" data-skip-linkfix=\"1\" rel=\"noopener\"><strong><span>Mirul, acatistul \u015fi lacrimile, armele secrete ale lui Varujan Vosganian<\/span><\/strong><\/a><\/p>\n<p data-index=\"6\"><a href=\"https:\/\/www.digi24.ro\/Stiri\/Digi24\/Actualitate\/Politica\/Alina+Gorghiu+dupa+votul+in+cazul+Vosganian+Il+consider+un+accid\" target=\"_blank\" data-skip-linkfix=\"1\" rel=\"noopener\"><strong><span>Alina Gorghiu, dup\u0103 votul \u00een cazul Vosganian: &#8220;\u00cel consider un accident&#8221;<\/span><\/strong><\/a><\/p>\n<p data-index=\"7\"><a href=\"https:\/\/www.digi24.ro\/Stiri\/Digi24\/Actualitate\/Justitie\/Varujan+Vosganian+ramane+cu+imunitate\" target=\"_blank\" data-skip-linkfix=\"1\" rel=\"noopener\"><strong><span>Varujan Vosganian r\u0103m\u00e2ne cu imunitate<\/span><\/strong><\/a><\/p>\n<p data-index=\"8\"><a href=\"https:\/\/www.digi24.ro\/Stiri\/Digi24\/Actualitate\/Politica\/Klaus+Iohannis+critica+votul+in+cazul+Vosganian+Arata+ca+nu+s-a+\" target=\"_blank\" data-skip-linkfix=\"1\" rel=\"noopener\"><strong><span>Klaus Iohannis critic\u0103 votul \u00een cazul Vosganian: &#8220;Arat\u0103 c\u0103 nu s-a \u00een\u0163eles necesitatea schimb\u0103rii&#8221;<\/span><\/strong><\/a><\/p>\n<p data-index=\"9\">Senatul a respins, joi, solicitarea Parchetului General de \u00eencuviin\u021bare a \u00eenceperii urm\u0103ririi penale \u00eempotriva senatorului PNL Varujan Vosganian, fiind \u00eenregistrate 71 de voturi &#8220;\u00eempotriv\u0103&#8221;, 56 de voturi &#8220;pentru&#8221;, 5 voturi fiind anulate. Votul a fost secret, cu bile.<\/p>\n<\/div>\n<p> Source URL: https:\/\/www.digi24.ro\/stiri\/actualitate\/politica\/varujan-vosganian-a-demisionat-din-pnl-359139<\/p>\n","protected":false},"excerpt":{"rendered":"<p>\u00a0 UPDATE 17.15. \u00centr-un mesaj adresat conducerii PNL, senatorul Varujan Vosganian a scris pe blogul s\u0103u: \u201eCa un r\u0103spuns colegial la solicit\u0103rile dumneavoastr\u0103, primi\u0163i, prin prezenta, demisia mea din noul PNL\u201d. &#8220;Noi, \u00een Camera Deputa\u021bilor, am \u00eencuviin\u021bat de fiecare dat\u0103, indiferent de persoan\u0103, de partidul din care provine \u0219i de discursul sus\u021binut de la tribun\u0103, [&hellip;]<\/p>\n","protected":false},"author":1,"featured_media":186537,"comment_status":"open","ping_status":"","sticky":false,"template":"","format":"standard","meta":{"footnotes":""},"categories":[2],"tags":[11],"class_list":["post-186536","post","type-post","status-publish","format-standard","has-post-thumbnail","hentry","category-politics","tag-digi24"],"_links":{"self":[{"href":"https:\/\/analyse.optim.biz\/index.php?rest_route=\/wp\/v2\/posts\/186536","targetHints":{"allow":["GET"]}}],"collection":[{"href":"https:\/\/analyse.optim.biz\/index.php?rest_route=\/wp\/v2\/posts"}],"about":[{"href":"https:\/\/analyse.optim.biz\/index.php?rest_route=\/wp\/v2\/types\/post"}],"author":[{"embeddable":true,"href":"https:\/\/analyse.optim.biz\/index.php?rest_route=\/wp\/v2\/users\/1"}],"replies":[{"embeddable":true,"href":"https:\/\/analyse.optim.biz\/index.php?rest_route=%2Fwp%2Fv2%2Fcomments&post=186536"}],"version-history":[{"count":0,"href":"https:\/\/analyse.optim.biz\/index.php?rest_route=\/wp\/v2\/posts\/186536\/revisions"}],"wp:featuredmedia":[{"embeddable":true,"href":"https:\/\/analyse.optim.biz\/index.php?rest_route=\/wp\/v2\/media\/186537"}],"wp:attachment":[{"href":"https:\/\/analyse.optim.biz\/index.php?rest_route=%2Fwp%2Fv2%2Fmedia&parent=186536"}],"wp:term":[{"taxonomy":"category","embeddable":true,"href":"https:\/\/analyse.optim.biz\/index.php?rest_route=%2Fwp%2Fv2%2Fcategories&post=186536"},{"taxonomy":"post_tag","embeddable":true,"href":"https:\/\/analyse.optim.biz\/index.php?rest_route=%2Fwp%2Fv2%2Ftags&post=186536"}],"curies":[{"name":"wp","href":"https:\/\/api.w.org\/{rel}","templated":true}]}}