{"id":186533,"date":"2015-02-13T12:55:16","date_gmt":"2015-02-13T09:55:16","guid":{"rendered":"https:\/\/analyse.optim.biz\/?p=186533"},"modified":"2015-02-13T12:55:16","modified_gmt":"2015-02-13T09:55:16","slug":"adrian-nastase-atacuri-la-adresa-lui-traian-basescu-dar-si-a-actualilor-lideri-psd","status":"publish","type":"post","link":"https:\/\/analyse.optim.biz\/?p=186533","title":{"rendered":"Adrian N\u0103stase, atacuri la adresa lui Traian B\u0103sescu, dar \u015fi a actualilor lideri PSD"},"content":{"rendered":"<div class=\"entry data-app-meta data-app-meta-article\" data-embed-base-url-canonical=\"https:\/\/www.digi24.ro\/embed\/stiri\/actualitate\/politica\/adrian-nastase-atacuri-la-adresa-lui-traian-basescu-dar-si-a-actualilor-lideri-psd-359154\">\n<p data-index=\"1\">\u00a0<img decoding=\"async\" src=\"https:\/\/analyse.optim.biz\/wp-content\/uploads\/2024\/09\/jmhhc2g9otfmywm1yjm4mzmyy2e2y2jjnjjjzdm2ymyxztkymzy-thumb_.jpg\" data-skip-htmlfix=\"1\" title=\"jmhhc2g9otfmywm1yjm4mzmyy2e2y2jjnjjjzdm2ymyxztkymzy-thumb_\"><\/p>\n<p data-index=\"2\">\u201e<span>\u00cen decembrie 2014, s-a \u00eencheiat cel de-al doilea mandat al lui Traian Basescu. El \u00eencearc\u0103 acum s\u0103-\u015fi fixeze un loc onorabil \u00een istoria rom\u00e2nilor. Nu cred c\u0103 va reu\u015fi. \u201cRegimul B\u0103sescu\u201d va r\u0103m\u00e2ne o parantez\u0103 de istorie. A\u015fa cred eu. Al\u0163ii poate c\u0103 au o alt\u0103 evaluare a acestor ani. Recunosc, sunt subiectiv\u201d, <a href=\"https:\/\/nastase.wordpress.com\/\" target=\"_blank\" data-skip-linkfix=\"1\" rel=\"noopener\"><strong>scrie Adrian N\u0103stase.<\/strong><\/a><\/span><\/p>\n<p data-index=\"3\">El face \u015fi o list\u0103 a \u201ene\u00eemplinirilor\u201d mandatului lui Traian B\u0103sescu, printre acestea men\u0163ion\u00e2nd \u201esc\u0103derea aloca\u0163iilor pentru armat\u0103 de la 2% la 1,2%, dezbinarea social\u0103, sc\u0103derea preocup\u0103rii pentru performan\u0163\u0103, <span>fuga tinerilor \u00een str\u0103in\u0103tate, dezertarea medicilor \u015fi a altor cadre calificate\u201d.<\/span><\/p>\n<p data-index=\"4\">\u00cen acest context, el \u00eei critic\u0103 \u015fi pe actualii lideri ai PSD: \u201eB\u0103sescu simte nevoia s\u0103 se raporteze negativ la perioada 2001-2004, pentru a pune in valoare realiz\u0103rile deceniului s\u0103u. \u00cel \u00een\u0163eleg. Ceea ce nu \u00een\u0163eleg \u00eens\u0103 este lipsa de reac\u0163ie a liderilor PSD care par a nu-\u015fi mai aminti faptul c\u0103 \u00een 2000-2004 tot PSD era la guvernare \u015fi nu realizeaz\u0103 c\u0103 ar fi important pentru for\u0163a partidului s\u0103 reac\u0163ioneze, aduc\u00e2nd \u00een spa\u0163iul public argumente \u015fi compara\u0163ii. E adev\u0103rat, au trecut ceva ani de atunci.<\/p>\n<p data-index=\"5\">Nu doresc acum s\u0103 analizez, pe larg, ceea ce s-a \u00eent\u00e2mplat \u00een ultimii ani, \u00een regimul B\u0103sescu. Departamentele PSD ar fi putut face acest lucru. Poate c\u0103 \u00eel vor face dup\u0103 \u015fedin\u0163a Consiliului Na\u0163ional, din martie<span>\u201d, a mai scris fostul premier.<\/span><\/p>\n<\/div>\n<p> Source URL: https:\/\/www.digi24.ro\/stiri\/actualitate\/politica\/adrian-nastase-atacuri-la-adresa-lui-traian-basescu-dar-si-a-actualilor-lideri-psd-359154<\/p>\n","protected":false},"excerpt":{"rendered":"<p>\u00a0 \u201e\u00cen decembrie 2014, s-a \u00eencheiat cel de-al doilea mandat al lui Traian Basescu. El \u00eencearc\u0103 acum s\u0103-\u015fi fixeze un loc onorabil \u00een istoria rom\u00e2nilor. Nu cred c\u0103 va reu\u015fi. \u201cRegimul B\u0103sescu\u201d va r\u0103m\u00e2ne o parantez\u0103 de istorie. A\u015fa cred eu. Al\u0163ii poate c\u0103 au o alt\u0103 evaluare a acestor ani. Recunosc, sunt subiectiv\u201d, scrie [&hellip;]<\/p>\n","protected":false},"author":1,"featured_media":186534,"comment_status":"open","ping_status":"","sticky":false,"template":"","format":"standard","meta":{"footnotes":""},"categories":[2],"tags":[11],"class_list":["post-186533","post","type-post","status-publish","format-standard","has-post-thumbnail","hentry","category-politics","tag-digi24"],"_links":{"self":[{"href":"https:\/\/analyse.optim.biz\/index.php?rest_route=\/wp\/v2\/posts\/186533","targetHints":{"allow":["GET"]}}],"collection":[{"href":"https:\/\/analyse.optim.biz\/index.php?rest_route=\/wp\/v2\/posts"}],"about":[{"href":"https:\/\/analyse.optim.biz\/index.php?rest_route=\/wp\/v2\/types\/post"}],"author":[{"embeddable":true,"href":"https:\/\/analyse.optim.biz\/index.php?rest_route=\/wp\/v2\/users\/1"}],"replies":[{"embeddable":true,"href":"https:\/\/analyse.optim.biz\/index.php?rest_route=%2Fwp%2Fv2%2Fcomments&post=186533"}],"version-history":[{"count":0,"href":"https:\/\/analyse.optim.biz\/index.php?rest_route=\/wp\/v2\/posts\/186533\/revisions"}],"wp:featuredmedia":[{"embeddable":true,"href":"https:\/\/analyse.optim.biz\/index.php?rest_route=\/wp\/v2\/media\/186534"}],"wp:attachment":[{"href":"https:\/\/analyse.optim.biz\/index.php?rest_route=%2Fwp%2Fv2%2Fmedia&parent=186533"}],"wp:term":[{"taxonomy":"category","embeddable":true,"href":"https:\/\/analyse.optim.biz\/index.php?rest_route=%2Fwp%2Fv2%2Fcategories&post=186533"},{"taxonomy":"post_tag","embeddable":true,"href":"https:\/\/analyse.optim.biz\/index.php?rest_route=%2Fwp%2Fv2%2Ftags&post=186533"}],"curies":[{"name":"wp","href":"https:\/\/api.w.org\/{rel}","templated":true}]}}