{"id":186507,"date":"2015-02-14T13:24:20","date_gmt":"2015-02-14T10:24:20","guid":{"rendered":"https:\/\/analyse.optim.biz\/?p=186507"},"modified":"2015-02-14T13:24:20","modified_gmt":"2015-02-14T10:24:20","slug":"calin-popescu-tariceanu-apara-senatorii-in-cazul-vosganian","status":"publish","type":"post","link":"https:\/\/analyse.optim.biz\/?p=186507","title":{"rendered":"C\u0103lin Popescu T\u0103riceanu ap\u0103r\u0103 senatorii \u00een cazul Vosganian"},"content":{"rendered":"<div class=\"entry data-app-meta data-app-meta-article\" data-embed-base-url-canonical=\"https:\/\/www.digi24.ro\/embed\/stiri\/actualitate\/politica\/calin-popescu-tariceanu-apara-senatorii-in-cazul-vosganian-359481\">\n<p data-index=\"1\">\u00a0<img decoding=\"async\" src=\"https:\/\/analyse.optim.biz\/wp-content\/uploads\/2024\/09\/ogfmotlim2i3zmrmnddhndewmjy1otcwoq-thumb_.jpg\" data-skip-htmlfix=\"1\" title=\"ogfmotlim2i3zmrmnddhndewmjy1otcwoq-thumb_\"><\/p>\n<p data-index=\"2\">Acesta se arat\u0103 nemul\u0163umit de criticile formulate de procurorul general \u015fi de pre\u015fedintele Klaus Iohannis la adresa votului majoritar dat de c\u0103tre senatori \u00een favoarea ne\u00eenceperii urm\u0103ririi penale. <\/p>\n<p data-index=\"3\">&#8220;\u00cemp\u0103rt\u0103\u0219esc opinia domnului Pre\u0219edinte privind necesitatea unei schimb\u0103ri dar, (&#8230;) pare mai degrab\u0103 \u00een realitate o continuare a politicii ini\u021biate de fostul pre\u015fedinte potrivit c\u0103reia institu\u021biile statului, inclusiv Parlamentul, trebuie s\u0103 se conformeze direc\u021biilor propuse de Cotroceni. (&#8230;) un vot \u00een favoarea cererii procurorului general, (&#8230;) ar fi creat precedentul potrivit c\u0103ruia orice decizie a Executivului (deci, poten\u021bial \u0219i a Pre\u015fedintelui) \u0219i a oric\u0103rei autorit\u0103\u021bi publice ar fi putut fi cenzurat\u0103 \u00een viitor de c\u0103tre procurori&#8221;, afirm\u0103 \u015feful Senatului.<\/p>\n<\/div>\n<p> Source URL: https:\/\/www.digi24.ro\/stiri\/actualitate\/politica\/calin-popescu-tariceanu-apara-senatorii-in-cazul-vosganian-359481<\/p>\n","protected":false},"excerpt":{"rendered":"<p>\u00a0 Acesta se arat\u0103 nemul\u0163umit de criticile formulate de procurorul general \u015fi de pre\u015fedintele Klaus Iohannis la adresa votului majoritar dat de c\u0103tre senatori \u00een favoarea ne\u00eenceperii urm\u0103ririi penale. &#8220;\u00cemp\u0103rt\u0103\u0219esc opinia domnului Pre\u0219edinte privind necesitatea unei schimb\u0103ri dar, (&#8230;) pare mai degrab\u0103 \u00een realitate o continuare a politicii ini\u021biate de fostul pre\u015fedinte potrivit c\u0103reia institu\u021biile [&hellip;]<\/p>\n","protected":false},"author":1,"featured_media":186508,"comment_status":"open","ping_status":"","sticky":false,"template":"","format":"standard","meta":{"footnotes":""},"categories":[2],"tags":[11],"class_list":["post-186507","post","type-post","status-publish","format-standard","has-post-thumbnail","hentry","category-politics","tag-digi24"],"_links":{"self":[{"href":"https:\/\/analyse.optim.biz\/index.php?rest_route=\/wp\/v2\/posts\/186507","targetHints":{"allow":["GET"]}}],"collection":[{"href":"https:\/\/analyse.optim.biz\/index.php?rest_route=\/wp\/v2\/posts"}],"about":[{"href":"https:\/\/analyse.optim.biz\/index.php?rest_route=\/wp\/v2\/types\/post"}],"author":[{"embeddable":true,"href":"https:\/\/analyse.optim.biz\/index.php?rest_route=\/wp\/v2\/users\/1"}],"replies":[{"embeddable":true,"href":"https:\/\/analyse.optim.biz\/index.php?rest_route=%2Fwp%2Fv2%2Fcomments&post=186507"}],"version-history":[{"count":0,"href":"https:\/\/analyse.optim.biz\/index.php?rest_route=\/wp\/v2\/posts\/186507\/revisions"}],"wp:featuredmedia":[{"embeddable":true,"href":"https:\/\/analyse.optim.biz\/index.php?rest_route=\/wp\/v2\/media\/186508"}],"wp:attachment":[{"href":"https:\/\/analyse.optim.biz\/index.php?rest_route=%2Fwp%2Fv2%2Fmedia&parent=186507"}],"wp:term":[{"taxonomy":"category","embeddable":true,"href":"https:\/\/analyse.optim.biz\/index.php?rest_route=%2Fwp%2Fv2%2Fcategories&post=186507"},{"taxonomy":"post_tag","embeddable":true,"href":"https:\/\/analyse.optim.biz\/index.php?rest_route=%2Fwp%2Fv2%2Ftags&post=186507"}],"curies":[{"name":"wp","href":"https:\/\/api.w.org\/{rel}","templated":true}]}}