{"id":186504,"date":"2015-02-14T15:13:23","date_gmt":"2015-02-14T12:13:23","guid":{"rendered":"https:\/\/analyse.optim.biz\/?p=186504"},"modified":"2015-02-14T15:13:23","modified_gmt":"2015-02-14T12:13:23","slug":"klaus-iohannis-alaturi-de-copiii-bolnavi-de-cancer-mesajul-emotionant-al-presedintelui-romaniei","status":"publish","type":"post","link":"https:\/\/analyse.optim.biz\/?p=186504","title":{"rendered":"Klaus Iohannis, al\u0103turi de copiii bolnavi de cancer. Mesajul emo\u021bionant al pre\u0219edintelui Rom\u00e2niei"},"content":{"rendered":"<div class=\"entry data-app-meta data-app-meta-article\" data-embed-base-url-canonical=\"https:\/\/www.digi24.ro\/embed\/stiri\/actualitate\/politica\/klaus-iohannis-alaturi-de-copiii-bolnavi-de-cancer-mesajul-emotionant-al-presedintelui-romaniei-359510\">\n<p data-index=\"1\"><img decoding=\"async\" src=\"https:\/\/analyse.optim.biz\/wp-content\/uploads\/2024\/09\/ad0zntmzyjiwywq2mjgxmdu4zjhhmzizmwi2owrmnjy3nw-thumb_.jpg\" data-skip-htmlfix=\"1\" title=\"ad0zntmzyjiwywq2mjgxmdu4zjhhmzizmwi2owrmnjy3nw-thumb_\"><\/p>\n<p data-index=\"2\">\u201e<strong>M\u00e2ine, 15 februarie, este Ziua Interna\u021bional\u0103 a copilului bolnav de cancer.<\/strong> \u00cen \u021bara noastr\u0103 se \u00eenregistreaz\u0103 anual 500 de cazuri noi de copii bolnavi de cancer.<strong> Statisticile nu spun nimic despre suferin\u021ba lor \u0219i a familiilor lor.<\/strong> Am vizitat recent o sec\u021bie de oncologie pentru copii.<\/p>\n<p data-index=\"3\"><strong> Dup\u0103 \u0219edin\u021bele de chimioterapie, sunt epuiza\u021bi \u0219i obliga\u021bi s\u0103 stea mult \u00een pat.<\/strong> To\u021bi sunt \u00eens\u0103 curajo\u0219i \u0219i \u00ee\u0219i doresc s\u0103 mearg\u0103 la \u0219coal\u0103 sau m\u0103car \u00een sala de joac\u0103 a spitalului, care este \u0219i sal\u0103 de clas\u0103. Acolo, dasc\u0103li voluntari predau lec\u021bii de limba rom\u00e2n\u0103, matematic\u0103, fizic\u0103, pictur\u0103. D\u0103ruirea acestor oameni este un exemplu pentru noi to\u021bi. O societate devine cu adev\u0103rat puternic\u0103 numai prin solidaritatea \u0219i curajul cet\u0103\u021benilor ei\u201d, a scris Klaus Iohannis pe pagina sa de Facebook.\u00a0<\/p>\n<p data-index=\"4\"><strong>VEZI VIDEO<a href=\"https:\/\/www.facebook.com\/klausiohannis\" target=\"_blank\" data-skip-linkfix=\"1\" rel=\"noopener\"> AICI<\/a><\/strong><\/p>\n<\/div>\n<p> Source URL: https:\/\/www.digi24.ro\/stiri\/actualitate\/politica\/klaus-iohannis-alaturi-de-copiii-bolnavi-de-cancer-mesajul-emotionant-al-presedintelui-romaniei-359510<\/p>\n","protected":false},"excerpt":{"rendered":"<p>\u201eM\u00e2ine, 15 februarie, este Ziua Interna\u021bional\u0103 a copilului bolnav de cancer. \u00cen \u021bara noastr\u0103 se \u00eenregistreaz\u0103 anual 500 de cazuri noi de copii bolnavi de cancer. Statisticile nu spun nimic despre suferin\u021ba lor \u0219i a familiilor lor. Am vizitat recent o sec\u021bie de oncologie pentru copii. Dup\u0103 \u0219edin\u021bele de chimioterapie, sunt epuiza\u021bi \u0219i obliga\u021bi s\u0103 [&hellip;]<\/p>\n","protected":false},"author":1,"featured_media":186505,"comment_status":"open","ping_status":"","sticky":false,"template":"","format":"standard","meta":{"footnotes":""},"categories":[2],"tags":[11],"class_list":["post-186504","post","type-post","status-publish","format-standard","has-post-thumbnail","hentry","category-politics","tag-digi24"],"_links":{"self":[{"href":"https:\/\/analyse.optim.biz\/index.php?rest_route=\/wp\/v2\/posts\/186504","targetHints":{"allow":["GET"]}}],"collection":[{"href":"https:\/\/analyse.optim.biz\/index.php?rest_route=\/wp\/v2\/posts"}],"about":[{"href":"https:\/\/analyse.optim.biz\/index.php?rest_route=\/wp\/v2\/types\/post"}],"author":[{"embeddable":true,"href":"https:\/\/analyse.optim.biz\/index.php?rest_route=\/wp\/v2\/users\/1"}],"replies":[{"embeddable":true,"href":"https:\/\/analyse.optim.biz\/index.php?rest_route=%2Fwp%2Fv2%2Fcomments&post=186504"}],"version-history":[{"count":0,"href":"https:\/\/analyse.optim.biz\/index.php?rest_route=\/wp\/v2\/posts\/186504\/revisions"}],"wp:featuredmedia":[{"embeddable":true,"href":"https:\/\/analyse.optim.biz\/index.php?rest_route=\/wp\/v2\/media\/186505"}],"wp:attachment":[{"href":"https:\/\/analyse.optim.biz\/index.php?rest_route=%2Fwp%2Fv2%2Fmedia&parent=186504"}],"wp:term":[{"taxonomy":"category","embeddable":true,"href":"https:\/\/analyse.optim.biz\/index.php?rest_route=%2Fwp%2Fv2%2Fcategories&post=186504"},{"taxonomy":"post_tag","embeddable":true,"href":"https:\/\/analyse.optim.biz\/index.php?rest_route=%2Fwp%2Fv2%2Ftags&post=186504"}],"curies":[{"name":"wp","href":"https:\/\/api.w.org\/{rel}","templated":true}]}}