{"id":186401,"date":"2015-02-09T11:42:55","date_gmt":"2015-02-09T08:42:55","guid":{"rendered":"https:\/\/analyse.optim.biz\/?p=186401"},"modified":"2015-02-09T11:42:55","modified_gmt":"2015-02-09T08:42:55","slug":"victor-ponta-despre-propunerea-pentru-curtea-constitutionala-nu-va-fi-membru-al-parlamentului","status":"publish","type":"post","link":"https:\/\/analyse.optim.biz\/?p=186401","title":{"rendered":"Victor Ponta, despre propunerea pentru Curtea Constitu\u0163ional\u0103: &#8220;Nu va fi membru al Parlamentului&#8221;"},"content":{"rendered":"<div class=\"entry data-app-meta data-app-meta-article\" data-embed-base-url-canonical=\"https:\/\/www.digi24.ro\/embed\/stiri\/actualitate\/politica\/victor-ponta-despre-propunerea-pentru-curtea-constitutionala-nu-va-fi-membru-al-parlamentului-357138\">\n<p data-index=\"1\">\u201eImediat ce se declan\u015feaz\u0103 procedura, vom propune o persoan\u0103, nu un om politic, adic\u0103 parlamentar. Vom propune o persoan\u0103 care sper s\u0103 \u00eentruneasc\u0103 votul \u00eentregului Senat \u015fi s\u0103 avem \u015fi la Curtea Constitu\u0163ional\u0103 componen\u0163a complet\u0103.<\/p>\n<p data-index=\"2\">Nu va fi un membru al Parlamentului&#8230; ca s\u0103 mai stric \u015ftirile pe surse care \u00een fiecare zi v\u0103 dau un alt nume de parlamentar\u201d, a spus Victor Ponta.<\/p>\n<\/div>\n<p> Source URL: https:\/\/www.digi24.ro\/stiri\/actualitate\/politica\/victor-ponta-despre-propunerea-pentru-curtea-constitutionala-nu-va-fi-membru-al-parlamentului-357138<\/p>\n","protected":false},"excerpt":{"rendered":"<p>\u201eImediat ce se declan\u015feaz\u0103 procedura, vom propune o persoan\u0103, nu un om politic, adic\u0103 parlamentar. Vom propune o persoan\u0103 care sper s\u0103 \u00eentruneasc\u0103 votul \u00eentregului Senat \u015fi s\u0103 avem \u015fi la Curtea Constitu\u0163ional\u0103 componen\u0163a complet\u0103. Nu va fi un membru al Parlamentului&#8230; ca s\u0103 mai stric \u015ftirile pe surse care \u00een fiecare zi v\u0103 dau [&hellip;]<\/p>\n","protected":false},"author":1,"featured_media":186402,"comment_status":"open","ping_status":"","sticky":false,"template":"","format":"standard","meta":{"footnotes":""},"categories":[2],"tags":[11],"class_list":["post-186401","post","type-post","status-publish","format-standard","has-post-thumbnail","hentry","category-politics","tag-digi24"],"_links":{"self":[{"href":"https:\/\/analyse.optim.biz\/index.php?rest_route=\/wp\/v2\/posts\/186401","targetHints":{"allow":["GET"]}}],"collection":[{"href":"https:\/\/analyse.optim.biz\/index.php?rest_route=\/wp\/v2\/posts"}],"about":[{"href":"https:\/\/analyse.optim.biz\/index.php?rest_route=\/wp\/v2\/types\/post"}],"author":[{"embeddable":true,"href":"https:\/\/analyse.optim.biz\/index.php?rest_route=\/wp\/v2\/users\/1"}],"replies":[{"embeddable":true,"href":"https:\/\/analyse.optim.biz\/index.php?rest_route=%2Fwp%2Fv2%2Fcomments&post=186401"}],"version-history":[{"count":0,"href":"https:\/\/analyse.optim.biz\/index.php?rest_route=\/wp\/v2\/posts\/186401\/revisions"}],"wp:featuredmedia":[{"embeddable":true,"href":"https:\/\/analyse.optim.biz\/index.php?rest_route=\/wp\/v2\/media\/186402"}],"wp:attachment":[{"href":"https:\/\/analyse.optim.biz\/index.php?rest_route=%2Fwp%2Fv2%2Fmedia&parent=186401"}],"wp:term":[{"taxonomy":"category","embeddable":true,"href":"https:\/\/analyse.optim.biz\/index.php?rest_route=%2Fwp%2Fv2%2Fcategories&post=186401"},{"taxonomy":"post_tag","embeddable":true,"href":"https:\/\/analyse.optim.biz\/index.php?rest_route=%2Fwp%2Fv2%2Ftags&post=186401"}],"curies":[{"name":"wp","href":"https:\/\/api.w.org\/{rel}","templated":true}]}}