{"id":1863553,"date":"2026-04-03T03:20:22","date_gmt":"2026-04-03T00:20:22","guid":{"rendered":"https:\/\/analyse.optim.biz\/?p=1863553"},"modified":"2026-04-03T03:20:22","modified_gmt":"2026-04-03T00:20:22","slug":"modificari-temporare-in-circulatia-tramvaielor-de-pe-liniile-1-2-si-4-liniile-5-6a-si-6b-se-suspenda","status":"publish","type":"post","link":"https:\/\/analyse.optim.biz\/?p=1863553","title":{"rendered":"Modific\u0103ri temporare \u00een circula\u021bia tramvaielor de pe liniile 1, 2 \u0219i 4. Liniile 5, 6A \u0219i 6B se suspend\u0103"},"content":{"rendered":"<p>[analyse_image type=&#8221;featured&#8221; src=&#8221;https:\/\/focustim.ro\/wp-content\/uploads\/2019\/07\/Tramvai-5.jpg&#8221;]<\/p>\n<article id=\"post-39866\" class=\"penci-single-artcontent noloaddisqus post-39866 post type-post status-publish format-standard has-post-thumbnail hentry category-actualitate category-administratie category-featured tag-linii tag-stpt tag-tramvai penci-post-item\">\n<header class=\"entry-header penci-entry-header penci-title-\">\n<div class=\"penci-entry-categories\"><span class=\"penci-cat-links\"><a href=\"https:\/\/focustim.ro\/category\/actualitate\/\" rel=\"category tag\">Actualitate<\/a><a href=\"https:\/\/focustim.ro\/category\/administratie\/\" rel=\"category tag\">Administra\u021bie<\/a><a href=\"https:\/\/focustim.ro\/category\/featured\/\" rel=\"category tag\">Featured<\/a><\/span><\/div>\n<h1 class=\"entry-title penci-entry-title penci-title-\">Modific\u0103ri temporare \u00een circula\u021bia tramvaielor de pe liniile 1, 2 \u0219i 4. Liniile 5, 6A \u0219i 6B se suspend\u0103<\/h1>\n<div class=\"entry-meta penci-entry-meta\"><span class=\"entry-meta-item penci-posted-on\"><time class=\"entry-date published\" datetime=\"2026-04-03T06:20:22+03:00\">03\/04\/2026<\/time><time class=\"updated\" datetime=\"2026-04-03T06:20:28+03:00\">03\/04\/2026<\/time><\/span><span class=\"entry-meta-item penci-comment-count\"><a class=\"penci_pmeta-link\" href=\"https:\/\/focustim.ro\/modificari-temporare-in-circulatia-tramvaielor-de-pe-liniile-1-2-si-4-liniile-5-6a-si-6b-se-suspenda\/#respond\">0<\/a><\/span><\/div>\n<p><span class=\"penci-social-buttons penci-social-share-footer\"><span class=\"penci-social-share-text\">Distribuie<\/span><a href=\"https:\/\/focustim.ro\/modificari-temporare-in-circulatia-tramvaielor-de-pe-liniile-1-2-si-4-liniile-5-6a-si-6b-se-suspenda\/\" class=\"penci-post-like penci_post-meta_item  single-like-button penci-social-item like\" data-post_id=\"39866\" title=\"Like\" data-like=\"Like\" data-unlike=\"Unlike\"><span class=\"penci-share-number\">0<\/span><\/a><\/span><\/header>\n<div class=\"entry-media penci-entry-media\">\n<div class=\"post-format-meta \">\n<div class=\"post-image penci-standard-format\"><img decoding=\"async\" width=\"960\" height=\"540\" src=\"https:\/\/focustim.ro\/wp-content\/uploads\/2019\/07\/Tramvai-5-960x540.jpg\" class=\"attachment-penci-thumb-960-auto size-penci-thumb-960-auto wp-post-image\" alt loading=\"lazy\"><\/div>\n<\/div>\n<\/div>\n<div class=\"penci-entry-content entry-content\">\n<p><strong>Societatea de Transport Public Timi\u0219oara informeaz\u0103 c\u0103, \u00eencep\u00e2nd de luni, 6 aprilie 2026, circula\u021bia unor linii de tramvai va fi modificat\u0103 temporar, ca urmare a lucr\u0103rilor de mentenan\u021b\u0103 la liniile de tramvai de pe strada 9 Mai, pe sectorul de linie dubl\u0103 cuprins \u00eentre intersec\u021bia Pia\u021ba Sf\u00e2ntul Gheorghe \u2013 strada Vasile Alecsandri \u0219i intersec\u021biile str\u0103zii 9 Mai cu strada Vasile Alecsandri \u0219i Pia\u021ba Sf\u00e2ntul Gheorghe. Lucr\u0103rile afecteaz\u0103 circula\u021bia tramvaielor de pe liniile 1, 2, 4, 5, 6A \u0219i 6B.<\/strong><\/p>\n<p>Pe perioada interven\u021biei:<\/p>\n<ul>\n<li>liniile 5, 6A \u0219i 6B se suspend\u0103;<\/li>\n<li>liniile 1, 2 \u0219i 4 vor circula deviat, dup\u0103 cum urmeaz\u0103:<\/li>\n<\/ul>\n<p><strong><em>Linia 1 tramvai<\/em><\/strong><\/p>\n<p>Traseu tur: Gara de Nord \u2013 Regele Carol I \u2013 Pia\u021ba A. Mocioni \u2013 Pia\u021ba Sf. Maria \u2013 Carmen Sylva \u2013 Pia\u021ba N. B\u0103lcescu \u2013 Pia\u021ba Crucii \u2013 strada Cluj (1 Decembrie 1918) \u2013 Sala Olimpia \u2013 Deliblata \u2013 Banatim \u2013 Fabrica de Bere \u2013 Pia\u021ba Traian \u2013 Pia\u021ba Badea C\u00e2r\u021ban \u2013 Gara de Est.<\/p>\n<p>Traseu retur: Gara de Est \u2013 Pia\u021ba Badea C\u00e2r\u021ban \u2013 Pia\u021ba Traian \u2013 Fabrica de Bere \u2013 Banatim \u2013 Deliblata \u2013 Sala Olimpia \u2013 strada Cluj (1 Decembrie 1918) \u2013 Pia\u021ba Crucii \u2013 Pia\u021ba Nicolae B\u0103lcescu \u2013 Carmen Sylva \u2013 Pia\u021ba Sf. Maria \u2013 Pia\u021ba A. Mocioni \u2013 Regele Carol I \u2013 Gara de Nord.<\/p>\n<p><strong><em>Linia 2 tramvai<\/em><\/strong><\/p>\n<p>Traseu tur: Shopping City \u2013 Pia\u021ba Veteranilor \u2013 Transilvania \u2013 Banatul \u2013 D\u00e2mbovi\u021ba \u2013 Crizantemelor \u2013 Mangalia \u2013 bulevardul Iuliu Maniu \u2013 Regele Carol I \u2013 Pia\u021ba A. Mocioni \u2013 Pia\u021ba Sf. Maria \u2013 Carmen Sylva \u2013 Pia\u021ba N. B\u0103lcescu \u2013 Pia\u021ba Crucii \u2013 strada Cluj (1 Decembrie 1918) \u2013 Sala Olimpia \u2013 Deliblata \u2013 Banatim \u2013 Fabrica de Bere \u2013 Pia\u021ba Traian \u2013 Pia\u021ba Badea C\u00e2r\u021ban \u2013 Gara de Est.<\/p>\n<p>Traseu retur: Gara de Est \u2013 Pia\u021ba Badea C\u00e2r\u021ban \u2013 Pia\u021ba Traian \u2013 Fabrica de Bere \u2013 Banatim \u2013 Deliblata \u2013 Sala Olimpia \u2013 strada Cluj (1 Decembrie 1918) \u2013 Pia\u021ba Crucii \u2013 Pia\u021ba Nicolae B\u0103lcescu \u2013 Carmen Sylva \u2013 Pia\u021ba Sf. Maria \u2013 Pia\u021ba A. Mocioni \u2013 Regele Carol I \u2013 bulevardul Iuliu Maniu \u2013 Mangalia \u2013 Crizantemelor \u2013 D\u00e2mbovi\u021ba \u2013 Banatul \u2013 Transilvania \u2013 Pia\u021ba Veteranilor \u2013 Shopping City.<\/p>\n<p><strong><em>Linia 4 tramvai<\/em><\/strong><\/p>\n<p>Traseu tur: Calea Torontalului \u2013 Matei Basarab \u2013 Amforei \u2013 Cet\u0103\u021bii \u2013 Balta Verde \u2013 Mendeleev \u2013 Circumvala\u021biunii \u2013 Nemoianu \u2013 Spitalul de Copii \u2013 Catedrala Mitropolitan\u0103 \u2013 Pia\u021ba Sf. Maria \u2013 Carmen Sylva \u2013 Pia\u021ba N. B\u0103lcescu \u2013 Pia\u021ba Crucii \u2013 strada Cluj (1 Decembrie 1918) \u2013 Sala Olimpia \u2013 Deliblata \u2013 Banatim \u2013 Batania \u2013 Fabrica de Detergen\u021bi \u2013 Mecatim \u2013 A.E.M.<\/p>\n<p>Traseu retur: A.E.M. \u2013 Mecatim \u2013 Fabrica de Detergen\u021bi \u2013 Batania \u2013 Banatim \u2013 Deliblata \u2013 Sala Olimpia \u2013 strada Cluj (1 Decembrie 1918) \u2013 Pia\u021ba Crucii \u2013 Pia\u021ba Nicolae B\u0103lcescu \u2013 Carmen Sylva \u2013 Pia\u021ba Sf. Maria \u2013 Catedrala Mitropolitan\u0103 \u2013 Spitalul de Copii \u2013 Nemoianu \u2013 Circumvala\u021biunii \u2013 Mendeleev \u2013 Balta Verde \u2013 Cet\u0103\u021bii \u2013 Amforei \u2013 Matei Basarab \u2013 Calea Torontalului.<\/p>\n<p>Pentru acoperirea traseelor r\u0103mase descoperite prin devierea tramvaielor, va fi introdus\u0103 o linie suplimentar\u0103 5C autobuz.<\/p>\n<p><strong><em>Linia 5C autobuz \u2013 linie suplimentar\u0103<\/em><\/strong><\/p>\n<p>Traseu tur: Taborului \u2013 Madona \u2013 Grigore Alexandrescu \u2013 Alexandru L\u0103pu\u0219neanu \u2013 Macilor \u2013 Balta Verde \u2013 Mendeleev \u2013 Circumvala\u021biunii \u2013 Pia\u021ba 700 \u2013 Pia\u021ba 700 (Spitalul Militar) \u2013 Pia\u021ba M\u0103r\u0103\u0219ti (Oituz) \u2013 H. Continental \u2013 Prefectur\u0103 \u2013 3 August 1919 \u2013 Pia\u021ba Traian \u2013 Prin\u021bul Turcesc \u2013 Pia\u021ba Sarmizegetusa \u2013 Lalelelor \u2013 Pia\u021ba Virgil Economu \u2013 Spitalul Victor Babe\u0219 \u2013 Meteo \u2013 UMT \u2013 Poli\u021bia Local\u0103 \u2013 Gara de Est.<\/p>\n<p>Traseu retur: Gara de Est \u2013 Poli\u021bia Local\u0103 \u2013 UMT \u2013 Meteo \u2013 Spitalul Victor Babe\u0219 \u2013 Pia\u021ba Virgil Economu \u2013 Lalelelor \u2013 Pia\u021ba Sarmizegetusa \u2013 Prin\u021bul Turcesc \u2013 Pia\u021ba Traian \u2013 3 August 1919 \u2013 Prefectur\u0103 \u2013 Hector \u2013 Oituz (Punctele Cardinale) \u2013 Spitalul Municipal (Parcul Botanic) \u2013 A. M. Guttenbrunn \u2013 Gheorghe Laz\u0103r (Circumvala\u021biunii) \u2013 Mendeleev \u2013 Balta Verde \u2013 Macilor \u2013 Alexandru L\u0103pu\u0219neanu \u2013 Grigore Alexandrescu \u2013 Madona \u2013 Taborului.<\/p>\n<div class=\"sharedaddy sd-sharing-enabled\">\n<div class=\"robots-nocontent sd-block sd-social sd-social-icon-text sd-sharing\">\n<h3 class=\"sd-title\">Partajeaz\u0103 asta:<\/h3>\n<div class=\"sd-content\">\n<ul>\n<li class=\"share-twitter\"><a rel=\"nofollow noopener noreferrer\" data-shared=\"sharing-twitter-39866\" class=\"share-twitter sd-button share-icon\" href=\"https:\/\/focustim.ro\/modificari-temporare-in-circulatia-tramvaielor-de-pe-liniile-1-2-si-4-liniile-5-6a-si-6b-se-suspenda\/?share=twitter\" target=\"_blank\" title=\"D\u0103 clic pentru a partaja pe Twitter\"><span>Twitter<\/span><\/a><\/li>\n<li class=\"share-facebook\"><a rel=\"nofollow noopener noreferrer\" data-shared=\"sharing-facebook-39866\" class=\"share-facebook sd-button share-icon\" href=\"https:\/\/focustim.ro\/modificari-temporare-in-circulatia-tramvaielor-de-pe-liniile-1-2-si-4-liniile-5-6a-si-6b-se-suspenda\/?share=facebook\" target=\"_blank\" title=\"D\u0103 clic pentru a partaja pe Facebook\"><span>Facebook<\/span><\/a><\/li>\n<li class=\"share-end\"><\/ul>\n<\/div>\n<\/div>\n<\/div>\n<div class=\"sharedaddy sd-block sd-like jetpack-likes-widget-wrapper jetpack-likes-widget-unloaded\" id=\"like-post-wrapper-167025405-39866-69cf9dfc11afa\" data-src=\"https:\/\/widgets.wp.com\/likes\/#blog_id=167025405&amp;post_id=39866&amp;origin=focustim.ro&amp;obj_id=167025405-39866-69cf9dfc11afa\" data-name=\"like-post-frame-167025405-39866-69cf9dfc11afa\" data-title=\"Apreciaz\u0103 sau republic\u0103\">\n<h3 class=\"sd-title\">Apreciaz\u0103:<\/h3>\n<div class=\"likes-widget-placeholder post-likes-widget-placeholder\"><span class=\"button\"><span>Apreciere<\/span><\/span><span class=\"loading\">\u00cencarc&#8230;<\/span><\/div>\n<\/div>\n<\/div>\n<footer class=\"penci-entry-footer\">\n<div class=\"penci-source-via-tags-wrap\"><span class=\"tags-links penci-tags-links\"><a href=\"https:\/\/focustim.ro\/tag\/linii\/\" rel=\"tag\">linii<\/a><a href=\"https:\/\/focustim.ro\/tag\/stpt\/\" rel=\"tag\">STPT<\/a><a href=\"https:\/\/focustim.ro\/tag\/tramvai\/\" rel=\"tag\">tramvai<\/a><\/span><\/div>\n<p><span class=\"penci-social-buttons penci-social-share-footer\"><span class=\"penci-social-share-text\">Distribuie<\/span><a href=\"https:\/\/focustim.ro\/modificari-temporare-in-circulatia-tramvaielor-de-pe-liniile-1-2-si-4-liniile-5-6a-si-6b-se-suspenda\/\" class=\"penci-post-like penci_post-meta_item  single-like-button penci-social-item like\" data-post_id=\"39866\" title=\"Like\" data-like=\"Like\" data-unlike=\"Unlike\"><span class=\"penci-share-number\">0<\/span><\/a><\/span><\/footer>\n<\/article>\n<div class=\"penci-entry-content entry-content\">\n<p><strong>Societatea de Transport Public Timi\u0219oara informeaz\u0103 c\u0103, \u00eencep\u00e2nd de luni, 6 aprilie 2026, circula\u021bia unor linii de tramvai va fi modificat\u0103 temporar, ca urmare a lucr\u0103rilor de mentenan\u021b\u0103 la liniile de tramvai de pe strada 9 Mai, pe sectorul de linie dubl\u0103 cuprins \u00eentre intersec\u021bia Pia\u021ba Sf\u00e2ntul Gheorghe \u2013 strada Vasile Alecsandri \u0219i intersec\u021biile str\u0103zii 9 Mai cu strada Vasile Alecsandri \u0219i Pia\u021ba Sf\u00e2ntul Gheorghe. Lucr\u0103rile afecteaz\u0103 circula\u021bia tramvaielor de pe liniile 1, 2, 4, 5, 6A \u0219i 6B.<\/strong><\/p>\n<p>Pe perioada interven\u021biei:<\/p>\n<ul>\n<li>liniile 5, 6A \u0219i 6B se suspend\u0103;<\/li>\n<li>liniile 1, 2 \u0219i 4 vor circula deviat, dup\u0103 cum urmeaz\u0103:<\/li>\n<\/ul>\n<p><strong><em>Linia 1 tramvai<\/em><\/strong><\/p>\n<p>Traseu tur: Gara de Nord \u2013 Regele Carol I \u2013 Pia\u021ba A. Mocioni \u2013 Pia\u021ba Sf. Maria \u2013 Carmen Sylva \u2013 Pia\u021ba N. B\u0103lcescu \u2013 Pia\u021ba Crucii \u2013 strada Cluj (1 Decembrie 1918) \u2013 Sala Olimpia \u2013 Deliblata \u2013 Banatim \u2013 Fabrica de Bere \u2013 Pia\u021ba Traian \u2013 Pia\u021ba Badea C\u00e2r\u021ban \u2013 Gara de Est.<\/p>\n<p>Traseu retur: Gara de Est \u2013 Pia\u021ba Badea C\u00e2r\u021ban \u2013 Pia\u021ba Traian \u2013 Fabrica de Bere \u2013 Banatim \u2013 Deliblata \u2013 Sala Olimpia \u2013 strada Cluj (1 Decembrie 1918) \u2013 Pia\u021ba Crucii \u2013 Pia\u021ba Nicolae B\u0103lcescu \u2013 Carmen Sylva \u2013 Pia\u021ba Sf. Maria \u2013 Pia\u021ba A. Mocioni \u2013 Regele Carol I \u2013 Gara de Nord.<\/p>\n<p><strong><em>Linia 2 tramvai<\/em><\/strong><\/p>\n<p>Traseu tur: Shopping City \u2013 Pia\u021ba Veteranilor \u2013 Transilvania \u2013 Banatul \u2013 D\u00e2mbovi\u021ba \u2013 Crizantemelor \u2013 Mangalia \u2013 bulevardul Iuliu Maniu \u2013 Regele Carol I \u2013 Pia\u021ba A. Mocioni \u2013 Pia\u021ba Sf. Maria \u2013 Carmen Sylva \u2013 Pia\u021ba N. B\u0103lcescu \u2013 Pia\u021ba Crucii \u2013 strada Cluj (1 Decembrie 1918) \u2013 Sala Olimpia \u2013 Deliblata \u2013 Banatim \u2013 Fabrica de Bere \u2013 Pia\u021ba Traian \u2013 Pia\u021ba Badea C\u00e2r\u021ban \u2013 Gara de Est.<\/p>\n<p>Traseu retur: Gara de Est \u2013 Pia\u021ba Badea C\u00e2r\u021ban \u2013 Pia\u021ba Traian \u2013 Fabrica de Bere \u2013 Banatim \u2013 Deliblata \u2013 Sala Olimpia \u2013 strada Cluj (1 Decembrie 1918) \u2013 Pia\u021ba Crucii \u2013 Pia\u021ba Nicolae B\u0103lcescu \u2013 Carmen Sylva \u2013 Pia\u021ba Sf. Maria \u2013 Pia\u021ba A. Mocioni \u2013 Regele Carol I \u2013 bulevardul Iuliu Maniu \u2013 Mangalia \u2013 Crizantemelor \u2013 D\u00e2mbovi\u021ba \u2013 Banatul \u2013 Transilvania \u2013 Pia\u021ba Veteranilor \u2013 Shopping City.<\/p>\n<p><strong><em>Linia 4 tramvai<\/em><\/strong><\/p>\n<p>Traseu tur: Calea Torontalului \u2013 Matei Basarab \u2013 Amforei \u2013 Cet\u0103\u021bii \u2013 Balta Verde \u2013 Mendeleev \u2013 Circumvala\u021biunii \u2013 Nemoianu \u2013 Spitalul de Copii \u2013 Catedrala Mitropolitan\u0103 \u2013 Pia\u021ba Sf. Maria \u2013 Carmen Sylva \u2013 Pia\u021ba N. B\u0103lcescu \u2013 Pia\u021ba Crucii \u2013 strada Cluj (1 Decembrie 1918) \u2013 Sala Olimpia \u2013 Deliblata \u2013 Banatim \u2013 Batania \u2013 Fabrica de Detergen\u021bi \u2013 Mecatim \u2013 A.E.M.<\/p>\n<p>Traseu retur: A.E.M. \u2013 Mecatim \u2013 Fabrica de Detergen\u021bi \u2013 Batania \u2013 Banatim \u2013 Deliblata \u2013 Sala Olimpia \u2013 strada Cluj (1 Decembrie 1918) \u2013 Pia\u021ba Crucii \u2013 Pia\u021ba Nicolae B\u0103lcescu \u2013 Carmen Sylva \u2013 Pia\u021ba Sf. Maria \u2013 Catedrala Mitropolitan\u0103 \u2013 Spitalul de Copii \u2013 Nemoianu \u2013 Circumvala\u021biunii \u2013 Mendeleev \u2013 Balta Verde \u2013 Cet\u0103\u021bii \u2013 Amforei \u2013 Matei Basarab \u2013 Calea Torontalului.<\/p>\n<p>Pentru acoperirea traseelor r\u0103mase descoperite prin devierea tramvaielor, va fi introdus\u0103 o linie suplimentar\u0103 5C autobuz.<\/p>\n<p><strong><em>Linia 5C autobuz \u2013 linie suplimentar\u0103<\/em><\/strong><\/p>\n<p>Traseu tur: Taborului \u2013 Madona \u2013 Grigore Alexandrescu \u2013 Alexandru L\u0103pu\u0219neanu \u2013 Macilor \u2013 Balta Verde \u2013 Mendeleev \u2013 Circumvala\u021biunii \u2013 Pia\u021ba 700 \u2013 Pia\u021ba 700 (Spitalul Militar) \u2013 Pia\u021ba M\u0103r\u0103\u0219ti (Oituz) \u2013 H. Continental \u2013 Prefectur\u0103 \u2013 3 August 1919 \u2013 Pia\u021ba Traian \u2013 Prin\u021bul Turcesc \u2013 Pia\u021ba Sarmizegetusa \u2013 Lalelelor \u2013 Pia\u021ba Virgil Economu \u2013 Spitalul Victor Babe\u0219 \u2013 Meteo \u2013 UMT \u2013 Poli\u021bia Local\u0103 \u2013 Gara de Est.<\/p>\n<p>Traseu retur: Gara de Est \u2013 Poli\u021bia Local\u0103 \u2013 UMT \u2013 Meteo \u2013 Spitalul Victor Babe\u0219 \u2013 Pia\u021ba Virgil Economu \u2013 Lalelelor \u2013 Pia\u021ba Sarmizegetusa \u2013 Prin\u021bul Turcesc \u2013 Pia\u021ba Traian \u2013 3 August 1919 \u2013 Prefectur\u0103 \u2013 Hector \u2013 Oituz (Punctele Cardinale) \u2013 Spitalul Municipal (Parcul Botanic) \u2013 A. M. Guttenbrunn \u2013 Gheorghe Laz\u0103r (Circumvala\u021biunii) \u2013 Mendeleev \u2013 Balta Verde \u2013 Macilor \u2013 Alexandru L\u0103pu\u0219neanu \u2013 Grigore Alexandrescu \u2013 Madona \u2013 Taborului.<\/p>\n<div class=\"sharedaddy sd-sharing-enabled\">\n<div class=\"robots-nocontent sd-block sd-social sd-social-icon-text sd-sharing\">\n<h3 class=\"sd-title\">Partajeaz\u0103 asta:<\/h3>\n<div class=\"sd-content\">\n<ul>\n<li class=\"share-twitter\"><a rel=\"nofollow noopener noreferrer\" data-shared=\"sharing-twitter-39866\" class=\"share-twitter sd-button share-icon\" href=\"https:\/\/focustim.ro\/modificari-temporare-in-circulatia-tramvaielor-de-pe-liniile-1-2-si-4-liniile-5-6a-si-6b-se-suspenda\/?share=twitter\" target=\"_blank\" title=\"D\u0103 clic pentru a partaja pe Twitter\"><span>Twitter<\/span><\/a><\/li>\n<li class=\"share-facebook\"><a rel=\"nofollow noopener noreferrer\" data-shared=\"sharing-facebook-39866\" class=\"share-facebook sd-button share-icon\" href=\"https:\/\/focustim.ro\/modificari-temporare-in-circulatia-tramvaielor-de-pe-liniile-1-2-si-4-liniile-5-6a-si-6b-se-suspenda\/?share=facebook\" target=\"_blank\" title=\"D\u0103 clic pentru a partaja pe Facebook\"><span>Facebook<\/span><\/a><\/li>\n<li class=\"share-end\"><\/ul>\n<\/div>\n<\/div>\n<\/div>\n<div class=\"sharedaddy sd-block sd-like jetpack-likes-widget-wrapper jetpack-likes-widget-unloaded\" id=\"like-post-wrapper-167025405-39866-69cf9dfc11afa\" data-src=\"https:\/\/widgets.wp.com\/likes\/#blog_id=167025405&amp;post_id=39866&amp;origin=focustim.ro&amp;obj_id=167025405-39866-69cf9dfc11afa\" data-name=\"like-post-frame-167025405-39866-69cf9dfc11afa\" data-title=\"Apreciaz\u0103 sau republic\u0103\">\n<h3 class=\"sd-title\">Apreciaz\u0103:<\/h3>\n<div class=\"likes-widget-placeholder post-likes-widget-placeholder\"><span class=\"button\"><span>Apreciere<\/span><\/span><span class=\"loading\">\u00cencarc&#8230;<\/span><\/div>\n<\/div>\n<\/div>\n<p>[analyse_source url=&#8221;https:\/\/focustim.ro\/modificari-temporare-in-circulatia-tramvaielor-de-pe-liniile-1-2-si-4-liniile-5-6a-si-6b-se-suspenda\/&#8221;]<\/p>\n","protected":false},"excerpt":{"rendered":"<p>[analyse_image type=&#8221;featured&#8221; src=&#8221;https:\/\/focustim.ro\/wp-content\/uploads\/2019\/07\/Tramvai-5.jpg&#8221;] ActualitateAdministra\u021bieFeatured Modific\u0103ri temporare \u00een circula\u021bia tramvaielor de pe liniile 1, 2 \u0219i 4. Liniile 5, 6A \u0219i 6B se suspend\u0103 03\/04\/202603\/04\/20260 Distribuie0 Societatea de Transport Public Timi\u0219oara informeaz\u0103 c\u0103, \u00eencep\u00e2nd de luni, 6 aprilie 2026, circula\u021bia unor linii de tramvai va fi modificat\u0103 temporar, ca urmare a lucr\u0103rilor de mentenan\u021b\u0103 la liniile [&hellip;]<\/p>\n","protected":false},"author":1,"featured_media":0,"comment_status":"open","ping_status":"","sticky":false,"template":"","format":"standard","meta":{"footnotes":""},"categories":[89],"tags":[226,197],"class_list":["post-1863553","post","type-post","status-publish","format-standard","hentry","category-romania","tag-crawlmanager","tag-focustim-ro"],"_links":{"self":[{"href":"https:\/\/analyse.optim.biz\/index.php?rest_route=\/wp\/v2\/posts\/1863553","targetHints":{"allow":["GET"]}}],"collection":[{"href":"https:\/\/analyse.optim.biz\/index.php?rest_route=\/wp\/v2\/posts"}],"about":[{"href":"https:\/\/analyse.optim.biz\/index.php?rest_route=\/wp\/v2\/types\/post"}],"author":[{"embeddable":true,"href":"https:\/\/analyse.optim.biz\/index.php?rest_route=\/wp\/v2\/users\/1"}],"replies":[{"embeddable":true,"href":"https:\/\/analyse.optim.biz\/index.php?rest_route=%2Fwp%2Fv2%2Fcomments&post=1863553"}],"version-history":[{"count":0,"href":"https:\/\/analyse.optim.biz\/index.php?rest_route=\/wp\/v2\/posts\/1863553\/revisions"}],"wp:attachment":[{"href":"https:\/\/analyse.optim.biz\/index.php?rest_route=%2Fwp%2Fv2%2Fmedia&parent=1863553"}],"wp:term":[{"taxonomy":"category","embeddable":true,"href":"https:\/\/analyse.optim.biz\/index.php?rest_route=%2Fwp%2Fv2%2Fcategories&post=1863553"},{"taxonomy":"post_tag","embeddable":true,"href":"https:\/\/analyse.optim.biz\/index.php?rest_route=%2Fwp%2Fv2%2Ftags&post=1863553"}],"curies":[{"name":"wp","href":"https:\/\/api.w.org\/{rel}","templated":true}]}}